{"id":11252,"date":"2009-10-08T00:00:00","date_gmt":"2009-10-07T22:00:00","guid":{"rendered":"https:\/\/www.justiceinfo.net\/11252-081009-tpirnizeyimana-le-capitaine-nizeyimana-comparaitra-devant-un-juge-la-semaine-prochaine8060.html"},"modified":"2009-10-08T00:00:00","modified_gmt":"2009-10-07T22:00:00","slug":"081009-tpirnizeyimana-le-capitaine-nizeyimana-comparaitra-devant-un-juge-la-semaine-prochaine8060","status":"publish","type":"post","link":"https:\/\/www.justiceinfo.net\/fr\/11252-081009-tpirnizeyimana-le-capitaine-nizeyimana-comparaitra-devant-un-juge-la-semaine-prochaine8060.html","title":{"rendered":"08.10.09 - TPIR\/NIZEYIMANA - LE CAPITAINE NIZEYIMANA COMPARAITRA DEVANT UN JUGE LA SEMAINE PROCHAINE"},"content":{"rendered":"<p >\nArusha, 08 octobre 2009 (FH) - Le capitaine Ildephonse Nizeyimana, arr&ecirc;t&eacute; lundi dernier &agrave; Kampala (Ouganda), et transf&eacute;r&eacute; le lendemain au centre de d&eacute;tention du Tribunal p&eacute;nal international pour le Rwanda (TPIR) compara&icirc;tra devant un juge de la juridiction &laquo; dans le courant de la semaine prochaine &raquo;, a-t-on appris jeudi de source officielle.\n<\/p>\n<p><!--more--><\/p>\n<p >\n<p >\nAu cours de cette audience, l'acte d'accusation sera lu &agrave; l'inculp&eacute; pour lui donner l'occasion de plaider coupable ou non coupable. Le greffe devra par la suite fixer une date pour le d&eacute;but du proc&egrave;s.\n<\/p>\n<p >\nLe TPIR avait auparavant estim&eacute; que cette premi&egrave;re comparution pouvait avoir lieu cette semaine. &laquo; Un d&eacute;lai suppl&eacute;mentaire a &eacute;t&eacute; accord&eacute; &agrave; l'accus&eacute; et &agrave; son avocat pour un examen du dossier avant la comparution initiale qui aura certainement lieu dans le courant de la semaine prochaine &raquo;, a indiqu&eacute; &agrave; l'agence Hirondelle le porte-parole du tribunal, Roland Amoussouga.\n<\/p>\n<p >\nLe capitaine b&eacute;n&eacute;ficie, depuis son arriv&eacute;e au centre de d&eacute;tention du TPIR, de l'assistance juridique de Bharat Chadha, un avocat tanzanien, a ajout&eacute; M.Amoussouga.\n<\/p>\n<p >\nAccus&eacute; de crimes de g&eacute;nocide et de crimes contre l'humanit&eacute;, Nizeyimana, originaire du nord du Rwanda, &eacute;tait commandant en second de l'Ecole des sous-officiers (ESO) de Butare (sud) au moment des faits.\n<\/p>\n<p >\n&laquo; Le capitaine Nizeyimana, dans l'exercice de son autorit&eacute;, a mis sur pied des unit&eacute;s d'&eacute;l&eacute;ments extr&eacute;mistes auxquelles il a confi&eacute; des missions secr&egrave;tes &raquo;, indique l'acte d'accusation. &laquo; Au cours de l'une de ces missions secr&egrave;tes le 20 avril 1994, la capitaine Nizeyimana a envoy&eacute; un groupe de soldats conduits par le sous-lieutenant Pierre Bizimana &agrave; la r&eacute;sidence de la reine Rosalie Gicanda, figure embl&eacute;matique pour tous les Tutsis et a ordonn&eacute; son ex&eacute;cution, ce qui fut fait par la suite &raquo;, poursuit le texte.\n<\/p>\n<p >\nRosalie Gicanda &eacute;tait la veuve de l'avant -dernier roi du Rwanda, Mutara III Rudahigwa.\n<\/p>\n<p >\n&laquo; Ces &eacute;l&eacute;ments extr&eacute;mistes comprenaient &eacute;galement des officiers de l'ESO, originaires du nord comme le capitaine Nizeyimana, sur lesquels il exer&ccedil;ait une autorit&eacute; quasi exclusive. Ces officiers rendaient compte au capitaine Nizeyimana et ex&eacute;cutaient ses ordres &raquo;, ajoute l'acte d'accusation.\n<\/p>\n<p >\nAu quartier p&eacute;nitentiaire du TPIR, le capitaine a retrouv&eacute; plusieurs compagnons d'armes, dont le lieutenant Ildephonse Hategekimana qui commandait le petit camp militaire de Ngoma, toujours &agrave; Butare. Selon des t&eacute;moins experts de l'accusation au TPIR, les deux&nbsp; accus&eacute;s ont agi de concert pendant le g&eacute;nocide.\n<\/p>\n<p >\nER\/GF\n<\/p>\n<p>\n&copy; Agence Hirondelle<\/p>\n","protected":false},"excerpt":{"rendered":"<p>Arusha, 08 octobre 2009 (FH) - Le capitaine Ildephonse Nizeyimana, arr&ecirc;t&eacute; lundi dernier &agrave; Kampala (Ouganda), et transf&eacute;r&eacute; le lendemain au centre de d&eacute;tention du Tribunal p&eacute;nal international pour le Rwanda (TPIR) compara&icirc;tra devant un juge de la juridiction &laquo; dans le courant de la semaine prochaine &raquo;, a-t-on appris jeudi de source officielle.<\/p>\n","protected":false},"author":64,"featured_media":0,"comment_status":"open","ping_status":"closed","sticky":false,"template":"","format":"standard","meta":{"_acf_changed":false,"footnotes":""},"categories":[554],"tags":[],"ji_location":[],"class_list":["post-11252","post","type-post","status-publish","format-standard","hentry","category-hirondellenews"],"acf":[],"yoast_head":"<!-- This site is optimized with the Yoast SEO Premium plugin v25.3.1 (Yoast SEO v25.3.1) - https:\/\/yoast.com\/wordpress\/plugins\/seo\/ -->\n<title>08.10.09 - TPIR\/NIZEYIMANA - LE CAPITAINE NIZEYIMANA COMPARAITRA DEVANT UN JUGE LA SEMAINE PROCHAINE - JusticeInfo.net<\/title>\n<meta name=\"robots\" content=\"index, follow, max-snippet:-1, max-image-preview:large, max-video-preview:-1\" \/>\n<link rel=\"canonical\" href=\"https:\/\/www.justiceinfo.net\/fr\/11252-081009-tpirnizeyimana-le-capitaine-nizeyimana-comparaitra-devant-un-juge-la-semaine-prochaine8060.html\" \/>\n<meta property=\"og:locale\" content=\"fr_FR\" \/>\n<meta property=\"og:type\" content=\"article\" \/>\n<meta property=\"og:title\" content=\"08.10.09 - TPIR\/NIZEYIMANA - LE CAPITAINE NIZEYIMANA COMPARAITRA DEVANT UN JUGE LA SEMAINE PROCHAINE\" \/>\n<meta property=\"og:description\" content=\"Arusha, 08 octobre 2009 (FH) - Le capitaine Ildephonse Nizeyimana, arr&ecirc;t&eacute; lundi dernier &agrave; Kampala (Ouganda), et transf&eacute;r&eacute; le lendemain au centre de d&eacute;tention du Tribunal p&eacute;nal international pour le Rwanda (TPIR) compara&icirc;tra devant un juge de la juridiction &laquo; dans le courant de la semaine prochaine &raquo;, a-t-on appris jeudi de source officielle.\" \/>\n<meta property=\"og:url\" content=\"https:\/\/www.justiceinfo.net\/fr\/11252-081009-tpirnizeyimana-le-capitaine-nizeyimana-comparaitra-devant-un-juge-la-semaine-prochaine8060.html\" \/>\n<meta property=\"og:site_name\" content=\"JusticeInfo.net\" \/>\n<meta property=\"article:publisher\" content=\"https:\/\/www.facebook.com\/JusticeInfo\/\" \/>\n<meta property=\"article:published_time\" content=\"2009-10-07T22:00:00+00:00\" \/>\n<meta property=\"og:image\" content=\"https:\/\/www.justiceinfo.net\/wp-content\/uploads\/JusticeInfoNet_logo_1200x630px.jpg\" \/>\n\t<meta property=\"og:image:width\" content=\"1200\" \/>\n\t<meta property=\"og:image:height\" content=\"630\" \/>\n\t<meta property=\"og:image:type\" content=\"image\/jpeg\" \/>\n<meta name=\"author\" content=\"solivri\" \/>\n<meta name=\"twitter:card\" content=\"summary_large_image\" \/>\n<meta name=\"twitter:creator\" content=\"@justiceinfonet\" \/>\n<meta name=\"twitter:site\" content=\"@justiceinfonet\" \/>\n<meta name=\"twitter:label1\" content=\"\u00c9crit par\" \/>\n\t<meta name=\"twitter:data1\" content=\"solivri\" \/>\n\t<meta name=\"twitter:label2\" content=\"Dur\u00e9e de lecture estim\u00e9e\" \/>\n\t<meta name=\"twitter:data2\" content=\"2 minutes\" \/>\n<script type=\"application\/ld+json\" class=\"yoast-schema-graph\">{\"@context\":\"https:\/\/schema.org\",\"@graph\":[{\"@type\":\"NewsArticle\",\"@id\":\"https:\/\/www.justiceinfo.net\/fr\/11252-081009-tpirnizeyimana-le-capitaine-nizeyimana-comparaitra-devant-un-juge-la-semaine-prochaine8060.html#article\",\"isPartOf\":{\"@id\":\"https:\/\/www.justiceinfo.net\/fr\/11252-081009-tpirnizeyimana-le-capitaine-nizeyimana-comparaitra-devant-un-juge-la-semaine-prochaine8060.html\"},\"author\":{\"name\":\"solivri\",\"@id\":\"https:\/\/www.justiceinfo.net\/fr#\/schema\/person\/6e53cba1629e2e66f3fc1821d3091865\"},\"headline\":\"08.10.09 - TPIR\/NIZEYIMANA - LE CAPITAINE NIZEYIMANA COMPARAITRA DEVANT UN JUGE LA SEMAINE PROCHAINE\",\"datePublished\":\"2009-10-07T22:00:00+00:00\",\"mainEntityOfPage\":{\"@id\":\"https:\/\/www.justiceinfo.net\/fr\/11252-081009-tpirnizeyimana-le-capitaine-nizeyimana-comparaitra-devant-un-juge-la-semaine-prochaine8060.html\"},\"wordCount\":512,\"commentCount\":0,\"publisher\":{\"@id\":\"https:\/\/www.justiceinfo.net\/fr#organization\"},\"articleSection\":[\"Hirondelle News\"],\"inLanguage\":\"fr-FR\",\"potentialAction\":[{\"@type\":\"CommentAction\",\"name\":\"Comment\",\"target\":[\"https:\/\/www.justiceinfo.net\/fr\/11252-081009-tpirnizeyimana-le-capitaine-nizeyimana-comparaitra-devant-un-juge-la-semaine-prochaine8060.html#respond\"]}]},{\"@type\":\"WebPage\",\"@id\":\"https:\/\/www.justiceinfo.net\/fr\/11252-081009-tpirnizeyimana-le-capitaine-nizeyimana-comparaitra-devant-un-juge-la-semaine-prochaine8060.html\",\"url\":\"https:\/\/www.justiceinfo.net\/fr\/11252-081009-tpirnizeyimana-le-capitaine-nizeyimana-comparaitra-devant-un-juge-la-semaine-prochaine8060.html\",\"name\":\"08.10.09 - TPIR\/NIZEYIMANA - LE CAPITAINE NIZEYIMANA COMPARAITRA DEVANT UN JUGE LA SEMAINE PROCHAINE - JusticeInfo.net\",\"isPartOf\":{\"@id\":\"https:\/\/www.justiceinfo.net\/fr#website\"},\"datePublished\":\"2009-10-07T22:00:00+00:00\",\"breadcrumb\":{\"@id\":\"https:\/\/www.justiceinfo.net\/fr\/11252-081009-tpirnizeyimana-le-capitaine-nizeyimana-comparaitra-devant-un-juge-la-semaine-prochaine8060.html#breadcrumb\"},\"inLanguage\":\"fr-FR\",\"potentialAction\":[{\"@type\":\"ReadAction\",\"target\":[\"https:\/\/www.justiceinfo.net\/fr\/11252-081009-tpirnizeyimana-le-capitaine-nizeyimana-comparaitra-devant-un-juge-la-semaine-prochaine8060.html\"]}]},{\"@type\":\"BreadcrumbList\",\"@id\":\"https:\/\/www.justiceinfo.net\/fr\/11252-081009-tpirnizeyimana-le-capitaine-nizeyimana-comparaitra-devant-un-juge-la-semaine-prochaine8060.html#breadcrumb\",\"itemListElement\":[{\"@type\":\"ListItem\",\"position\":1,\"name\":\"Home\",\"item\":\"https:\/\/www.justiceinfo.net\/fr\"},{\"@type\":\"ListItem\",\"position\":2,\"name\":\"08.10.09 - TPIR\/NIZEYIMANA - LE CAPITAINE NIZEYIMANA COMPARAITRA DEVANT UN JUGE LA SEMAINE PROCHAINE\"}]},{\"@type\":\"WebSite\",\"@id\":\"https:\/\/www.justiceinfo.net\/fr#website\",\"url\":\"https:\/\/www.justiceinfo.net\/fr\",\"name\":\"JusticeInfo.net\",\"description\":\"La justice doit \u00eatre vue pour \u00eatre rendue\",\"publisher\":{\"@id\":\"https:\/\/www.justiceinfo.net\/fr#organization\"},\"potentialAction\":[{\"@type\":\"SearchAction\",\"target\":{\"@type\":\"EntryPoint\",\"urlTemplate\":\"https:\/\/www.justiceinfo.net\/fr?s={search_term_string}\"},\"query-input\":{\"@type\":\"PropertyValueSpecification\",\"valueRequired\":true,\"valueName\":\"search_term_string\"}}],\"inLanguage\":\"fr-FR\"},{\"@type\":\"Organization\",\"@id\":\"https:\/\/www.justiceinfo.net\/fr#organization\",\"name\":\"Justice Info\",\"url\":\"https:\/\/www.justiceinfo.net\/fr\",\"logo\":{\"@type\":\"ImageObject\",\"inLanguage\":\"fr-FR\",\"@id\":\"https:\/\/www.justiceinfo.net\/fr#\/schema\/logo\/image\/\",\"url\":\"https:\/\/www.justiceinfo.net\/wp-content\/uploads\/justiceinfo_logo-trans_1200x1200px.png\",\"contentUrl\":\"https:\/\/www.justiceinfo.net\/wp-content\/uploads\/justiceinfo_logo-trans_1200x1200px.png\",\"width\":1199,\"height\":1200,\"caption\":\"Justice Info\"},\"image\":{\"@id\":\"https:\/\/www.justiceinfo.net\/fr#\/schema\/logo\/image\/\"},\"sameAs\":[\"https:\/\/www.facebook.com\/JusticeInfo\/\",\"https:\/\/x.com\/justiceinfonet\",\"https:\/\/www.linkedin.com\/company\/justice-info\",\"https:\/\/www.youtube.com\/channel\/UCyCEsARodyuWtkWyhn-e7pA\"]},{\"@type\":\"Person\",\"name\":\"solivri\",\"url\":\"\/fr\/?s=solivri\"}]}<\/script>\n<!-- \/ Yoast SEO Premium plugin. -->","yoast_head_json":{"title":"08.10.09 - TPIR\/NIZEYIMANA - LE CAPITAINE NIZEYIMANA COMPARAITRA DEVANT UN JUGE LA SEMAINE PROCHAINE - JusticeInfo.net","robots":{"index":"index","follow":"follow","max-snippet":"max-snippet:-1","max-image-preview":"max-image-preview:large","max-video-preview":"max-video-preview:-1"},"canonical":"https:\/\/www.justiceinfo.net\/fr\/11252-081009-tpirnizeyimana-le-capitaine-nizeyimana-comparaitra-devant-un-juge-la-semaine-prochaine8060.html","og_locale":"fr_FR","og_type":"article","og_title":"08.10.09 - TPIR\/NIZEYIMANA - LE CAPITAINE NIZEYIMANA COMPARAITRA DEVANT UN JUGE LA SEMAINE PROCHAINE","og_description":"Arusha, 08 octobre 2009 (FH) - Le capitaine Ildephonse Nizeyimana, arr&ecirc;t&eacute; lundi dernier &agrave; Kampala (Ouganda), et transf&eacute;r&eacute; le lendemain au centre de d&eacute;tention du Tribunal p&eacute;nal international pour le Rwanda (TPIR) compara&icirc;tra devant un juge de la juridiction &laquo; dans le courant de la semaine prochaine &raquo;, a-t-on appris jeudi de source officielle.","og_url":"https:\/\/www.justiceinfo.net\/fr\/11252-081009-tpirnizeyimana-le-capitaine-nizeyimana-comparaitra-devant-un-juge-la-semaine-prochaine8060.html","og_site_name":"JusticeInfo.net","article_publisher":"https:\/\/www.facebook.com\/JusticeInfo\/","article_published_time":"2009-10-07T22:00:00+00:00","og_image":[{"width":1200,"height":630,"url":"https:\/\/www.justiceinfo.net\/wp-content\/uploads\/JusticeInfoNet_logo_1200x630px.jpg","type":"image\/jpeg"}],"author":"solivri","twitter_card":"summary_large_image","twitter_creator":"@justiceinfonet","twitter_site":"@justiceinfonet","twitter_misc":{"\u00c9crit par":"solivri","Dur\u00e9e de lecture estim\u00e9e":"2 minutes"},"schema":{"@context":"https:\/\/schema.org","@graph":[{"@type":"NewsArticle","@id":"https:\/\/www.justiceinfo.net\/fr\/11252-081009-tpirnizeyimana-le-capitaine-nizeyimana-comparaitra-devant-un-juge-la-semaine-prochaine8060.html#article","isPartOf":{"@id":"https:\/\/www.justiceinfo.net\/fr\/11252-081009-tpirnizeyimana-le-capitaine-nizeyimana-comparaitra-devant-un-juge-la-semaine-prochaine8060.html"},"author":{"name":"solivri","@id":"https:\/\/www.justiceinfo.net\/fr#\/schema\/person\/6e53cba1629e2e66f3fc1821d3091865"},"headline":"08.10.09 - TPIR\/NIZEYIMANA - LE CAPITAINE NIZEYIMANA COMPARAITRA DEVANT UN JUGE LA SEMAINE PROCHAINE","datePublished":"2009-10-07T22:00:00+00:00","mainEntityOfPage":{"@id":"https:\/\/www.justiceinfo.net\/fr\/11252-081009-tpirnizeyimana-le-capitaine-nizeyimana-comparaitra-devant-un-juge-la-semaine-prochaine8060.html"},"wordCount":512,"commentCount":0,"publisher":{"@id":"https:\/\/www.justiceinfo.net\/fr#organization"},"articleSection":["Hirondelle News"],"inLanguage":"fr-FR","potentialAction":[{"@type":"CommentAction","name":"Comment","target":["https:\/\/www.justiceinfo.net\/fr\/11252-081009-tpirnizeyimana-le-capitaine-nizeyimana-comparaitra-devant-un-juge-la-semaine-prochaine8060.html#respond"]}]},{"@type":"WebPage","@id":"https:\/\/www.justiceinfo.net\/fr\/11252-081009-tpirnizeyimana-le-capitaine-nizeyimana-comparaitra-devant-un-juge-la-semaine-prochaine8060.html","url":"https:\/\/www.justiceinfo.net\/fr\/11252-081009-tpirnizeyimana-le-capitaine-nizeyimana-comparaitra-devant-un-juge-la-semaine-prochaine8060.html","name":"08.10.09 - TPIR\/NIZEYIMANA - LE CAPITAINE NIZEYIMANA COMPARAITRA DEVANT UN JUGE LA SEMAINE PROCHAINE - JusticeInfo.net","isPartOf":{"@id":"https:\/\/www.justiceinfo.net\/fr#website"},"datePublished":"2009-10-07T22:00:00+00:00","breadcrumb":{"@id":"https:\/\/www.justiceinfo.net\/fr\/11252-081009-tpirnizeyimana-le-capitaine-nizeyimana-comparaitra-devant-un-juge-la-semaine-prochaine8060.html#breadcrumb"},"inLanguage":"fr-FR","potentialAction":[{"@type":"ReadAction","target":["https:\/\/www.justiceinfo.net\/fr\/11252-081009-tpirnizeyimana-le-capitaine-nizeyimana-comparaitra-devant-un-juge-la-semaine-prochaine8060.html"]}]},{"@type":"BreadcrumbList","@id":"https:\/\/www.justiceinfo.net\/fr\/11252-081009-tpirnizeyimana-le-capitaine-nizeyimana-comparaitra-devant-un-juge-la-semaine-prochaine8060.html#breadcrumb","itemListElement":[{"@type":"ListItem","position":1,"name":"Home","item":"https:\/\/www.justiceinfo.net\/fr"},{"@type":"ListItem","position":2,"name":"08.10.09 - TPIR\/NIZEYIMANA - LE CAPITAINE NIZEYIMANA COMPARAITRA DEVANT UN JUGE LA SEMAINE PROCHAINE"}]},{"@type":"WebSite","@id":"https:\/\/www.justiceinfo.net\/fr#website","url":"https:\/\/www.justiceinfo.net\/fr","name":"JusticeInfo.net","description":"La justice doit \u00eatre vue pour \u00eatre rendue","publisher":{"@id":"https:\/\/www.justiceinfo.net\/fr#organization"},"potentialAction":[{"@type":"SearchAction","target":{"@type":"EntryPoint","urlTemplate":"https:\/\/www.justiceinfo.net\/fr?s={search_term_string}"},"query-input":{"@type":"PropertyValueSpecification","valueRequired":true,"valueName":"search_term_string"}}],"inLanguage":"fr-FR"},{"@type":"Organization","@id":"https:\/\/www.justiceinfo.net\/fr#organization","name":"Justice Info","url":"https:\/\/www.justiceinfo.net\/fr","logo":{"@type":"ImageObject","inLanguage":"fr-FR","@id":"https:\/\/www.justiceinfo.net\/fr#\/schema\/logo\/image\/","url":"https:\/\/www.justiceinfo.net\/wp-content\/uploads\/justiceinfo_logo-trans_1200x1200px.png","contentUrl":"https:\/\/www.justiceinfo.net\/wp-content\/uploads\/justiceinfo_logo-trans_1200x1200px.png","width":1199,"height":1200,"caption":"Justice Info"},"image":{"@id":"https:\/\/www.justiceinfo.net\/fr#\/schema\/logo\/image\/"},"sameAs":["https:\/\/www.facebook.com\/JusticeInfo\/","https:\/\/x.com\/justiceinfonet","https:\/\/www.linkedin.com\/company\/justice-info","https:\/\/www.youtube.com\/channel\/UCyCEsARodyuWtkWyhn-e7pA"]},{"@type":"Person","name":"solivri","url":"\/fr\/?s=solivri"}]}},"_links":{"self":[{"href":"https:\/\/www.justiceinfo.net\/fr\/wp-json\/wp\/v2\/posts\/11252","targetHints":{"allow":["GET"]}}],"collection":[{"href":"https:\/\/www.justiceinfo.net\/fr\/wp-json\/wp\/v2\/posts"}],"about":[{"href":"https:\/\/www.justiceinfo.net\/fr\/wp-json\/wp\/v2\/types\/post"}],"author":[{"embeddable":true,"href":"https:\/\/www.justiceinfo.net\/fr\/wp-json\/wp\/v2\/users\/64"}],"replies":[{"embeddable":true,"href":"https:\/\/www.justiceinfo.net\/fr\/wp-json\/wp\/v2\/comments?post=11252"}],"version-history":[{"count":0,"href":"https:\/\/www.justiceinfo.net\/fr\/wp-json\/wp\/v2\/posts\/11252\/revisions"}],"wp:attachment":[{"href":"https:\/\/www.justiceinfo.net\/fr\/wp-json\/wp\/v2\/media?parent=11252"}],"wp:term":[{"taxonomy":"category","embeddable":true,"href":"https:\/\/www.justiceinfo.net\/fr\/wp-json\/wp\/v2\/categories?post=11252"},{"taxonomy":"post_tag","embeddable":true,"href":"https:\/\/www.justiceinfo.net\/fr\/wp-json\/wp\/v2\/tags?post=11252"},{"taxonomy":"ji_location","embeddable":true,"href":"https:\/\/www.justiceinfo.net\/fr\/wp-json\/wp\/v2\/ji_location?post=11252"}],"curies":[{"name":"wp","href":"https:\/\/api.w.org\/{rel}","templated":true}]}}