{"id":112533,"date":"2023-02-17T10:38:01","date_gmt":"2023-02-17T09:38:01","guid":{"rendered":"https:\/\/www.justiceinfo.net\/112533-ukraine-le-centre-denquetes-sur-le-crime-dagression-operationnel-en-juillet.html"},"modified":"2023-02-17T10:38:01","modified_gmt":"2023-02-17T09:38:01","slug":"ukraine-le-centre-denquetes-sur-le-crime-dagression-operationnel-en-juillet","status":"publish","type":"post","link":"https:\/\/www.justiceinfo.net\/fr\/112533-ukraine-le-centre-denquetes-sur-le-crime-dagression-operationnel-en-juillet.html","title":{"rendered":"Ukraine: le centre d'enqu\u00eates sur le crime d'agression op\u00e9rationnel en juillet"},"content":{"rendered":"<p>\n             Le \"centre international de coordination pour la poursuite du crime d'agression\" commis par la Russie en Ukraine, bas\u00e9 \u00e0 La Haye, sera \"op\u00e9rationnel\" en juillet, a annonc\u00e9 vendredi le commissaire europ\u00e9en \u00e0 la Justice Didier Reynders.\n<\/p>\n<p>\n            Il est destin\u00e9 \u00e0 \"rassembler et conserver les preuves du crime d'agression et permettre des discussions entre procureurs (...) non seulement sur les enqu\u00eates, mais sur les poursuites possibles\", a expliqu\u00e9 le commissaire belge lors d'un point presse avec le procureur g\u00e9n\u00e9ral d'Ukraine, Andri\u00ef Kostine.\n<\/p>\n<p>\n            Cette sorte de parquet est envisag\u00e9 comme une premi\u00e8re \u00e9tape avant l'\u00e9tablissement d'un tribunal sp\u00e9cial pour juger les plus hauts responsables russes, une demande de Kiev.\n<\/p>\n<p>\n            La Cour p\u00e9nale internationale (CPI) n'est comp\u00e9tente que pour les crimes de guerre et les crimes contre l'humanit\u00e9 perp\u00e9tr\u00e9s en Ukraine, et non pour le \"crime d'agression\" commis par la Russie, imputable \u00e0 ses plus hauts dirigeants.\n<\/p>\n<p>\n            L'UE soutient la cr\u00e9ation d'une juridiction comp\u00e9tente pour ce type de crime, mais sa forme exacte soul\u00e8ve des questions juridiques complexes.\n<\/p>\n<p>\n            M. Kostine a appel\u00e9 \"tous les pays d\u00e9mocratiques qui ont d\u00e9j\u00e0 vot\u00e9 dans diff\u00e9rents forums sur le fait qu'un acte d'agression a \u00e9t\u00e9 commis\" par la Russie contre l'Ukraine \u00e0 soutenir la mise en place d'une telle juridiction.\n<\/p>\n<p>\n            Le \"parquet\" int\u00e9rimaire sera install\u00e9 au si\u00e8ge d'Eurojust, l'agence de l'UE pour la coop\u00e9ration judiciaire en mati\u00e8re p\u00e9nale. Il sera int\u00e9gr\u00e9 \u00e0 une \"\u00e9quipe commune d'enqu\u00eate\", d\u00e9j\u00e0 constitu\u00e9e de six pays de l'UE (Lituanie, Pologne, Estonie, Lettonie, Slovaquie, Roumanie) et de l'Ukraine, \u00e0 laquelle participe aussi la CPI.<\/p>\n","protected":false},"excerpt":{"rendered":"<p>Le \"centre international de coordination pour la poursuite du crime d'agression\" commis par la Russie en Ukraine, bas\u00e9 \u00e0 La Haye, sera \"op\u00e9rationnel\" en juillet, a annonc\u00e9 vendredi le commissaire europ\u00e9en \u00e0 la Justice Didier Reynders. Il est destin\u00e9 \u00e0 \"rassembler et conserver les preuves du crime d'agression et permettre des discussions entre procureurs (...) [&hellip;]<\/p>\n","protected":false},"author":60,"featured_media":0,"comment_status":"open","ping_status":"closed","sticky":false,"template":"","format":"standard","meta":{"_acf_changed":false,"footnotes":""},"categories":[2576],"tags":[],"ji_location":[],"class_list":["post-112533","post","type-post","status-publish","format-standard","hentry","category-fil-d-actualite"],"acf":[],"yoast_head":"<!-- This site is optimized with the Yoast SEO Premium plugin v25.3.1 (Yoast SEO v25.3.1) - https:\/\/yoast.com\/wordpress\/plugins\/seo\/ -->\n<title>Ukraine: le centre d&#039;enqu\u00eates sur le crime d&#039;agression op\u00e9rationnel en juillet - JusticeInfo.net<\/title>\n<meta name=\"robots\" content=\"index, follow, max-snippet:-1, max-image-preview:large, max-video-preview:-1\" \/>\n<link rel=\"canonical\" href=\"https:\/\/www.justiceinfo.net\/fr\/112533-ukraine-le-centre-denquetes-sur-le-crime-dagression-operationnel-en-juillet.html\" \/>\n<meta property=\"og:locale\" content=\"fr_FR\" \/>\n<meta property=\"og:type\" content=\"article\" \/>\n<meta property=\"og:title\" content=\"Ukraine: le centre d&#039;enqu\u00eates sur le crime d&#039;agression op\u00e9rationnel en juillet\" \/>\n<meta property=\"og:description\" content=\"Le &quot;centre international de coordination pour la poursuite du crime d&#039;agression&quot; commis par la Russie en Ukraine, bas\u00e9 \u00e0 La Haye, sera &quot;op\u00e9rationnel&quot; en juillet, a annonc\u00e9 vendredi le commissaire europ\u00e9en \u00e0 la Justice Didier Reynders. Il est destin\u00e9 \u00e0 &quot;rassembler et conserver les preuves du crime d&#039;agression et permettre des discussions entre procureurs (...) [&hellip;]\" \/>\n<meta property=\"og:url\" content=\"https:\/\/www.justiceinfo.net\/fr\/112533-ukraine-le-centre-denquetes-sur-le-crime-dagression-operationnel-en-juillet.html\" \/>\n<meta property=\"og:site_name\" content=\"JusticeInfo.net\" \/>\n<meta property=\"article:publisher\" content=\"https:\/\/www.facebook.com\/JusticeInfo\/\" \/>\n<meta property=\"article:published_time\" content=\"2023-02-17T09:38:01+00:00\" \/>\n<meta property=\"og:image\" content=\"https:\/\/www.justiceinfo.net\/wp-content\/uploads\/JusticeInfoNet_logo_1200x630px.jpg\" \/>\n\t<meta property=\"og:image:width\" content=\"1200\" \/>\n\t<meta property=\"og:image:height\" content=\"630\" \/>\n\t<meta property=\"og:image:type\" content=\"image\/jpeg\" \/>\n<meta name=\"author\" content=\"afp\" \/>\n<meta name=\"twitter:card\" content=\"summary_large_image\" \/>\n<meta name=\"twitter:creator\" content=\"@justiceinfonet\" \/>\n<meta name=\"twitter:site\" content=\"@justiceinfonet\" \/>\n<meta name=\"twitter:label1\" content=\"\u00c9crit par\" \/>\n\t<meta name=\"twitter:data1\" content=\"afp\" \/>\n\t<meta name=\"twitter:label2\" content=\"Dur\u00e9e de lecture estim\u00e9e\" \/>\n\t<meta name=\"twitter:data2\" content=\"1 minute\" \/>\n<script type=\"application\/ld+json\" class=\"yoast-schema-graph\">{\"@context\":\"https:\/\/schema.org\",\"@graph\":[{\"@type\":\"NewsArticle\",\"@id\":\"https:\/\/www.justiceinfo.net\/fr\/112533-ukraine-le-centre-denquetes-sur-le-crime-dagression-operationnel-en-juillet.html#article\",\"isPartOf\":{\"@id\":\"https:\/\/www.justiceinfo.net\/fr\/112533-ukraine-le-centre-denquetes-sur-le-crime-dagression-operationnel-en-juillet.html\"},\"author\":{\"name\":\"afp\",\"@id\":\"https:\/\/www.justiceinfo.net\/fr#\/schema\/person\/713d340ef5f218fc36ce9b4244364a7f\"},\"headline\":\"Ukraine: le centre d'enqu\u00eates sur le crime d'agression op\u00e9rationnel en juillet\",\"datePublished\":\"2023-02-17T09:38:01+00:00\",\"mainEntityOfPage\":{\"@id\":\"https:\/\/www.justiceinfo.net\/fr\/112533-ukraine-le-centre-denquetes-sur-le-crime-dagression-operationnel-en-juillet.html\"},\"wordCount\":305,\"commentCount\":0,\"publisher\":{\"@id\":\"https:\/\/www.justiceinfo.net\/fr#organization\"},\"articleSection\":[\"Fil d'info AFP\"],\"inLanguage\":\"fr-FR\",\"potentialAction\":[{\"@type\":\"CommentAction\",\"name\":\"Comment\",\"target\":[\"https:\/\/www.justiceinfo.net\/fr\/112533-ukraine-le-centre-denquetes-sur-le-crime-dagression-operationnel-en-juillet.html#respond\"]}]},{\"@type\":\"WebPage\",\"@id\":\"https:\/\/www.justiceinfo.net\/fr\/112533-ukraine-le-centre-denquetes-sur-le-crime-dagression-operationnel-en-juillet.html\",\"url\":\"https:\/\/www.justiceinfo.net\/fr\/112533-ukraine-le-centre-denquetes-sur-le-crime-dagression-operationnel-en-juillet.html\",\"name\":\"Ukraine: le centre d'enqu\u00eates sur le crime d'agression op\u00e9rationnel en juillet - JusticeInfo.net\",\"isPartOf\":{\"@id\":\"https:\/\/www.justiceinfo.net\/fr#website\"},\"datePublished\":\"2023-02-17T09:38:01+00:00\",\"breadcrumb\":{\"@id\":\"https:\/\/www.justiceinfo.net\/fr\/112533-ukraine-le-centre-denquetes-sur-le-crime-dagression-operationnel-en-juillet.html#breadcrumb\"},\"inLanguage\":\"fr-FR\",\"potentialAction\":[{\"@type\":\"ReadAction\",\"target\":[\"https:\/\/www.justiceinfo.net\/fr\/112533-ukraine-le-centre-denquetes-sur-le-crime-dagression-operationnel-en-juillet.html\"]}]},{\"@type\":\"BreadcrumbList\",\"@id\":\"https:\/\/www.justiceinfo.net\/fr\/112533-ukraine-le-centre-denquetes-sur-le-crime-dagression-operationnel-en-juillet.html#breadcrumb\",\"itemListElement\":[{\"@type\":\"ListItem\",\"position\":1,\"name\":\"Home\",\"item\":\"https:\/\/www.justiceinfo.net\/fr\"},{\"@type\":\"ListItem\",\"position\":2,\"name\":\"Ukraine: le centre d'enqu\u00eates sur le crime d'agression op\u00e9rationnel en juillet\"}]},{\"@type\":\"WebSite\",\"@id\":\"https:\/\/www.justiceinfo.net\/fr#website\",\"url\":\"https:\/\/www.justiceinfo.net\/fr\",\"name\":\"JusticeInfo.net\",\"description\":\"La justice doit \u00eatre vue pour \u00eatre rendue\",\"publisher\":{\"@id\":\"https:\/\/www.justiceinfo.net\/fr#organization\"},\"potentialAction\":[{\"@type\":\"SearchAction\",\"target\":{\"@type\":\"EntryPoint\",\"urlTemplate\":\"https:\/\/www.justiceinfo.net\/fr?s={search_term_string}\"},\"query-input\":{\"@type\":\"PropertyValueSpecification\",\"valueRequired\":true,\"valueName\":\"search_term_string\"}}],\"inLanguage\":\"fr-FR\"},{\"@type\":\"Organization\",\"@id\":\"https:\/\/www.justiceinfo.net\/fr#organization\",\"name\":\"Justice Info\",\"url\":\"https:\/\/www.justiceinfo.net\/fr\",\"logo\":{\"@type\":\"ImageObject\",\"inLanguage\":\"fr-FR\",\"@id\":\"https:\/\/www.justiceinfo.net\/fr#\/schema\/logo\/image\/\",\"url\":\"https:\/\/www.justiceinfo.net\/wp-content\/uploads\/justiceinfo_logo-trans_1200x1200px.png\",\"contentUrl\":\"https:\/\/www.justiceinfo.net\/wp-content\/uploads\/justiceinfo_logo-trans_1200x1200px.png\",\"width\":1199,\"height\":1200,\"caption\":\"Justice Info\"},\"image\":{\"@id\":\"https:\/\/www.justiceinfo.net\/fr#\/schema\/logo\/image\/\"},\"sameAs\":[\"https:\/\/www.facebook.com\/JusticeInfo\/\",\"https:\/\/x.com\/justiceinfonet\",\"https:\/\/www.linkedin.com\/company\/justice-info\",\"https:\/\/www.youtube.com\/channel\/UCyCEsARodyuWtkWyhn-e7pA\"]},{\"@type\":\"Person\",\"name\":\"afp\",\"url\":\"\/fr\/?s=afp\"}]}<\/script>\n<!-- \/ Yoast SEO Premium plugin. -->","yoast_head_json":{"title":"Ukraine: le centre d'enqu\u00eates sur le crime d'agression op\u00e9rationnel en juillet - JusticeInfo.net","robots":{"index":"index","follow":"follow","max-snippet":"max-snippet:-1","max-image-preview":"max-image-preview:large","max-video-preview":"max-video-preview:-1"},"canonical":"https:\/\/www.justiceinfo.net\/fr\/112533-ukraine-le-centre-denquetes-sur-le-crime-dagression-operationnel-en-juillet.html","og_locale":"fr_FR","og_type":"article","og_title":"Ukraine: le centre d'enqu\u00eates sur le crime d'agression op\u00e9rationnel en juillet","og_description":"Le \"centre international de coordination pour la poursuite du crime d'agression\" commis par la Russie en Ukraine, bas\u00e9 \u00e0 La Haye, sera \"op\u00e9rationnel\" en juillet, a annonc\u00e9 vendredi le commissaire europ\u00e9en \u00e0 la Justice Didier Reynders. Il est destin\u00e9 \u00e0 \"rassembler et conserver les preuves du crime d'agression et permettre des discussions entre procureurs (...) [&hellip;]","og_url":"https:\/\/www.justiceinfo.net\/fr\/112533-ukraine-le-centre-denquetes-sur-le-crime-dagression-operationnel-en-juillet.html","og_site_name":"JusticeInfo.net","article_publisher":"https:\/\/www.facebook.com\/JusticeInfo\/","article_published_time":"2023-02-17T09:38:01+00:00","og_image":[{"width":1200,"height":630,"url":"https:\/\/www.justiceinfo.net\/wp-content\/uploads\/JusticeInfoNet_logo_1200x630px.jpg","type":"image\/jpeg"}],"author":"afp","twitter_card":"summary_large_image","twitter_creator":"@justiceinfonet","twitter_site":"@justiceinfonet","twitter_misc":{"\u00c9crit par":"afp","Dur\u00e9e de lecture estim\u00e9e":"1 minute"},"schema":{"@context":"https:\/\/schema.org","@graph":[{"@type":"NewsArticle","@id":"https:\/\/www.justiceinfo.net\/fr\/112533-ukraine-le-centre-denquetes-sur-le-crime-dagression-operationnel-en-juillet.html#article","isPartOf":{"@id":"https:\/\/www.justiceinfo.net\/fr\/112533-ukraine-le-centre-denquetes-sur-le-crime-dagression-operationnel-en-juillet.html"},"author":{"name":"afp","@id":"https:\/\/www.justiceinfo.net\/fr#\/schema\/person\/713d340ef5f218fc36ce9b4244364a7f"},"headline":"Ukraine: le centre d'enqu\u00eates sur le crime d'agression op\u00e9rationnel en juillet","datePublished":"2023-02-17T09:38:01+00:00","mainEntityOfPage":{"@id":"https:\/\/www.justiceinfo.net\/fr\/112533-ukraine-le-centre-denquetes-sur-le-crime-dagression-operationnel-en-juillet.html"},"wordCount":305,"commentCount":0,"publisher":{"@id":"https:\/\/www.justiceinfo.net\/fr#organization"},"articleSection":["Fil d'info AFP"],"inLanguage":"fr-FR","potentialAction":[{"@type":"CommentAction","name":"Comment","target":["https:\/\/www.justiceinfo.net\/fr\/112533-ukraine-le-centre-denquetes-sur-le-crime-dagression-operationnel-en-juillet.html#respond"]}]},{"@type":"WebPage","@id":"https:\/\/www.justiceinfo.net\/fr\/112533-ukraine-le-centre-denquetes-sur-le-crime-dagression-operationnel-en-juillet.html","url":"https:\/\/www.justiceinfo.net\/fr\/112533-ukraine-le-centre-denquetes-sur-le-crime-dagression-operationnel-en-juillet.html","name":"Ukraine: le centre d'enqu\u00eates sur le crime d'agression op\u00e9rationnel en juillet - JusticeInfo.net","isPartOf":{"@id":"https:\/\/www.justiceinfo.net\/fr#website"},"datePublished":"2023-02-17T09:38:01+00:00","breadcrumb":{"@id":"https:\/\/www.justiceinfo.net\/fr\/112533-ukraine-le-centre-denquetes-sur-le-crime-dagression-operationnel-en-juillet.html#breadcrumb"},"inLanguage":"fr-FR","potentialAction":[{"@type":"ReadAction","target":["https:\/\/www.justiceinfo.net\/fr\/112533-ukraine-le-centre-denquetes-sur-le-crime-dagression-operationnel-en-juillet.html"]}]},{"@type":"BreadcrumbList","@id":"https:\/\/www.justiceinfo.net\/fr\/112533-ukraine-le-centre-denquetes-sur-le-crime-dagression-operationnel-en-juillet.html#breadcrumb","itemListElement":[{"@type":"ListItem","position":1,"name":"Home","item":"https:\/\/www.justiceinfo.net\/fr"},{"@type":"ListItem","position":2,"name":"Ukraine: le centre d'enqu\u00eates sur le crime d'agression op\u00e9rationnel en juillet"}]},{"@type":"WebSite","@id":"https:\/\/www.justiceinfo.net\/fr#website","url":"https:\/\/www.justiceinfo.net\/fr","name":"JusticeInfo.net","description":"La justice doit \u00eatre vue pour \u00eatre rendue","publisher":{"@id":"https:\/\/www.justiceinfo.net\/fr#organization"},"potentialAction":[{"@type":"SearchAction","target":{"@type":"EntryPoint","urlTemplate":"https:\/\/www.justiceinfo.net\/fr?s={search_term_string}"},"query-input":{"@type":"PropertyValueSpecification","valueRequired":true,"valueName":"search_term_string"}}],"inLanguage":"fr-FR"},{"@type":"Organization","@id":"https:\/\/www.justiceinfo.net\/fr#organization","name":"Justice Info","url":"https:\/\/www.justiceinfo.net\/fr","logo":{"@type":"ImageObject","inLanguage":"fr-FR","@id":"https:\/\/www.justiceinfo.net\/fr#\/schema\/logo\/image\/","url":"https:\/\/www.justiceinfo.net\/wp-content\/uploads\/justiceinfo_logo-trans_1200x1200px.png","contentUrl":"https:\/\/www.justiceinfo.net\/wp-content\/uploads\/justiceinfo_logo-trans_1200x1200px.png","width":1199,"height":1200,"caption":"Justice Info"},"image":{"@id":"https:\/\/www.justiceinfo.net\/fr#\/schema\/logo\/image\/"},"sameAs":["https:\/\/www.facebook.com\/JusticeInfo\/","https:\/\/x.com\/justiceinfonet","https:\/\/www.linkedin.com\/company\/justice-info","https:\/\/www.youtube.com\/channel\/UCyCEsARodyuWtkWyhn-e7pA"]},{"@type":"Person","name":"afp","url":"\/fr\/?s=afp"}]}},"_links":{"self":[{"href":"https:\/\/www.justiceinfo.net\/fr\/wp-json\/wp\/v2\/posts\/112533","targetHints":{"allow":["GET"]}}],"collection":[{"href":"https:\/\/www.justiceinfo.net\/fr\/wp-json\/wp\/v2\/posts"}],"about":[{"href":"https:\/\/www.justiceinfo.net\/fr\/wp-json\/wp\/v2\/types\/post"}],"author":[{"embeddable":true,"href":"https:\/\/www.justiceinfo.net\/fr\/wp-json\/wp\/v2\/users\/60"}],"replies":[{"embeddable":true,"href":"https:\/\/www.justiceinfo.net\/fr\/wp-json\/wp\/v2\/comments?post=112533"}],"version-history":[{"count":0,"href":"https:\/\/www.justiceinfo.net\/fr\/wp-json\/wp\/v2\/posts\/112533\/revisions"}],"wp:attachment":[{"href":"https:\/\/www.justiceinfo.net\/fr\/wp-json\/wp\/v2\/media?parent=112533"}],"wp:term":[{"taxonomy":"category","embeddable":true,"href":"https:\/\/www.justiceinfo.net\/fr\/wp-json\/wp\/v2\/categories?post=112533"},{"taxonomy":"post_tag","embeddable":true,"href":"https:\/\/www.justiceinfo.net\/fr\/wp-json\/wp\/v2\/tags?post=112533"},{"taxonomy":"ji_location","embeddable":true,"href":"https:\/\/www.justiceinfo.net\/fr\/wp-json\/wp\/v2\/ji_location?post=112533"}],"curies":[{"name":"wp","href":"https:\/\/api.w.org\/{rel}","templated":true}]}}