{"id":11268,"date":"2009-10-12T00:00:00","date_gmt":"2009-10-11T22:00:00","guid":{"rendered":"https:\/\/www.justiceinfo.net\/11268-121009-tpirntawukulilyayo-une-francaise-a-la-rescousse-de-lancien-sous-prefet-ntawukulilyayo8076.html"},"modified":"2009-10-12T00:00:00","modified_gmt":"2009-10-11T22:00:00","slug":"121009-tpirntawukulilyayo-une-francaise-a-la-rescousse-de-lancien-sous-prefet-ntawukulilyayo8076","status":"publish","type":"post","link":"https:\/\/www.justiceinfo.net\/fr\/11268-121009-tpirntawukulilyayo-une-francaise-a-la-rescousse-de-lancien-sous-prefet-ntawukulilyayo8076.html","title":{"rendered":"12.10.09 - TPIR\/NTAWUKULILYAYO - UNE FRANCAISE A LA RESCOUSSE DE L'ANCIEN SOUS-PREFET NTAWUKULILYAYO"},"content":{"rendered":"<p >\nArusha, 12 octobre 2009 (FH) - Madeleine Raffin, une Fran&ccedil;aise qui a pass&eacute; 29 ans au Rwanda, a t&eacute;moign&eacute; lundi pour la d&eacute;fense de l'ancien sous-pr&eacute;fet Dominique Ntawukulilyayo, affirmant n'avoir jamais entendu dire, sur les collines rwandaises, que l'accus&eacute; ait jou&eacute; un r&ocirc;le dans le g&eacute;nocide.\n<\/p>\n<p><!--more--><\/p>\n<p >\n<p >\nPoursuivi pour g&eacute;nocide et incitation directe et publique &agrave; commettre le g&eacute;nocide, Ntawukulilyayo, qui clame son innocence, &eacute;tait sous-pr&eacute;fet de Gisagara (sud) en 1994.\n<\/p>\n<p >\nMme Raffin a v&eacute;cu au Rwanda de 1968 &agrave; 1997, travaillant notamment pour l'ONG Caritas dans le sud du pays, ce qui lui a permis, au cours des trois derni&egrave;res ann&eacute;es de sa mission, de sillonner la pr&eacute;fecture de Butare, th&eacute;&acirc;tre des faits reproch&eacute;s &agrave; l'ancien responsable administratif.\n<\/p>\n<p >\nQuinzi&egrave;me t&eacute;moin &agrave; d&eacute;charge, elle a d&eacute;clar&eacute;, en interrogatoire principal, n'avoir jamais entendu mentionner le nom de Ntawukulilyayo parmi les responsables du g&eacute;nocide &agrave; Butare.\n<\/p>\n<p >\nDe telles d&eacute;positions tr&egrave;s indirectes, bien que de peu de poids, sont fr&eacute;quentes devant le TPIR.\n<\/p>\n<p >\nApr&egrave;s cette br&egrave;ve audition, le proc&egrave;s a &eacute;t&eacute; ajourn&eacute; &agrave; mardi matin, le t&eacute;moin suivant n'&eacute;tant pas encore pr&ecirc;t.\n<\/p>\n<p >\n<p >\nL'ancien responsable administratif est notamment accus&eacute; d'avoir fait massacrer, &laquo; entre le 21 et le 25 avril 1994 &raquo;, les Tutsis qui s'&eacute;taient retranch&eacute;s sur la colline de Kabuye, dans son entit&eacute; administrative.\n<\/p>\n<p >\n<p >\nIl a &eacute;t&eacute; arr&ecirc;t&eacute; le 16 octobre 2007 &agrave; Carcassonne, dans le sud-ouest de la France, sur la base d'un mandat d'arr&ecirc;t &eacute;mis par le TPIR le 21 septembre de la m&ecirc;me ann&eacute;e.\n<\/p>\n<p >\n<p >\nIl a par la suite vainement tent&eacute; de s'opposer &agrave; sa remise au TPIR, une bataille qu'il a port&eacute;e jusqu'&agrave; la Cour europ&eacute;enne des droits de l'homme (CEDH).\n<\/p>\n<p >\n<p >\nTransf&eacute;r&eacute; &agrave; Arusha en juin 2008, Ntawukulilyayo est le troisi&egrave;me accus&eacute; remis par la France &agrave; ce tribunal.&nbsp; En 2000, Paris avait achemin&eacute; au TPIR l'ex-ministre de l'Enseignement sup&eacute;rieur Jean de Dieu Kamuhanda d&eacute;finitivement condamn&eacute; &agrave; la prison &agrave; vie, et le major Fran&ccedil;ois-Xavier Nzuwonemeye, qui attend le verdict de la chambre.\n<\/p>\n<p >\n<p >\nNI\/ER\/GF\n<\/p>\n<p >\n<p>\n&copy; Agence Hirondelle<\/p>\n","protected":false},"excerpt":{"rendered":"<p>Arusha, 12 octobre 2009 (FH) - Madeleine Raffin, une Fran&ccedil;aise qui a pass&eacute; 29 ans au Rwanda, a t&eacute;moign&eacute; lundi pour la d&eacute;fense de l'ancien sous-pr&eacute;fet Dominique Ntawukulilyayo, affirmant n'avoir jamais entendu dire, sur les collines rwandaises, que l'accus&eacute; ait jou&eacute; un r&ocirc;le dans le g&eacute;nocide.<\/p>\n","protected":false},"author":64,"featured_media":0,"comment_status":"open","ping_status":"closed","sticky":false,"template":"","format":"standard","meta":{"_acf_changed":false,"footnotes":""},"categories":[554],"tags":[],"ji_location":[],"class_list":["post-11268","post","type-post","status-publish","format-standard","hentry","category-hirondellenews"],"acf":[],"yoast_head":"<!-- This site is optimized with the Yoast SEO Premium plugin v25.3.1 (Yoast SEO v25.3.1) - https:\/\/yoast.com\/wordpress\/plugins\/seo\/ -->\n<title>12.10.09 - TPIR\/NTAWUKULILYAYO - UNE FRANCAISE A LA RESCOUSSE DE L&#039;ANCIEN SOUS-PREFET NTAWUKULILYAYO - JusticeInfo.net<\/title>\n<meta name=\"robots\" content=\"index, follow, max-snippet:-1, max-image-preview:large, max-video-preview:-1\" \/>\n<link rel=\"canonical\" href=\"https:\/\/www.justiceinfo.net\/fr\/11268-121009-tpirntawukulilyayo-une-francaise-a-la-rescousse-de-lancien-sous-prefet-ntawukulilyayo8076.html\" \/>\n<meta property=\"og:locale\" content=\"fr_FR\" \/>\n<meta property=\"og:type\" content=\"article\" \/>\n<meta property=\"og:title\" content=\"12.10.09 - TPIR\/NTAWUKULILYAYO - UNE FRANCAISE A LA RESCOUSSE DE L&#039;ANCIEN SOUS-PREFET NTAWUKULILYAYO\" \/>\n<meta property=\"og:description\" content=\"Arusha, 12 octobre 2009 (FH) - Madeleine Raffin, une Fran&ccedil;aise qui a pass&eacute; 29 ans au Rwanda, a t&eacute;moign&eacute; lundi pour la d&eacute;fense de l&#039;ancien sous-pr&eacute;fet Dominique Ntawukulilyayo, affirmant n&#039;avoir jamais entendu dire, sur les collines rwandaises, que l&#039;accus&eacute; ait jou&eacute; un r&ocirc;le dans le g&eacute;nocide.\" \/>\n<meta property=\"og:url\" content=\"https:\/\/www.justiceinfo.net\/fr\/11268-121009-tpirntawukulilyayo-une-francaise-a-la-rescousse-de-lancien-sous-prefet-ntawukulilyayo8076.html\" \/>\n<meta property=\"og:site_name\" content=\"JusticeInfo.net\" \/>\n<meta property=\"article:publisher\" content=\"https:\/\/www.facebook.com\/JusticeInfo\/\" \/>\n<meta property=\"article:published_time\" content=\"2009-10-11T22:00:00+00:00\" \/>\n<meta property=\"og:image\" content=\"https:\/\/www.justiceinfo.net\/wp-content\/uploads\/JusticeInfoNet_logo_1200x630px.jpg\" \/>\n\t<meta property=\"og:image:width\" content=\"1200\" \/>\n\t<meta property=\"og:image:height\" content=\"630\" \/>\n\t<meta property=\"og:image:type\" content=\"image\/jpeg\" \/>\n<meta name=\"author\" content=\"solivri\" \/>\n<meta name=\"twitter:card\" content=\"summary_large_image\" \/>\n<meta name=\"twitter:creator\" content=\"@justiceinfonet\" \/>\n<meta name=\"twitter:site\" content=\"@justiceinfonet\" \/>\n<meta name=\"twitter:label1\" content=\"\u00c9crit par\" \/>\n\t<meta name=\"twitter:data1\" content=\"solivri\" \/>\n\t<meta name=\"twitter:label2\" content=\"Dur\u00e9e de lecture estim\u00e9e\" \/>\n\t<meta name=\"twitter:data2\" content=\"2 minutes\" \/>\n<script type=\"application\/ld+json\" class=\"yoast-schema-graph\">{\"@context\":\"https:\/\/schema.org\",\"@graph\":[{\"@type\":\"NewsArticle\",\"@id\":\"https:\/\/www.justiceinfo.net\/fr\/11268-121009-tpirntawukulilyayo-une-francaise-a-la-rescousse-de-lancien-sous-prefet-ntawukulilyayo8076.html#article\",\"isPartOf\":{\"@id\":\"https:\/\/www.justiceinfo.net\/fr\/11268-121009-tpirntawukulilyayo-une-francaise-a-la-rescousse-de-lancien-sous-prefet-ntawukulilyayo8076.html\"},\"author\":{\"name\":\"solivri\",\"@id\":\"https:\/\/www.justiceinfo.net\/fr#\/schema\/person\/6e53cba1629e2e66f3fc1821d3091865\"},\"headline\":\"12.10.09 - TPIR\/NTAWUKULILYAYO - UNE FRANCAISE A LA RESCOUSSE DE L'ANCIEN SOUS-PREFET NTAWUKULILYAYO\",\"datePublished\":\"2009-10-11T22:00:00+00:00\",\"mainEntityOfPage\":{\"@id\":\"https:\/\/www.justiceinfo.net\/fr\/11268-121009-tpirntawukulilyayo-une-francaise-a-la-rescousse-de-lancien-sous-prefet-ntawukulilyayo8076.html\"},\"wordCount\":452,\"commentCount\":0,\"publisher\":{\"@id\":\"https:\/\/www.justiceinfo.net\/fr#organization\"},\"articleSection\":[\"Hirondelle News\"],\"inLanguage\":\"fr-FR\",\"potentialAction\":[{\"@type\":\"CommentAction\",\"name\":\"Comment\",\"target\":[\"https:\/\/www.justiceinfo.net\/fr\/11268-121009-tpirntawukulilyayo-une-francaise-a-la-rescousse-de-lancien-sous-prefet-ntawukulilyayo8076.html#respond\"]}]},{\"@type\":\"WebPage\",\"@id\":\"https:\/\/www.justiceinfo.net\/fr\/11268-121009-tpirntawukulilyayo-une-francaise-a-la-rescousse-de-lancien-sous-prefet-ntawukulilyayo8076.html\",\"url\":\"https:\/\/www.justiceinfo.net\/fr\/11268-121009-tpirntawukulilyayo-une-francaise-a-la-rescousse-de-lancien-sous-prefet-ntawukulilyayo8076.html\",\"name\":\"12.10.09 - TPIR\/NTAWUKULILYAYO - UNE FRANCAISE A LA RESCOUSSE DE L'ANCIEN SOUS-PREFET NTAWUKULILYAYO - JusticeInfo.net\",\"isPartOf\":{\"@id\":\"https:\/\/www.justiceinfo.net\/fr#website\"},\"datePublished\":\"2009-10-11T22:00:00+00:00\",\"breadcrumb\":{\"@id\":\"https:\/\/www.justiceinfo.net\/fr\/11268-121009-tpirntawukulilyayo-une-francaise-a-la-rescousse-de-lancien-sous-prefet-ntawukulilyayo8076.html#breadcrumb\"},\"inLanguage\":\"fr-FR\",\"potentialAction\":[{\"@type\":\"ReadAction\",\"target\":[\"https:\/\/www.justiceinfo.net\/fr\/11268-121009-tpirntawukulilyayo-une-francaise-a-la-rescousse-de-lancien-sous-prefet-ntawukulilyayo8076.html\"]}]},{\"@type\":\"BreadcrumbList\",\"@id\":\"https:\/\/www.justiceinfo.net\/fr\/11268-121009-tpirntawukulilyayo-une-francaise-a-la-rescousse-de-lancien-sous-prefet-ntawukulilyayo8076.html#breadcrumb\",\"itemListElement\":[{\"@type\":\"ListItem\",\"position\":1,\"name\":\"Home\",\"item\":\"https:\/\/www.justiceinfo.net\/fr\"},{\"@type\":\"ListItem\",\"position\":2,\"name\":\"12.10.09 - TPIR\/NTAWUKULILYAYO - UNE FRANCAISE A LA RESCOUSSE DE L'ANCIEN SOUS-PREFET NTAWUKULILYAYO\"}]},{\"@type\":\"WebSite\",\"@id\":\"https:\/\/www.justiceinfo.net\/fr#website\",\"url\":\"https:\/\/www.justiceinfo.net\/fr\",\"name\":\"JusticeInfo.net\",\"description\":\"La justice doit \u00eatre vue pour \u00eatre rendue\",\"publisher\":{\"@id\":\"https:\/\/www.justiceinfo.net\/fr#organization\"},\"potentialAction\":[{\"@type\":\"SearchAction\",\"target\":{\"@type\":\"EntryPoint\",\"urlTemplate\":\"https:\/\/www.justiceinfo.net\/fr?s={search_term_string}\"},\"query-input\":{\"@type\":\"PropertyValueSpecification\",\"valueRequired\":true,\"valueName\":\"search_term_string\"}}],\"inLanguage\":\"fr-FR\"},{\"@type\":\"Organization\",\"@id\":\"https:\/\/www.justiceinfo.net\/fr#organization\",\"name\":\"Justice Info\",\"url\":\"https:\/\/www.justiceinfo.net\/fr\",\"logo\":{\"@type\":\"ImageObject\",\"inLanguage\":\"fr-FR\",\"@id\":\"https:\/\/www.justiceinfo.net\/fr#\/schema\/logo\/image\/\",\"url\":\"https:\/\/www.justiceinfo.net\/wp-content\/uploads\/justiceinfo_logo-trans_1200x1200px.png\",\"contentUrl\":\"https:\/\/www.justiceinfo.net\/wp-content\/uploads\/justiceinfo_logo-trans_1200x1200px.png\",\"width\":1199,\"height\":1200,\"caption\":\"Justice Info\"},\"image\":{\"@id\":\"https:\/\/www.justiceinfo.net\/fr#\/schema\/logo\/image\/\"},\"sameAs\":[\"https:\/\/www.facebook.com\/JusticeInfo\/\",\"https:\/\/x.com\/justiceinfonet\",\"https:\/\/www.linkedin.com\/company\/justice-info\",\"https:\/\/www.youtube.com\/channel\/UCyCEsARodyuWtkWyhn-e7pA\"]},{\"@type\":\"Person\",\"name\":\"solivri\",\"url\":\"\/fr\/?s=solivri\"}]}<\/script>\n<!-- \/ Yoast SEO Premium plugin. -->","yoast_head_json":{"title":"12.10.09 - TPIR\/NTAWUKULILYAYO - UNE FRANCAISE A LA RESCOUSSE DE L'ANCIEN SOUS-PREFET NTAWUKULILYAYO - JusticeInfo.net","robots":{"index":"index","follow":"follow","max-snippet":"max-snippet:-1","max-image-preview":"max-image-preview:large","max-video-preview":"max-video-preview:-1"},"canonical":"https:\/\/www.justiceinfo.net\/fr\/11268-121009-tpirntawukulilyayo-une-francaise-a-la-rescousse-de-lancien-sous-prefet-ntawukulilyayo8076.html","og_locale":"fr_FR","og_type":"article","og_title":"12.10.09 - TPIR\/NTAWUKULILYAYO - UNE FRANCAISE A LA RESCOUSSE DE L'ANCIEN SOUS-PREFET NTAWUKULILYAYO","og_description":"Arusha, 12 octobre 2009 (FH) - Madeleine Raffin, une Fran&ccedil;aise qui a pass&eacute; 29 ans au Rwanda, a t&eacute;moign&eacute; lundi pour la d&eacute;fense de l'ancien sous-pr&eacute;fet Dominique Ntawukulilyayo, affirmant n'avoir jamais entendu dire, sur les collines rwandaises, que l'accus&eacute; ait jou&eacute; un r&ocirc;le dans le g&eacute;nocide.","og_url":"https:\/\/www.justiceinfo.net\/fr\/11268-121009-tpirntawukulilyayo-une-francaise-a-la-rescousse-de-lancien-sous-prefet-ntawukulilyayo8076.html","og_site_name":"JusticeInfo.net","article_publisher":"https:\/\/www.facebook.com\/JusticeInfo\/","article_published_time":"2009-10-11T22:00:00+00:00","og_image":[{"width":1200,"height":630,"url":"https:\/\/www.justiceinfo.net\/wp-content\/uploads\/JusticeInfoNet_logo_1200x630px.jpg","type":"image\/jpeg"}],"author":"solivri","twitter_card":"summary_large_image","twitter_creator":"@justiceinfonet","twitter_site":"@justiceinfonet","twitter_misc":{"\u00c9crit par":"solivri","Dur\u00e9e de lecture estim\u00e9e":"2 minutes"},"schema":{"@context":"https:\/\/schema.org","@graph":[{"@type":"NewsArticle","@id":"https:\/\/www.justiceinfo.net\/fr\/11268-121009-tpirntawukulilyayo-une-francaise-a-la-rescousse-de-lancien-sous-prefet-ntawukulilyayo8076.html#article","isPartOf":{"@id":"https:\/\/www.justiceinfo.net\/fr\/11268-121009-tpirntawukulilyayo-une-francaise-a-la-rescousse-de-lancien-sous-prefet-ntawukulilyayo8076.html"},"author":{"name":"solivri","@id":"https:\/\/www.justiceinfo.net\/fr#\/schema\/person\/6e53cba1629e2e66f3fc1821d3091865"},"headline":"12.10.09 - TPIR\/NTAWUKULILYAYO - UNE FRANCAISE A LA RESCOUSSE DE L'ANCIEN SOUS-PREFET NTAWUKULILYAYO","datePublished":"2009-10-11T22:00:00+00:00","mainEntityOfPage":{"@id":"https:\/\/www.justiceinfo.net\/fr\/11268-121009-tpirntawukulilyayo-une-francaise-a-la-rescousse-de-lancien-sous-prefet-ntawukulilyayo8076.html"},"wordCount":452,"commentCount":0,"publisher":{"@id":"https:\/\/www.justiceinfo.net\/fr#organization"},"articleSection":["Hirondelle News"],"inLanguage":"fr-FR","potentialAction":[{"@type":"CommentAction","name":"Comment","target":["https:\/\/www.justiceinfo.net\/fr\/11268-121009-tpirntawukulilyayo-une-francaise-a-la-rescousse-de-lancien-sous-prefet-ntawukulilyayo8076.html#respond"]}]},{"@type":"WebPage","@id":"https:\/\/www.justiceinfo.net\/fr\/11268-121009-tpirntawukulilyayo-une-francaise-a-la-rescousse-de-lancien-sous-prefet-ntawukulilyayo8076.html","url":"https:\/\/www.justiceinfo.net\/fr\/11268-121009-tpirntawukulilyayo-une-francaise-a-la-rescousse-de-lancien-sous-prefet-ntawukulilyayo8076.html","name":"12.10.09 - TPIR\/NTAWUKULILYAYO - UNE FRANCAISE A LA RESCOUSSE DE L'ANCIEN SOUS-PREFET NTAWUKULILYAYO - JusticeInfo.net","isPartOf":{"@id":"https:\/\/www.justiceinfo.net\/fr#website"},"datePublished":"2009-10-11T22:00:00+00:00","breadcrumb":{"@id":"https:\/\/www.justiceinfo.net\/fr\/11268-121009-tpirntawukulilyayo-une-francaise-a-la-rescousse-de-lancien-sous-prefet-ntawukulilyayo8076.html#breadcrumb"},"inLanguage":"fr-FR","potentialAction":[{"@type":"ReadAction","target":["https:\/\/www.justiceinfo.net\/fr\/11268-121009-tpirntawukulilyayo-une-francaise-a-la-rescousse-de-lancien-sous-prefet-ntawukulilyayo8076.html"]}]},{"@type":"BreadcrumbList","@id":"https:\/\/www.justiceinfo.net\/fr\/11268-121009-tpirntawukulilyayo-une-francaise-a-la-rescousse-de-lancien-sous-prefet-ntawukulilyayo8076.html#breadcrumb","itemListElement":[{"@type":"ListItem","position":1,"name":"Home","item":"https:\/\/www.justiceinfo.net\/fr"},{"@type":"ListItem","position":2,"name":"12.10.09 - TPIR\/NTAWUKULILYAYO - UNE FRANCAISE A LA RESCOUSSE DE L'ANCIEN SOUS-PREFET NTAWUKULILYAYO"}]},{"@type":"WebSite","@id":"https:\/\/www.justiceinfo.net\/fr#website","url":"https:\/\/www.justiceinfo.net\/fr","name":"JusticeInfo.net","description":"La justice doit \u00eatre vue pour \u00eatre rendue","publisher":{"@id":"https:\/\/www.justiceinfo.net\/fr#organization"},"potentialAction":[{"@type":"SearchAction","target":{"@type":"EntryPoint","urlTemplate":"https:\/\/www.justiceinfo.net\/fr?s={search_term_string}"},"query-input":{"@type":"PropertyValueSpecification","valueRequired":true,"valueName":"search_term_string"}}],"inLanguage":"fr-FR"},{"@type":"Organization","@id":"https:\/\/www.justiceinfo.net\/fr#organization","name":"Justice Info","url":"https:\/\/www.justiceinfo.net\/fr","logo":{"@type":"ImageObject","inLanguage":"fr-FR","@id":"https:\/\/www.justiceinfo.net\/fr#\/schema\/logo\/image\/","url":"https:\/\/www.justiceinfo.net\/wp-content\/uploads\/justiceinfo_logo-trans_1200x1200px.png","contentUrl":"https:\/\/www.justiceinfo.net\/wp-content\/uploads\/justiceinfo_logo-trans_1200x1200px.png","width":1199,"height":1200,"caption":"Justice Info"},"image":{"@id":"https:\/\/www.justiceinfo.net\/fr#\/schema\/logo\/image\/"},"sameAs":["https:\/\/www.facebook.com\/JusticeInfo\/","https:\/\/x.com\/justiceinfonet","https:\/\/www.linkedin.com\/company\/justice-info","https:\/\/www.youtube.com\/channel\/UCyCEsARodyuWtkWyhn-e7pA"]},{"@type":"Person","name":"solivri","url":"\/fr\/?s=solivri"}]}},"_links":{"self":[{"href":"https:\/\/www.justiceinfo.net\/fr\/wp-json\/wp\/v2\/posts\/11268","targetHints":{"allow":["GET"]}}],"collection":[{"href":"https:\/\/www.justiceinfo.net\/fr\/wp-json\/wp\/v2\/posts"}],"about":[{"href":"https:\/\/www.justiceinfo.net\/fr\/wp-json\/wp\/v2\/types\/post"}],"author":[{"embeddable":true,"href":"https:\/\/www.justiceinfo.net\/fr\/wp-json\/wp\/v2\/users\/64"}],"replies":[{"embeddable":true,"href":"https:\/\/www.justiceinfo.net\/fr\/wp-json\/wp\/v2\/comments?post=11268"}],"version-history":[{"count":0,"href":"https:\/\/www.justiceinfo.net\/fr\/wp-json\/wp\/v2\/posts\/11268\/revisions"}],"wp:attachment":[{"href":"https:\/\/www.justiceinfo.net\/fr\/wp-json\/wp\/v2\/media?parent=11268"}],"wp:term":[{"taxonomy":"category","embeddable":true,"href":"https:\/\/www.justiceinfo.net\/fr\/wp-json\/wp\/v2\/categories?post=11268"},{"taxonomy":"post_tag","embeddable":true,"href":"https:\/\/www.justiceinfo.net\/fr\/wp-json\/wp\/v2\/tags?post=11268"},{"taxonomy":"ji_location","embeddable":true,"href":"https:\/\/www.justiceinfo.net\/fr\/wp-json\/wp\/v2\/ji_location?post=11268"}],"curies":[{"name":"wp","href":"https:\/\/api.w.org\/{rel}","templated":true}]}}