{"id":11303,"date":"2009-10-21T00:00:00","date_gmt":"2009-10-20T22:00:00","guid":{"rendered":"https:\/\/www.justiceinfo.net\/11303-211009-rwandaitalie-un-pretre-hutu-rwandais-arrete-en-italie8111.html"},"modified":"2009-10-21T00:00:00","modified_gmt":"2009-10-20T22:00:00","slug":"211009-rwandaitalie-un-pretre-hutu-rwandais-arrete-en-italie8111","status":"publish","type":"post","link":"https:\/\/www.justiceinfo.net\/fr\/11303-211009-rwandaitalie-un-pretre-hutu-rwandais-arrete-en-italie8111.html","title":{"rendered":"21.10.09 - RWANDA\/Italie - UN PRETRE HUTU RWANDAIS ARRETE EN ITALIE"},"content":{"rendered":"<p >\nArusha, 21 octobre 2009 (FH) - Un pr&ecirc;tre catholique hutu rwandais, accus&eacute; par la justice rwandaise d'avoir particip&eacute; au g&eacute;nocide de 1994, a &eacute;t&eacute; arr&ecirc;t&eacute; mardi en Toscane, dans le centre de l'Italie, en vertu d'un mandat d'arr&ecirc;t international, a-t-on appris mercredi.\n<\/p>\n<p><!--more--><\/p>\n<p >\n<p >\nDon Emmanuel Uwayezu, 47 ans, ordonn&eacute; pr&ecirc;tre en 1989 et vivant en Italie depuis plus de 15 ans, &eacute;tait vicaire de la paroisse de Ponzano, dans la municipalit&eacute; de Empoli, &agrave; une vingtaine de kilom&egrave;tres de Florence, selon l'agence de presse italienne Ansa, cit&eacute;e par l'AFP.\n<\/p>\n<p >\nIl a &eacute;t&eacute; arr&ecirc;t&eacute; en ex&eacute;cution d'un mandat d'arr&ecirc;t &eacute;mis par la justice rwandaise et transmis &agrave; Interpol, pr&eacute;cise la source.\n<\/p>\n<p >\n<p >\nLe pr&ecirc;tre catholique est accus&eacute; par l'ONG African Rights, bas&eacute;e &agrave; Londres, d'&ecirc;tre impliqu&eacute; dans le massacre, le 7 mai 1994, &quot;de plus de 80 jeunes &eacute;l&egrave;ves, &acirc;g&eacute;s de 12 &agrave; 20 ans&quot; qui &eacute;tudiaient au groupe scolaire Marie Merci de Kibeho (sud) dont il &eacute;tait le directeur.\n<\/p>\n<p >\nL'homme d'&eacute;glise s'est d&eacute;fendu, affirmant &quot;&ecirc;tre le premier &agrave; vouloir l'ouverture d'un proc&egrave;s sur cette affaire afin d'&eacute;tablir la r&eacute;alit&eacute; des faits&quot;, selon Ansa.\n<\/p>\n<p >\nUn autre pr&ecirc;tre catholique, qui exer&ccedil;ait sous un faux nom dans une paroisse de Florence, l'abb&eacute; Athanase Seromba, a &eacute;t&eacute; condamn&eacute; d&eacute;finitivement &agrave; la prison &agrave; vie par le Tribunal p&eacute;nal international pour le Rwanda (TPIR) bas&eacute; &agrave; Arusha, en Tanzanie. Il est actuellement d&eacute;tenu au B&eacute;nin.\n<\/p>\n<p >\n<p >\nER\/GF\n<\/p>\n<p>\n&copy; Agence Hirondelle<\/p>\n","protected":false},"excerpt":{"rendered":"<p>Arusha, 21 octobre 2009 (FH) - Un pr&ecirc;tre catholique hutu rwandais, accus&eacute; par la justice rwandaise d'avoir particip&eacute; au g&eacute;nocide de 1994, a &eacute;t&eacute; arr&ecirc;t&eacute; mardi en Toscane, dans le centre de l'Italie, en vertu d'un mandat d'arr&ecirc;t international, a-t-on appris mercredi.<\/p>\n","protected":false},"author":64,"featured_media":0,"comment_status":"open","ping_status":"closed","sticky":false,"template":"","format":"standard","meta":{"_acf_changed":false,"footnotes":""},"categories":[554],"tags":[],"ji_location":[],"class_list":["post-11303","post","type-post","status-publish","format-standard","hentry","category-hirondellenews"],"acf":[],"yoast_head":"<!-- This site is optimized with the Yoast SEO Premium plugin v25.3.1 (Yoast SEO v25.3.1) - https:\/\/yoast.com\/wordpress\/plugins\/seo\/ -->\n<title>21.10.09 - RWANDA\/Italie - UN PRETRE HUTU RWANDAIS ARRETE EN ITALIE - JusticeInfo.net<\/title>\n<meta name=\"robots\" content=\"index, follow, max-snippet:-1, max-image-preview:large, max-video-preview:-1\" \/>\n<link rel=\"canonical\" href=\"https:\/\/www.justiceinfo.net\/fr\/11303-211009-rwandaitalie-un-pretre-hutu-rwandais-arrete-en-italie8111.html\" \/>\n<meta property=\"og:locale\" content=\"fr_FR\" \/>\n<meta property=\"og:type\" content=\"article\" \/>\n<meta property=\"og:title\" content=\"21.10.09 - RWANDA\/Italie - UN PRETRE HUTU RWANDAIS ARRETE EN ITALIE\" \/>\n<meta property=\"og:description\" content=\"Arusha, 21 octobre 2009 (FH) - Un pr&ecirc;tre catholique hutu rwandais, accus&eacute; par la justice rwandaise d&#039;avoir particip&eacute; au g&eacute;nocide de 1994, a &eacute;t&eacute; arr&ecirc;t&eacute; mardi en Toscane, dans le centre de l&#039;Italie, en vertu d&#039;un mandat d&#039;arr&ecirc;t international, a-t-on appris mercredi.\" \/>\n<meta property=\"og:url\" content=\"https:\/\/www.justiceinfo.net\/fr\/11303-211009-rwandaitalie-un-pretre-hutu-rwandais-arrete-en-italie8111.html\" \/>\n<meta property=\"og:site_name\" content=\"JusticeInfo.net\" \/>\n<meta property=\"article:publisher\" content=\"https:\/\/www.facebook.com\/JusticeInfo\/\" \/>\n<meta property=\"article:published_time\" content=\"2009-10-20T22:00:00+00:00\" \/>\n<meta property=\"og:image\" content=\"https:\/\/www.justiceinfo.net\/wp-content\/uploads\/JusticeInfoNet_logo_1200x630px.jpg\" \/>\n\t<meta property=\"og:image:width\" content=\"1200\" \/>\n\t<meta property=\"og:image:height\" content=\"630\" \/>\n\t<meta property=\"og:image:type\" content=\"image\/jpeg\" \/>\n<meta name=\"author\" content=\"solivri\" \/>\n<meta name=\"twitter:card\" content=\"summary_large_image\" \/>\n<meta name=\"twitter:creator\" content=\"@justiceinfonet\" \/>\n<meta name=\"twitter:site\" content=\"@justiceinfonet\" \/>\n<meta name=\"twitter:label1\" content=\"\u00c9crit par\" \/>\n\t<meta name=\"twitter:data1\" content=\"solivri\" \/>\n\t<meta name=\"twitter:label2\" content=\"Dur\u00e9e de lecture estim\u00e9e\" \/>\n\t<meta name=\"twitter:data2\" content=\"2 minutes\" \/>\n<script type=\"application\/ld+json\" class=\"yoast-schema-graph\">{\"@context\":\"https:\/\/schema.org\",\"@graph\":[{\"@type\":\"NewsArticle\",\"@id\":\"https:\/\/www.justiceinfo.net\/fr\/11303-211009-rwandaitalie-un-pretre-hutu-rwandais-arrete-en-italie8111.html#article\",\"isPartOf\":{\"@id\":\"https:\/\/www.justiceinfo.net\/fr\/11303-211009-rwandaitalie-un-pretre-hutu-rwandais-arrete-en-italie8111.html\"},\"author\":{\"name\":\"solivri\",\"@id\":\"https:\/\/www.justiceinfo.net\/fr#\/schema\/person\/6e53cba1629e2e66f3fc1821d3091865\"},\"headline\":\"21.10.09 - RWANDA\/Italie - UN PRETRE HUTU RWANDAIS ARRETE EN ITALIE\",\"datePublished\":\"2009-10-20T22:00:00+00:00\",\"mainEntityOfPage\":{\"@id\":\"https:\/\/www.justiceinfo.net\/fr\/11303-211009-rwandaitalie-un-pretre-hutu-rwandais-arrete-en-italie8111.html\"},\"wordCount\":330,\"commentCount\":0,\"publisher\":{\"@id\":\"https:\/\/www.justiceinfo.net\/fr#organization\"},\"articleSection\":[\"Hirondelle News\"],\"inLanguage\":\"fr-FR\",\"potentialAction\":[{\"@type\":\"CommentAction\",\"name\":\"Comment\",\"target\":[\"https:\/\/www.justiceinfo.net\/fr\/11303-211009-rwandaitalie-un-pretre-hutu-rwandais-arrete-en-italie8111.html#respond\"]}]},{\"@type\":\"WebPage\",\"@id\":\"https:\/\/www.justiceinfo.net\/fr\/11303-211009-rwandaitalie-un-pretre-hutu-rwandais-arrete-en-italie8111.html\",\"url\":\"https:\/\/www.justiceinfo.net\/fr\/11303-211009-rwandaitalie-un-pretre-hutu-rwandais-arrete-en-italie8111.html\",\"name\":\"21.10.09 - RWANDA\/Italie - UN PRETRE HUTU RWANDAIS ARRETE EN ITALIE - JusticeInfo.net\",\"isPartOf\":{\"@id\":\"https:\/\/www.justiceinfo.net\/fr#website\"},\"datePublished\":\"2009-10-20T22:00:00+00:00\",\"breadcrumb\":{\"@id\":\"https:\/\/www.justiceinfo.net\/fr\/11303-211009-rwandaitalie-un-pretre-hutu-rwandais-arrete-en-italie8111.html#breadcrumb\"},\"inLanguage\":\"fr-FR\",\"potentialAction\":[{\"@type\":\"ReadAction\",\"target\":[\"https:\/\/www.justiceinfo.net\/fr\/11303-211009-rwandaitalie-un-pretre-hutu-rwandais-arrete-en-italie8111.html\"]}]},{\"@type\":\"BreadcrumbList\",\"@id\":\"https:\/\/www.justiceinfo.net\/fr\/11303-211009-rwandaitalie-un-pretre-hutu-rwandais-arrete-en-italie8111.html#breadcrumb\",\"itemListElement\":[{\"@type\":\"ListItem\",\"position\":1,\"name\":\"Home\",\"item\":\"https:\/\/www.justiceinfo.net\/fr\"},{\"@type\":\"ListItem\",\"position\":2,\"name\":\"21.10.09 - RWANDA\/Italie - UN PRETRE HUTU RWANDAIS ARRETE EN ITALIE\"}]},{\"@type\":\"WebSite\",\"@id\":\"https:\/\/www.justiceinfo.net\/fr#website\",\"url\":\"https:\/\/www.justiceinfo.net\/fr\",\"name\":\"JusticeInfo.net\",\"description\":\"La justice doit \u00eatre vue pour \u00eatre rendue\",\"publisher\":{\"@id\":\"https:\/\/www.justiceinfo.net\/fr#organization\"},\"potentialAction\":[{\"@type\":\"SearchAction\",\"target\":{\"@type\":\"EntryPoint\",\"urlTemplate\":\"https:\/\/www.justiceinfo.net\/fr?s={search_term_string}\"},\"query-input\":{\"@type\":\"PropertyValueSpecification\",\"valueRequired\":true,\"valueName\":\"search_term_string\"}}],\"inLanguage\":\"fr-FR\"},{\"@type\":\"Organization\",\"@id\":\"https:\/\/www.justiceinfo.net\/fr#organization\",\"name\":\"Justice Info\",\"url\":\"https:\/\/www.justiceinfo.net\/fr\",\"logo\":{\"@type\":\"ImageObject\",\"inLanguage\":\"fr-FR\",\"@id\":\"https:\/\/www.justiceinfo.net\/fr#\/schema\/logo\/image\/\",\"url\":\"https:\/\/www.justiceinfo.net\/wp-content\/uploads\/justiceinfo_logo-trans_1200x1200px.png\",\"contentUrl\":\"https:\/\/www.justiceinfo.net\/wp-content\/uploads\/justiceinfo_logo-trans_1200x1200px.png\",\"width\":1199,\"height\":1200,\"caption\":\"Justice Info\"},\"image\":{\"@id\":\"https:\/\/www.justiceinfo.net\/fr#\/schema\/logo\/image\/\"},\"sameAs\":[\"https:\/\/www.facebook.com\/JusticeInfo\/\",\"https:\/\/x.com\/justiceinfonet\",\"https:\/\/www.linkedin.com\/company\/justice-info\",\"https:\/\/www.youtube.com\/channel\/UCyCEsARodyuWtkWyhn-e7pA\"]},{\"@type\":\"Person\",\"name\":\"solivri\",\"url\":\"\/fr\/?s=solivri\"}]}<\/script>\n<!-- \/ Yoast SEO Premium plugin. -->","yoast_head_json":{"title":"21.10.09 - RWANDA\/Italie - UN PRETRE HUTU RWANDAIS ARRETE EN ITALIE - JusticeInfo.net","robots":{"index":"index","follow":"follow","max-snippet":"max-snippet:-1","max-image-preview":"max-image-preview:large","max-video-preview":"max-video-preview:-1"},"canonical":"https:\/\/www.justiceinfo.net\/fr\/11303-211009-rwandaitalie-un-pretre-hutu-rwandais-arrete-en-italie8111.html","og_locale":"fr_FR","og_type":"article","og_title":"21.10.09 - RWANDA\/Italie - UN PRETRE HUTU RWANDAIS ARRETE EN ITALIE","og_description":"Arusha, 21 octobre 2009 (FH) - Un pr&ecirc;tre catholique hutu rwandais, accus&eacute; par la justice rwandaise d'avoir particip&eacute; au g&eacute;nocide de 1994, a &eacute;t&eacute; arr&ecirc;t&eacute; mardi en Toscane, dans le centre de l'Italie, en vertu d'un mandat d'arr&ecirc;t international, a-t-on appris mercredi.","og_url":"https:\/\/www.justiceinfo.net\/fr\/11303-211009-rwandaitalie-un-pretre-hutu-rwandais-arrete-en-italie8111.html","og_site_name":"JusticeInfo.net","article_publisher":"https:\/\/www.facebook.com\/JusticeInfo\/","article_published_time":"2009-10-20T22:00:00+00:00","og_image":[{"width":1200,"height":630,"url":"https:\/\/www.justiceinfo.net\/wp-content\/uploads\/JusticeInfoNet_logo_1200x630px.jpg","type":"image\/jpeg"}],"author":"solivri","twitter_card":"summary_large_image","twitter_creator":"@justiceinfonet","twitter_site":"@justiceinfonet","twitter_misc":{"\u00c9crit par":"solivri","Dur\u00e9e de lecture estim\u00e9e":"2 minutes"},"schema":{"@context":"https:\/\/schema.org","@graph":[{"@type":"NewsArticle","@id":"https:\/\/www.justiceinfo.net\/fr\/11303-211009-rwandaitalie-un-pretre-hutu-rwandais-arrete-en-italie8111.html#article","isPartOf":{"@id":"https:\/\/www.justiceinfo.net\/fr\/11303-211009-rwandaitalie-un-pretre-hutu-rwandais-arrete-en-italie8111.html"},"author":{"name":"solivri","@id":"https:\/\/www.justiceinfo.net\/fr#\/schema\/person\/6e53cba1629e2e66f3fc1821d3091865"},"headline":"21.10.09 - RWANDA\/Italie - UN PRETRE HUTU RWANDAIS ARRETE EN ITALIE","datePublished":"2009-10-20T22:00:00+00:00","mainEntityOfPage":{"@id":"https:\/\/www.justiceinfo.net\/fr\/11303-211009-rwandaitalie-un-pretre-hutu-rwandais-arrete-en-italie8111.html"},"wordCount":330,"commentCount":0,"publisher":{"@id":"https:\/\/www.justiceinfo.net\/fr#organization"},"articleSection":["Hirondelle News"],"inLanguage":"fr-FR","potentialAction":[{"@type":"CommentAction","name":"Comment","target":["https:\/\/www.justiceinfo.net\/fr\/11303-211009-rwandaitalie-un-pretre-hutu-rwandais-arrete-en-italie8111.html#respond"]}]},{"@type":"WebPage","@id":"https:\/\/www.justiceinfo.net\/fr\/11303-211009-rwandaitalie-un-pretre-hutu-rwandais-arrete-en-italie8111.html","url":"https:\/\/www.justiceinfo.net\/fr\/11303-211009-rwandaitalie-un-pretre-hutu-rwandais-arrete-en-italie8111.html","name":"21.10.09 - RWANDA\/Italie - UN PRETRE HUTU RWANDAIS ARRETE EN ITALIE - JusticeInfo.net","isPartOf":{"@id":"https:\/\/www.justiceinfo.net\/fr#website"},"datePublished":"2009-10-20T22:00:00+00:00","breadcrumb":{"@id":"https:\/\/www.justiceinfo.net\/fr\/11303-211009-rwandaitalie-un-pretre-hutu-rwandais-arrete-en-italie8111.html#breadcrumb"},"inLanguage":"fr-FR","potentialAction":[{"@type":"ReadAction","target":["https:\/\/www.justiceinfo.net\/fr\/11303-211009-rwandaitalie-un-pretre-hutu-rwandais-arrete-en-italie8111.html"]}]},{"@type":"BreadcrumbList","@id":"https:\/\/www.justiceinfo.net\/fr\/11303-211009-rwandaitalie-un-pretre-hutu-rwandais-arrete-en-italie8111.html#breadcrumb","itemListElement":[{"@type":"ListItem","position":1,"name":"Home","item":"https:\/\/www.justiceinfo.net\/fr"},{"@type":"ListItem","position":2,"name":"21.10.09 - RWANDA\/Italie - UN PRETRE HUTU RWANDAIS ARRETE EN ITALIE"}]},{"@type":"WebSite","@id":"https:\/\/www.justiceinfo.net\/fr#website","url":"https:\/\/www.justiceinfo.net\/fr","name":"JusticeInfo.net","description":"La justice doit \u00eatre vue pour \u00eatre rendue","publisher":{"@id":"https:\/\/www.justiceinfo.net\/fr#organization"},"potentialAction":[{"@type":"SearchAction","target":{"@type":"EntryPoint","urlTemplate":"https:\/\/www.justiceinfo.net\/fr?s={search_term_string}"},"query-input":{"@type":"PropertyValueSpecification","valueRequired":true,"valueName":"search_term_string"}}],"inLanguage":"fr-FR"},{"@type":"Organization","@id":"https:\/\/www.justiceinfo.net\/fr#organization","name":"Justice Info","url":"https:\/\/www.justiceinfo.net\/fr","logo":{"@type":"ImageObject","inLanguage":"fr-FR","@id":"https:\/\/www.justiceinfo.net\/fr#\/schema\/logo\/image\/","url":"https:\/\/www.justiceinfo.net\/wp-content\/uploads\/justiceinfo_logo-trans_1200x1200px.png","contentUrl":"https:\/\/www.justiceinfo.net\/wp-content\/uploads\/justiceinfo_logo-trans_1200x1200px.png","width":1199,"height":1200,"caption":"Justice Info"},"image":{"@id":"https:\/\/www.justiceinfo.net\/fr#\/schema\/logo\/image\/"},"sameAs":["https:\/\/www.facebook.com\/JusticeInfo\/","https:\/\/x.com\/justiceinfonet","https:\/\/www.linkedin.com\/company\/justice-info","https:\/\/www.youtube.com\/channel\/UCyCEsARodyuWtkWyhn-e7pA"]},{"@type":"Person","name":"solivri","url":"\/fr\/?s=solivri"}]}},"_links":{"self":[{"href":"https:\/\/www.justiceinfo.net\/fr\/wp-json\/wp\/v2\/posts\/11303","targetHints":{"allow":["GET"]}}],"collection":[{"href":"https:\/\/www.justiceinfo.net\/fr\/wp-json\/wp\/v2\/posts"}],"about":[{"href":"https:\/\/www.justiceinfo.net\/fr\/wp-json\/wp\/v2\/types\/post"}],"author":[{"embeddable":true,"href":"https:\/\/www.justiceinfo.net\/fr\/wp-json\/wp\/v2\/users\/64"}],"replies":[{"embeddable":true,"href":"https:\/\/www.justiceinfo.net\/fr\/wp-json\/wp\/v2\/comments?post=11303"}],"version-history":[{"count":0,"href":"https:\/\/www.justiceinfo.net\/fr\/wp-json\/wp\/v2\/posts\/11303\/revisions"}],"wp:attachment":[{"href":"https:\/\/www.justiceinfo.net\/fr\/wp-json\/wp\/v2\/media?parent=11303"}],"wp:term":[{"taxonomy":"category","embeddable":true,"href":"https:\/\/www.justiceinfo.net\/fr\/wp-json\/wp\/v2\/categories?post=11303"},{"taxonomy":"post_tag","embeddable":true,"href":"https:\/\/www.justiceinfo.net\/fr\/wp-json\/wp\/v2\/tags?post=11303"},{"taxonomy":"ji_location","embeddable":true,"href":"https:\/\/www.justiceinfo.net\/fr\/wp-json\/wp\/v2\/ji_location?post=11303"}],"curies":[{"name":"wp","href":"https:\/\/api.w.org\/{rel}","templated":true}]}}