{"id":11344,"date":"2009-10-30T00:00:00","date_gmt":"2009-10-29T23:00:00","guid":{"rendered":"https:\/\/www.justiceinfo.net\/11344-301009-tpirsynthese-hebdomadaire-de-nouvelles-arrestations-possibles-avant-la-fin-de-lannee8152.html"},"modified":"2009-10-30T00:00:00","modified_gmt":"2009-10-29T23:00:00","slug":"301009-tpirsynthese-hebdomadaire-de-nouvelles-arrestations-possibles-avant-la-fin-de-lannee8152","status":"publish","type":"post","link":"https:\/\/www.justiceinfo.net\/fr\/11344-301009-tpirsynthese-hebdomadaire-de-nouvelles-arrestations-possibles-avant-la-fin-de-lannee8152.html","title":{"rendered":"30.10.09 - TPIR\/SYNTHESE HEBDOMADAIRE - DE NOUVELLES ARRESTATIONS POSSIBLES AVANT LA FIN DE L'ANNEE"},"content":{"rendered":"<p >\n<p >\nArusha, 30 octobre 2009 (FH) - Apr&egrave;s deux arrestations au cours des trois derniers mois, le procureur en chef du Tribunal p&eacute;nal international pour le Rwanda (TPIR), Hassan Bubacar Jallow, a indiqu&eacute; jeudi qu'il esp&eacute;rait de nouvelles prises avant la fin de l'ann&eacute;e.\n<\/p>\n<p><!--more--><\/p>\n<p >\nL'ex-maire de Kivumu (Ouest), Gr&eacute;goire Ndahimana, a &eacute;t&eacute; arr&ecirc;t&eacute; dans un village de la R&eacute;publique d&eacute;mocratique du Congo (RDC), le 10 ao&ucirc;t, tandis que le capitaine Ildephonse Nizeyimana a &eacute;t&eacute; appr&eacute;hend&eacute; dans un petit h&ocirc;tel de Kampala, en Ouganda, le 5 octobre.\n<\/p>\n<p >\nSelon M. Jallow, la plupart des 11 accus&eacute;s encore en fuite se cachent en RDC. Cependant, l'inculp&eacute; le plus recherch&eacute;, l'homme d'affaires F&eacute;licien Kabuga, pr&eacute;sent&eacute; comme le principal argentier du g&eacute;nocide, m&egrave;nerait l'essentiel de ses activit&eacute;s commerciales au Kenya.\n<\/p>\n<p >\nLe procureur du TPIR a par ailleurs annonc&eacute; qu'il allait d&eacute;poser au d&eacute;but de l'ann&eacute;e prochaine de nouvelles demandes de renvoi d'affaires vers les tribunaux rwandais.\n<\/p>\n<p >\nSes cinq premi&egrave;res requ&ecirc;tes du genre ont &eacute;t&eacute; rejet&eacute;es par les juges du TPIR qui doutaient que les accus&eacute;s puissent b&eacute;n&eacute;ficier de proc&eacute;dures &eacute;quitables au Rwanda.\n<\/p>\n<p >\nLes autorit&eacute;s rwandaises ont depuis lors proc&eacute;d&eacute; &agrave; des amendements judiciaires destin&eacute;s, selon elles, &agrave; lever toutes les inqui&eacute;tudes des juges du TPIR.\n<\/p>\n<p >\nSeul le proc&egrave;s des dirigeants du Mouvement r&eacute;publicain national pour la d&eacute;mocratie et le d&eacute;veloppement (MRND) &eacute;tait inscrit cette semaine au r&ocirc;le du tribunal avec la suite du d&eacute;fil&eacute; des t&eacute;moins de Joseph Nzirorera, secr&eacute;taire g&eacute;n&eacute;ral de cet ancien parti pr&eacute;sidentiel.\n<\/p>\n<p >\nPeter Robinson, l'avocat principal de Nzirorera, a indiqu&eacute; mercredi &agrave; l'Agence Hirondelle, qu'il comptait citer 55 t&eacute;moins, un chiffre record dans les annales du tribunal. N'e&ucirc;t &eacute;t&eacute; une d&eacute;cision de la chambre ordonnant de r&eacute;duire le nombre, l'avocat am&eacute;ricain avait d'ailleurs envisag&eacute; de faire compara&icirc;tre une centaine de t&eacute;moins.\n<\/p>\n<p >\nPar ailleurs, des &eacute;l&egrave;ves et enseignants rwandais du secondaire ont particip&eacute; de mardi &agrave; jeudi &agrave; Musanze, dans le nord du Rwanda, &agrave; un atelier d'information sur la contribution du TPIR au processus d'unit&eacute; et de r&eacute;conciliation nationale dans ce pays.\n<\/p>\n<p >\n<p >\nCet atelier &eacute;tait organis&eacute; par le tribunal avec l'appui financier de la Commission europ&eacute;enne. Les participants venaient des &eacute;coles des districts de Musanze et Rulindo, relevant tous les deux de la Province du Nord.\n<\/p>\n<p >\n<p >\nLa semaine prochaine verra, &agrave; partir de lundi, la poursuite du proc&egrave;s MRND.\n<\/p>\n<p >\nMais la journ&eacute;e la plus attendue est celle de jeudi avec le prononc&eacute; de la sentence dans le proc&egrave;s de Michel Bagaragaza, un proche de l'ex-pr&eacute;sident Juv&eacute;nal Habyarimana. Le m&ecirc;me jour, seront entendues les r&eacute;quisitions du procureur et les plaidoiries de la d&eacute;fense dans le proc&egrave;s du lieutenant-colonel Ephrem Setako, ancien directeur des Affaires juridiques au minist&egrave;re de la D&eacute;fense.\n<\/p>\n<p >\nER\/GF\n<\/p>\n<p>\n&copy; Agence Hirondelle<\/p>\n","protected":false},"excerpt":{"rendered":"<p>Arusha, 30 octobre 2009 (FH) - Apr&egrave;s deux arrestations au cours des trois derniers mois, le procureur en chef du Tribunal p&eacute;nal international pour le Rwanda (TPIR), Hassan Bubacar Jallow, a indiqu&eacute; jeudi qu'il esp&eacute;rait de nouvelles prises avant la fin de l'ann&eacute;e.<\/p>\n","protected":false},"author":64,"featured_media":0,"comment_status":"open","ping_status":"closed","sticky":false,"template":"","format":"standard","meta":{"_acf_changed":false,"footnotes":""},"categories":[554],"tags":[],"ji_location":[],"class_list":["post-11344","post","type-post","status-publish","format-standard","hentry","category-hirondellenews"],"acf":[],"yoast_head":"<!-- This site is optimized with the Yoast SEO Premium plugin v25.3.1 (Yoast SEO v25.3.1) - https:\/\/yoast.com\/wordpress\/plugins\/seo\/ -->\n<title>30.10.09 - TPIR\/SYNTHESE HEBDOMADAIRE - DE NOUVELLES ARRESTATIONS POSSIBLES AVANT LA FIN DE L&#039;ANNEE - JusticeInfo.net<\/title>\n<meta name=\"robots\" content=\"index, follow, max-snippet:-1, max-image-preview:large, max-video-preview:-1\" \/>\n<link rel=\"canonical\" href=\"https:\/\/www.justiceinfo.net\/fr\/11344-301009-tpirsynthese-hebdomadaire-de-nouvelles-arrestations-possibles-avant-la-fin-de-lannee8152.html\" \/>\n<meta property=\"og:locale\" content=\"fr_FR\" \/>\n<meta property=\"og:type\" content=\"article\" \/>\n<meta property=\"og:title\" content=\"30.10.09 - TPIR\/SYNTHESE HEBDOMADAIRE - DE NOUVELLES ARRESTATIONS POSSIBLES AVANT LA FIN DE L&#039;ANNEE\" \/>\n<meta property=\"og:description\" content=\"Arusha, 30 octobre 2009 (FH) - Apr&egrave;s deux arrestations au cours des trois derniers mois, le procureur en chef du Tribunal p&eacute;nal international pour le Rwanda (TPIR), Hassan Bubacar Jallow, a indiqu&eacute; jeudi qu&#039;il esp&eacute;rait de nouvelles prises avant la fin de l&#039;ann&eacute;e.\" \/>\n<meta property=\"og:url\" content=\"https:\/\/www.justiceinfo.net\/fr\/11344-301009-tpirsynthese-hebdomadaire-de-nouvelles-arrestations-possibles-avant-la-fin-de-lannee8152.html\" \/>\n<meta property=\"og:site_name\" content=\"JusticeInfo.net\" \/>\n<meta property=\"article:publisher\" content=\"https:\/\/www.facebook.com\/JusticeInfo\/\" \/>\n<meta property=\"article:published_time\" content=\"2009-10-29T23:00:00+00:00\" \/>\n<meta property=\"og:image\" content=\"https:\/\/www.justiceinfo.net\/wp-content\/uploads\/JusticeInfoNet_logo_1200x630px.jpg\" \/>\n\t<meta property=\"og:image:width\" content=\"1200\" \/>\n\t<meta property=\"og:image:height\" content=\"630\" \/>\n\t<meta property=\"og:image:type\" content=\"image\/jpeg\" \/>\n<meta name=\"author\" content=\"solivri\" \/>\n<meta name=\"twitter:card\" content=\"summary_large_image\" \/>\n<meta name=\"twitter:creator\" content=\"@justiceinfonet\" \/>\n<meta name=\"twitter:site\" content=\"@justiceinfonet\" \/>\n<meta name=\"twitter:label1\" content=\"\u00c9crit par\" \/>\n\t<meta name=\"twitter:data1\" content=\"solivri\" \/>\n\t<meta name=\"twitter:label2\" content=\"Dur\u00e9e de lecture estim\u00e9e\" \/>\n\t<meta name=\"twitter:data2\" content=\"3 minutes\" \/>\n<script type=\"application\/ld+json\" class=\"yoast-schema-graph\">{\"@context\":\"https:\/\/schema.org\",\"@graph\":[{\"@type\":\"NewsArticle\",\"@id\":\"https:\/\/www.justiceinfo.net\/fr\/11344-301009-tpirsynthese-hebdomadaire-de-nouvelles-arrestations-possibles-avant-la-fin-de-lannee8152.html#article\",\"isPartOf\":{\"@id\":\"https:\/\/www.justiceinfo.net\/fr\/11344-301009-tpirsynthese-hebdomadaire-de-nouvelles-arrestations-possibles-avant-la-fin-de-lannee8152.html\"},\"author\":{\"name\":\"solivri\",\"@id\":\"https:\/\/www.justiceinfo.net\/fr#\/schema\/person\/6e53cba1629e2e66f3fc1821d3091865\"},\"headline\":\"30.10.09 - TPIR\/SYNTHESE HEBDOMADAIRE - DE NOUVELLES ARRESTATIONS POSSIBLES AVANT LA FIN DE L'ANNEE\",\"datePublished\":\"2009-10-29T23:00:00+00:00\",\"mainEntityOfPage\":{\"@id\":\"https:\/\/www.justiceinfo.net\/fr\/11344-301009-tpirsynthese-hebdomadaire-de-nouvelles-arrestations-possibles-avant-la-fin-de-lannee8152.html\"},\"wordCount\":625,\"commentCount\":0,\"publisher\":{\"@id\":\"https:\/\/www.justiceinfo.net\/fr#organization\"},\"articleSection\":[\"Hirondelle News\"],\"inLanguage\":\"fr-FR\",\"potentialAction\":[{\"@type\":\"CommentAction\",\"name\":\"Comment\",\"target\":[\"https:\/\/www.justiceinfo.net\/fr\/11344-301009-tpirsynthese-hebdomadaire-de-nouvelles-arrestations-possibles-avant-la-fin-de-lannee8152.html#respond\"]}]},{\"@type\":\"WebPage\",\"@id\":\"https:\/\/www.justiceinfo.net\/fr\/11344-301009-tpirsynthese-hebdomadaire-de-nouvelles-arrestations-possibles-avant-la-fin-de-lannee8152.html\",\"url\":\"https:\/\/www.justiceinfo.net\/fr\/11344-301009-tpirsynthese-hebdomadaire-de-nouvelles-arrestations-possibles-avant-la-fin-de-lannee8152.html\",\"name\":\"30.10.09 - TPIR\/SYNTHESE HEBDOMADAIRE - DE NOUVELLES ARRESTATIONS POSSIBLES AVANT LA FIN DE L'ANNEE - JusticeInfo.net\",\"isPartOf\":{\"@id\":\"https:\/\/www.justiceinfo.net\/fr#website\"},\"datePublished\":\"2009-10-29T23:00:00+00:00\",\"breadcrumb\":{\"@id\":\"https:\/\/www.justiceinfo.net\/fr\/11344-301009-tpirsynthese-hebdomadaire-de-nouvelles-arrestations-possibles-avant-la-fin-de-lannee8152.html#breadcrumb\"},\"inLanguage\":\"fr-FR\",\"potentialAction\":[{\"@type\":\"ReadAction\",\"target\":[\"https:\/\/www.justiceinfo.net\/fr\/11344-301009-tpirsynthese-hebdomadaire-de-nouvelles-arrestations-possibles-avant-la-fin-de-lannee8152.html\"]}]},{\"@type\":\"BreadcrumbList\",\"@id\":\"https:\/\/www.justiceinfo.net\/fr\/11344-301009-tpirsynthese-hebdomadaire-de-nouvelles-arrestations-possibles-avant-la-fin-de-lannee8152.html#breadcrumb\",\"itemListElement\":[{\"@type\":\"ListItem\",\"position\":1,\"name\":\"Home\",\"item\":\"https:\/\/www.justiceinfo.net\/fr\"},{\"@type\":\"ListItem\",\"position\":2,\"name\":\"30.10.09 - TPIR\/SYNTHESE HEBDOMADAIRE - DE NOUVELLES ARRESTATIONS POSSIBLES AVANT LA FIN DE L'ANNEE\"}]},{\"@type\":\"WebSite\",\"@id\":\"https:\/\/www.justiceinfo.net\/fr#website\",\"url\":\"https:\/\/www.justiceinfo.net\/fr\",\"name\":\"JusticeInfo.net\",\"description\":\"La justice doit \u00eatre vue pour \u00eatre rendue\",\"publisher\":{\"@id\":\"https:\/\/www.justiceinfo.net\/fr#organization\"},\"potentialAction\":[{\"@type\":\"SearchAction\",\"target\":{\"@type\":\"EntryPoint\",\"urlTemplate\":\"https:\/\/www.justiceinfo.net\/fr?s={search_term_string}\"},\"query-input\":{\"@type\":\"PropertyValueSpecification\",\"valueRequired\":true,\"valueName\":\"search_term_string\"}}],\"inLanguage\":\"fr-FR\"},{\"@type\":\"Organization\",\"@id\":\"https:\/\/www.justiceinfo.net\/fr#organization\",\"name\":\"Justice Info\",\"url\":\"https:\/\/www.justiceinfo.net\/fr\",\"logo\":{\"@type\":\"ImageObject\",\"inLanguage\":\"fr-FR\",\"@id\":\"https:\/\/www.justiceinfo.net\/fr#\/schema\/logo\/image\/\",\"url\":\"https:\/\/www.justiceinfo.net\/wp-content\/uploads\/justiceinfo_logo-trans_1200x1200px.png\",\"contentUrl\":\"https:\/\/www.justiceinfo.net\/wp-content\/uploads\/justiceinfo_logo-trans_1200x1200px.png\",\"width\":1199,\"height\":1200,\"caption\":\"Justice Info\"},\"image\":{\"@id\":\"https:\/\/www.justiceinfo.net\/fr#\/schema\/logo\/image\/\"},\"sameAs\":[\"https:\/\/www.facebook.com\/JusticeInfo\/\",\"https:\/\/x.com\/justiceinfonet\",\"https:\/\/www.linkedin.com\/company\/justice-info\",\"https:\/\/www.youtube.com\/channel\/UCyCEsARodyuWtkWyhn-e7pA\"]},{\"@type\":\"Person\",\"name\":\"solivri\",\"url\":\"\/fr\/?s=solivri\"}]}<\/script>\n<!-- \/ Yoast SEO Premium plugin. -->","yoast_head_json":{"title":"30.10.09 - TPIR\/SYNTHESE HEBDOMADAIRE - DE NOUVELLES ARRESTATIONS POSSIBLES AVANT LA FIN DE L'ANNEE - JusticeInfo.net","robots":{"index":"index","follow":"follow","max-snippet":"max-snippet:-1","max-image-preview":"max-image-preview:large","max-video-preview":"max-video-preview:-1"},"canonical":"https:\/\/www.justiceinfo.net\/fr\/11344-301009-tpirsynthese-hebdomadaire-de-nouvelles-arrestations-possibles-avant-la-fin-de-lannee8152.html","og_locale":"fr_FR","og_type":"article","og_title":"30.10.09 - TPIR\/SYNTHESE HEBDOMADAIRE - DE NOUVELLES ARRESTATIONS POSSIBLES AVANT LA FIN DE L'ANNEE","og_description":"Arusha, 30 octobre 2009 (FH) - Apr&egrave;s deux arrestations au cours des trois derniers mois, le procureur en chef du Tribunal p&eacute;nal international pour le Rwanda (TPIR), Hassan Bubacar Jallow, a indiqu&eacute; jeudi qu'il esp&eacute;rait de nouvelles prises avant la fin de l'ann&eacute;e.","og_url":"https:\/\/www.justiceinfo.net\/fr\/11344-301009-tpirsynthese-hebdomadaire-de-nouvelles-arrestations-possibles-avant-la-fin-de-lannee8152.html","og_site_name":"JusticeInfo.net","article_publisher":"https:\/\/www.facebook.com\/JusticeInfo\/","article_published_time":"2009-10-29T23:00:00+00:00","og_image":[{"width":1200,"height":630,"url":"https:\/\/www.justiceinfo.net\/wp-content\/uploads\/JusticeInfoNet_logo_1200x630px.jpg","type":"image\/jpeg"}],"author":"solivri","twitter_card":"summary_large_image","twitter_creator":"@justiceinfonet","twitter_site":"@justiceinfonet","twitter_misc":{"\u00c9crit par":"solivri","Dur\u00e9e de lecture estim\u00e9e":"3 minutes"},"schema":{"@context":"https:\/\/schema.org","@graph":[{"@type":"NewsArticle","@id":"https:\/\/www.justiceinfo.net\/fr\/11344-301009-tpirsynthese-hebdomadaire-de-nouvelles-arrestations-possibles-avant-la-fin-de-lannee8152.html#article","isPartOf":{"@id":"https:\/\/www.justiceinfo.net\/fr\/11344-301009-tpirsynthese-hebdomadaire-de-nouvelles-arrestations-possibles-avant-la-fin-de-lannee8152.html"},"author":{"name":"solivri","@id":"https:\/\/www.justiceinfo.net\/fr#\/schema\/person\/6e53cba1629e2e66f3fc1821d3091865"},"headline":"30.10.09 - TPIR\/SYNTHESE HEBDOMADAIRE - DE NOUVELLES ARRESTATIONS POSSIBLES AVANT LA FIN DE L'ANNEE","datePublished":"2009-10-29T23:00:00+00:00","mainEntityOfPage":{"@id":"https:\/\/www.justiceinfo.net\/fr\/11344-301009-tpirsynthese-hebdomadaire-de-nouvelles-arrestations-possibles-avant-la-fin-de-lannee8152.html"},"wordCount":625,"commentCount":0,"publisher":{"@id":"https:\/\/www.justiceinfo.net\/fr#organization"},"articleSection":["Hirondelle News"],"inLanguage":"fr-FR","potentialAction":[{"@type":"CommentAction","name":"Comment","target":["https:\/\/www.justiceinfo.net\/fr\/11344-301009-tpirsynthese-hebdomadaire-de-nouvelles-arrestations-possibles-avant-la-fin-de-lannee8152.html#respond"]}]},{"@type":"WebPage","@id":"https:\/\/www.justiceinfo.net\/fr\/11344-301009-tpirsynthese-hebdomadaire-de-nouvelles-arrestations-possibles-avant-la-fin-de-lannee8152.html","url":"https:\/\/www.justiceinfo.net\/fr\/11344-301009-tpirsynthese-hebdomadaire-de-nouvelles-arrestations-possibles-avant-la-fin-de-lannee8152.html","name":"30.10.09 - TPIR\/SYNTHESE HEBDOMADAIRE - DE NOUVELLES ARRESTATIONS POSSIBLES AVANT LA FIN DE L'ANNEE - JusticeInfo.net","isPartOf":{"@id":"https:\/\/www.justiceinfo.net\/fr#website"},"datePublished":"2009-10-29T23:00:00+00:00","breadcrumb":{"@id":"https:\/\/www.justiceinfo.net\/fr\/11344-301009-tpirsynthese-hebdomadaire-de-nouvelles-arrestations-possibles-avant-la-fin-de-lannee8152.html#breadcrumb"},"inLanguage":"fr-FR","potentialAction":[{"@type":"ReadAction","target":["https:\/\/www.justiceinfo.net\/fr\/11344-301009-tpirsynthese-hebdomadaire-de-nouvelles-arrestations-possibles-avant-la-fin-de-lannee8152.html"]}]},{"@type":"BreadcrumbList","@id":"https:\/\/www.justiceinfo.net\/fr\/11344-301009-tpirsynthese-hebdomadaire-de-nouvelles-arrestations-possibles-avant-la-fin-de-lannee8152.html#breadcrumb","itemListElement":[{"@type":"ListItem","position":1,"name":"Home","item":"https:\/\/www.justiceinfo.net\/fr"},{"@type":"ListItem","position":2,"name":"30.10.09 - TPIR\/SYNTHESE HEBDOMADAIRE - DE NOUVELLES ARRESTATIONS POSSIBLES AVANT LA FIN DE L'ANNEE"}]},{"@type":"WebSite","@id":"https:\/\/www.justiceinfo.net\/fr#website","url":"https:\/\/www.justiceinfo.net\/fr","name":"JusticeInfo.net","description":"La justice doit \u00eatre vue pour \u00eatre rendue","publisher":{"@id":"https:\/\/www.justiceinfo.net\/fr#organization"},"potentialAction":[{"@type":"SearchAction","target":{"@type":"EntryPoint","urlTemplate":"https:\/\/www.justiceinfo.net\/fr?s={search_term_string}"},"query-input":{"@type":"PropertyValueSpecification","valueRequired":true,"valueName":"search_term_string"}}],"inLanguage":"fr-FR"},{"@type":"Organization","@id":"https:\/\/www.justiceinfo.net\/fr#organization","name":"Justice Info","url":"https:\/\/www.justiceinfo.net\/fr","logo":{"@type":"ImageObject","inLanguage":"fr-FR","@id":"https:\/\/www.justiceinfo.net\/fr#\/schema\/logo\/image\/","url":"https:\/\/www.justiceinfo.net\/wp-content\/uploads\/justiceinfo_logo-trans_1200x1200px.png","contentUrl":"https:\/\/www.justiceinfo.net\/wp-content\/uploads\/justiceinfo_logo-trans_1200x1200px.png","width":1199,"height":1200,"caption":"Justice Info"},"image":{"@id":"https:\/\/www.justiceinfo.net\/fr#\/schema\/logo\/image\/"},"sameAs":["https:\/\/www.facebook.com\/JusticeInfo\/","https:\/\/x.com\/justiceinfonet","https:\/\/www.linkedin.com\/company\/justice-info","https:\/\/www.youtube.com\/channel\/UCyCEsARodyuWtkWyhn-e7pA"]},{"@type":"Person","name":"solivri","url":"\/fr\/?s=solivri"}]}},"_links":{"self":[{"href":"https:\/\/www.justiceinfo.net\/fr\/wp-json\/wp\/v2\/posts\/11344","targetHints":{"allow":["GET"]}}],"collection":[{"href":"https:\/\/www.justiceinfo.net\/fr\/wp-json\/wp\/v2\/posts"}],"about":[{"href":"https:\/\/www.justiceinfo.net\/fr\/wp-json\/wp\/v2\/types\/post"}],"author":[{"embeddable":true,"href":"https:\/\/www.justiceinfo.net\/fr\/wp-json\/wp\/v2\/users\/64"}],"replies":[{"embeddable":true,"href":"https:\/\/www.justiceinfo.net\/fr\/wp-json\/wp\/v2\/comments?post=11344"}],"version-history":[{"count":0,"href":"https:\/\/www.justiceinfo.net\/fr\/wp-json\/wp\/v2\/posts\/11344\/revisions"}],"wp:attachment":[{"href":"https:\/\/www.justiceinfo.net\/fr\/wp-json\/wp\/v2\/media?parent=11344"}],"wp:term":[{"taxonomy":"category","embeddable":true,"href":"https:\/\/www.justiceinfo.net\/fr\/wp-json\/wp\/v2\/categories?post=11344"},{"taxonomy":"post_tag","embeddable":true,"href":"https:\/\/www.justiceinfo.net\/fr\/wp-json\/wp\/v2\/tags?post=11344"},{"taxonomy":"ji_location","embeddable":true,"href":"https:\/\/www.justiceinfo.net\/fr\/wp-json\/wp\/v2\/ji_location?post=11344"}],"curies":[{"name":"wp","href":"https:\/\/api.w.org\/{rel}","templated":true}]}}