{"id":113484,"date":"2023-03-09T10:56:58","date_gmt":"2023-03-09T09:56:58","guid":{"rendered":"https:\/\/www.justiceinfo.net\/?p=113484"},"modified":"2023-03-09T10:57:00","modified_gmt":"2023-03-09T09:57:00","slug":"adel-maizi-memoire-interesse-pas-seulement-passe-construit-avenir","status":"publish","type":"post","link":"https:\/\/www.justiceinfo.net\/fr\/113484-adel-maizi-memoire-interesse-pas-seulement-passe-construit-avenir.html","title":{"rendered":"Adel Maizi : \u00ab La m\u00e9moire n\u2019int\u00e9resse pas seulement le pass\u00e9, elle construit l\u2019avenir \u00bb"},"content":{"rendered":"\n<p><strong>Adel Maizi a pr\u00e9sid\u00e9 la commission m\u00e9moire \u00e0 l\u2019Instance v\u00e9rit\u00e9 et dignit\u00e9 de 2014 \u00e0 2019, en Tunisie. Membre du Conseil international des archives o\u00f9 il est expert \u00e0 la section des archives et droits de l\u2019homme, il explique comment le travail de m\u00e9moire est devenu le parent pauvre de la <a href=\"https:\/\/www.justiceinfo.net\/fr\/justice-transitionnelle\">justice transitionnelle<\/a> en Tunisie.<\/strong><\/p>\n\n\n\n<!--more-->\n\n\n<div class=\"content-question-itw\">\n<p>JUSTICE INFO&nbsp;: Pr\u00e8s de quatre ans apr\u00e8s la fin des travaux de l\u2019Instance v\u00e9rit\u00e9 et dignit\u00e9 (IVD), pouvez-vous nous rappeler quelles \u00e9taient les recommandations du volet \u00ab&nbsp;M\u00e9moire&nbsp;\u00bb du rapport final les plus importantes selon vous&nbsp;?<\/p>\n<\/div>\n<p>ADEL MAIZI&nbsp;: L\u2019Instance a identifi\u00e9 cinq grands volets en rapport avec la pr\u00e9servation de la m\u00e9moire, puis\u00e9s dans trois sources&nbsp;: les demandes des victimes lors des auditions publiques et priv\u00e9es&nbsp;; la consultation nationale sur le programme global des r\u00e9parations, lanc\u00e9e en 2017 par l\u2019IVD&nbsp;; et les propositions des d\u00e9put\u00e9s au moment de l\u2019adoption du budget annuel de l\u2019Instance.<\/p>\n<p>Primo, nous avons recommand\u00e9 dans notre rapport final de transformer les sites des violations graves des droits humains, tels des prisons et des centres de torture, en \u00ab&nbsp;sites authentiques&nbsp;\u00bb, en les r\u00e9affectant \u00e0 la culture et \u00e0 la comm\u00e9moration de la m\u00e9moire. Nous pouvons citer ici comme exemples \u00ab&nbsp;Sabbat Edhlam&nbsp;\u00bb (La porte de l\u2019obscurit\u00e9), une demeure situ\u00e9e dans la m\u00e9dina de Tunis, d\u00e9di\u00e9e \u00e0 la torture et \u00e0 l\u2019ex\u00e9cution des opposants \u00e0 Bourguiba [pr\u00e9sident de la Tunisie de 1957 \u00e0 1987] engag\u00e9s entre 1955 et 1956 dans le mouvement youssefiste [partisans de Salah Ben Youssef, militant nationaliste oppos\u00e9 \u00e0 Bourguiba lors de l\u2019accession du pays \u00e0 l\u2019autonomie interne]. Ou encore la \u00ab&nbsp;Prison du 9 Avril&nbsp;\u00bb, d\u00e9molie par l\u2019ex-pr\u00e9sident Ben Ali [pr\u00e9sident de la Tunisie de 1987 \u00e0 2011] en 2009, six ann\u00e9es apr\u00e8s le centenaire de ce lieu qui a vu d\u00e9filer tous les opposants qu\u2019a connu le pays depuis le temps de la colonisation jusqu\u2019au moment de sa disparition. Nous proposons d\u2019y \u00e9riger un m\u00e9morial au-dessus duquel on inscrirait l\u2019historique de la prison et les noms de ses victimes. Ce terrain vague, tel qu\u2019il se pr\u00e9sente aujourd\u2019hui, pourrait \u00e9galement abriter une institution charg\u00e9e de la gestion de la m\u00e9moire. Nous avons pens\u00e9 \u00e9galement \u00e0 un monument comm\u00e9moratif des disparus de Djebel Agri (Montagne Agri), dans le sud-est du pays. Il s\u2019agit d\u2019honorer la m\u00e9moire de tous les fallagua [militants pour l\u2019Ind\u00e9pendance] et r\u00e9sistants, tomb\u00e9s sous les balles de l\u2019arm\u00e9e fran\u00e7aise entre 1955 et 1956 dans cette cha\u00eene montagneuse de la r\u00e9gion de Tataouine, car ils refusaient de d\u00e9poser les armes suite aux accords sur l\u2019autonomie interne. Des fosses communes \u00e0 ciel ouvert y ont \u00e9t\u00e9 retrouv\u00e9es par les membres de notre Instance lors d\u2019une visite au Djebel Agri.<\/p>\n<p>Secundo, renommer les rues, avenues, places, \u00e9coles et autres \u00e9tablissements publics en r\u00e9f\u00e9rence \u00e0 des \u00e9v\u00e9nements ou des figures de l\u2019opposition et de la dissidence aux r\u00e9gimes autoritaires de Bourguiba et de Ben Ali ou encore des martyrs de la r\u00e9volution [de 2011]. Beaucoup de victimes qui se sont exprim\u00e9es lors de la consultation de l\u2019IVD en 2017 ont manifest\u00e9 leur contestation \u00e0 ce qu\u2019une rue importante au c\u0153ur de la ville de Tunis rende hommage \u00e0 Charles de Gaulle, alors que ce pr\u00e9sident \u00e9tait \u00e0 la t\u00eate de la France lors de la Guerre de Bizerte en 1962, o\u00f9 des centaines de Tunisiens ont perdu la vie.<\/p>\n<p>Tertio, r\u00e9\u00e9crire l\u2019histoire des violations et la transmettre \u00e0 travers l\u2019enseignement, en rempla\u00e7ant une vision unilat\u00e9rale utilis\u00e9e jusqu\u2019ici par une d\u00e9marche garantissant la multiplicit\u00e9 des points de vue. Les archives de l\u2019IVD, sous toutes leurs formes, renferment un gisement de premier plan pouvant contribuer \u00e0 la r\u00e9alisation de cet objectif. Parmi les bonnes pratiques ici, j\u2019ai relev\u00e9 une exp\u00e9rience cit\u00e9e par le Rapporteur sp\u00e9cial [de l\u2019Onu] sur la promotion de la v\u00e9rit\u00e9, de la justice, de la r\u00e9paration et des garanties de non-r\u00e9p\u00e9tition dans un rapport publi\u00e9 en 2020. Il s\u2019agit d\u2019un manuel intitul\u00e9&nbsp;<a href=\"https:\/\/thenewpress.com\/books\/side-by-side\">\u00ab&nbsp;Histoire de l\u2019autre&nbsp;\u00bb, publi\u00e9 par le Peace Research Institute for the Middle East<\/a>, qui aborde d\u2019une mani\u00e8re intelligente un de ces conflits qui s\u2019\u00e9ternisent au Moyen Orient. Dans ses diff\u00e9rents chapitres, une premi\u00e8re colonne pr\u00e9sente la perspective palestinienne et une seconde la perspective du camp adverse des m\u00eames faits historiques, un espace central vide \u00e9tant laiss\u00e9 aux \u00e9l\u00e8ves afin qu\u2019ils placent leur propre narration.<\/p>\n<p>La quatri\u00e8me grande recommandation a trait \u00e0 l\u2019acc\u00e8s et \u00e0 la gestion et l\u2019exploitation de l\u2019h\u00e9ritage de l\u2019IVD&nbsp;: archives audiovisuelles num\u00e9ris\u00e9es ou dossiers internes de l\u2019Instance.<\/p>\n<p>Le cinqui\u00e8me volet de notre strat\u00e9gie concerne l\u2019encouragement de toute initiative artistique qui traite et documente les violations flagrantes des droits de l'homme.<\/p>\n<div class=\"content-question-itw\">\n<p>A voir la sc\u00e8ne artistique tunisienne de ces derni\u00e8res ann\u00e9es, on remarque que ce travail des <a href=\"https:\/\/www.justiceinfo.net\/fr\/107633-tunisie-artistes-travail-de-memoire.html\">cr\u00e9ateurs, qui s\u2019approprient le travail de m\u00e9moire<\/a>, semble avoir d\u00e9j\u00e0 commenc\u00e9. Vous attendiez-vous \u00e0 une telle dynamique&nbsp;?<\/p>\n<\/div>\n<p>On ne s\u2019attendait surement pas qu\u2019une star comme l\u2019acteur et producteur Dhafer Abidine s\u2019empare d\u2019une th\u00e9matique comme la justice transitionnelle&nbsp;pour en tirer le long m\u00e9trage \u00ab&nbsp;Ghodwa&nbsp;\u00bb (Demain) ! &nbsp;Entre les films, les s\u00e9ries t\u00e9l\u00e9vis\u00e9es, les documentaires, les pi\u00e8ces de th\u00e9\u00e2tre, la photo et les romans, c\u2019est incroyable ce que la m\u00e9moire peut inspirer les artistes&nbsp;tunisiens. Parmi les trag\u00e9dies des victimes, des histoires d\u00e9passent parfois la fiction, voil\u00e0 ce qui \u00e0 mon avis interpelle les cr\u00e9ateurs, qui souvent s\u2019adressent \u00e0 moi pour s\u2019enqu\u00e9rir de l\u2019endroit o\u00f9 ils peuvent revenir aux auditions publiques pour r\u00e9\u00e9couter ces incroyables r\u00e9cits de vie travers\u00e9s par les violences et la r\u00e9pression. Nous avons, dans notre rapport final, recommand\u00e9 aux pouvoirs publics d\u2019inciter les artistes \u00e0 \u00e9voquer ce pass\u00e9 violent \u00e0 travers des \u0153uvres qui retracent la vie de victimes et les circonstances de leur d\u00e9c\u00e8s, en multipliant les budgets, les aides \u00e0 la cr\u00e9ation, les concours et les prix pour cet effet.<\/p>\n<div class=\"content-question-itw\">\n<p>Pour quelles raisons les pouvoirs publics n\u2019ont-ils pas suivi ces recommandations&nbsp;?<\/p>\n<\/div>\n<p>Les raisons sont multiples. L\u2019ancien r\u00e9gime, celui de Ben Ali, n\u2019a pas compl\u00e8tement disparu apr\u00e8s la r\u00e9volution de 2011, je m\u2019en suis rendu compte au cours de mon passage \u00e0 l\u2019IVD. Cette machine-l\u00e0 est revenue en force au pouvoir en 2014, \u00e0 l\u2019issue de l\u2019\u00e9lection de Beji Caied Essebsi \u00e0 la t\u00eate de la pr\u00e9sidence de la R\u00e9publique, au moment m\u00eame o\u00f9 l\u2019Instance commen\u00e7ait \u00e0 fonctionner. Le parlement et les coalitions politiques qui se sont nou\u00e9es \u00e0 l\u2019\u00e9poque n\u2019ont fait qu\u2019entraver nos travaux.<\/p>\n<p>D\u2019un autre c\u00f4t\u00e9, il me semble qu\u2019une grande partie des Tunisiens refusent d\u2019affronter le pass\u00e9. Pire encore, certains recourent au d\u00e9ni et la suspicion quant aux r\u00e9v\u00e9lations de l\u2019IVD. La d\u00e9fiance envers les victimes pour des causes id\u00e9ologiques a \u00e9galement nui au processus. Nous ne nous sommes pas dot\u00e9s, malheureusement, d\u2019une culture des droits humains qui garantisse le respect et la dignit\u00e9 de tous quelle que soit la couleur politique de notre adversaire. Par ailleurs, ces recommandations n\u2019ont pas de caract\u00e8re obligatoire. Seule une combinaison entre l\u2019article 148 [qui stipule que \u00ab l'\u00c9tat s'engage \u00e0 mettre en application le syst\u00e8me de la justice transitionnelle dans tous ses domaines et dans les d\u00e9lais prescrits par la l\u00e9gislation qui s'y rapporte \u00bb] de la Constitution de 2014, disparu aujourd\u2019hui [dans la Constitution de 2022], et une d\u00e9cision de la Cour constitutionnelle, inexistante jusqu\u2019ici, aurait pu forcer L\u2019\u00c9tat \u00e0 les mettre en \u0153uvre.<\/p>\n\n\n<figure class=\"wp-block-image size-full\"><img loading=\"lazy\" decoding=\"async\" width=\"800\" height=\"846\" src=\"https:\/\/www.justiceinfo.net\/wp-content\/uploads\/Tunisie_Adel-Maizi_@Instance-verite-dignite.jpg\" alt=\"Adel Maizi, ex-pr\u00e9sident de la commission m\u00e9moire \u00e0 l\u2019Instance v\u00e9rit\u00e9 et dignit\u00e9 (IVD) de Tunisie\" class=\"wp-image-113489\" srcset=\"https:\/\/www.justiceinfo.net\/wp-content\/uploads\/Tunisie_Adel-Maizi_@Instance-verite-dignite.jpg 800w, https:\/\/www.justiceinfo.net\/wp-content\/uploads\/Tunisie_Adel-Maizi_@Instance-verite-dignite-730x772.jpg 730w\" sizes=\"auto, (max-width: 800px) 100vw, 800px\" \/><figcaption class=\"wp-element-caption\">Adel Maizi : \"La m\u00e9moire n\u2019est jamais consid\u00e9r\u00e9e comme un levier ind\u00e9pendant et susceptible de changer les perceptions d\u2019un peuple de son histoire.\" \u00a9 Instance v\u00e9rit\u00e9 et dignit\u00e9 <\/figcaption><\/figure>\n\n\n<div class=\"content-question-itw\">\n<p>Dans la Loi organique sur la justice transitionnelle de d\u00e9cembre 2013, seulement trois articles, plut\u00f4t squelettiques, \u00e9voquent la question de la <a href=\"https:\/\/www.justiceinfo.net\/fr\/memoire\">m\u00e9moire<\/a>. A-t-on n\u00e9glig\u00e9 en amont la place et le r\u00f4le de ce pilier de la justice transitionnelle ?<\/p>\n<\/div>\n<p>J\u2019estime que les dispositions relatives \u00e0 la m\u00e9moire sont domin\u00e9es par le flou. Le l\u00e9gislateur a consid\u00e9r\u00e9 la pr\u00e9servation de la m\u00e9moire comme une affaire secondaire. Quelle id\u00e9e, par exemple, de pr\u00e9senter dans la loi une alternative quant au lieu de transmission de l\u2019h\u00e9ritage de l\u2019IVD, \u00e0 savoir soit les archives nationales soit une institution d\u00e9di\u00e9e \u00e0 la m\u00e9moire ? Il aurait \u00e9t\u00e9 plus judicieux de trancher d\u00e8s le d\u00e9part. Le texte ne d\u00e9finit pas non plus clairement ni le droit \u00e0 la m\u00e9moire, ni les obligations de l\u2019\u00c9tat par rapport \u00e0 l\u2019adoption du processus de m\u00e9morialisation. Alors que dans notre rapport final, nous avons consacr\u00e9 un long paragraphe pour expliquer les contours de ce droit \u00e0 la m\u00e9moire.<\/p>\n<p>Mais il faut dire que les victimes non plus ne vouent pas une grande importance \u00e0 ce pilier de la justice transitionnelle, eux qui g\u00e9n\u00e9ralement mettent en avant, dans leurs demandes, les compensations financi\u00e8res \u2013 chose que je peux comprendre au vu de la situation de pr\u00e9carit\u00e9 dans laquelle vivent beaucoup d\u2019entre elles. Quant aux ONG nationales et internationales, rares sont celles qui r\u00e9servent \u00e0 la m\u00e9moire des colloques et des journ\u00e9es d\u2019\u00e9tude. Et lorsque ce th\u00e8me est abord\u00e9 dans des rencontres sur la justice transitionnelle, il est souvent mis en relation avec la r\u00e9v\u00e9lation de la v\u00e9rit\u00e9 ou la r\u00e9forme des institutions. Il n\u2019est jamais consid\u00e9r\u00e9 comme un levier ind\u00e9pendant et susceptible de changer les perceptions d\u2019un peuple de son histoire. D\u2019autre part, les ONG pr\u00e9f\u00e8rent travailler sur des projets ayant un impact imm\u00e9diat, comme la formation des juges des chambres sp\u00e9cialis\u00e9es. La m\u00e9moire, par contre, exige une strat\u00e9gie sur le long cours qui s\u2019inscrit dans un temps ample.<\/p>\n<div class=\"content-question-itw\">\n<p>L\u2019IVD, apr\u00e8s la fin de ses travaux, devait, comme vous venez de le rappeler, confier la totalit\u00e9 de ses documents et dossiers aux Archives nationales ou \u00e0 une institution de pr\u00e9servation de la m\u00e9moire cr\u00e9\u00e9e \u00e0 cet effet. En 2016, l\u2019Instance a appel\u00e9 \u00e0 la mise en place d\u2019une telle institution, mais elle n\u2019a pas \u00e9t\u00e9 entendue. Pourquoi&nbsp;?<\/p>\n<\/div>\n<p>Il aurait en fait fallu mettre en place cette institution d\u00e8s l\u2019inauguration du mandat de l\u2019IVD, en juin 2014. Parce qu\u2019une commission v\u00e9rit\u00e9 commence tr\u00e8s t\u00f4t \u00e0 recevoir des dossiers, des t\u00e9moignages et des biens et objets des victimes. Il aurait fallu adopter une loi cr\u00e9ant cette structure apr\u00e8s les \u00e9lections l\u00e9gislatives de 2014. Mais aucune des anciennes victimes devenues d\u00e9put\u00e9s n\u2019y a pr\u00eat\u00e9 attention. Et m\u00eame avant, au moment du bouillonnement et de l\u2019euphorie r\u00e9volutionnaire de janvier 2011, rien n\u2019a \u00e9t\u00e9 r\u00e9alis\u00e9 pour amorcer un processus de m\u00e9morialisation. Pourtant toutes les conditions \u00e9taient r\u00e9unies pour engager cette d\u00e9marche&nbsp;: l\u2019empathie envers les anciennes victimes, la libert\u00e9 pour elles de s\u2019exprimer sur les r\u00e9seaux sociaux et \u00e0 la t\u00e9l\u00e9vision, les mille et un projets annonc\u00e9s ici et l\u00e0 pour lancer un mus\u00e9e de la R\u00e9volution \u00e0 Sidi Bouzid et \u00e0 Kasserine. Le train de la justice transitionnelle a d\u00e9marr\u00e9 trop tard chez nous. Il aurait fallu se rappeler \u00e9galement que les hommes politiques ont besoin que leurs peuples oublient certains faits graves du pass\u00e9 pour gouverner\u2026<\/p>\n<div class=\"content-question-itw\">\n<p>O\u00f9 sont actuellement les <a href=\"https:\/\/www.justiceinfo.net\/fr\/43545-tunisie-bataille-autour-des-archives-de-la-commission-verite.html\">archives de l\u2019IVD<\/a>&nbsp;?<\/p>\n<\/div>\n<p>Les autorit\u00e9s n\u2019ayant pas mis sur pied une structure d\u00e9di\u00e9e \u00e0 l\u2019\u00e9tude et \u00e0 la mise en valeur des archives de la commission v\u00e9rit\u00e9, l\u2019Instance a \u00e9t\u00e9 oblig\u00e9e de livrer ses 10&nbsp;000 bo\u00eetes d\u2019archives aux Archives nationales et ses enregistrements audiovisuels, rec\u00e9lant les t\u00e9moignages priv\u00e9s des victimes, \u00e0 la Pr\u00e9sidence du gouvernement. Le fonds documentaire de l\u2019IVD, transmis aux archives nationales, renferme les dossiers des plaintes des victimes, les archives collect\u00e9es au cours des investigations de l\u2019Instance et qui couvrent toute la p\u00e9riode du mandat de l\u2019IVD, de 1955 \u00e0 2013, et enfin les archives produites par l\u2019IVD, \u00e0 savoir les proc\u00e8s-verbaux des r\u00e9unions, les d\u00e9cisions du Conseil, les documents des diverses commissions. Les archives audiovisuelles p\u00e8sent 80.000 gigas. Elles contiennent des t\u00e9moignages pr\u00e9cieux enregistr\u00e9s pendant les s\u00e9ances d\u2019auditions priv\u00e9es.<\/p>\n<div class=\"content-question-itw\">\n<p>Peut-on acc\u00e9der aujourd\u2019hui \u00e0 ces deux types d\u2019archives&nbsp;?<\/p>\n<\/div>\n<p>Actuellement, il n\u2019y a pas de cadre l\u00e9gislatif encadrant les archives de l\u2019IVD. Notre rapport final avait d\u2019ailleurs recommand\u00e9 de r\u00e9viser la loi sur les Archives nationales, d\u2019\u00e9largir ses comp\u00e9tences, en assurant l\u2019ind\u00e9pendance de l\u2019institution par rapport au pouvoir ex\u00e9cutif et en lui fournissant les ressources humaines qualifi\u00e9es. L\u2019IVD est all\u00e9e jusqu\u2019\u00e0 esquisser les contours d\u2019une nouvelle loi, conforme aux normes internationales et plus adapt\u00e9e aux sp\u00e9cificit\u00e9s de ces fonds, garantissant leur s\u00e9curit\u00e9 et leur immunisation contre une utilisation nuisant aux t\u00e9moins et aux victimes. &nbsp;<\/p>\n<div class=\"content-question-itw\">\n<p>Vous avez \u00e9voqu\u00e9, lors de votre intervention aux Assises de la justice transitionnelle qui viennent de se d\u00e9rouler \u00e0 Tunis du 23 au 24 f\u00e9vrier, la \u00ab&nbsp;sensibilit\u00e9&nbsp;\u00bb des archives de la justice transitionnelle. Pourquoi sont-elles sensibles&nbsp;?<\/p>\n<\/div>\n<p>Je qualifie ces archives de \u00ab&nbsp;sensibles&nbsp;\u00bb car elles incarnent toutes les conditions et restrictions inh\u00e9rentes \u00e0 la protection des donn\u00e9es personnelles&nbsp;: les donn\u00e9es relatives \u00e0 l\u2019identit\u00e9 et \u00e0 la vie intime, les donn\u00e9es m\u00e9dicales et des informations de type s\u00e9curitaire. D\u2019o\u00f9 la n\u00e9cessit\u00e9 de les g\u00e9rer, de les traiter et de les utiliser autrement que des documents ordinaires. Ces consid\u00e9rations ne doivent toutefois pas entraver le travail sur la m\u00e9moire. En nous r\u00e9f\u00e9rant \u00e0 des exp\u00e9riences compar\u00e9es, nous avons recommand\u00e9 la r\u00e9\u00e9criture des t\u00e9moignages selon un protocole bien d\u00e9fini&nbsp;: une version dans laquelle on effacerait toutes les donn\u00e9es sensibles d\u00e9j\u00e0 cit\u00e9es. Certes, il s\u2019agit l\u00e0 d\u2019une lourde t\u00e2che, mais possible \u00e0 effectuer \u00e0 condition qu\u2019une volont\u00e9 politique et une conscience de l\u2019importance de ce fonds se manifestaient et que des ressources \u00e9taient allou\u00e9es \u00e0 ce projet. Des logiciels et des applications peuvent \u00eatre utilis\u00e9s pour atteindre l\u2019objectif de rendre les r\u00e9cits et histoires des victimes accessibles.<\/p>\n<div class=\"content-question-itw\">\n<p>Si vous aviez \u00e0 prioriser, quels seraient les deux ou trois projets de pr\u00e9servation de la m\u00e9moire propos\u00e9s par l\u2019IVD qui seraient importants \u00e0 concr\u00e9tiser aujourd\u2019hui pour lutter contre l\u2019oubli et le d\u00e9ni du pass\u00e9 violent de la Tunisie&nbsp;?<\/p>\n<\/div>\n<p>Il est capital aujourd\u2019hui de se pencher sur l\u2019\u00e9tude d\u2019une nouvelle mani\u00e8re d\u2019enseigner l\u2019histoire. Gr\u00e2ce \u00e0 de nouveaux programmes scolaires, il est possible de forger une culture de la paix et de la non-violence, construire un homme nouveau qui ne recourt pas, par exemple, \u00e0 la torture pour soutirer des aveux. La m\u00e9moire n\u2019int\u00e9resse pas seulement le pass\u00e9, elle construit l\u2019avenir. D\u2019autre part, la loi de d\u00e9cembre 2013 le pr\u00e9conise, il faudrait diffuser \u00e0 grande \u00e9chelle les r\u00e9sultats du rapport final. Bien que ce document ait \u00e9t\u00e9 publi\u00e9, dans une version num\u00e9rique, au Journal officiel en juin 2020, on ne trouve sa trace nulle part aujourd\u2019hui&nbsp;!<\/p>\n\n<div class=\"articleLink articleLink--editorRecommanded articleLink--textInImage articleLink--textTop\" style=\"\">\r\n\t\t\t\t\t\r\n\t\t\t<div class=\"articleLinkSurTitle\">Recommand\u00e9 par la r\u00e9daction<\/div>\r\n\t\t\t<a class=\"articleLinkImageLink\" href=\"https:\/\/www.justiceinfo.net\/fr\/43917-tunisie-la-repression-au-temps-des-perspectivistes.html\"><div class=\"articleLinkImageContainer \"><img loading=\"lazy\" decoding=\"async\" width=\"540\" height=\"360\" src=\"https:\/\/www.justiceinfo.net\/wp-content\/uploads\/f2d5ac1694fa647e91f6033b624a36bb-540x360.jpg\" class=\"articleLinkImage backgroundImageTag w-100 wp-post-image\" alt=\"\" srcset=\"\" sizes=\"auto, (max-width: 540px) 100vw, 540px\" \/><\/div><\/a>\r\n\t\t\t<a href=\"https:\/\/www.justiceinfo.net\/fr\/43917-tunisie-la-repression-au-temps-des-perspectivistes.html\" class=\"articleLinkTitle articleLinkTitle--default\">\r\n\t\t\tTunisie : la r\u00e9pression au temps des Perspectivistes\r\n\t\t<\/a>\r\n\t\t\r\n\t\t\t\t<\/div>\n","protected":false},"excerpt":{"rendered":"<p>Adel Maizi a pr\u00e9sid\u00e9 la commission m\u00e9moire \u00e0 l\u2019Instance v\u00e9rit\u00e9 et dignit\u00e9 de 2014 \u00e0 2019, en Tunisie. Membre du Conseil international des archives o\u00f9 il est expert \u00e0 la section des archives et droits de l\u2019homme, il explique comment le travail de m\u00e9moire est devenu le parent pauvre de la justice transitionnelle en Tunisie.<\/p>\n","protected":false},"author":71,"featured_media":113502,"comment_status":"open","ping_status":"closed","sticky":false,"template":"","format":"standard","meta":{"_acf_changed":false,"footnotes":""},"categories":[548,551],"tags":[2872],"ji_location":[2520],"class_list":["post-113484","post","type-post","status-publish","format-standard","has-post-thumbnail","hentry","category-commissions-verite","category-memoire","tag-instance-verite-et-dignite","ji_location-tunisie"],"acf":[],"yoast_head":"<!-- This site is optimized with the Yoast SEO Premium plugin v25.3.1 (Yoast SEO v25.3.1) - https:\/\/yoast.com\/wordpress\/plugins\/seo\/ -->\n<title>Adel Maizi : m\u00e9moire des injustices et de la v\u00e9rit\u00e9 en Tunisie<\/title>\n<meta name=\"description\" content=\"Entretien avec Adel Maizi sur la pr\u00e9servation de la m\u00e9moire et de la v\u00e9rit\u00e9 en Tunisie. Un pays secou\u00e9 durant des d\u00e9cennies par des crimes de masses et des injustices multiples ayant men\u00e9 \u00e0 la r\u00e9volution de 2011. Il explique comment le travail de m\u00e9moire est devenu le parent pauvre de la justice transitionnelle en Tunisie.\" \/>\n<meta name=\"robots\" content=\"index, follow, max-snippet:-1, max-image-preview:large, max-video-preview:-1\" \/>\n<link rel=\"canonical\" href=\"https:\/\/www.justiceinfo.net\/fr\/113484-adel-maizi-memoire-interesse-pas-seulement-passe-construit-avenir.html\" \/>\n<meta property=\"og:locale\" content=\"fr_FR\" \/>\n<meta property=\"og:type\" content=\"article\" \/>\n<meta property=\"og:title\" content=\"Adel Maizi : \u00ab La m\u00e9moire n\u2019int\u00e9resse pas seulement le pass\u00e9, elle construit l\u2019avenir \u00bb\" \/>\n<meta property=\"og:description\" content=\"Entretien avec Adel Maizi sur la pr\u00e9servation de la m\u00e9moire et de la v\u00e9rit\u00e9 en Tunisie. Un pays secou\u00e9 durant des d\u00e9cennies par des crimes de masses et des injustices multiples ayant men\u00e9 \u00e0 la r\u00e9volution de 2011. Il explique comment le travail de m\u00e9moire est devenu le parent pauvre de la justice transitionnelle en Tunisie.\" \/>\n<meta property=\"og:url\" content=\"https:\/\/www.justiceinfo.net\/fr\/113484-adel-maizi-memoire-interesse-pas-seulement-passe-construit-avenir.html\" \/>\n<meta property=\"og:site_name\" content=\"JusticeInfo.net\" \/>\n<meta property=\"article:publisher\" content=\"https:\/\/www.facebook.com\/JusticeInfo\/\" \/>\n<meta property=\"article:published_time\" content=\"2023-03-09T09:56:58+00:00\" \/>\n<meta property=\"article:modified_time\" content=\"2023-03-09T09:57:00+00:00\" \/>\n<meta property=\"og:image\" content=\"https:\/\/www.justiceinfo.net\/wp-content\/uploads\/Tunisie_musee-revolution_@Olfa-Belhassine.jpg\" \/>\n\t<meta property=\"og:image:width\" content=\"1177\" \/>\n\t<meta property=\"og:image:height\" content=\"901\" \/>\n\t<meta property=\"og:image:type\" content=\"image\/jpeg\" \/>\n<meta name=\"author\" content=\"Olfa Belhassine\" \/>\n<meta name=\"twitter:card\" content=\"summary_large_image\" \/>\n<meta name=\"twitter:creator\" content=\"@justiceinfonet\" \/>\n<meta name=\"twitter:site\" content=\"@justiceinfonet\" \/>\n<meta name=\"twitter:label1\" content=\"\u00c9crit par\" \/>\n\t<meta name=\"twitter:data1\" content=\"Olfa Belhassine\" \/>\n\t<meta name=\"twitter:label2\" content=\"Dur\u00e9e de lecture estim\u00e9e\" \/>\n\t<meta name=\"twitter:data2\" content=\"13 minutes\" \/>\n<script type=\"application\/ld+json\" class=\"yoast-schema-graph\">{\"@context\":\"https:\/\/schema.org\",\"@graph\":[{\"@type\":\"NewsArticle\",\"@id\":\"https:\/\/www.justiceinfo.net\/fr\/113484-adel-maizi-memoire-interesse-pas-seulement-passe-construit-avenir.html#article\",\"isPartOf\":{\"@id\":\"https:\/\/www.justiceinfo.net\/fr\/113484-adel-maizi-memoire-interesse-pas-seulement-passe-construit-avenir.html\"},\"author\":{\"name\":\"obelhassine\",\"@id\":\"https:\/\/www.justiceinfo.net\/fr#\/schema\/person\/be9514cb994f9d9b69219d0e74582797\"},\"headline\":\"Adel Maizi : \u00ab La m\u00e9moire n\u2019int\u00e9resse pas seulement le pass\u00e9, elle construit l\u2019avenir \u00bb\",\"datePublished\":\"2023-03-09T09:56:58+00:00\",\"dateModified\":\"2023-03-09T09:57:00+00:00\",\"mainEntityOfPage\":{\"@id\":\"https:\/\/www.justiceinfo.net\/fr\/113484-adel-maizi-memoire-interesse-pas-seulement-passe-construit-avenir.html\"},\"wordCount\":2704,\"commentCount\":0,\"publisher\":{\"@id\":\"https:\/\/www.justiceinfo.net\/fr#organization\"},\"image\":{\"@id\":\"https:\/\/www.justiceinfo.net\/fr\/113484-adel-maizi-memoire-interesse-pas-seulement-passe-construit-avenir.html#primaryimage\"},\"thumbnailUrl\":\"https:\/\/www.justiceinfo.net\/wp-content\/uploads\/Tunisie_musee-revolution_@Olfa-Belhassine.jpg\",\"keywords\":[\"Instance v\u00e9rit\u00e9 et dignit\u00e9\"],\"articleSection\":[\"Commissions v\u00e9rit\u00e9\",\"M\u00e9moire\"],\"inLanguage\":\"fr-FR\",\"potentialAction\":[{\"@type\":\"CommentAction\",\"name\":\"Comment\",\"target\":[\"https:\/\/www.justiceinfo.net\/fr\/113484-adel-maizi-memoire-interesse-pas-seulement-passe-construit-avenir.html#respond\"]}]},{\"@type\":\"WebPage\",\"@id\":\"https:\/\/www.justiceinfo.net\/fr\/113484-adel-maizi-memoire-interesse-pas-seulement-passe-construit-avenir.html\",\"url\":\"https:\/\/www.justiceinfo.net\/fr\/113484-adel-maizi-memoire-interesse-pas-seulement-passe-construit-avenir.html\",\"name\":\"Adel Maizi : m\u00e9moire des injustices et de la v\u00e9rit\u00e9 en Tunisie\",\"isPartOf\":{\"@id\":\"https:\/\/www.justiceinfo.net\/fr#website\"},\"primaryImageOfPage\":{\"@id\":\"https:\/\/www.justiceinfo.net\/fr\/113484-adel-maizi-memoire-interesse-pas-seulement-passe-construit-avenir.html#primaryimage\"},\"image\":{\"@id\":\"https:\/\/www.justiceinfo.net\/fr\/113484-adel-maizi-memoire-interesse-pas-seulement-passe-construit-avenir.html#primaryimage\"},\"thumbnailUrl\":\"https:\/\/www.justiceinfo.net\/wp-content\/uploads\/Tunisie_musee-revolution_@Olfa-Belhassine.jpg\",\"datePublished\":\"2023-03-09T09:56:58+00:00\",\"dateModified\":\"2023-03-09T09:57:00+00:00\",\"description\":\"Entretien avec Adel Maizi sur la pr\u00e9servation de la m\u00e9moire et de la v\u00e9rit\u00e9 en Tunisie. Un pays secou\u00e9 durant des d\u00e9cennies par des crimes de masses et des injustices multiples ayant men\u00e9 \u00e0 la r\u00e9volution de 2011. Il explique comment le travail de m\u00e9moire est devenu le parent pauvre de la justice transitionnelle en Tunisie.\",\"breadcrumb\":{\"@id\":\"https:\/\/www.justiceinfo.net\/fr\/113484-adel-maizi-memoire-interesse-pas-seulement-passe-construit-avenir.html#breadcrumb\"},\"inLanguage\":\"fr-FR\",\"potentialAction\":[{\"@type\":\"ReadAction\",\"target\":[\"https:\/\/www.justiceinfo.net\/fr\/113484-adel-maizi-memoire-interesse-pas-seulement-passe-construit-avenir.html\"]}]},{\"@type\":\"ImageObject\",\"inLanguage\":\"fr-FR\",\"@id\":\"https:\/\/www.justiceinfo.net\/fr\/113484-adel-maizi-memoire-interesse-pas-seulement-passe-construit-avenir.html#primaryimage\",\"url\":\"https:\/\/www.justiceinfo.net\/wp-content\/uploads\/Tunisie_musee-revolution_@Olfa-Belhassine.jpg\",\"contentUrl\":\"https:\/\/www.justiceinfo.net\/wp-content\/uploads\/Tunisie_musee-revolution_@Olfa-Belhassine.jpg\",\"width\":1177,\"height\":901,\"caption\":\"Douze ans apr\u00e8s la r\u00e9volution tunisienne, qui a marqu\u00e9 le d\u00e9but des \\\"printemps arabes\\\", le travail de m\u00e9moire est en panne en Tunisie. \u00a9 Olfa Belhassine\"},{\"@type\":\"BreadcrumbList\",\"@id\":\"https:\/\/www.justiceinfo.net\/fr\/113484-adel-maizi-memoire-interesse-pas-seulement-passe-construit-avenir.html#breadcrumb\",\"itemListElement\":[{\"@type\":\"ListItem\",\"position\":1,\"name\":\"Home\",\"item\":\"https:\/\/www.justiceinfo.net\/fr\"},{\"@type\":\"ListItem\",\"position\":2,\"name\":\"Adel Maizi : \u00ab La m\u00e9moire n\u2019int\u00e9resse pas seulement le pass\u00e9, elle construit l\u2019avenir \u00bb\"}]},{\"@type\":\"WebSite\",\"@id\":\"https:\/\/www.justiceinfo.net\/fr#website\",\"url\":\"https:\/\/www.justiceinfo.net\/fr\",\"name\":\"JusticeInfo.net\",\"description\":\"La justice doit \u00eatre vue pour \u00eatre rendue\",\"publisher\":{\"@id\":\"https:\/\/www.justiceinfo.net\/fr#organization\"},\"potentialAction\":[{\"@type\":\"SearchAction\",\"target\":{\"@type\":\"EntryPoint\",\"urlTemplate\":\"https:\/\/www.justiceinfo.net\/fr?s={search_term_string}\"},\"query-input\":{\"@type\":\"PropertyValueSpecification\",\"valueRequired\":true,\"valueName\":\"search_term_string\"}}],\"inLanguage\":\"fr-FR\"},{\"@type\":\"Organization\",\"@id\":\"https:\/\/www.justiceinfo.net\/fr#organization\",\"name\":\"Justice Info\",\"url\":\"https:\/\/www.justiceinfo.net\/fr\",\"logo\":{\"@type\":\"ImageObject\",\"inLanguage\":\"fr-FR\",\"@id\":\"https:\/\/www.justiceinfo.net\/fr#\/schema\/logo\/image\/\",\"url\":\"https:\/\/www.justiceinfo.net\/wp-content\/uploads\/justiceinfo_logo-trans_1200x1200px.png\",\"contentUrl\":\"https:\/\/www.justiceinfo.net\/wp-content\/uploads\/justiceinfo_logo-trans_1200x1200px.png\",\"width\":1199,\"height\":1200,\"caption\":\"Justice Info\"},\"image\":{\"@id\":\"https:\/\/www.justiceinfo.net\/fr#\/schema\/logo\/image\/\"},\"sameAs\":[\"https:\/\/www.facebook.com\/JusticeInfo\/\",\"https:\/\/x.com\/justiceinfonet\",\"https:\/\/www.linkedin.com\/company\/justice-info\",\"https:\/\/www.youtube.com\/channel\/UCyCEsARodyuWtkWyhn-e7pA\"]},{\"@type\":\"Person\",\"name\":\"Olfa Belhassine\",\"url\":\"https:\/\/www.justiceinfo.net\/fr\/auteur\/obelhassine\"}]}<\/script>\n<!-- \/ Yoast SEO Premium plugin. -->","yoast_head_json":{"title":"Adel Maizi : m\u00e9moire des injustices et de la v\u00e9rit\u00e9 en Tunisie","description":"Entretien avec Adel Maizi sur la pr\u00e9servation de la m\u00e9moire et de la v\u00e9rit\u00e9 en Tunisie. Un pays secou\u00e9 durant des d\u00e9cennies par des crimes de masses et des injustices multiples ayant men\u00e9 \u00e0 la r\u00e9volution de 2011. Il explique comment le travail de m\u00e9moire est devenu le parent pauvre de la justice transitionnelle en Tunisie.","robots":{"index":"index","follow":"follow","max-snippet":"max-snippet:-1","max-image-preview":"max-image-preview:large","max-video-preview":"max-video-preview:-1"},"canonical":"https:\/\/www.justiceinfo.net\/fr\/113484-adel-maizi-memoire-interesse-pas-seulement-passe-construit-avenir.html","og_locale":"fr_FR","og_type":"article","og_title":"Adel Maizi : \u00ab La m\u00e9moire n\u2019int\u00e9resse pas seulement le pass\u00e9, elle construit l\u2019avenir \u00bb","og_description":"Entretien avec Adel Maizi sur la pr\u00e9servation de la m\u00e9moire et de la v\u00e9rit\u00e9 en Tunisie. Un pays secou\u00e9 durant des d\u00e9cennies par des crimes de masses et des injustices multiples ayant men\u00e9 \u00e0 la r\u00e9volution de 2011. Il explique comment le travail de m\u00e9moire est devenu le parent pauvre de la justice transitionnelle en Tunisie.","og_url":"https:\/\/www.justiceinfo.net\/fr\/113484-adel-maizi-memoire-interesse-pas-seulement-passe-construit-avenir.html","og_site_name":"JusticeInfo.net","article_publisher":"https:\/\/www.facebook.com\/JusticeInfo\/","article_published_time":"2023-03-09T09:56:58+00:00","article_modified_time":"2023-03-09T09:57:00+00:00","og_image":[{"width":1177,"height":901,"url":"https:\/\/www.justiceinfo.net\/wp-content\/uploads\/Tunisie_musee-revolution_@Olfa-Belhassine.jpg","type":"image\/jpeg"}],"author":"Olfa Belhassine","twitter_card":"summary_large_image","twitter_creator":"@justiceinfonet","twitter_site":"@justiceinfonet","twitter_misc":{"\u00c9crit par":"Olfa Belhassine","Dur\u00e9e de lecture estim\u00e9e":"13 minutes"},"schema":{"@context":"https:\/\/schema.org","@graph":[{"@type":"NewsArticle","@id":"https:\/\/www.justiceinfo.net\/fr\/113484-adel-maizi-memoire-interesse-pas-seulement-passe-construit-avenir.html#article","isPartOf":{"@id":"https:\/\/www.justiceinfo.net\/fr\/113484-adel-maizi-memoire-interesse-pas-seulement-passe-construit-avenir.html"},"author":{"name":"obelhassine","@id":"https:\/\/www.justiceinfo.net\/fr#\/schema\/person\/be9514cb994f9d9b69219d0e74582797"},"headline":"Adel Maizi : \u00ab La m\u00e9moire n\u2019int\u00e9resse pas seulement le pass\u00e9, elle construit l\u2019avenir \u00bb","datePublished":"2023-03-09T09:56:58+00:00","dateModified":"2023-03-09T09:57:00+00:00","mainEntityOfPage":{"@id":"https:\/\/www.justiceinfo.net\/fr\/113484-adel-maizi-memoire-interesse-pas-seulement-passe-construit-avenir.html"},"wordCount":2704,"commentCount":0,"publisher":{"@id":"https:\/\/www.justiceinfo.net\/fr#organization"},"image":{"@id":"https:\/\/www.justiceinfo.net\/fr\/113484-adel-maizi-memoire-interesse-pas-seulement-passe-construit-avenir.html#primaryimage"},"thumbnailUrl":"https:\/\/www.justiceinfo.net\/wp-content\/uploads\/Tunisie_musee-revolution_@Olfa-Belhassine.jpg","keywords":["Instance v\u00e9rit\u00e9 et dignit\u00e9"],"articleSection":["Commissions v\u00e9rit\u00e9","M\u00e9moire"],"inLanguage":"fr-FR","potentialAction":[{"@type":"CommentAction","name":"Comment","target":["https:\/\/www.justiceinfo.net\/fr\/113484-adel-maizi-memoire-interesse-pas-seulement-passe-construit-avenir.html#respond"]}]},{"@type":"WebPage","@id":"https:\/\/www.justiceinfo.net\/fr\/113484-adel-maizi-memoire-interesse-pas-seulement-passe-construit-avenir.html","url":"https:\/\/www.justiceinfo.net\/fr\/113484-adel-maizi-memoire-interesse-pas-seulement-passe-construit-avenir.html","name":"Adel Maizi : m\u00e9moire des injustices et de la v\u00e9rit\u00e9 en Tunisie","isPartOf":{"@id":"https:\/\/www.justiceinfo.net\/fr#website"},"primaryImageOfPage":{"@id":"https:\/\/www.justiceinfo.net\/fr\/113484-adel-maizi-memoire-interesse-pas-seulement-passe-construit-avenir.html#primaryimage"},"image":{"@id":"https:\/\/www.justiceinfo.net\/fr\/113484-adel-maizi-memoire-interesse-pas-seulement-passe-construit-avenir.html#primaryimage"},"thumbnailUrl":"https:\/\/www.justiceinfo.net\/wp-content\/uploads\/Tunisie_musee-revolution_@Olfa-Belhassine.jpg","datePublished":"2023-03-09T09:56:58+00:00","dateModified":"2023-03-09T09:57:00+00:00","description":"Entretien avec Adel Maizi sur la pr\u00e9servation de la m\u00e9moire et de la v\u00e9rit\u00e9 en Tunisie. Un pays secou\u00e9 durant des d\u00e9cennies par des crimes de masses et des injustices multiples ayant men\u00e9 \u00e0 la r\u00e9volution de 2011. Il explique comment le travail de m\u00e9moire est devenu le parent pauvre de la justice transitionnelle en Tunisie.","breadcrumb":{"@id":"https:\/\/www.justiceinfo.net\/fr\/113484-adel-maizi-memoire-interesse-pas-seulement-passe-construit-avenir.html#breadcrumb"},"inLanguage":"fr-FR","potentialAction":[{"@type":"ReadAction","target":["https:\/\/www.justiceinfo.net\/fr\/113484-adel-maizi-memoire-interesse-pas-seulement-passe-construit-avenir.html"]}]},{"@type":"ImageObject","inLanguage":"fr-FR","@id":"https:\/\/www.justiceinfo.net\/fr\/113484-adel-maizi-memoire-interesse-pas-seulement-passe-construit-avenir.html#primaryimage","url":"https:\/\/www.justiceinfo.net\/wp-content\/uploads\/Tunisie_musee-revolution_@Olfa-Belhassine.jpg","contentUrl":"https:\/\/www.justiceinfo.net\/wp-content\/uploads\/Tunisie_musee-revolution_@Olfa-Belhassine.jpg","width":1177,"height":901,"caption":"Douze ans apr\u00e8s la r\u00e9volution tunisienne, qui a marqu\u00e9 le d\u00e9but des \"printemps arabes\", le travail de m\u00e9moire est en panne en Tunisie. \u00a9 Olfa Belhassine"},{"@type":"BreadcrumbList","@id":"https:\/\/www.justiceinfo.net\/fr\/113484-adel-maizi-memoire-interesse-pas-seulement-passe-construit-avenir.html#breadcrumb","itemListElement":[{"@type":"ListItem","position":1,"name":"Home","item":"https:\/\/www.justiceinfo.net\/fr"},{"@type":"ListItem","position":2,"name":"Adel Maizi : \u00ab La m\u00e9moire n\u2019int\u00e9resse pas seulement le pass\u00e9, elle construit l\u2019avenir \u00bb"}]},{"@type":"WebSite","@id":"https:\/\/www.justiceinfo.net\/fr#website","url":"https:\/\/www.justiceinfo.net\/fr","name":"JusticeInfo.net","description":"La justice doit \u00eatre vue pour \u00eatre rendue","publisher":{"@id":"https:\/\/www.justiceinfo.net\/fr#organization"},"potentialAction":[{"@type":"SearchAction","target":{"@type":"EntryPoint","urlTemplate":"https:\/\/www.justiceinfo.net\/fr?s={search_term_string}"},"query-input":{"@type":"PropertyValueSpecification","valueRequired":true,"valueName":"search_term_string"}}],"inLanguage":"fr-FR"},{"@type":"Organization","@id":"https:\/\/www.justiceinfo.net\/fr#organization","name":"Justice Info","url":"https:\/\/www.justiceinfo.net\/fr","logo":{"@type":"ImageObject","inLanguage":"fr-FR","@id":"https:\/\/www.justiceinfo.net\/fr#\/schema\/logo\/image\/","url":"https:\/\/www.justiceinfo.net\/wp-content\/uploads\/justiceinfo_logo-trans_1200x1200px.png","contentUrl":"https:\/\/www.justiceinfo.net\/wp-content\/uploads\/justiceinfo_logo-trans_1200x1200px.png","width":1199,"height":1200,"caption":"Justice Info"},"image":{"@id":"https:\/\/www.justiceinfo.net\/fr#\/schema\/logo\/image\/"},"sameAs":["https:\/\/www.facebook.com\/JusticeInfo\/","https:\/\/x.com\/justiceinfonet","https:\/\/www.linkedin.com\/company\/justice-info","https:\/\/www.youtube.com\/channel\/UCyCEsARodyuWtkWyhn-e7pA"]},{"@type":"Person","name":"Olfa Belhassine","url":"https:\/\/www.justiceinfo.net\/fr\/auteur\/obelhassine"}]}},"_links":{"self":[{"href":"https:\/\/www.justiceinfo.net\/fr\/wp-json\/wp\/v2\/posts\/113484","targetHints":{"allow":["GET"]}}],"collection":[{"href":"https:\/\/www.justiceinfo.net\/fr\/wp-json\/wp\/v2\/posts"}],"about":[{"href":"https:\/\/www.justiceinfo.net\/fr\/wp-json\/wp\/v2\/types\/post"}],"author":[{"embeddable":true,"href":"https:\/\/www.justiceinfo.net\/fr\/wp-json\/wp\/v2\/users\/71"}],"replies":[{"embeddable":true,"href":"https:\/\/www.justiceinfo.net\/fr\/wp-json\/wp\/v2\/comments?post=113484"}],"version-history":[{"count":14,"href":"https:\/\/www.justiceinfo.net\/fr\/wp-json\/wp\/v2\/posts\/113484\/revisions"}],"predecessor-version":[{"id":113514,"href":"https:\/\/www.justiceinfo.net\/fr\/wp-json\/wp\/v2\/posts\/113484\/revisions\/113514"}],"wp:featuredmedia":[{"embeddable":true,"href":"https:\/\/www.justiceinfo.net\/fr\/wp-json\/wp\/v2\/media\/113502"}],"wp:attachment":[{"href":"https:\/\/www.justiceinfo.net\/fr\/wp-json\/wp\/v2\/media?parent=113484"}],"wp:term":[{"taxonomy":"category","embeddable":true,"href":"https:\/\/www.justiceinfo.net\/fr\/wp-json\/wp\/v2\/categories?post=113484"},{"taxonomy":"post_tag","embeddable":true,"href":"https:\/\/www.justiceinfo.net\/fr\/wp-json\/wp\/v2\/tags?post=113484"},{"taxonomy":"ji_location","embeddable":true,"href":"https:\/\/www.justiceinfo.net\/fr\/wp-json\/wp\/v2\/ji_location?post=113484"}],"curies":[{"name":"wp","href":"https:\/\/api.w.org\/{rel}","templated":true}]}}