{"id":11373,"date":"2009-11-06T00:00:00","date_gmt":"2009-11-05T23:00:00","guid":{"rendered":"https:\/\/www.justiceinfo.net\/11373-061109-rwandabelgique-un-ex-dirigeant-interahamwe-pourrait-ne-pas-assister-a-son-proces8181.html"},"modified":"2009-11-06T00:00:00","modified_gmt":"2009-11-05T23:00:00","slug":"061109-rwandabelgique-un-ex-dirigeant-interahamwe-pourrait-ne-pas-assister-a-son-proces8181","status":"publish","type":"post","link":"https:\/\/www.justiceinfo.net\/fr\/11373-061109-rwandabelgique-un-ex-dirigeant-interahamwe-pourrait-ne-pas-assister-a-son-proces8181.html","title":{"rendered":"06.11.09 - RWANDA\/Belgique - UN EX-DIRIGEANT INTERAHAMWE POURRAIT NE PAS ASSISTER A SON PROCES"},"content":{"rendered":"<p >\nBruxelles, 06 novembre 2009 (FH) - Le proc&egrave;s d'Ephrem Nkezabera, un ancien membre dirigeant des milices Interahamwe, qui doit s'ouvrir lundi prochain devant la Cour d'assises de Bruxelles, va sans doute se d&eacute;rouler sans l'accus&eacute;, gravement malade, selon son avocat.\n<\/p>\n<p><!--more--><\/p>\n<p >\n<p >\n<p >\n&laquo; Mon client souffre d'une affection qui n'est pas susceptible de gu&eacute;rison et qui le rend incapable, en raison de son traitement, de suivre le d&eacute;roulement de son proc&egrave;s &raquo;, a d&eacute;clar&eacute; Me&nbsp;Gilles Vanderbeck &agrave; l'agence Hirondelle.\n<\/p>\n<p >\n<p >\nL'avocat pr&eacute;cise avoir sollicit&eacute; un report pour raisons m&eacute;dicales. &laquo; La Cour devra trancher sur le bien-fond&eacute; de cette demande. En cas de refus, il est fort probable que l'affaire soit &eacute;voqu&eacute;e par d&eacute;faut en ce qui concerne mon client &raquo;, a-t-il ajout&eacute;, disant le regretter &laquo; tout autant que lui &raquo;. Nkezabera a &eacute;t&eacute; lib&eacute;r&eacute; le 27 ao&ucirc;t 2008 apr&egrave;s quatre ans de d&eacute;tention pr&eacute;ventive, pour suivre un traitement m&eacute;dical.\n<\/p>\n<p >\nLe greffe de la Cour confirme : &laquo; Tout va se jouer lundi matin. On attend des pr&eacute;cisions de l'avocat de Nkezabera et la Cour devrait statuer sur la suite. Le proc&egrave;s serait possible sans l'accus&eacute;, ou peut-&ecirc;tre avec une pr&eacute;sence intermittente ? &raquo;.\n<\/p>\n<p >\nSelon le parquet f&eacute;d&eacute;ral, la Cour tiendrait &agrave; ce que le proc&egrave;s ait lieu m&ecirc;me par d&eacute;faut, compte tenu de son importance pour les victimes.\n<\/p>\n<p >\nLes parties civiles attendent &eacute;galement l'ouverture du proc&egrave;s pour arr&ecirc;ter une position. &laquo; Nous pr&eacute;f&eacute;rerions un proc&egrave;s contradictoire dans de bonnes conditions. Mais si l'accus&eacute; est en mauvaise sant&eacute;, cela n'a pas de sens &raquo;, estime ainsi Me&nbsp;Philippe Lardinois, l'un des conseils des victimes, qui insiste sur le caract&egrave;re &laquo; extraordinaire &raquo; de la situation.\n<\/p>\n<p >\nEphrem Nkezabera, 56 ans, est poursuivi pour crimes de guerre - meurtres, tentatives de meurtres et viols commis au Rwanda pendant le g&eacute;nocide de 1994. Cette derni&egrave;re incrimination de viols consid&eacute;r&eacute;s comme des crimes de guerre est une premi&egrave;re en Belgique.\n<\/p>\n<p >\nCet ancien cadre de la Banque commerciale du Rwanda (BCR) &eacute;tait, &agrave; l'&eacute;poque des faits, pr&eacute;sident de la commission &eacute;conomique et des finances au sein du comit&eacute; national des Interahamwe, la principale milice ayant particip&eacute; aux tueries, qui ont fait plus de 800 000 morts selon l'Onu, essentiellement parmi l'ethnie tutsi. Il &eacute;tait aussi membre du parti du pr&eacute;sident Juv&eacute;nal Habyarimana, le Mouvement r&eacute;publicain national pour la d&eacute;mocratie et le d&eacute;veloppement (MRND).\n<\/p>\n<p >\nArr&ecirc;t&eacute; &agrave; Bruxelles en 2004, &agrave; la suite d'un accord conclu avec le procureur du Tribunal p&eacute;nal international pour le Rwanda (TPIR), il &eacute;tait r&eacute;put&eacute; &ecirc;tre depuis plusieurs ann&eacute;es, aux c&ocirc;t&eacute;s d'autres anciens dirigeants des Interahamwe, un informateur du tribunal onusien.\n<\/p>\n<p >\n<p >\nCit&eacute; comme t&eacute;moin lors de pr&eacute;c&eacute;dents proc&egrave;s en Belgique, en 2005 et 2007, il avait lors des audiences de 2005 fourni de nombreuses indications sur les circuits de financement du g&eacute;nocide. Son absence l'emp&ecirc;cherait d'approfondir ces t&eacute;moignages, alors qu'il semblait dispos&eacute; &agrave; apporter davantage d'&eacute;claircissements.\n<\/p>\n<p >\nL'accus&eacute; a reconnu la plupart des faits qui lui sont reproch&eacute;s. Il a admis, lors de l'instruction, avoir arm&eacute; et financ&eacute; les Interahamwe afin d'exterminer les Tutsis et les Hutus mod&eacute;r&eacute;s. Il a ajout&eacute; avoir publiquement &laquo; encourag&eacute; &raquo; de nombreux Interahamwe au massacre lors d'une r&eacute;union publique en 1993. Enfin, il reconna&icirc;t avoir particip&eacute; au financement de la Radio libre des mille collines, cr&eacute;&eacute;e la m&ecirc;me ann&eacute;e et qui a ouvertement soutenu les tueries sur ses ondes.\n<\/p>\n<p >\n<p >\nIl rejette en revanche les accusations de viols, parlant de &laquo; partenaires consentantes &raquo; - ce que contestent les avocats des parties civiles, qui estiment que les victimes pr&eacute;sum&eacute;es n'avaient d'autre choix que de c&eacute;der ou de se faire tuer.\n<\/p>\n<p >\n<p >\nLes juges ont &eacute;galement retenu, en plus des crimes identifi&eacute;s, des incriminations ouvertes de &laquo; meurtre ou viol d'un nombre ind&eacute;termin&eacute; de personnes en des lieux ind&eacute;termin&eacute;s &agrave; des dates ind&eacute;termin&eacute;es entre le 6 avril et le 2 juillet 1994 &raquo;. Me&nbsp;Vanderbeck a critiqu&eacute; ce choix qui a provoqu&eacute;, selon lui, des &laquo; d&eacute;rives &raquo; lors des pr&eacute;c&eacute;dents &laquo; proc&egrave;s Rwanda &raquo; en autorisant la constitution de nombreuses parties civiles tr&egrave;s &eacute;loign&eacute;es, voire &eacute;trang&egrave;res &agrave; la cause.\n<\/p>\n<p >\n<p >\n<p >\nDix-huit victimes pr&eacute;sum&eacute;es se sont &agrave; ce jour constitu&eacute;es parties civiles ; d'autres pourront se pr&eacute;senter jusqu'au d&eacute;but du proc&egrave;s. La possible absence de l'accus&eacute; est une nouvelle d&eacute;convenue pour elles, alors qu'elles s'&eacute;taient d&eacute;j&agrave; d&eacute;clar&eacute;es tr&egrave;s d&eacute;&ccedil;ues de la d&eacute;cision des juges de ne pas retenir l'inculpation de g&eacute;nocide.\n<\/p>\n<p >\nLa Belgique est un des rares pays europ&eacute;ens &agrave; avoir men&eacute; &agrave; bien des proc&egrave;s en rapport avec le g&eacute;nocide perp&eacute;tr&eacute; contre les Tutis, en vertu d'une loi dite de &laquo; comp&eacute;tence universelle &raquo; datant de 1993, r&eacute;vis&eacute;e en 2003. Le proc&egrave;s d'Ephrem Nkezabera est pr&eacute;vu pour durer environ un mois.\n<\/p>\n<p >\nBF\/ER\/GF\n<\/p>\n<p>\n&copy; Agence Hirondelle<\/p>\n","protected":false},"excerpt":{"rendered":"<p>Bruxelles, 06 novembre 2009 (FH) - Le proc&egrave;s d'Ephrem Nkezabera, un ancien membre dirigeant des milices Interahamwe, qui doit s'ouvrir lundi prochain devant la Cour d'assises de Bruxelles, va sans doute se d&eacute;rouler sans l'accus&eacute;, gravement malade, selon son avocat.<\/p>\n","protected":false},"author":64,"featured_media":0,"comment_status":"open","ping_status":"closed","sticky":false,"template":"","format":"standard","meta":{"_acf_changed":false,"footnotes":""},"categories":[554],"tags":[],"ji_location":[],"class_list":["post-11373","post","type-post","status-publish","format-standard","hentry","category-hirondellenews"],"acf":[],"yoast_head":"<!-- This site is optimized with the Yoast SEO Premium plugin v25.3.1 (Yoast SEO v25.3.1) - https:\/\/yoast.com\/wordpress\/plugins\/seo\/ -->\n<title>06.11.09 - RWANDA\/Belgique - UN EX-DIRIGEANT INTERAHAMWE POURRAIT NE PAS ASSISTER A SON PROCES - JusticeInfo.net<\/title>\n<meta name=\"robots\" content=\"index, follow, max-snippet:-1, max-image-preview:large, max-video-preview:-1\" \/>\n<link rel=\"canonical\" href=\"https:\/\/www.justiceinfo.net\/fr\/11373-061109-rwandabelgique-un-ex-dirigeant-interahamwe-pourrait-ne-pas-assister-a-son-proces8181.html\" \/>\n<meta property=\"og:locale\" content=\"fr_FR\" \/>\n<meta property=\"og:type\" content=\"article\" \/>\n<meta property=\"og:title\" content=\"06.11.09 - RWANDA\/Belgique - UN EX-DIRIGEANT INTERAHAMWE POURRAIT NE PAS ASSISTER A SON PROCES\" \/>\n<meta property=\"og:description\" content=\"Bruxelles, 06 novembre 2009 (FH) - Le proc&egrave;s d&#039;Ephrem Nkezabera, un ancien membre dirigeant des milices Interahamwe, qui doit s&#039;ouvrir lundi prochain devant la Cour d&#039;assises de Bruxelles, va sans doute se d&eacute;rouler sans l&#039;accus&eacute;, gravement malade, selon son avocat.\" \/>\n<meta property=\"og:url\" content=\"https:\/\/www.justiceinfo.net\/fr\/11373-061109-rwandabelgique-un-ex-dirigeant-interahamwe-pourrait-ne-pas-assister-a-son-proces8181.html\" \/>\n<meta property=\"og:site_name\" content=\"JusticeInfo.net\" \/>\n<meta property=\"article:publisher\" content=\"https:\/\/www.facebook.com\/JusticeInfo\/\" \/>\n<meta property=\"article:published_time\" content=\"2009-11-05T23:00:00+00:00\" \/>\n<meta property=\"og:image\" content=\"https:\/\/www.justiceinfo.net\/wp-content\/uploads\/JusticeInfoNet_logo_1200x630px.jpg\" \/>\n\t<meta property=\"og:image:width\" content=\"1200\" \/>\n\t<meta property=\"og:image:height\" content=\"630\" \/>\n\t<meta property=\"og:image:type\" content=\"image\/jpeg\" \/>\n<meta name=\"author\" content=\"solivri\" \/>\n<meta name=\"twitter:card\" content=\"summary_large_image\" \/>\n<meta name=\"twitter:creator\" content=\"@justiceinfonet\" \/>\n<meta name=\"twitter:site\" content=\"@justiceinfonet\" \/>\n<meta name=\"twitter:label1\" content=\"\u00c9crit par\" \/>\n\t<meta name=\"twitter:data1\" content=\"solivri\" \/>\n\t<meta name=\"twitter:label2\" content=\"Dur\u00e9e de lecture estim\u00e9e\" \/>\n\t<meta name=\"twitter:data2\" content=\"5 minutes\" \/>\n<script type=\"application\/ld+json\" class=\"yoast-schema-graph\">{\"@context\":\"https:\/\/schema.org\",\"@graph\":[{\"@type\":\"NewsArticle\",\"@id\":\"https:\/\/www.justiceinfo.net\/fr\/11373-061109-rwandabelgique-un-ex-dirigeant-interahamwe-pourrait-ne-pas-assister-a-son-proces8181.html#article\",\"isPartOf\":{\"@id\":\"https:\/\/www.justiceinfo.net\/fr\/11373-061109-rwandabelgique-un-ex-dirigeant-interahamwe-pourrait-ne-pas-assister-a-son-proces8181.html\"},\"author\":{\"name\":\"solivri\",\"@id\":\"https:\/\/www.justiceinfo.net\/fr#\/schema\/person\/6e53cba1629e2e66f3fc1821d3091865\"},\"headline\":\"06.11.09 - RWANDA\/Belgique - UN EX-DIRIGEANT INTERAHAMWE POURRAIT NE PAS ASSISTER A SON PROCES\",\"datePublished\":\"2009-11-05T23:00:00+00:00\",\"mainEntityOfPage\":{\"@id\":\"https:\/\/www.justiceinfo.net\/fr\/11373-061109-rwandabelgique-un-ex-dirigeant-interahamwe-pourrait-ne-pas-assister-a-son-proces8181.html\"},\"wordCount\":1060,\"commentCount\":0,\"publisher\":{\"@id\":\"https:\/\/www.justiceinfo.net\/fr#organization\"},\"articleSection\":[\"Hirondelle News\"],\"inLanguage\":\"fr-FR\",\"potentialAction\":[{\"@type\":\"CommentAction\",\"name\":\"Comment\",\"target\":[\"https:\/\/www.justiceinfo.net\/fr\/11373-061109-rwandabelgique-un-ex-dirigeant-interahamwe-pourrait-ne-pas-assister-a-son-proces8181.html#respond\"]}]},{\"@type\":\"WebPage\",\"@id\":\"https:\/\/www.justiceinfo.net\/fr\/11373-061109-rwandabelgique-un-ex-dirigeant-interahamwe-pourrait-ne-pas-assister-a-son-proces8181.html\",\"url\":\"https:\/\/www.justiceinfo.net\/fr\/11373-061109-rwandabelgique-un-ex-dirigeant-interahamwe-pourrait-ne-pas-assister-a-son-proces8181.html\",\"name\":\"06.11.09 - RWANDA\/Belgique - UN EX-DIRIGEANT INTERAHAMWE POURRAIT NE PAS ASSISTER A SON PROCES - JusticeInfo.net\",\"isPartOf\":{\"@id\":\"https:\/\/www.justiceinfo.net\/fr#website\"},\"datePublished\":\"2009-11-05T23:00:00+00:00\",\"breadcrumb\":{\"@id\":\"https:\/\/www.justiceinfo.net\/fr\/11373-061109-rwandabelgique-un-ex-dirigeant-interahamwe-pourrait-ne-pas-assister-a-son-proces8181.html#breadcrumb\"},\"inLanguage\":\"fr-FR\",\"potentialAction\":[{\"@type\":\"ReadAction\",\"target\":[\"https:\/\/www.justiceinfo.net\/fr\/11373-061109-rwandabelgique-un-ex-dirigeant-interahamwe-pourrait-ne-pas-assister-a-son-proces8181.html\"]}]},{\"@type\":\"BreadcrumbList\",\"@id\":\"https:\/\/www.justiceinfo.net\/fr\/11373-061109-rwandabelgique-un-ex-dirigeant-interahamwe-pourrait-ne-pas-assister-a-son-proces8181.html#breadcrumb\",\"itemListElement\":[{\"@type\":\"ListItem\",\"position\":1,\"name\":\"Home\",\"item\":\"https:\/\/www.justiceinfo.net\/fr\"},{\"@type\":\"ListItem\",\"position\":2,\"name\":\"06.11.09 - RWANDA\/Belgique - UN EX-DIRIGEANT INTERAHAMWE POURRAIT NE PAS ASSISTER A SON PROCES\"}]},{\"@type\":\"WebSite\",\"@id\":\"https:\/\/www.justiceinfo.net\/fr#website\",\"url\":\"https:\/\/www.justiceinfo.net\/fr\",\"name\":\"JusticeInfo.net\",\"description\":\"La justice doit \u00eatre vue pour \u00eatre rendue\",\"publisher\":{\"@id\":\"https:\/\/www.justiceinfo.net\/fr#organization\"},\"potentialAction\":[{\"@type\":\"SearchAction\",\"target\":{\"@type\":\"EntryPoint\",\"urlTemplate\":\"https:\/\/www.justiceinfo.net\/fr?s={search_term_string}\"},\"query-input\":{\"@type\":\"PropertyValueSpecification\",\"valueRequired\":true,\"valueName\":\"search_term_string\"}}],\"inLanguage\":\"fr-FR\"},{\"@type\":\"Organization\",\"@id\":\"https:\/\/www.justiceinfo.net\/fr#organization\",\"name\":\"Justice Info\",\"url\":\"https:\/\/www.justiceinfo.net\/fr\",\"logo\":{\"@type\":\"ImageObject\",\"inLanguage\":\"fr-FR\",\"@id\":\"https:\/\/www.justiceinfo.net\/fr#\/schema\/logo\/image\/\",\"url\":\"https:\/\/www.justiceinfo.net\/wp-content\/uploads\/justiceinfo_logo-trans_1200x1200px.png\",\"contentUrl\":\"https:\/\/www.justiceinfo.net\/wp-content\/uploads\/justiceinfo_logo-trans_1200x1200px.png\",\"width\":1199,\"height\":1200,\"caption\":\"Justice Info\"},\"image\":{\"@id\":\"https:\/\/www.justiceinfo.net\/fr#\/schema\/logo\/image\/\"},\"sameAs\":[\"https:\/\/www.facebook.com\/JusticeInfo\/\",\"https:\/\/x.com\/justiceinfonet\",\"https:\/\/www.linkedin.com\/company\/justice-info\",\"https:\/\/www.youtube.com\/channel\/UCyCEsARodyuWtkWyhn-e7pA\"]},{\"@type\":\"Person\",\"name\":\"solivri\",\"url\":\"\/fr\/?s=solivri\"}]}<\/script>\n<!-- \/ Yoast SEO Premium plugin. -->","yoast_head_json":{"title":"06.11.09 - RWANDA\/Belgique - UN EX-DIRIGEANT INTERAHAMWE POURRAIT NE PAS ASSISTER A SON PROCES - JusticeInfo.net","robots":{"index":"index","follow":"follow","max-snippet":"max-snippet:-1","max-image-preview":"max-image-preview:large","max-video-preview":"max-video-preview:-1"},"canonical":"https:\/\/www.justiceinfo.net\/fr\/11373-061109-rwandabelgique-un-ex-dirigeant-interahamwe-pourrait-ne-pas-assister-a-son-proces8181.html","og_locale":"fr_FR","og_type":"article","og_title":"06.11.09 - RWANDA\/Belgique - UN EX-DIRIGEANT INTERAHAMWE POURRAIT NE PAS ASSISTER A SON PROCES","og_description":"Bruxelles, 06 novembre 2009 (FH) - Le proc&egrave;s d'Ephrem Nkezabera, un ancien membre dirigeant des milices Interahamwe, qui doit s'ouvrir lundi prochain devant la Cour d'assises de Bruxelles, va sans doute se d&eacute;rouler sans l'accus&eacute;, gravement malade, selon son avocat.","og_url":"https:\/\/www.justiceinfo.net\/fr\/11373-061109-rwandabelgique-un-ex-dirigeant-interahamwe-pourrait-ne-pas-assister-a-son-proces8181.html","og_site_name":"JusticeInfo.net","article_publisher":"https:\/\/www.facebook.com\/JusticeInfo\/","article_published_time":"2009-11-05T23:00:00+00:00","og_image":[{"width":1200,"height":630,"url":"https:\/\/www.justiceinfo.net\/wp-content\/uploads\/JusticeInfoNet_logo_1200x630px.jpg","type":"image\/jpeg"}],"author":"solivri","twitter_card":"summary_large_image","twitter_creator":"@justiceinfonet","twitter_site":"@justiceinfonet","twitter_misc":{"\u00c9crit par":"solivri","Dur\u00e9e de lecture estim\u00e9e":"5 minutes"},"schema":{"@context":"https:\/\/schema.org","@graph":[{"@type":"NewsArticle","@id":"https:\/\/www.justiceinfo.net\/fr\/11373-061109-rwandabelgique-un-ex-dirigeant-interahamwe-pourrait-ne-pas-assister-a-son-proces8181.html#article","isPartOf":{"@id":"https:\/\/www.justiceinfo.net\/fr\/11373-061109-rwandabelgique-un-ex-dirigeant-interahamwe-pourrait-ne-pas-assister-a-son-proces8181.html"},"author":{"name":"solivri","@id":"https:\/\/www.justiceinfo.net\/fr#\/schema\/person\/6e53cba1629e2e66f3fc1821d3091865"},"headline":"06.11.09 - RWANDA\/Belgique - UN EX-DIRIGEANT INTERAHAMWE POURRAIT NE PAS ASSISTER A SON PROCES","datePublished":"2009-11-05T23:00:00+00:00","mainEntityOfPage":{"@id":"https:\/\/www.justiceinfo.net\/fr\/11373-061109-rwandabelgique-un-ex-dirigeant-interahamwe-pourrait-ne-pas-assister-a-son-proces8181.html"},"wordCount":1060,"commentCount":0,"publisher":{"@id":"https:\/\/www.justiceinfo.net\/fr#organization"},"articleSection":["Hirondelle News"],"inLanguage":"fr-FR","potentialAction":[{"@type":"CommentAction","name":"Comment","target":["https:\/\/www.justiceinfo.net\/fr\/11373-061109-rwandabelgique-un-ex-dirigeant-interahamwe-pourrait-ne-pas-assister-a-son-proces8181.html#respond"]}]},{"@type":"WebPage","@id":"https:\/\/www.justiceinfo.net\/fr\/11373-061109-rwandabelgique-un-ex-dirigeant-interahamwe-pourrait-ne-pas-assister-a-son-proces8181.html","url":"https:\/\/www.justiceinfo.net\/fr\/11373-061109-rwandabelgique-un-ex-dirigeant-interahamwe-pourrait-ne-pas-assister-a-son-proces8181.html","name":"06.11.09 - RWANDA\/Belgique - UN EX-DIRIGEANT INTERAHAMWE POURRAIT NE PAS ASSISTER A SON PROCES - JusticeInfo.net","isPartOf":{"@id":"https:\/\/www.justiceinfo.net\/fr#website"},"datePublished":"2009-11-05T23:00:00+00:00","breadcrumb":{"@id":"https:\/\/www.justiceinfo.net\/fr\/11373-061109-rwandabelgique-un-ex-dirigeant-interahamwe-pourrait-ne-pas-assister-a-son-proces8181.html#breadcrumb"},"inLanguage":"fr-FR","potentialAction":[{"@type":"ReadAction","target":["https:\/\/www.justiceinfo.net\/fr\/11373-061109-rwandabelgique-un-ex-dirigeant-interahamwe-pourrait-ne-pas-assister-a-son-proces8181.html"]}]},{"@type":"BreadcrumbList","@id":"https:\/\/www.justiceinfo.net\/fr\/11373-061109-rwandabelgique-un-ex-dirigeant-interahamwe-pourrait-ne-pas-assister-a-son-proces8181.html#breadcrumb","itemListElement":[{"@type":"ListItem","position":1,"name":"Home","item":"https:\/\/www.justiceinfo.net\/fr"},{"@type":"ListItem","position":2,"name":"06.11.09 - RWANDA\/Belgique - UN EX-DIRIGEANT INTERAHAMWE POURRAIT NE PAS ASSISTER A SON PROCES"}]},{"@type":"WebSite","@id":"https:\/\/www.justiceinfo.net\/fr#website","url":"https:\/\/www.justiceinfo.net\/fr","name":"JusticeInfo.net","description":"La justice doit \u00eatre vue pour \u00eatre rendue","publisher":{"@id":"https:\/\/www.justiceinfo.net\/fr#organization"},"potentialAction":[{"@type":"SearchAction","target":{"@type":"EntryPoint","urlTemplate":"https:\/\/www.justiceinfo.net\/fr?s={search_term_string}"},"query-input":{"@type":"PropertyValueSpecification","valueRequired":true,"valueName":"search_term_string"}}],"inLanguage":"fr-FR"},{"@type":"Organization","@id":"https:\/\/www.justiceinfo.net\/fr#organization","name":"Justice Info","url":"https:\/\/www.justiceinfo.net\/fr","logo":{"@type":"ImageObject","inLanguage":"fr-FR","@id":"https:\/\/www.justiceinfo.net\/fr#\/schema\/logo\/image\/","url":"https:\/\/www.justiceinfo.net\/wp-content\/uploads\/justiceinfo_logo-trans_1200x1200px.png","contentUrl":"https:\/\/www.justiceinfo.net\/wp-content\/uploads\/justiceinfo_logo-trans_1200x1200px.png","width":1199,"height":1200,"caption":"Justice Info"},"image":{"@id":"https:\/\/www.justiceinfo.net\/fr#\/schema\/logo\/image\/"},"sameAs":["https:\/\/www.facebook.com\/JusticeInfo\/","https:\/\/x.com\/justiceinfonet","https:\/\/www.linkedin.com\/company\/justice-info","https:\/\/www.youtube.com\/channel\/UCyCEsARodyuWtkWyhn-e7pA"]},{"@type":"Person","name":"solivri","url":"\/fr\/?s=solivri"}]}},"_links":{"self":[{"href":"https:\/\/www.justiceinfo.net\/fr\/wp-json\/wp\/v2\/posts\/11373","targetHints":{"allow":["GET"]}}],"collection":[{"href":"https:\/\/www.justiceinfo.net\/fr\/wp-json\/wp\/v2\/posts"}],"about":[{"href":"https:\/\/www.justiceinfo.net\/fr\/wp-json\/wp\/v2\/types\/post"}],"author":[{"embeddable":true,"href":"https:\/\/www.justiceinfo.net\/fr\/wp-json\/wp\/v2\/users\/64"}],"replies":[{"embeddable":true,"href":"https:\/\/www.justiceinfo.net\/fr\/wp-json\/wp\/v2\/comments?post=11373"}],"version-history":[{"count":0,"href":"https:\/\/www.justiceinfo.net\/fr\/wp-json\/wp\/v2\/posts\/11373\/revisions"}],"wp:attachment":[{"href":"https:\/\/www.justiceinfo.net\/fr\/wp-json\/wp\/v2\/media?parent=11373"}],"wp:term":[{"taxonomy":"category","embeddable":true,"href":"https:\/\/www.justiceinfo.net\/fr\/wp-json\/wp\/v2\/categories?post=11373"},{"taxonomy":"post_tag","embeddable":true,"href":"https:\/\/www.justiceinfo.net\/fr\/wp-json\/wp\/v2\/tags?post=11373"},{"taxonomy":"ji_location","embeddable":true,"href":"https:\/\/www.justiceinfo.net\/fr\/wp-json\/wp\/v2\/ji_location?post=11373"}],"curies":[{"name":"wp","href":"https:\/\/api.w.org\/{rel}","templated":true}]}}