{"id":11434,"date":"2009-02-13T00:00:00","date_gmt":"2009-02-12T23:00:00","guid":{"rendered":"https:\/\/www.justiceinfo.net\/11434-130209-tpirsynthese-hebdomadaire-la-pertuite-requise-contre-un-pretre-catholique8242.html"},"modified":"2009-02-13T00:00:00","modified_gmt":"2009-02-12T23:00:00","slug":"130209-tpirsynthese-hebdomadaire-la-pertuite-requise-contre-un-pretre-catholique8242","status":"publish","type":"post","link":"https:\/\/www.justiceinfo.net\/fr\/11434-130209-tpirsynthese-hebdomadaire-la-pertuite-requise-contre-un-pretre-catholique8242.html","title":{"rendered":"13.02.09 - TPIR\/SYNTHESE HEBDOMADAIRE - LA PERTUITE REQUISE CONTRE UN PRETRE CATHOLIQUE"},"content":{"rendered":"<p >\nArusha, 13 f&eacute;vrier 2009 (FH) - L'&eacute;v&eacute;nement le plus important de cette semaine au Tribunal p&eacute;nal international pour le Rwanda (TPIR) a &eacute;t&eacute; le r&eacute;quisitoire jeudi dans le proc&egrave;s de l'abb&eacute; Hormisdas Nsengimana accus&eacute; de g&eacute;nocide, assassinats et extermination.\n<\/p>\n<p><!--more--><\/p>\n<p >\n<p >\nBrian Wallace du bureau du procureur a requis la prison &agrave; perp&eacute;tuit&eacute; accusant l'abb&eacute; d'avoir &eacute;t&eacute; la pi&egrave;ce ma&icirc;tresse du g&eacute;nocide dans la r&eacute;gion de Nyanza (sud du Rwanda).\n<\/p>\n<p >\nPendant le g&eacute;nocide de 1994, l'homme d'&eacute;glise, quatri&egrave;me pr&ecirc;tre catholique &agrave; avoir &eacute;t&eacute; inculp&eacute; par le TPIR, &eacute;tait recteur du Coll&egrave;ge Christ Roi de Nyanza.\n<\/p>\n<p >\nWallace a affirm&eacute; que Nsengimana avait &laquo; un escadron de la mort &raquo; d&eacute;nomm&eacute; &laquo; Les Dragons &raquo;.\n<\/p>\n<p >\nIl a enfin accus&eacute; le pr&ecirc;tre d'avoir en personne tu&eacute; un vieil abb&eacute; tutsi avec lequel il avait travaill&eacute; pendant plusieurs ann&eacute;es.\n<\/p>\n<p >\nPour sa part, le conseil principal de la d&eacute;fense, Arthur Vercken, a soutenu que son client &eacute;tait victime d'une campagne visant l'&eacute;glise catholique.\n<\/p>\n<p >\nIl a affirm&eacute; que Nsengimana avait fait tout ce qui &eacute;tait en son pouvoir pour sauver des vies humaines en 1994.\n<\/p>\n<p >\nUne &laquo; conf&eacute;rence de mise &eacute;tat &raquo; tenue lundi n'a pas pu sortir de l'enlisement le proc&egrave;s des leaders de l'ex-parti pr&eacute;sidentiel. Dans une lettre adress&eacute;e &agrave; la chambre depuis son lit d'h&ocirc;pital, l'ex-pr&eacute;sident du MRND, Mathieu Ngirumpatse&nbsp; s'est oppos&eacute; &agrave; tout arrangement visant &agrave; la poursuite du proc&egrave;s en son absence, entra&icirc;nant ainsi un report sine die des d&eacute;bats. Ngirumpatse est jug&eacute; avec l'ancien vice-pr&eacute;sident du MRND, Edouard Karemera et l'ancien secr&eacute;taire g&eacute;n&eacute;ral du parti, Joseph Nzirorera. Accus&eacute;s de crimes de g&eacute;nocide et de crimes contre l'humanit&eacute;, tous plaident non coupables.\n<\/p>\n<p >\nLe TPIR a entam&eacute; lundi son deuxi&egrave;me proc&egrave;s pour outrage au tribunal, avec la comparution de l'avocat rwandais L&eacute;onidas Nshogoza accus&eacute; de subornation de t&eacute;moins. Les faits se seraient d&eacute;roul&eacute;s &agrave; Arusha et au Rwanda en 2004 et 2005 alors que le d&eacute;fenseur travaillait au sein de l'&eacute;quipe de d&eacute;fense d'un ancien ministre condamn&eacute; &agrave; la prison &agrave; vie.\n<\/p>\n<p >\nQuarante-troisi&egrave;me et dernier t&eacute;moin de sa d&eacute;fense, l'ex-directeur de cabinet au minist&egrave;re de l'Int&eacute;rieur, Callixte Kalimanzira, a termin&eacute; sa d&eacute;position mercredi. Cet ancien haut fonctionnaire qui plaide non coupable est poursuivi pour son r&ocirc;le all&eacute;gu&eacute; dans des massacres de Tutsis dans sa pr&eacute;fecture natale de Butare (sud) pendant le g&eacute;nocide.\n<\/p>\n<p >\nLe greffier en chef adjoint du tribunal, Everard O'Donnell, a d&eacute;missionn&eacute; des ses fonctions &laquo; pour des raisons personnelles d'ordre familial &raquo;, a annonc&eacute; jeudi le porte-parole du TPIR, Roland Amoussouga, dans un entretien avec l'agence Hirondelle.\n<\/p>\n<p >\nER\/GF\n<\/p>\n<p>\n&copy; Agence Hirondelle<\/p>\n","protected":false},"excerpt":{"rendered":"<p>Arusha, 13 f&eacute;vrier 2009 (FH) - L'&eacute;v&eacute;nement le plus important de cette semaine au Tribunal p&eacute;nal international pour le Rwanda (TPIR) a &eacute;t&eacute; le r&eacute;quisitoire jeudi dans le proc&egrave;s de l'abb&eacute; Hormisdas Nsengimana accus&eacute; de g&eacute;nocide, assassinats et extermination.<\/p>\n","protected":false},"author":64,"featured_media":0,"comment_status":"open","ping_status":"closed","sticky":false,"template":"","format":"standard","meta":{"_acf_changed":false,"footnotes":""},"categories":[554],"tags":[],"ji_location":[],"class_list":["post-11434","post","type-post","status-publish","format-standard","hentry","category-hirondellenews"],"acf":[],"yoast_head":"<!-- This site is optimized with the Yoast SEO Premium plugin v25.3.1 (Yoast SEO v25.3.1) - https:\/\/yoast.com\/wordpress\/plugins\/seo\/ -->\n<title>13.02.09 - TPIR\/SYNTHESE HEBDOMADAIRE - LA PERTUITE REQUISE CONTRE UN PRETRE CATHOLIQUE - JusticeInfo.net<\/title>\n<meta name=\"robots\" content=\"index, follow, max-snippet:-1, max-image-preview:large, max-video-preview:-1\" \/>\n<link rel=\"canonical\" href=\"https:\/\/www.justiceinfo.net\/fr\/11434-130209-tpirsynthese-hebdomadaire-la-pertuite-requise-contre-un-pretre-catholique8242.html\" \/>\n<meta property=\"og:locale\" content=\"fr_FR\" \/>\n<meta property=\"og:type\" content=\"article\" \/>\n<meta property=\"og:title\" content=\"13.02.09 - TPIR\/SYNTHESE HEBDOMADAIRE - LA PERTUITE REQUISE CONTRE UN PRETRE CATHOLIQUE\" \/>\n<meta property=\"og:description\" content=\"Arusha, 13 f&eacute;vrier 2009 (FH) - L&#039;&eacute;v&eacute;nement le plus important de cette semaine au Tribunal p&eacute;nal international pour le Rwanda (TPIR) a &eacute;t&eacute; le r&eacute;quisitoire jeudi dans le proc&egrave;s de l&#039;abb&eacute; Hormisdas Nsengimana accus&eacute; de g&eacute;nocide, assassinats et extermination.\" \/>\n<meta property=\"og:url\" content=\"https:\/\/www.justiceinfo.net\/fr\/11434-130209-tpirsynthese-hebdomadaire-la-pertuite-requise-contre-un-pretre-catholique8242.html\" \/>\n<meta property=\"og:site_name\" content=\"JusticeInfo.net\" \/>\n<meta property=\"article:publisher\" content=\"https:\/\/www.facebook.com\/JusticeInfo\/\" \/>\n<meta property=\"article:published_time\" content=\"2009-02-12T23:00:00+00:00\" \/>\n<meta property=\"og:image\" content=\"https:\/\/www.justiceinfo.net\/wp-content\/uploads\/JusticeInfoNet_logo_1200x630px.jpg\" \/>\n\t<meta property=\"og:image:width\" content=\"1200\" \/>\n\t<meta property=\"og:image:height\" content=\"630\" \/>\n\t<meta property=\"og:image:type\" content=\"image\/jpeg\" \/>\n<meta name=\"author\" content=\"solivri\" \/>\n<meta name=\"twitter:card\" content=\"summary_large_image\" \/>\n<meta name=\"twitter:creator\" content=\"@justiceinfonet\" \/>\n<meta name=\"twitter:site\" content=\"@justiceinfonet\" \/>\n<meta name=\"twitter:label1\" content=\"\u00c9crit par\" \/>\n\t<meta name=\"twitter:data1\" content=\"solivri\" \/>\n\t<meta name=\"twitter:label2\" content=\"Dur\u00e9e de lecture estim\u00e9e\" \/>\n\t<meta name=\"twitter:data2\" content=\"3 minutes\" \/>\n<script type=\"application\/ld+json\" class=\"yoast-schema-graph\">{\"@context\":\"https:\/\/schema.org\",\"@graph\":[{\"@type\":\"NewsArticle\",\"@id\":\"https:\/\/www.justiceinfo.net\/fr\/11434-130209-tpirsynthese-hebdomadaire-la-pertuite-requise-contre-un-pretre-catholique8242.html#article\",\"isPartOf\":{\"@id\":\"https:\/\/www.justiceinfo.net\/fr\/11434-130209-tpirsynthese-hebdomadaire-la-pertuite-requise-contre-un-pretre-catholique8242.html\"},\"author\":{\"name\":\"solivri\",\"@id\":\"https:\/\/www.justiceinfo.net\/fr#\/schema\/person\/6e53cba1629e2e66f3fc1821d3091865\"},\"headline\":\"13.02.09 - TPIR\/SYNTHESE HEBDOMADAIRE - LA PERTUITE REQUISE CONTRE UN PRETRE CATHOLIQUE\",\"datePublished\":\"2009-02-12T23:00:00+00:00\",\"mainEntityOfPage\":{\"@id\":\"https:\/\/www.justiceinfo.net\/fr\/11434-130209-tpirsynthese-hebdomadaire-la-pertuite-requise-contre-un-pretre-catholique8242.html\"},\"wordCount\":595,\"commentCount\":0,\"publisher\":{\"@id\":\"https:\/\/www.justiceinfo.net\/fr#organization\"},\"articleSection\":[\"Hirondelle News\"],\"inLanguage\":\"fr-FR\",\"potentialAction\":[{\"@type\":\"CommentAction\",\"name\":\"Comment\",\"target\":[\"https:\/\/www.justiceinfo.net\/fr\/11434-130209-tpirsynthese-hebdomadaire-la-pertuite-requise-contre-un-pretre-catholique8242.html#respond\"]}]},{\"@type\":\"WebPage\",\"@id\":\"https:\/\/www.justiceinfo.net\/fr\/11434-130209-tpirsynthese-hebdomadaire-la-pertuite-requise-contre-un-pretre-catholique8242.html\",\"url\":\"https:\/\/www.justiceinfo.net\/fr\/11434-130209-tpirsynthese-hebdomadaire-la-pertuite-requise-contre-un-pretre-catholique8242.html\",\"name\":\"13.02.09 - TPIR\/SYNTHESE HEBDOMADAIRE - LA PERTUITE REQUISE CONTRE UN PRETRE CATHOLIQUE - JusticeInfo.net\",\"isPartOf\":{\"@id\":\"https:\/\/www.justiceinfo.net\/fr#website\"},\"datePublished\":\"2009-02-12T23:00:00+00:00\",\"breadcrumb\":{\"@id\":\"https:\/\/www.justiceinfo.net\/fr\/11434-130209-tpirsynthese-hebdomadaire-la-pertuite-requise-contre-un-pretre-catholique8242.html#breadcrumb\"},\"inLanguage\":\"fr-FR\",\"potentialAction\":[{\"@type\":\"ReadAction\",\"target\":[\"https:\/\/www.justiceinfo.net\/fr\/11434-130209-tpirsynthese-hebdomadaire-la-pertuite-requise-contre-un-pretre-catholique8242.html\"]}]},{\"@type\":\"BreadcrumbList\",\"@id\":\"https:\/\/www.justiceinfo.net\/fr\/11434-130209-tpirsynthese-hebdomadaire-la-pertuite-requise-contre-un-pretre-catholique8242.html#breadcrumb\",\"itemListElement\":[{\"@type\":\"ListItem\",\"position\":1,\"name\":\"Home\",\"item\":\"https:\/\/www.justiceinfo.net\/fr\"},{\"@type\":\"ListItem\",\"position\":2,\"name\":\"13.02.09 - TPIR\/SYNTHESE HEBDOMADAIRE - LA PERTUITE REQUISE CONTRE UN PRETRE CATHOLIQUE\"}]},{\"@type\":\"WebSite\",\"@id\":\"https:\/\/www.justiceinfo.net\/fr#website\",\"url\":\"https:\/\/www.justiceinfo.net\/fr\",\"name\":\"JusticeInfo.net\",\"description\":\"La justice doit \u00eatre vue pour \u00eatre rendue\",\"publisher\":{\"@id\":\"https:\/\/www.justiceinfo.net\/fr#organization\"},\"potentialAction\":[{\"@type\":\"SearchAction\",\"target\":{\"@type\":\"EntryPoint\",\"urlTemplate\":\"https:\/\/www.justiceinfo.net\/fr?s={search_term_string}\"},\"query-input\":{\"@type\":\"PropertyValueSpecification\",\"valueRequired\":true,\"valueName\":\"search_term_string\"}}],\"inLanguage\":\"fr-FR\"},{\"@type\":\"Organization\",\"@id\":\"https:\/\/www.justiceinfo.net\/fr#organization\",\"name\":\"Justice Info\",\"url\":\"https:\/\/www.justiceinfo.net\/fr\",\"logo\":{\"@type\":\"ImageObject\",\"inLanguage\":\"fr-FR\",\"@id\":\"https:\/\/www.justiceinfo.net\/fr#\/schema\/logo\/image\/\",\"url\":\"https:\/\/www.justiceinfo.net\/wp-content\/uploads\/justiceinfo_logo-trans_1200x1200px.png\",\"contentUrl\":\"https:\/\/www.justiceinfo.net\/wp-content\/uploads\/justiceinfo_logo-trans_1200x1200px.png\",\"width\":1199,\"height\":1200,\"caption\":\"Justice Info\"},\"image\":{\"@id\":\"https:\/\/www.justiceinfo.net\/fr#\/schema\/logo\/image\/\"},\"sameAs\":[\"https:\/\/www.facebook.com\/JusticeInfo\/\",\"https:\/\/x.com\/justiceinfonet\",\"https:\/\/www.linkedin.com\/company\/justice-info\",\"https:\/\/www.youtube.com\/channel\/UCyCEsARodyuWtkWyhn-e7pA\"]},{\"@type\":\"Person\",\"name\":\"solivri\",\"url\":\"\/fr\/?s=solivri\"}]}<\/script>\n<!-- \/ Yoast SEO Premium plugin. -->","yoast_head_json":{"title":"13.02.09 - TPIR\/SYNTHESE HEBDOMADAIRE - LA PERTUITE REQUISE CONTRE UN PRETRE CATHOLIQUE - JusticeInfo.net","robots":{"index":"index","follow":"follow","max-snippet":"max-snippet:-1","max-image-preview":"max-image-preview:large","max-video-preview":"max-video-preview:-1"},"canonical":"https:\/\/www.justiceinfo.net\/fr\/11434-130209-tpirsynthese-hebdomadaire-la-pertuite-requise-contre-un-pretre-catholique8242.html","og_locale":"fr_FR","og_type":"article","og_title":"13.02.09 - TPIR\/SYNTHESE HEBDOMADAIRE - LA PERTUITE REQUISE CONTRE UN PRETRE CATHOLIQUE","og_description":"Arusha, 13 f&eacute;vrier 2009 (FH) - L'&eacute;v&eacute;nement le plus important de cette semaine au Tribunal p&eacute;nal international pour le Rwanda (TPIR) a &eacute;t&eacute; le r&eacute;quisitoire jeudi dans le proc&egrave;s de l'abb&eacute; Hormisdas Nsengimana accus&eacute; de g&eacute;nocide, assassinats et extermination.","og_url":"https:\/\/www.justiceinfo.net\/fr\/11434-130209-tpirsynthese-hebdomadaire-la-pertuite-requise-contre-un-pretre-catholique8242.html","og_site_name":"JusticeInfo.net","article_publisher":"https:\/\/www.facebook.com\/JusticeInfo\/","article_published_time":"2009-02-12T23:00:00+00:00","og_image":[{"width":1200,"height":630,"url":"https:\/\/www.justiceinfo.net\/wp-content\/uploads\/JusticeInfoNet_logo_1200x630px.jpg","type":"image\/jpeg"}],"author":"solivri","twitter_card":"summary_large_image","twitter_creator":"@justiceinfonet","twitter_site":"@justiceinfonet","twitter_misc":{"\u00c9crit par":"solivri","Dur\u00e9e de lecture estim\u00e9e":"3 minutes"},"schema":{"@context":"https:\/\/schema.org","@graph":[{"@type":"NewsArticle","@id":"https:\/\/www.justiceinfo.net\/fr\/11434-130209-tpirsynthese-hebdomadaire-la-pertuite-requise-contre-un-pretre-catholique8242.html#article","isPartOf":{"@id":"https:\/\/www.justiceinfo.net\/fr\/11434-130209-tpirsynthese-hebdomadaire-la-pertuite-requise-contre-un-pretre-catholique8242.html"},"author":{"name":"solivri","@id":"https:\/\/www.justiceinfo.net\/fr#\/schema\/person\/6e53cba1629e2e66f3fc1821d3091865"},"headline":"13.02.09 - TPIR\/SYNTHESE HEBDOMADAIRE - LA PERTUITE REQUISE CONTRE UN PRETRE CATHOLIQUE","datePublished":"2009-02-12T23:00:00+00:00","mainEntityOfPage":{"@id":"https:\/\/www.justiceinfo.net\/fr\/11434-130209-tpirsynthese-hebdomadaire-la-pertuite-requise-contre-un-pretre-catholique8242.html"},"wordCount":595,"commentCount":0,"publisher":{"@id":"https:\/\/www.justiceinfo.net\/fr#organization"},"articleSection":["Hirondelle News"],"inLanguage":"fr-FR","potentialAction":[{"@type":"CommentAction","name":"Comment","target":["https:\/\/www.justiceinfo.net\/fr\/11434-130209-tpirsynthese-hebdomadaire-la-pertuite-requise-contre-un-pretre-catholique8242.html#respond"]}]},{"@type":"WebPage","@id":"https:\/\/www.justiceinfo.net\/fr\/11434-130209-tpirsynthese-hebdomadaire-la-pertuite-requise-contre-un-pretre-catholique8242.html","url":"https:\/\/www.justiceinfo.net\/fr\/11434-130209-tpirsynthese-hebdomadaire-la-pertuite-requise-contre-un-pretre-catholique8242.html","name":"13.02.09 - TPIR\/SYNTHESE HEBDOMADAIRE - LA PERTUITE REQUISE CONTRE UN PRETRE CATHOLIQUE - JusticeInfo.net","isPartOf":{"@id":"https:\/\/www.justiceinfo.net\/fr#website"},"datePublished":"2009-02-12T23:00:00+00:00","breadcrumb":{"@id":"https:\/\/www.justiceinfo.net\/fr\/11434-130209-tpirsynthese-hebdomadaire-la-pertuite-requise-contre-un-pretre-catholique8242.html#breadcrumb"},"inLanguage":"fr-FR","potentialAction":[{"@type":"ReadAction","target":["https:\/\/www.justiceinfo.net\/fr\/11434-130209-tpirsynthese-hebdomadaire-la-pertuite-requise-contre-un-pretre-catholique8242.html"]}]},{"@type":"BreadcrumbList","@id":"https:\/\/www.justiceinfo.net\/fr\/11434-130209-tpirsynthese-hebdomadaire-la-pertuite-requise-contre-un-pretre-catholique8242.html#breadcrumb","itemListElement":[{"@type":"ListItem","position":1,"name":"Home","item":"https:\/\/www.justiceinfo.net\/fr"},{"@type":"ListItem","position":2,"name":"13.02.09 - TPIR\/SYNTHESE HEBDOMADAIRE - LA PERTUITE REQUISE CONTRE UN PRETRE CATHOLIQUE"}]},{"@type":"WebSite","@id":"https:\/\/www.justiceinfo.net\/fr#website","url":"https:\/\/www.justiceinfo.net\/fr","name":"JusticeInfo.net","description":"La justice doit \u00eatre vue pour \u00eatre rendue","publisher":{"@id":"https:\/\/www.justiceinfo.net\/fr#organization"},"potentialAction":[{"@type":"SearchAction","target":{"@type":"EntryPoint","urlTemplate":"https:\/\/www.justiceinfo.net\/fr?s={search_term_string}"},"query-input":{"@type":"PropertyValueSpecification","valueRequired":true,"valueName":"search_term_string"}}],"inLanguage":"fr-FR"},{"@type":"Organization","@id":"https:\/\/www.justiceinfo.net\/fr#organization","name":"Justice Info","url":"https:\/\/www.justiceinfo.net\/fr","logo":{"@type":"ImageObject","inLanguage":"fr-FR","@id":"https:\/\/www.justiceinfo.net\/fr#\/schema\/logo\/image\/","url":"https:\/\/www.justiceinfo.net\/wp-content\/uploads\/justiceinfo_logo-trans_1200x1200px.png","contentUrl":"https:\/\/www.justiceinfo.net\/wp-content\/uploads\/justiceinfo_logo-trans_1200x1200px.png","width":1199,"height":1200,"caption":"Justice Info"},"image":{"@id":"https:\/\/www.justiceinfo.net\/fr#\/schema\/logo\/image\/"},"sameAs":["https:\/\/www.facebook.com\/JusticeInfo\/","https:\/\/x.com\/justiceinfonet","https:\/\/www.linkedin.com\/company\/justice-info","https:\/\/www.youtube.com\/channel\/UCyCEsARodyuWtkWyhn-e7pA"]},{"@type":"Person","name":"solivri","url":"\/fr\/?s=solivri"}]}},"_links":{"self":[{"href":"https:\/\/www.justiceinfo.net\/fr\/wp-json\/wp\/v2\/posts\/11434","targetHints":{"allow":["GET"]}}],"collection":[{"href":"https:\/\/www.justiceinfo.net\/fr\/wp-json\/wp\/v2\/posts"}],"about":[{"href":"https:\/\/www.justiceinfo.net\/fr\/wp-json\/wp\/v2\/types\/post"}],"author":[{"embeddable":true,"href":"https:\/\/www.justiceinfo.net\/fr\/wp-json\/wp\/v2\/users\/64"}],"replies":[{"embeddable":true,"href":"https:\/\/www.justiceinfo.net\/fr\/wp-json\/wp\/v2\/comments?post=11434"}],"version-history":[{"count":0,"href":"https:\/\/www.justiceinfo.net\/fr\/wp-json\/wp\/v2\/posts\/11434\/revisions"}],"wp:attachment":[{"href":"https:\/\/www.justiceinfo.net\/fr\/wp-json\/wp\/v2\/media?parent=11434"}],"wp:term":[{"taxonomy":"category","embeddable":true,"href":"https:\/\/www.justiceinfo.net\/fr\/wp-json\/wp\/v2\/categories?post=11434"},{"taxonomy":"post_tag","embeddable":true,"href":"https:\/\/www.justiceinfo.net\/fr\/wp-json\/wp\/v2\/tags?post=11434"},{"taxonomy":"ji_location","embeddable":true,"href":"https:\/\/www.justiceinfo.net\/fr\/wp-json\/wp\/v2\/ji_location?post=11434"}],"curies":[{"name":"wp","href":"https:\/\/api.w.org\/{rel}","templated":true}]}}