{"id":11527,"date":"2005-06-02T07:57:32","date_gmt":"2005-06-02T05:57:32","guid":{"rendered":"https:\/\/www.justiceinfo.net\/11527-020605-tpirmuvunyi-proces-reporte-a-lundi-faute-de-temoins8335.html"},"modified":"2005-06-02T07:57:32","modified_gmt":"2005-06-02T05:57:32","slug":"020605-tpirmuvunyi-proces-reporte-a-lundi-faute-de-temoins8335","status":"publish","type":"post","link":"https:\/\/www.justiceinfo.net\/fr\/11527-020605-tpirmuvunyi-proces-reporte-a-lundi-faute-de-temoins8335.html","title":{"rendered":"02.06.05 - TPIR\/MUVUNYI - PROCES REPORTE A LUNDI, FAUTE DE TEMOINS"},"content":{"rendered":"<p  >\nArusha, 1er juin 2005 (FH) - Le proc\u00e8s de l\u2019ancien commandant de l\u2019Ecole des sous officiers (ESO) de Butare (sud du Rwanda), le colonel Tharcisse Muvunyi, a \u00e9t\u00e9 ajourn\u00e9 \u00e0 lundi prochain faute de t\u00e9moins de l\u2019accusation, a-t-on appris mercredi aupr\u00e8s du Tribunal p\u00e9nal international pour le Rwanda (TPIR).\n<\/p>\n<p  >\nLe report est intervenu au terme de la d\u00e9position du onzi\u00e8me t\u00e9moin \u00e0 charge, surnomm\u00e9 \u00abYAQ\u00bb pour des raisons de s\u00e9curit\u00e9.\n<\/p>\n<p><!--more--><\/p>\n<p  >\nIl a all\u00e9gu\u00e9 que l\u2019officier rwandais avait ordonn\u00e9 la mise \u00e0 mort de tous les Tutsis dans un village de Butare.\n<\/p>\n<p  >\nUne source proche du dossier a indiqu\u00e9 \u00e0 l\u2019Agence Hirondelle que d\u2019autres t\u00e9moins sont attendus \u00e0 Arusha vendredi.\n<\/p>\n<p  >\nLe colonel Muvunyi r\u00e9pond de cinq chefs d\u2019accusation de g\u00e9nocide et de crimes contre l\u2019humanit\u00e9 portant sur le massacre de Tutsis \u00e0 Butare en 1994. Il plaide non coupable.\n<\/p>\n<p  >\nLe proc\u00e8s Muvunyi est le second \u00e0 \u00eatre paralys\u00e9 cette semaine par le manque de t\u00e9moins \u00e0 charge.\n<\/p>\n<p  >\nLundi, le proc\u00e8s des ex-chefs d\u2019Etat major de l\u2019arm\u00e9e et de la gendarmerie a \u00e9t\u00e9 suspendu jusqu\u2019\u00e0 jeudi pour les m\u00eames raisons.\n<\/p>\n<p  >\nGA\/GF<\/p>\n","protected":false},"excerpt":{"rendered":"<p>Arusha, 1er juin 2005 (FH) - Le proc\u00e8s de l\u2019ancien commandant de l\u2019Ecole des sous officiers (ESO) de Butare (sud du Rwanda), le colonel Tharcisse Muvunyi, a \u00e9t\u00e9 ajourn\u00e9 \u00e0 lundi prochain faute de t\u00e9moins de l\u2019accusation, a-t-on appris mercredi aupr\u00e8s du Tribunal p\u00e9nal international pour le Rwanda (TPIR). Le report est intervenu au terme [&hellip;]<\/p>\n","protected":false},"author":64,"featured_media":0,"comment_status":"open","ping_status":"closed","sticky":false,"template":"","format":"standard","meta":{"_acf_changed":false,"footnotes":""},"categories":[554],"tags":[],"ji_location":[],"class_list":["post-11527","post","type-post","status-publish","format-standard","hentry","category-hirondellenews"],"acf":[],"yoast_head":"<!-- This site is optimized with the Yoast SEO Premium plugin v25.3.1 (Yoast SEO v25.3.1) - https:\/\/yoast.com\/wordpress\/plugins\/seo\/ -->\n<title>02.06.05 - TPIR\/MUVUNYI - PROCES REPORTE A LUNDI, FAUTE DE TEMOINS - JusticeInfo.net<\/title>\n<meta name=\"robots\" content=\"index, follow, max-snippet:-1, max-image-preview:large, max-video-preview:-1\" \/>\n<link rel=\"canonical\" href=\"https:\/\/www.justiceinfo.net\/fr\/11527-020605-tpirmuvunyi-proces-reporte-a-lundi-faute-de-temoins8335.html\" \/>\n<meta property=\"og:locale\" content=\"fr_FR\" \/>\n<meta property=\"og:type\" content=\"article\" \/>\n<meta property=\"og:title\" content=\"02.06.05 - TPIR\/MUVUNYI - PROCES REPORTE A LUNDI, FAUTE DE TEMOINS\" \/>\n<meta property=\"og:description\" content=\"Arusha, 1er juin 2005 (FH) - Le proc\u00e8s de l\u2019ancien commandant de l\u2019Ecole des sous officiers (ESO) de Butare (sud du Rwanda), le colonel Tharcisse Muvunyi, a \u00e9t\u00e9 ajourn\u00e9 \u00e0 lundi prochain faute de t\u00e9moins de l\u2019accusation, a-t-on appris mercredi aupr\u00e8s du Tribunal p\u00e9nal international pour le Rwanda (TPIR). Le report est intervenu au terme [&hellip;]\" \/>\n<meta property=\"og:url\" content=\"https:\/\/www.justiceinfo.net\/fr\/11527-020605-tpirmuvunyi-proces-reporte-a-lundi-faute-de-temoins8335.html\" \/>\n<meta property=\"og:site_name\" content=\"JusticeInfo.net\" \/>\n<meta property=\"article:publisher\" content=\"https:\/\/www.facebook.com\/JusticeInfo\/\" \/>\n<meta property=\"article:published_time\" content=\"2005-06-02T05:57:32+00:00\" \/>\n<meta property=\"og:image\" content=\"https:\/\/www.justiceinfo.net\/wp-content\/uploads\/JusticeInfoNet_logo_1200x630px.jpg\" \/>\n\t<meta property=\"og:image:width\" content=\"1200\" \/>\n\t<meta property=\"og:image:height\" content=\"630\" \/>\n\t<meta property=\"og:image:type\" content=\"image\/jpeg\" \/>\n<meta name=\"author\" content=\"solivri\" \/>\n<meta name=\"twitter:card\" content=\"summary_large_image\" \/>\n<meta name=\"twitter:creator\" content=\"@justiceinfonet\" \/>\n<meta name=\"twitter:site\" content=\"@justiceinfonet\" \/>\n<meta name=\"twitter:label1\" content=\"\u00c9crit par\" \/>\n\t<meta name=\"twitter:data1\" content=\"solivri\" \/>\n\t<meta name=\"twitter:label2\" content=\"Dur\u00e9e de lecture estim\u00e9e\" \/>\n\t<meta name=\"twitter:data2\" content=\"1 minute\" \/>\n<script type=\"application\/ld+json\" class=\"yoast-schema-graph\">{\"@context\":\"https:\/\/schema.org\",\"@graph\":[{\"@type\":\"NewsArticle\",\"@id\":\"https:\/\/www.justiceinfo.net\/fr\/11527-020605-tpirmuvunyi-proces-reporte-a-lundi-faute-de-temoins8335.html#article\",\"isPartOf\":{\"@id\":\"https:\/\/www.justiceinfo.net\/fr\/11527-020605-tpirmuvunyi-proces-reporte-a-lundi-faute-de-temoins8335.html\"},\"author\":{\"name\":\"solivri\",\"@id\":\"https:\/\/www.justiceinfo.net\/fr#\/schema\/person\/6e53cba1629e2e66f3fc1821d3091865\"},\"headline\":\"02.06.05 - TPIR\/MUVUNYI - PROCES REPORTE A LUNDI, FAUTE DE TEMOINS\",\"datePublished\":\"2005-06-02T05:57:32+00:00\",\"mainEntityOfPage\":{\"@id\":\"https:\/\/www.justiceinfo.net\/fr\/11527-020605-tpirmuvunyi-proces-reporte-a-lundi-faute-de-temoins8335.html\"},\"wordCount\":208,\"commentCount\":0,\"publisher\":{\"@id\":\"https:\/\/www.justiceinfo.net\/fr#organization\"},\"articleSection\":[\"Hirondelle News\"],\"inLanguage\":\"fr-FR\",\"potentialAction\":[{\"@type\":\"CommentAction\",\"name\":\"Comment\",\"target\":[\"https:\/\/www.justiceinfo.net\/fr\/11527-020605-tpirmuvunyi-proces-reporte-a-lundi-faute-de-temoins8335.html#respond\"]}]},{\"@type\":\"WebPage\",\"@id\":\"https:\/\/www.justiceinfo.net\/fr\/11527-020605-tpirmuvunyi-proces-reporte-a-lundi-faute-de-temoins8335.html\",\"url\":\"https:\/\/www.justiceinfo.net\/fr\/11527-020605-tpirmuvunyi-proces-reporte-a-lundi-faute-de-temoins8335.html\",\"name\":\"02.06.05 - TPIR\/MUVUNYI - PROCES REPORTE A LUNDI, FAUTE DE TEMOINS - JusticeInfo.net\",\"isPartOf\":{\"@id\":\"https:\/\/www.justiceinfo.net\/fr#website\"},\"datePublished\":\"2005-06-02T05:57:32+00:00\",\"breadcrumb\":{\"@id\":\"https:\/\/www.justiceinfo.net\/fr\/11527-020605-tpirmuvunyi-proces-reporte-a-lundi-faute-de-temoins8335.html#breadcrumb\"},\"inLanguage\":\"fr-FR\",\"potentialAction\":[{\"@type\":\"ReadAction\",\"target\":[\"https:\/\/www.justiceinfo.net\/fr\/11527-020605-tpirmuvunyi-proces-reporte-a-lundi-faute-de-temoins8335.html\"]}]},{\"@type\":\"BreadcrumbList\",\"@id\":\"https:\/\/www.justiceinfo.net\/fr\/11527-020605-tpirmuvunyi-proces-reporte-a-lundi-faute-de-temoins8335.html#breadcrumb\",\"itemListElement\":[{\"@type\":\"ListItem\",\"position\":1,\"name\":\"Home\",\"item\":\"https:\/\/www.justiceinfo.net\/fr\"},{\"@type\":\"ListItem\",\"position\":2,\"name\":\"02.06.05 - TPIR\/MUVUNYI - PROCES REPORTE A LUNDI, FAUTE DE TEMOINS\"}]},{\"@type\":\"WebSite\",\"@id\":\"https:\/\/www.justiceinfo.net\/fr#website\",\"url\":\"https:\/\/www.justiceinfo.net\/fr\",\"name\":\"JusticeInfo.net\",\"description\":\"La justice doit \u00eatre vue pour \u00eatre rendue\",\"publisher\":{\"@id\":\"https:\/\/www.justiceinfo.net\/fr#organization\"},\"potentialAction\":[{\"@type\":\"SearchAction\",\"target\":{\"@type\":\"EntryPoint\",\"urlTemplate\":\"https:\/\/www.justiceinfo.net\/fr?s={search_term_string}\"},\"query-input\":{\"@type\":\"PropertyValueSpecification\",\"valueRequired\":true,\"valueName\":\"search_term_string\"}}],\"inLanguage\":\"fr-FR\"},{\"@type\":\"Organization\",\"@id\":\"https:\/\/www.justiceinfo.net\/fr#organization\",\"name\":\"Justice Info\",\"url\":\"https:\/\/www.justiceinfo.net\/fr\",\"logo\":{\"@type\":\"ImageObject\",\"inLanguage\":\"fr-FR\",\"@id\":\"https:\/\/www.justiceinfo.net\/fr#\/schema\/logo\/image\/\",\"url\":\"https:\/\/www.justiceinfo.net\/wp-content\/uploads\/justiceinfo_logo-trans_1200x1200px.png\",\"contentUrl\":\"https:\/\/www.justiceinfo.net\/wp-content\/uploads\/justiceinfo_logo-trans_1200x1200px.png\",\"width\":1199,\"height\":1200,\"caption\":\"Justice Info\"},\"image\":{\"@id\":\"https:\/\/www.justiceinfo.net\/fr#\/schema\/logo\/image\/\"},\"sameAs\":[\"https:\/\/www.facebook.com\/JusticeInfo\/\",\"https:\/\/x.com\/justiceinfonet\",\"https:\/\/www.linkedin.com\/company\/justice-info\",\"https:\/\/www.youtube.com\/channel\/UCyCEsARodyuWtkWyhn-e7pA\"]},{\"@type\":\"Person\",\"name\":\"solivri\",\"url\":\"\/fr\/?s=solivri\"}]}<\/script>\n<!-- \/ Yoast SEO Premium plugin. -->","yoast_head_json":{"title":"02.06.05 - TPIR\/MUVUNYI - PROCES REPORTE A LUNDI, FAUTE DE TEMOINS - JusticeInfo.net","robots":{"index":"index","follow":"follow","max-snippet":"max-snippet:-1","max-image-preview":"max-image-preview:large","max-video-preview":"max-video-preview:-1"},"canonical":"https:\/\/www.justiceinfo.net\/fr\/11527-020605-tpirmuvunyi-proces-reporte-a-lundi-faute-de-temoins8335.html","og_locale":"fr_FR","og_type":"article","og_title":"02.06.05 - TPIR\/MUVUNYI - PROCES REPORTE A LUNDI, FAUTE DE TEMOINS","og_description":"Arusha, 1er juin 2005 (FH) - Le proc\u00e8s de l\u2019ancien commandant de l\u2019Ecole des sous officiers (ESO) de Butare (sud du Rwanda), le colonel Tharcisse Muvunyi, a \u00e9t\u00e9 ajourn\u00e9 \u00e0 lundi prochain faute de t\u00e9moins de l\u2019accusation, a-t-on appris mercredi aupr\u00e8s du Tribunal p\u00e9nal international pour le Rwanda (TPIR). Le report est intervenu au terme [&hellip;]","og_url":"https:\/\/www.justiceinfo.net\/fr\/11527-020605-tpirmuvunyi-proces-reporte-a-lundi-faute-de-temoins8335.html","og_site_name":"JusticeInfo.net","article_publisher":"https:\/\/www.facebook.com\/JusticeInfo\/","article_published_time":"2005-06-02T05:57:32+00:00","og_image":[{"width":1200,"height":630,"url":"https:\/\/www.justiceinfo.net\/wp-content\/uploads\/JusticeInfoNet_logo_1200x630px.jpg","type":"image\/jpeg"}],"author":"solivri","twitter_card":"summary_large_image","twitter_creator":"@justiceinfonet","twitter_site":"@justiceinfonet","twitter_misc":{"\u00c9crit par":"solivri","Dur\u00e9e de lecture estim\u00e9e":"1 minute"},"schema":{"@context":"https:\/\/schema.org","@graph":[{"@type":"NewsArticle","@id":"https:\/\/www.justiceinfo.net\/fr\/11527-020605-tpirmuvunyi-proces-reporte-a-lundi-faute-de-temoins8335.html#article","isPartOf":{"@id":"https:\/\/www.justiceinfo.net\/fr\/11527-020605-tpirmuvunyi-proces-reporte-a-lundi-faute-de-temoins8335.html"},"author":{"name":"solivri","@id":"https:\/\/www.justiceinfo.net\/fr#\/schema\/person\/6e53cba1629e2e66f3fc1821d3091865"},"headline":"02.06.05 - TPIR\/MUVUNYI - PROCES REPORTE A LUNDI, FAUTE DE TEMOINS","datePublished":"2005-06-02T05:57:32+00:00","mainEntityOfPage":{"@id":"https:\/\/www.justiceinfo.net\/fr\/11527-020605-tpirmuvunyi-proces-reporte-a-lundi-faute-de-temoins8335.html"},"wordCount":208,"commentCount":0,"publisher":{"@id":"https:\/\/www.justiceinfo.net\/fr#organization"},"articleSection":["Hirondelle News"],"inLanguage":"fr-FR","potentialAction":[{"@type":"CommentAction","name":"Comment","target":["https:\/\/www.justiceinfo.net\/fr\/11527-020605-tpirmuvunyi-proces-reporte-a-lundi-faute-de-temoins8335.html#respond"]}]},{"@type":"WebPage","@id":"https:\/\/www.justiceinfo.net\/fr\/11527-020605-tpirmuvunyi-proces-reporte-a-lundi-faute-de-temoins8335.html","url":"https:\/\/www.justiceinfo.net\/fr\/11527-020605-tpirmuvunyi-proces-reporte-a-lundi-faute-de-temoins8335.html","name":"02.06.05 - TPIR\/MUVUNYI - PROCES REPORTE A LUNDI, FAUTE DE TEMOINS - JusticeInfo.net","isPartOf":{"@id":"https:\/\/www.justiceinfo.net\/fr#website"},"datePublished":"2005-06-02T05:57:32+00:00","breadcrumb":{"@id":"https:\/\/www.justiceinfo.net\/fr\/11527-020605-tpirmuvunyi-proces-reporte-a-lundi-faute-de-temoins8335.html#breadcrumb"},"inLanguage":"fr-FR","potentialAction":[{"@type":"ReadAction","target":["https:\/\/www.justiceinfo.net\/fr\/11527-020605-tpirmuvunyi-proces-reporte-a-lundi-faute-de-temoins8335.html"]}]},{"@type":"BreadcrumbList","@id":"https:\/\/www.justiceinfo.net\/fr\/11527-020605-tpirmuvunyi-proces-reporte-a-lundi-faute-de-temoins8335.html#breadcrumb","itemListElement":[{"@type":"ListItem","position":1,"name":"Home","item":"https:\/\/www.justiceinfo.net\/fr"},{"@type":"ListItem","position":2,"name":"02.06.05 - TPIR\/MUVUNYI - PROCES REPORTE A LUNDI, FAUTE DE TEMOINS"}]},{"@type":"WebSite","@id":"https:\/\/www.justiceinfo.net\/fr#website","url":"https:\/\/www.justiceinfo.net\/fr","name":"JusticeInfo.net","description":"La justice doit \u00eatre vue pour \u00eatre rendue","publisher":{"@id":"https:\/\/www.justiceinfo.net\/fr#organization"},"potentialAction":[{"@type":"SearchAction","target":{"@type":"EntryPoint","urlTemplate":"https:\/\/www.justiceinfo.net\/fr?s={search_term_string}"},"query-input":{"@type":"PropertyValueSpecification","valueRequired":true,"valueName":"search_term_string"}}],"inLanguage":"fr-FR"},{"@type":"Organization","@id":"https:\/\/www.justiceinfo.net\/fr#organization","name":"Justice Info","url":"https:\/\/www.justiceinfo.net\/fr","logo":{"@type":"ImageObject","inLanguage":"fr-FR","@id":"https:\/\/www.justiceinfo.net\/fr#\/schema\/logo\/image\/","url":"https:\/\/www.justiceinfo.net\/wp-content\/uploads\/justiceinfo_logo-trans_1200x1200px.png","contentUrl":"https:\/\/www.justiceinfo.net\/wp-content\/uploads\/justiceinfo_logo-trans_1200x1200px.png","width":1199,"height":1200,"caption":"Justice Info"},"image":{"@id":"https:\/\/www.justiceinfo.net\/fr#\/schema\/logo\/image\/"},"sameAs":["https:\/\/www.facebook.com\/JusticeInfo\/","https:\/\/x.com\/justiceinfonet","https:\/\/www.linkedin.com\/company\/justice-info","https:\/\/www.youtube.com\/channel\/UCyCEsARodyuWtkWyhn-e7pA"]},{"@type":"Person","name":"solivri","url":"\/fr\/?s=solivri"}]}},"_links":{"self":[{"href":"https:\/\/www.justiceinfo.net\/fr\/wp-json\/wp\/v2\/posts\/11527","targetHints":{"allow":["GET"]}}],"collection":[{"href":"https:\/\/www.justiceinfo.net\/fr\/wp-json\/wp\/v2\/posts"}],"about":[{"href":"https:\/\/www.justiceinfo.net\/fr\/wp-json\/wp\/v2\/types\/post"}],"author":[{"embeddable":true,"href":"https:\/\/www.justiceinfo.net\/fr\/wp-json\/wp\/v2\/users\/64"}],"replies":[{"embeddable":true,"href":"https:\/\/www.justiceinfo.net\/fr\/wp-json\/wp\/v2\/comments?post=11527"}],"version-history":[{"count":0,"href":"https:\/\/www.justiceinfo.net\/fr\/wp-json\/wp\/v2\/posts\/11527\/revisions"}],"wp:attachment":[{"href":"https:\/\/www.justiceinfo.net\/fr\/wp-json\/wp\/v2\/media?parent=11527"}],"wp:term":[{"taxonomy":"category","embeddable":true,"href":"https:\/\/www.justiceinfo.net\/fr\/wp-json\/wp\/v2\/categories?post=11527"},{"taxonomy":"post_tag","embeddable":true,"href":"https:\/\/www.justiceinfo.net\/fr\/wp-json\/wp\/v2\/tags?post=11527"},{"taxonomy":"ji_location","embeddable":true,"href":"https:\/\/www.justiceinfo.net\/fr\/wp-json\/wp\/v2\/ji_location?post=11527"}],"curies":[{"name":"wp","href":"https:\/\/api.w.org\/{rel}","templated":true}]}}