{"id":11543,"date":"2009-10-07T00:00:00","date_gmt":"2009-10-06T22:00:00","guid":{"rendered":"https:\/\/www.justiceinfo.net\/11543-071009-tpirhategekimana-fin-de-la-defense-du-lieutenant-ildephonse-hategekimana8351.html"},"modified":"2009-10-07T00:00:00","modified_gmt":"2009-10-06T22:00:00","slug":"071009-tpirhategekimana-fin-de-la-defense-du-lieutenant-ildephonse-hategekimana8351","status":"publish","type":"post","link":"https:\/\/www.justiceinfo.net\/fr\/11543-071009-tpirhategekimana-fin-de-la-defense-du-lieutenant-ildephonse-hategekimana8351.html","title":{"rendered":"07.10.09 - TPIR\/HATEGEKIMANA - FIN DE LA DEFENSE DU LIEUTENANT ILDEPHONSE HATEGEKIMANA"},"content":{"rendered":"<p >\nArusha, 07 octobre 2009 (FH) - Le lieutenant Ildephonse Hategekimana&nbsp; a clos sa d&eacute;fense mardi en fin d'apr&egrave;s-midi devant le Tribunal p&eacute;nal international pour le Rwanda (TPIR), au terme de l'audition de son vingti&egrave;me t&eacute;moin.\n<\/p>\n<p><!--more--><\/p>\n<p >\n<p >\nContrairement &agrave; une pratique courante au TPIR, l'accus&eacute; n'a pas jug&eacute; utile de t&eacute;moigner pour sa d&eacute;fense.\n<\/p>\n<p >\nOriginaire de la commune de Mugina, dans l'ancienne pr&eacute;fecture de Gitarama (Centre), Hategekimana, qui clame son innocence, est poursuivi pour crimes de g&eacute;nocide et crimes contre l'humanit&eacute;.\n<\/p>\n<p >\nSelon l'acte d'accusation, il serait l'un des principaux organisateurs des massacres dans la ville de Butare (Sud), o&ugrave; il commandait un petit camp militaire.\n<\/p>\n<p >\nLa juge pr&eacute;sidente de la chambre, Arlette Ramaroson, a annonc&eacute; au terme de l'audience de mardi que les r&eacute;quisitions du procureur et les plaidoiries de la d&eacute;fense pourraient &ecirc;tre entendues en f&eacute;vrier 2010. Avant cela, juges et parties devront se rendre au Rwanda du 2 au 6 novembre prochain pour une visite des lieux.\n<\/p>\n<p >\n<p >\nCe proc&egrave;s s'est ouvert le 16 mars dernier et le procureur a boucl&eacute; son accusation le 4 mai, apr&egrave;s avoir fait compara&icirc;tre 20 t&eacute;moins.\n<\/p>\n<p >\n<p >\nHategekimana fait partie des cinq accus&eacute;s que le procureur du TPIR, Hassan Bubacar Jallow, a cherch&eacute; en vain &agrave; renvoyer aux tribunaux rwandais.\n<\/p>\n<p >\n<p >\nPlusieurs autres officiers des anciennes Forces arm&eacute;es rwandaises (FAR) vaincues en juillet 1994 par l'ex-r&eacute;bellion du Front patriotique rwandais (FPR, aujourd'hui au pouvoir) sont en proc&egrave;s ou attendent de conna&icirc;tre le verdict du tribunal.\n<\/p>\n<p >\n<p >\nParmi eux, se trouvent les ex- chefs d'Etat-major de l'arm&eacute;e et de la gendarmerie, les g&eacute;n&eacute;raux Augustin Bizimungu et Augustin Ndindiliyimana contre lesquels la prison &agrave; vie a &eacute;t&eacute; requise en juin dernier.\n<\/p>\n<p >\n<p >\nPar ailleurs, le capitaine Ildephonse Nizeyimana, pr&eacute;sent&eacute; par le procureur comme un important complice de Hategekimana, a &eacute;t&eacute; arr&ecirc;t&eacute; lundi &agrave; Kampala, en Ouganda, et transf&eacute;r&eacute; mardi au quartier p&eacute;nitentiaire du TPIR, &agrave; Arusha, en Tanzanie.\n<\/p>\n<p >\n<p >\nNI-ER\/GF\n<\/p>\n<p>\n&copy; Agence Hirondelle<\/p>\n","protected":false},"excerpt":{"rendered":"<p>Arusha, 07 octobre 2009 (FH) - Le lieutenant Ildephonse Hategekimana&nbsp; a clos sa d&eacute;fense mardi en fin d'apr&egrave;s-midi devant le Tribunal p&eacute;nal international pour le Rwanda (TPIR), au terme de l'audition de son vingti&egrave;me t&eacute;moin.<\/p>\n","protected":false},"author":64,"featured_media":0,"comment_status":"open","ping_status":"closed","sticky":false,"template":"","format":"standard","meta":{"_acf_changed":false,"footnotes":""},"categories":[554],"tags":[],"ji_location":[],"class_list":["post-11543","post","type-post","status-publish","format-standard","hentry","category-hirondellenews"],"acf":[],"yoast_head":"<!-- This site is optimized with the Yoast SEO Premium plugin v25.3.1 (Yoast SEO v25.3.1) - https:\/\/yoast.com\/wordpress\/plugins\/seo\/ -->\n<title>07.10.09 - TPIR\/HATEGEKIMANA - FIN DE LA DEFENSE DU LIEUTENANT ILDEPHONSE HATEGEKIMANA - JusticeInfo.net<\/title>\n<meta name=\"robots\" content=\"index, follow, max-snippet:-1, max-image-preview:large, max-video-preview:-1\" \/>\n<link rel=\"canonical\" href=\"https:\/\/www.justiceinfo.net\/fr\/11543-071009-tpirhategekimana-fin-de-la-defense-du-lieutenant-ildephonse-hategekimana8351.html\" \/>\n<meta property=\"og:locale\" content=\"fr_FR\" \/>\n<meta property=\"og:type\" content=\"article\" \/>\n<meta property=\"og:title\" content=\"07.10.09 - TPIR\/HATEGEKIMANA - FIN DE LA DEFENSE DU LIEUTENANT ILDEPHONSE HATEGEKIMANA\" \/>\n<meta property=\"og:description\" content=\"Arusha, 07 octobre 2009 (FH) - Le lieutenant Ildephonse Hategekimana&nbsp; a clos sa d&eacute;fense mardi en fin d&#039;apr&egrave;s-midi devant le Tribunal p&eacute;nal international pour le Rwanda (TPIR), au terme de l&#039;audition de son vingti&egrave;me t&eacute;moin.\" \/>\n<meta property=\"og:url\" content=\"https:\/\/www.justiceinfo.net\/fr\/11543-071009-tpirhategekimana-fin-de-la-defense-du-lieutenant-ildephonse-hategekimana8351.html\" \/>\n<meta property=\"og:site_name\" content=\"JusticeInfo.net\" \/>\n<meta property=\"article:publisher\" content=\"https:\/\/www.facebook.com\/JusticeInfo\/\" \/>\n<meta property=\"article:published_time\" content=\"2009-10-06T22:00:00+00:00\" \/>\n<meta property=\"og:image\" content=\"https:\/\/www.justiceinfo.net\/wp-content\/uploads\/JusticeInfoNet_logo_1200x630px.jpg\" \/>\n\t<meta property=\"og:image:width\" content=\"1200\" \/>\n\t<meta property=\"og:image:height\" content=\"630\" \/>\n\t<meta property=\"og:image:type\" content=\"image\/jpeg\" \/>\n<meta name=\"author\" content=\"solivri\" \/>\n<meta name=\"twitter:card\" content=\"summary_large_image\" \/>\n<meta name=\"twitter:creator\" content=\"@justiceinfonet\" \/>\n<meta name=\"twitter:site\" content=\"@justiceinfonet\" \/>\n<meta name=\"twitter:label1\" content=\"\u00c9crit par\" \/>\n\t<meta name=\"twitter:data1\" content=\"solivri\" \/>\n\t<meta name=\"twitter:label2\" content=\"Dur\u00e9e de lecture estim\u00e9e\" \/>\n\t<meta name=\"twitter:data2\" content=\"2 minutes\" \/>\n<script type=\"application\/ld+json\" class=\"yoast-schema-graph\">{\"@context\":\"https:\/\/schema.org\",\"@graph\":[{\"@type\":\"NewsArticle\",\"@id\":\"https:\/\/www.justiceinfo.net\/fr\/11543-071009-tpirhategekimana-fin-de-la-defense-du-lieutenant-ildephonse-hategekimana8351.html#article\",\"isPartOf\":{\"@id\":\"https:\/\/www.justiceinfo.net\/fr\/11543-071009-tpirhategekimana-fin-de-la-defense-du-lieutenant-ildephonse-hategekimana8351.html\"},\"author\":{\"name\":\"solivri\",\"@id\":\"https:\/\/www.justiceinfo.net\/fr#\/schema\/person\/6e53cba1629e2e66f3fc1821d3091865\"},\"headline\":\"07.10.09 - TPIR\/HATEGEKIMANA - FIN DE LA DEFENSE DU LIEUTENANT ILDEPHONSE HATEGEKIMANA\",\"datePublished\":\"2009-10-06T22:00:00+00:00\",\"mainEntityOfPage\":{\"@id\":\"https:\/\/www.justiceinfo.net\/fr\/11543-071009-tpirhategekimana-fin-de-la-defense-du-lieutenant-ildephonse-hategekimana8351.html\"},\"wordCount\":404,\"commentCount\":0,\"publisher\":{\"@id\":\"https:\/\/www.justiceinfo.net\/fr#organization\"},\"articleSection\":[\"Hirondelle News\"],\"inLanguage\":\"fr-FR\",\"potentialAction\":[{\"@type\":\"CommentAction\",\"name\":\"Comment\",\"target\":[\"https:\/\/www.justiceinfo.net\/fr\/11543-071009-tpirhategekimana-fin-de-la-defense-du-lieutenant-ildephonse-hategekimana8351.html#respond\"]}]},{\"@type\":\"WebPage\",\"@id\":\"https:\/\/www.justiceinfo.net\/fr\/11543-071009-tpirhategekimana-fin-de-la-defense-du-lieutenant-ildephonse-hategekimana8351.html\",\"url\":\"https:\/\/www.justiceinfo.net\/fr\/11543-071009-tpirhategekimana-fin-de-la-defense-du-lieutenant-ildephonse-hategekimana8351.html\",\"name\":\"07.10.09 - TPIR\/HATEGEKIMANA - FIN DE LA DEFENSE DU LIEUTENANT ILDEPHONSE HATEGEKIMANA - JusticeInfo.net\",\"isPartOf\":{\"@id\":\"https:\/\/www.justiceinfo.net\/fr#website\"},\"datePublished\":\"2009-10-06T22:00:00+00:00\",\"breadcrumb\":{\"@id\":\"https:\/\/www.justiceinfo.net\/fr\/11543-071009-tpirhategekimana-fin-de-la-defense-du-lieutenant-ildephonse-hategekimana8351.html#breadcrumb\"},\"inLanguage\":\"fr-FR\",\"potentialAction\":[{\"@type\":\"ReadAction\",\"target\":[\"https:\/\/www.justiceinfo.net\/fr\/11543-071009-tpirhategekimana-fin-de-la-defense-du-lieutenant-ildephonse-hategekimana8351.html\"]}]},{\"@type\":\"BreadcrumbList\",\"@id\":\"https:\/\/www.justiceinfo.net\/fr\/11543-071009-tpirhategekimana-fin-de-la-defense-du-lieutenant-ildephonse-hategekimana8351.html#breadcrumb\",\"itemListElement\":[{\"@type\":\"ListItem\",\"position\":1,\"name\":\"Home\",\"item\":\"https:\/\/www.justiceinfo.net\/fr\"},{\"@type\":\"ListItem\",\"position\":2,\"name\":\"07.10.09 - TPIR\/HATEGEKIMANA - FIN DE LA DEFENSE DU LIEUTENANT ILDEPHONSE HATEGEKIMANA\"}]},{\"@type\":\"WebSite\",\"@id\":\"https:\/\/www.justiceinfo.net\/fr#website\",\"url\":\"https:\/\/www.justiceinfo.net\/fr\",\"name\":\"JusticeInfo.net\",\"description\":\"La justice doit \u00eatre vue pour \u00eatre rendue\",\"publisher\":{\"@id\":\"https:\/\/www.justiceinfo.net\/fr#organization\"},\"potentialAction\":[{\"@type\":\"SearchAction\",\"target\":{\"@type\":\"EntryPoint\",\"urlTemplate\":\"https:\/\/www.justiceinfo.net\/fr?s={search_term_string}\"},\"query-input\":{\"@type\":\"PropertyValueSpecification\",\"valueRequired\":true,\"valueName\":\"search_term_string\"}}],\"inLanguage\":\"fr-FR\"},{\"@type\":\"Organization\",\"@id\":\"https:\/\/www.justiceinfo.net\/fr#organization\",\"name\":\"Justice Info\",\"url\":\"https:\/\/www.justiceinfo.net\/fr\",\"logo\":{\"@type\":\"ImageObject\",\"inLanguage\":\"fr-FR\",\"@id\":\"https:\/\/www.justiceinfo.net\/fr#\/schema\/logo\/image\/\",\"url\":\"https:\/\/www.justiceinfo.net\/wp-content\/uploads\/justiceinfo_logo-trans_1200x1200px.png\",\"contentUrl\":\"https:\/\/www.justiceinfo.net\/wp-content\/uploads\/justiceinfo_logo-trans_1200x1200px.png\",\"width\":1199,\"height\":1200,\"caption\":\"Justice Info\"},\"image\":{\"@id\":\"https:\/\/www.justiceinfo.net\/fr#\/schema\/logo\/image\/\"},\"sameAs\":[\"https:\/\/www.facebook.com\/JusticeInfo\/\",\"https:\/\/x.com\/justiceinfonet\",\"https:\/\/www.linkedin.com\/company\/justice-info\",\"https:\/\/www.youtube.com\/channel\/UCyCEsARodyuWtkWyhn-e7pA\"]},{\"@type\":\"Person\",\"name\":\"solivri\",\"url\":\"\/fr\/?s=solivri\"}]}<\/script>\n<!-- \/ Yoast SEO Premium plugin. -->","yoast_head_json":{"title":"07.10.09 - TPIR\/HATEGEKIMANA - FIN DE LA DEFENSE DU LIEUTENANT ILDEPHONSE HATEGEKIMANA - JusticeInfo.net","robots":{"index":"index","follow":"follow","max-snippet":"max-snippet:-1","max-image-preview":"max-image-preview:large","max-video-preview":"max-video-preview:-1"},"canonical":"https:\/\/www.justiceinfo.net\/fr\/11543-071009-tpirhategekimana-fin-de-la-defense-du-lieutenant-ildephonse-hategekimana8351.html","og_locale":"fr_FR","og_type":"article","og_title":"07.10.09 - TPIR\/HATEGEKIMANA - FIN DE LA DEFENSE DU LIEUTENANT ILDEPHONSE HATEGEKIMANA","og_description":"Arusha, 07 octobre 2009 (FH) - Le lieutenant Ildephonse Hategekimana&nbsp; a clos sa d&eacute;fense mardi en fin d'apr&egrave;s-midi devant le Tribunal p&eacute;nal international pour le Rwanda (TPIR), au terme de l'audition de son vingti&egrave;me t&eacute;moin.","og_url":"https:\/\/www.justiceinfo.net\/fr\/11543-071009-tpirhategekimana-fin-de-la-defense-du-lieutenant-ildephonse-hategekimana8351.html","og_site_name":"JusticeInfo.net","article_publisher":"https:\/\/www.facebook.com\/JusticeInfo\/","article_published_time":"2009-10-06T22:00:00+00:00","og_image":[{"width":1200,"height":630,"url":"https:\/\/www.justiceinfo.net\/wp-content\/uploads\/JusticeInfoNet_logo_1200x630px.jpg","type":"image\/jpeg"}],"author":"solivri","twitter_card":"summary_large_image","twitter_creator":"@justiceinfonet","twitter_site":"@justiceinfonet","twitter_misc":{"\u00c9crit par":"solivri","Dur\u00e9e de lecture estim\u00e9e":"2 minutes"},"schema":{"@context":"https:\/\/schema.org","@graph":[{"@type":"NewsArticle","@id":"https:\/\/www.justiceinfo.net\/fr\/11543-071009-tpirhategekimana-fin-de-la-defense-du-lieutenant-ildephonse-hategekimana8351.html#article","isPartOf":{"@id":"https:\/\/www.justiceinfo.net\/fr\/11543-071009-tpirhategekimana-fin-de-la-defense-du-lieutenant-ildephonse-hategekimana8351.html"},"author":{"name":"solivri","@id":"https:\/\/www.justiceinfo.net\/fr#\/schema\/person\/6e53cba1629e2e66f3fc1821d3091865"},"headline":"07.10.09 - TPIR\/HATEGEKIMANA - FIN DE LA DEFENSE DU LIEUTENANT ILDEPHONSE HATEGEKIMANA","datePublished":"2009-10-06T22:00:00+00:00","mainEntityOfPage":{"@id":"https:\/\/www.justiceinfo.net\/fr\/11543-071009-tpirhategekimana-fin-de-la-defense-du-lieutenant-ildephonse-hategekimana8351.html"},"wordCount":404,"commentCount":0,"publisher":{"@id":"https:\/\/www.justiceinfo.net\/fr#organization"},"articleSection":["Hirondelle News"],"inLanguage":"fr-FR","potentialAction":[{"@type":"CommentAction","name":"Comment","target":["https:\/\/www.justiceinfo.net\/fr\/11543-071009-tpirhategekimana-fin-de-la-defense-du-lieutenant-ildephonse-hategekimana8351.html#respond"]}]},{"@type":"WebPage","@id":"https:\/\/www.justiceinfo.net\/fr\/11543-071009-tpirhategekimana-fin-de-la-defense-du-lieutenant-ildephonse-hategekimana8351.html","url":"https:\/\/www.justiceinfo.net\/fr\/11543-071009-tpirhategekimana-fin-de-la-defense-du-lieutenant-ildephonse-hategekimana8351.html","name":"07.10.09 - TPIR\/HATEGEKIMANA - FIN DE LA DEFENSE DU LIEUTENANT ILDEPHONSE HATEGEKIMANA - JusticeInfo.net","isPartOf":{"@id":"https:\/\/www.justiceinfo.net\/fr#website"},"datePublished":"2009-10-06T22:00:00+00:00","breadcrumb":{"@id":"https:\/\/www.justiceinfo.net\/fr\/11543-071009-tpirhategekimana-fin-de-la-defense-du-lieutenant-ildephonse-hategekimana8351.html#breadcrumb"},"inLanguage":"fr-FR","potentialAction":[{"@type":"ReadAction","target":["https:\/\/www.justiceinfo.net\/fr\/11543-071009-tpirhategekimana-fin-de-la-defense-du-lieutenant-ildephonse-hategekimana8351.html"]}]},{"@type":"BreadcrumbList","@id":"https:\/\/www.justiceinfo.net\/fr\/11543-071009-tpirhategekimana-fin-de-la-defense-du-lieutenant-ildephonse-hategekimana8351.html#breadcrumb","itemListElement":[{"@type":"ListItem","position":1,"name":"Home","item":"https:\/\/www.justiceinfo.net\/fr"},{"@type":"ListItem","position":2,"name":"07.10.09 - TPIR\/HATEGEKIMANA - FIN DE LA DEFENSE DU LIEUTENANT ILDEPHONSE HATEGEKIMANA"}]},{"@type":"WebSite","@id":"https:\/\/www.justiceinfo.net\/fr#website","url":"https:\/\/www.justiceinfo.net\/fr","name":"JusticeInfo.net","description":"La justice doit \u00eatre vue pour \u00eatre rendue","publisher":{"@id":"https:\/\/www.justiceinfo.net\/fr#organization"},"potentialAction":[{"@type":"SearchAction","target":{"@type":"EntryPoint","urlTemplate":"https:\/\/www.justiceinfo.net\/fr?s={search_term_string}"},"query-input":{"@type":"PropertyValueSpecification","valueRequired":true,"valueName":"search_term_string"}}],"inLanguage":"fr-FR"},{"@type":"Organization","@id":"https:\/\/www.justiceinfo.net\/fr#organization","name":"Justice Info","url":"https:\/\/www.justiceinfo.net\/fr","logo":{"@type":"ImageObject","inLanguage":"fr-FR","@id":"https:\/\/www.justiceinfo.net\/fr#\/schema\/logo\/image\/","url":"https:\/\/www.justiceinfo.net\/wp-content\/uploads\/justiceinfo_logo-trans_1200x1200px.png","contentUrl":"https:\/\/www.justiceinfo.net\/wp-content\/uploads\/justiceinfo_logo-trans_1200x1200px.png","width":1199,"height":1200,"caption":"Justice Info"},"image":{"@id":"https:\/\/www.justiceinfo.net\/fr#\/schema\/logo\/image\/"},"sameAs":["https:\/\/www.facebook.com\/JusticeInfo\/","https:\/\/x.com\/justiceinfonet","https:\/\/www.linkedin.com\/company\/justice-info","https:\/\/www.youtube.com\/channel\/UCyCEsARodyuWtkWyhn-e7pA"]},{"@type":"Person","name":"solivri","url":"\/fr\/?s=solivri"}]}},"_links":{"self":[{"href":"https:\/\/www.justiceinfo.net\/fr\/wp-json\/wp\/v2\/posts\/11543","targetHints":{"allow":["GET"]}}],"collection":[{"href":"https:\/\/www.justiceinfo.net\/fr\/wp-json\/wp\/v2\/posts"}],"about":[{"href":"https:\/\/www.justiceinfo.net\/fr\/wp-json\/wp\/v2\/types\/post"}],"author":[{"embeddable":true,"href":"https:\/\/www.justiceinfo.net\/fr\/wp-json\/wp\/v2\/users\/64"}],"replies":[{"embeddable":true,"href":"https:\/\/www.justiceinfo.net\/fr\/wp-json\/wp\/v2\/comments?post=11543"}],"version-history":[{"count":0,"href":"https:\/\/www.justiceinfo.net\/fr\/wp-json\/wp\/v2\/posts\/11543\/revisions"}],"wp:attachment":[{"href":"https:\/\/www.justiceinfo.net\/fr\/wp-json\/wp\/v2\/media?parent=11543"}],"wp:term":[{"taxonomy":"category","embeddable":true,"href":"https:\/\/www.justiceinfo.net\/fr\/wp-json\/wp\/v2\/categories?post=11543"},{"taxonomy":"post_tag","embeddable":true,"href":"https:\/\/www.justiceinfo.net\/fr\/wp-json\/wp\/v2\/tags?post=11543"},{"taxonomy":"ji_location","embeddable":true,"href":"https:\/\/www.justiceinfo.net\/fr\/wp-json\/wp\/v2\/ji_location?post=11543"}],"curies":[{"name":"wp","href":"https:\/\/api.w.org\/{rel}","templated":true}]}}