{"id":11575,"date":"2009-11-09T00:00:00","date_gmt":"2009-11-08T23:00:00","guid":{"rendered":"https:\/\/www.justiceinfo.net\/11575-091109-tpirnzabonimana-le-proces-de-lex-ministre-de-la-jeunesse-demarre-en-son-absence8383.html"},"modified":"2009-11-09T00:00:00","modified_gmt":"2009-11-08T23:00:00","slug":"091109-tpirnzabonimana-le-proces-de-lex-ministre-de-la-jeunesse-demarre-en-son-absence8383","status":"publish","type":"post","link":"https:\/\/www.justiceinfo.net\/fr\/11575-091109-tpirnzabonimana-le-proces-de-lex-ministre-de-la-jeunesse-demarre-en-son-absence8383.html","title":{"rendered":"09.11.09 - TPIR\/NZABONIMANA - LE PROCES DE L'EX-MINISTRE DE LA JEUNESSE DEMARRE EN SON ABSENCE"},"content":{"rendered":"<p >\nArusha, 09 novembre 2009 (FH) - Le proc&egrave;s de l'ex-ministre de la Jeunesse, Callixte Nzabonimana, s'est ouvert lundi devant le Tribunal p&eacute;nal international pour le Rwanda (TPIR) en l'absence de l'accus&eacute;, a constat&eacute; l'agence Hirondelle.\n<\/p>\n<p><!--more--><\/p>\n<p >\n<p >\nLe conseil principal de la d&eacute;fense, Vincent Courcelle-Labrousse, a expliqu&eacute; que son client &eacute;tait en train de traduire &laquo; des documents en langue rwandaise communiqu&eacute;s tr&egrave;s tardivement par le bureau du procureur &raquo;.\n<\/p>\n<p >\nL'avocat fran&ccedil;ais a d&eacute;nonc&eacute; &laquo; cette pratique du procureur &raquo; qui cr&eacute;e &laquo; une situation in&eacute;quitable &raquo;.\n<\/p>\n<p >\n<p >\nOriginaire de Gitarama, dans le centre du Rwanda, Nzabonimana qui &eacute;tait membre du Mouvement r&eacute;publicain national pour la d&eacute;mocratie et le d&eacute;veloppement (MRND), est accus&eacute; d'entente en vue de commettre le g&eacute;nocide, g&eacute;nocide, incitation directe et publique &agrave; commettre le g&eacute;nocide, extermination et assassinats.\n<\/p>\n<p >\nDans sa d&eacute;claration liminaire, le k&eacute;nyan Paul Ng'arua, du bureau du procureur, a pr&eacute;sent&eacute; l'ex-ministre comme un homme qui avait &laquo; de l'autorit&eacute; et de l'influence &raquo; sur les miliciens Interahamwe, les policiers communaux, les gendarmes et les autorit&eacute;s locales dans sa pr&eacute;fecture d'origine.\n<\/p>\n<p >\nPlusieurs personnes, parmi lesquelles des enfants, &laquo; ont &eacute;t&eacute; tu&eacute;es sur ses ordres &raquo;, a all&eacute;gu&eacute; M.Ng'arua, qualifiant l'ex-ministre de &laquo; boucher de Gitarama &raquo;.\n<\/p>\n<p >\nIl a termin&eacute; son propos en esp&eacute;rant que &laquo; ce monde ne produira plus un autre Callixte Nzabonimana &raquo;.\n<\/p>\n<p >\n<p >\nPour sa part, Me Courcelle-Labrousse, a ni&eacute; que son client ait jamais &eacute;t&eacute; &laquo; un homme politiquement puissant &raquo;.\n<\/p>\n<p >\nIl a indiqu&eacute; que Nzabonimana n'avait d&ucirc; sa promotion qu'&agrave; ses comp&eacute;tences.\n<\/p>\n<p >\n<p >\nL'ex-ministre, qui clame son innocence, a &eacute;t&eacute; arr&ecirc;t&eacute; dans l'ouest de la Tanzanie le 19 f&eacute;vrier 2008 et transf&eacute;r&eacute; le lendemain au centre de d&eacute;tention du TPIR.\n<\/p>\n<p >\n<p >\nDeux autres d&eacute;tenus, l'ancien maire Gr&eacute;goire Ndahimana, arr&ecirc;t&eacute; en ao&ucirc;t dernier en R&eacute;publique d&eacute;mocratique du Congo (RDC), et le capitaine Ildephonse Nizeyimana appr&eacute;hend&eacute; le mois dernier en Ouganda, attendent de compara&icirc;tre. Non encore programm&eacute;s, leurs proc&egrave;s ne pourront pas d&eacute;buter avant 2010, ann&eacute;e au cours de laquelle le tribunal devra terminer ses affaires en premi&egrave;re instance, selon un calendrier fix&eacute; par les Nations Unies.\n<\/p>\n<p >\n<p >\nNI-ER\/GF\n<\/p>\n<p >\n<p>\n&copy; Agence Hirondelle<\/p>\n","protected":false},"excerpt":{"rendered":"<p>Arusha, 09 novembre 2009 (FH) - Le proc&egrave;s de l'ex-ministre de la Jeunesse, Callixte Nzabonimana, s'est ouvert lundi devant le Tribunal p&eacute;nal international pour le Rwanda (TPIR) en l'absence de l'accus&eacute;, a constat&eacute; l'agence Hirondelle.<\/p>\n","protected":false},"author":64,"featured_media":0,"comment_status":"open","ping_status":"closed","sticky":false,"template":"","format":"standard","meta":{"_acf_changed":false,"footnotes":""},"categories":[554],"tags":[],"ji_location":[],"class_list":["post-11575","post","type-post","status-publish","format-standard","hentry","category-hirondellenews"],"acf":[],"yoast_head":"<!-- This site is optimized with the Yoast SEO Premium plugin v25.3.1 (Yoast SEO v25.3.1) - https:\/\/yoast.com\/wordpress\/plugins\/seo\/ -->\n<title>09.11.09 - TPIR\/NZABONIMANA - LE PROCES DE L&#039;EX-MINISTRE DE LA JEUNESSE DEMARRE EN SON ABSENCE - JusticeInfo.net<\/title>\n<meta name=\"robots\" content=\"index, follow, max-snippet:-1, max-image-preview:large, max-video-preview:-1\" \/>\n<link rel=\"canonical\" href=\"https:\/\/www.justiceinfo.net\/fr\/11575-091109-tpirnzabonimana-le-proces-de-lex-ministre-de-la-jeunesse-demarre-en-son-absence8383.html\" \/>\n<meta property=\"og:locale\" content=\"fr_FR\" \/>\n<meta property=\"og:type\" content=\"article\" \/>\n<meta property=\"og:title\" content=\"09.11.09 - TPIR\/NZABONIMANA - LE PROCES DE L&#039;EX-MINISTRE DE LA JEUNESSE DEMARRE EN SON ABSENCE\" \/>\n<meta property=\"og:description\" content=\"Arusha, 09 novembre 2009 (FH) - Le proc&egrave;s de l&#039;ex-ministre de la Jeunesse, Callixte Nzabonimana, s&#039;est ouvert lundi devant le Tribunal p&eacute;nal international pour le Rwanda (TPIR) en l&#039;absence de l&#039;accus&eacute;, a constat&eacute; l&#039;agence Hirondelle.\" \/>\n<meta property=\"og:url\" content=\"https:\/\/www.justiceinfo.net\/fr\/11575-091109-tpirnzabonimana-le-proces-de-lex-ministre-de-la-jeunesse-demarre-en-son-absence8383.html\" \/>\n<meta property=\"og:site_name\" content=\"JusticeInfo.net\" \/>\n<meta property=\"article:publisher\" content=\"https:\/\/www.facebook.com\/JusticeInfo\/\" \/>\n<meta property=\"article:published_time\" content=\"2009-11-08T23:00:00+00:00\" \/>\n<meta property=\"og:image\" content=\"https:\/\/www.justiceinfo.net\/wp-content\/uploads\/JusticeInfoNet_logo_1200x630px.jpg\" \/>\n\t<meta property=\"og:image:width\" content=\"1200\" \/>\n\t<meta property=\"og:image:height\" content=\"630\" \/>\n\t<meta property=\"og:image:type\" content=\"image\/jpeg\" \/>\n<meta name=\"author\" content=\"solivri\" \/>\n<meta name=\"twitter:card\" content=\"summary_large_image\" \/>\n<meta name=\"twitter:creator\" content=\"@justiceinfonet\" \/>\n<meta name=\"twitter:site\" content=\"@justiceinfonet\" \/>\n<meta name=\"twitter:label1\" content=\"\u00c9crit par\" \/>\n\t<meta name=\"twitter:data1\" content=\"solivri\" \/>\n\t<meta name=\"twitter:label2\" content=\"Dur\u00e9e de lecture estim\u00e9e\" \/>\n\t<meta name=\"twitter:data2\" content=\"2 minutes\" \/>\n<script type=\"application\/ld+json\" class=\"yoast-schema-graph\">{\"@context\":\"https:\/\/schema.org\",\"@graph\":[{\"@type\":\"NewsArticle\",\"@id\":\"https:\/\/www.justiceinfo.net\/fr\/11575-091109-tpirnzabonimana-le-proces-de-lex-ministre-de-la-jeunesse-demarre-en-son-absence8383.html#article\",\"isPartOf\":{\"@id\":\"https:\/\/www.justiceinfo.net\/fr\/11575-091109-tpirnzabonimana-le-proces-de-lex-ministre-de-la-jeunesse-demarre-en-son-absence8383.html\"},\"author\":{\"name\":\"solivri\",\"@id\":\"https:\/\/www.justiceinfo.net\/fr#\/schema\/person\/6e53cba1629e2e66f3fc1821d3091865\"},\"headline\":\"09.11.09 - TPIR\/NZABONIMANA - LE PROCES DE L'EX-MINISTRE DE LA JEUNESSE DEMARRE EN SON ABSENCE\",\"datePublished\":\"2009-11-08T23:00:00+00:00\",\"mainEntityOfPage\":{\"@id\":\"https:\/\/www.justiceinfo.net\/fr\/11575-091109-tpirnzabonimana-le-proces-de-lex-ministre-de-la-jeunesse-demarre-en-son-absence8383.html\"},\"wordCount\":482,\"commentCount\":0,\"publisher\":{\"@id\":\"https:\/\/www.justiceinfo.net\/fr#organization\"},\"articleSection\":[\"Hirondelle News\"],\"inLanguage\":\"fr-FR\",\"potentialAction\":[{\"@type\":\"CommentAction\",\"name\":\"Comment\",\"target\":[\"https:\/\/www.justiceinfo.net\/fr\/11575-091109-tpirnzabonimana-le-proces-de-lex-ministre-de-la-jeunesse-demarre-en-son-absence8383.html#respond\"]}]},{\"@type\":\"WebPage\",\"@id\":\"https:\/\/www.justiceinfo.net\/fr\/11575-091109-tpirnzabonimana-le-proces-de-lex-ministre-de-la-jeunesse-demarre-en-son-absence8383.html\",\"url\":\"https:\/\/www.justiceinfo.net\/fr\/11575-091109-tpirnzabonimana-le-proces-de-lex-ministre-de-la-jeunesse-demarre-en-son-absence8383.html\",\"name\":\"09.11.09 - TPIR\/NZABONIMANA - LE PROCES DE L'EX-MINISTRE DE LA JEUNESSE DEMARRE EN SON ABSENCE - JusticeInfo.net\",\"isPartOf\":{\"@id\":\"https:\/\/www.justiceinfo.net\/fr#website\"},\"datePublished\":\"2009-11-08T23:00:00+00:00\",\"breadcrumb\":{\"@id\":\"https:\/\/www.justiceinfo.net\/fr\/11575-091109-tpirnzabonimana-le-proces-de-lex-ministre-de-la-jeunesse-demarre-en-son-absence8383.html#breadcrumb\"},\"inLanguage\":\"fr-FR\",\"potentialAction\":[{\"@type\":\"ReadAction\",\"target\":[\"https:\/\/www.justiceinfo.net\/fr\/11575-091109-tpirnzabonimana-le-proces-de-lex-ministre-de-la-jeunesse-demarre-en-son-absence8383.html\"]}]},{\"@type\":\"BreadcrumbList\",\"@id\":\"https:\/\/www.justiceinfo.net\/fr\/11575-091109-tpirnzabonimana-le-proces-de-lex-ministre-de-la-jeunesse-demarre-en-son-absence8383.html#breadcrumb\",\"itemListElement\":[{\"@type\":\"ListItem\",\"position\":1,\"name\":\"Home\",\"item\":\"https:\/\/www.justiceinfo.net\/fr\"},{\"@type\":\"ListItem\",\"position\":2,\"name\":\"09.11.09 - TPIR\/NZABONIMANA - LE PROCES DE L'EX-MINISTRE DE LA JEUNESSE DEMARRE EN SON ABSENCE\"}]},{\"@type\":\"WebSite\",\"@id\":\"https:\/\/www.justiceinfo.net\/fr#website\",\"url\":\"https:\/\/www.justiceinfo.net\/fr\",\"name\":\"JusticeInfo.net\",\"description\":\"La justice doit \u00eatre vue pour \u00eatre rendue\",\"publisher\":{\"@id\":\"https:\/\/www.justiceinfo.net\/fr#organization\"},\"potentialAction\":[{\"@type\":\"SearchAction\",\"target\":{\"@type\":\"EntryPoint\",\"urlTemplate\":\"https:\/\/www.justiceinfo.net\/fr?s={search_term_string}\"},\"query-input\":{\"@type\":\"PropertyValueSpecification\",\"valueRequired\":true,\"valueName\":\"search_term_string\"}}],\"inLanguage\":\"fr-FR\"},{\"@type\":\"Organization\",\"@id\":\"https:\/\/www.justiceinfo.net\/fr#organization\",\"name\":\"Justice Info\",\"url\":\"https:\/\/www.justiceinfo.net\/fr\",\"logo\":{\"@type\":\"ImageObject\",\"inLanguage\":\"fr-FR\",\"@id\":\"https:\/\/www.justiceinfo.net\/fr#\/schema\/logo\/image\/\",\"url\":\"https:\/\/www.justiceinfo.net\/wp-content\/uploads\/justiceinfo_logo-trans_1200x1200px.png\",\"contentUrl\":\"https:\/\/www.justiceinfo.net\/wp-content\/uploads\/justiceinfo_logo-trans_1200x1200px.png\",\"width\":1199,\"height\":1200,\"caption\":\"Justice Info\"},\"image\":{\"@id\":\"https:\/\/www.justiceinfo.net\/fr#\/schema\/logo\/image\/\"},\"sameAs\":[\"https:\/\/www.facebook.com\/JusticeInfo\/\",\"https:\/\/x.com\/justiceinfonet\",\"https:\/\/www.linkedin.com\/company\/justice-info\",\"https:\/\/www.youtube.com\/channel\/UCyCEsARodyuWtkWyhn-e7pA\"]},{\"@type\":\"Person\",\"name\":\"solivri\",\"url\":\"\/fr\/?s=solivri\"}]}<\/script>\n<!-- \/ Yoast SEO Premium plugin. -->","yoast_head_json":{"title":"09.11.09 - TPIR\/NZABONIMANA - LE PROCES DE L'EX-MINISTRE DE LA JEUNESSE DEMARRE EN SON ABSENCE - JusticeInfo.net","robots":{"index":"index","follow":"follow","max-snippet":"max-snippet:-1","max-image-preview":"max-image-preview:large","max-video-preview":"max-video-preview:-1"},"canonical":"https:\/\/www.justiceinfo.net\/fr\/11575-091109-tpirnzabonimana-le-proces-de-lex-ministre-de-la-jeunesse-demarre-en-son-absence8383.html","og_locale":"fr_FR","og_type":"article","og_title":"09.11.09 - TPIR\/NZABONIMANA - LE PROCES DE L'EX-MINISTRE DE LA JEUNESSE DEMARRE EN SON ABSENCE","og_description":"Arusha, 09 novembre 2009 (FH) - Le proc&egrave;s de l'ex-ministre de la Jeunesse, Callixte Nzabonimana, s'est ouvert lundi devant le Tribunal p&eacute;nal international pour le Rwanda (TPIR) en l'absence de l'accus&eacute;, a constat&eacute; l'agence Hirondelle.","og_url":"https:\/\/www.justiceinfo.net\/fr\/11575-091109-tpirnzabonimana-le-proces-de-lex-ministre-de-la-jeunesse-demarre-en-son-absence8383.html","og_site_name":"JusticeInfo.net","article_publisher":"https:\/\/www.facebook.com\/JusticeInfo\/","article_published_time":"2009-11-08T23:00:00+00:00","og_image":[{"width":1200,"height":630,"url":"https:\/\/www.justiceinfo.net\/wp-content\/uploads\/JusticeInfoNet_logo_1200x630px.jpg","type":"image\/jpeg"}],"author":"solivri","twitter_card":"summary_large_image","twitter_creator":"@justiceinfonet","twitter_site":"@justiceinfonet","twitter_misc":{"\u00c9crit par":"solivri","Dur\u00e9e de lecture estim\u00e9e":"2 minutes"},"schema":{"@context":"https:\/\/schema.org","@graph":[{"@type":"NewsArticle","@id":"https:\/\/www.justiceinfo.net\/fr\/11575-091109-tpirnzabonimana-le-proces-de-lex-ministre-de-la-jeunesse-demarre-en-son-absence8383.html#article","isPartOf":{"@id":"https:\/\/www.justiceinfo.net\/fr\/11575-091109-tpirnzabonimana-le-proces-de-lex-ministre-de-la-jeunesse-demarre-en-son-absence8383.html"},"author":{"name":"solivri","@id":"https:\/\/www.justiceinfo.net\/fr#\/schema\/person\/6e53cba1629e2e66f3fc1821d3091865"},"headline":"09.11.09 - TPIR\/NZABONIMANA - LE PROCES DE L'EX-MINISTRE DE LA JEUNESSE DEMARRE EN SON ABSENCE","datePublished":"2009-11-08T23:00:00+00:00","mainEntityOfPage":{"@id":"https:\/\/www.justiceinfo.net\/fr\/11575-091109-tpirnzabonimana-le-proces-de-lex-ministre-de-la-jeunesse-demarre-en-son-absence8383.html"},"wordCount":482,"commentCount":0,"publisher":{"@id":"https:\/\/www.justiceinfo.net\/fr#organization"},"articleSection":["Hirondelle News"],"inLanguage":"fr-FR","potentialAction":[{"@type":"CommentAction","name":"Comment","target":["https:\/\/www.justiceinfo.net\/fr\/11575-091109-tpirnzabonimana-le-proces-de-lex-ministre-de-la-jeunesse-demarre-en-son-absence8383.html#respond"]}]},{"@type":"WebPage","@id":"https:\/\/www.justiceinfo.net\/fr\/11575-091109-tpirnzabonimana-le-proces-de-lex-ministre-de-la-jeunesse-demarre-en-son-absence8383.html","url":"https:\/\/www.justiceinfo.net\/fr\/11575-091109-tpirnzabonimana-le-proces-de-lex-ministre-de-la-jeunesse-demarre-en-son-absence8383.html","name":"09.11.09 - TPIR\/NZABONIMANA - LE PROCES DE L'EX-MINISTRE DE LA JEUNESSE DEMARRE EN SON ABSENCE - JusticeInfo.net","isPartOf":{"@id":"https:\/\/www.justiceinfo.net\/fr#website"},"datePublished":"2009-11-08T23:00:00+00:00","breadcrumb":{"@id":"https:\/\/www.justiceinfo.net\/fr\/11575-091109-tpirnzabonimana-le-proces-de-lex-ministre-de-la-jeunesse-demarre-en-son-absence8383.html#breadcrumb"},"inLanguage":"fr-FR","potentialAction":[{"@type":"ReadAction","target":["https:\/\/www.justiceinfo.net\/fr\/11575-091109-tpirnzabonimana-le-proces-de-lex-ministre-de-la-jeunesse-demarre-en-son-absence8383.html"]}]},{"@type":"BreadcrumbList","@id":"https:\/\/www.justiceinfo.net\/fr\/11575-091109-tpirnzabonimana-le-proces-de-lex-ministre-de-la-jeunesse-demarre-en-son-absence8383.html#breadcrumb","itemListElement":[{"@type":"ListItem","position":1,"name":"Home","item":"https:\/\/www.justiceinfo.net\/fr"},{"@type":"ListItem","position":2,"name":"09.11.09 - TPIR\/NZABONIMANA - LE PROCES DE L'EX-MINISTRE DE LA JEUNESSE DEMARRE EN SON ABSENCE"}]},{"@type":"WebSite","@id":"https:\/\/www.justiceinfo.net\/fr#website","url":"https:\/\/www.justiceinfo.net\/fr","name":"JusticeInfo.net","description":"La justice doit \u00eatre vue pour \u00eatre rendue","publisher":{"@id":"https:\/\/www.justiceinfo.net\/fr#organization"},"potentialAction":[{"@type":"SearchAction","target":{"@type":"EntryPoint","urlTemplate":"https:\/\/www.justiceinfo.net\/fr?s={search_term_string}"},"query-input":{"@type":"PropertyValueSpecification","valueRequired":true,"valueName":"search_term_string"}}],"inLanguage":"fr-FR"},{"@type":"Organization","@id":"https:\/\/www.justiceinfo.net\/fr#organization","name":"Justice Info","url":"https:\/\/www.justiceinfo.net\/fr","logo":{"@type":"ImageObject","inLanguage":"fr-FR","@id":"https:\/\/www.justiceinfo.net\/fr#\/schema\/logo\/image\/","url":"https:\/\/www.justiceinfo.net\/wp-content\/uploads\/justiceinfo_logo-trans_1200x1200px.png","contentUrl":"https:\/\/www.justiceinfo.net\/wp-content\/uploads\/justiceinfo_logo-trans_1200x1200px.png","width":1199,"height":1200,"caption":"Justice Info"},"image":{"@id":"https:\/\/www.justiceinfo.net\/fr#\/schema\/logo\/image\/"},"sameAs":["https:\/\/www.facebook.com\/JusticeInfo\/","https:\/\/x.com\/justiceinfonet","https:\/\/www.linkedin.com\/company\/justice-info","https:\/\/www.youtube.com\/channel\/UCyCEsARodyuWtkWyhn-e7pA"]},{"@type":"Person","name":"solivri","url":"\/fr\/?s=solivri"}]}},"_links":{"self":[{"href":"https:\/\/www.justiceinfo.net\/fr\/wp-json\/wp\/v2\/posts\/11575","targetHints":{"allow":["GET"]}}],"collection":[{"href":"https:\/\/www.justiceinfo.net\/fr\/wp-json\/wp\/v2\/posts"}],"about":[{"href":"https:\/\/www.justiceinfo.net\/fr\/wp-json\/wp\/v2\/types\/post"}],"author":[{"embeddable":true,"href":"https:\/\/www.justiceinfo.net\/fr\/wp-json\/wp\/v2\/users\/64"}],"replies":[{"embeddable":true,"href":"https:\/\/www.justiceinfo.net\/fr\/wp-json\/wp\/v2\/comments?post=11575"}],"version-history":[{"count":0,"href":"https:\/\/www.justiceinfo.net\/fr\/wp-json\/wp\/v2\/posts\/11575\/revisions"}],"wp:attachment":[{"href":"https:\/\/www.justiceinfo.net\/fr\/wp-json\/wp\/v2\/media?parent=11575"}],"wp:term":[{"taxonomy":"category","embeddable":true,"href":"https:\/\/www.justiceinfo.net\/fr\/wp-json\/wp\/v2\/categories?post=11575"},{"taxonomy":"post_tag","embeddable":true,"href":"https:\/\/www.justiceinfo.net\/fr\/wp-json\/wp\/v2\/tags?post=11575"},{"taxonomy":"ji_location","embeddable":true,"href":"https:\/\/www.justiceinfo.net\/fr\/wp-json\/wp\/v2\/ji_location?post=11575"}],"curies":[{"name":"wp","href":"https:\/\/api.w.org\/{rel}","templated":true}]}}