{"id":11577,"date":"2008-02-21T06:03:35","date_gmt":"2008-02-21T05:03:35","guid":{"rendered":"https:\/\/www.justiceinfo.net\/11577-200208-tpirnzabonimana-lex-ministre-de-la-jeunesse-plaide-non-coupable8385.html"},"modified":"2008-02-21T06:03:35","modified_gmt":"2008-02-21T05:03:35","slug":"200208-tpirnzabonimana-lex-ministre-de-la-jeunesse-plaide-non-coupable8385","status":"publish","type":"post","link":"https:\/\/www.justiceinfo.net\/fr\/11577-200208-tpirnzabonimana-lex-ministre-de-la-jeunesse-plaide-non-coupable8385.html","title":{"rendered":"20.02.08 - TPIR\/NZABONIMANA  - L\u2019EX-MINISTRE DE LA JEUNESSE PLAIDE NON COUPABLE"},"content":{"rendered":"<p  >\nArusha, 20 f\u00e9vrier 2008 (FH) - L\u2019ex-ministre rwandais de la Jeunesse dans le gouvernement int\u00e9rimaire en place pendant le g\u00e9nocide de 1994, Callixte Nzabonimana, a plaid\u00e9 non coupable lors de sa premi\u00e8re comparution mercredi devant le Tribunal p\u00e9nal international pour le Rwanda (TPIR), a constat\u00e9 l\u2019agence Hirondelle.  <\/p>\n<p>Nzabonimana a comparu devant le juge Dennis Byron, pr\u00e9sident du TPIR, deux jours apr\u00e8s son arrestation en Tanzanie.\n<\/p>\n<p><!--more--><\/p>\n<p  >\n\u00ab Je plaide non coupable \u00bb, a-t- il d\u00e9clar\u00e9, rejetant tous les chefs d\u2019accusation port\u00e9s contre lui. <\/p>\n<p>L\u2019ex-ministre r\u00e9pond d\u2019entente en vue de commettre le g\u00e9nocide, de g\u00e9nocide, de complicit\u00e9 dans le g\u00e9nocide, d\u2019incitation directe et publique \u00e0 commettre le g\u00e9nocide, d\u2019assassinats (crime contre l\u2019humanit\u00e9),  d\u2019extermination (crime contre l\u2019humanit\u00e9), viols (crime contre l\u2019humanit\u00e9), pers\u00e9cution (crime contre l\u2019humanit\u00e9), d\u2019actes inhumains (crime contre l\u2019humanit\u00e9), de meurtres et d\u2019atteinte \u00e0 la dignit\u00e9 humaine (violations graves des conventions de Gen\u00e8ve). <\/p>\n<p>Selon l\u2019acte d\u2019accusation, Nzabonimana \u00ab a personnellement sillonn\u00e9 les collines\u00bb de sa pr\u00e9fecture d\u2019origine, Gitarama (centre du Rwanda), en 1994, \u00ab pour s\u2019assurer que les paysans ex\u00e9cutaient les ordres qui leur avaient \u00e9t\u00e9 donn\u00e9s et qui consistaient \u00e0 tuer les Tutsis \u00bb. <\/p>\n<p>\u00ab Il a jou\u00e9 un r\u00f4le important dans la perp\u00e9tration des massacres \u00e0 Gitarama \u00bb, soutient le procureur dans cet acte d\u2019accusation. <\/p>\n<p>A la fin de cette br\u00e8ve audience, o\u00f9 l'accus\u00e9 \u00e9tait assist\u00e9 par un avocat de permanence, le juge Byron a demand\u00e9 au greffe de fixer la date de l\u2019ouverture du proc\u00e8s. <\/p>\n<p  >\nER\/PB\/GF<\/p>\n","protected":false},"excerpt":{"rendered":"<p>Arusha, 20 f\u00e9vrier 2008 (FH) - L\u2019ex-ministre rwandais de la Jeunesse dans le gouvernement int\u00e9rimaire en place pendant le g\u00e9nocide de 1994, Callixte Nzabonimana, a plaid\u00e9 non coupable lors de sa premi\u00e8re comparution mercredi devant le Tribunal p\u00e9nal international pour le Rwanda (TPIR), a constat\u00e9 l\u2019agence Hirondelle. Nzabonimana a comparu devant le juge Dennis Byron, [&hellip;]<\/p>\n","protected":false},"author":64,"featured_media":0,"comment_status":"open","ping_status":"closed","sticky":false,"template":"","format":"standard","meta":{"_acf_changed":false,"footnotes":""},"categories":[554],"tags":[],"ji_location":[],"class_list":["post-11577","post","type-post","status-publish","format-standard","hentry","category-hirondellenews"],"acf":[],"yoast_head":"<!-- This site is optimized with the Yoast SEO Premium plugin v25.3.1 (Yoast SEO v25.3.1) - https:\/\/yoast.com\/wordpress\/plugins\/seo\/ -->\n<title>20.02.08 - TPIR\/NZABONIMANA - L\u2019EX-MINISTRE DE LA JEUNESSE PLAIDE NON COUPABLE - JusticeInfo.net<\/title>\n<meta name=\"robots\" content=\"index, follow, max-snippet:-1, max-image-preview:large, max-video-preview:-1\" \/>\n<link rel=\"canonical\" href=\"https:\/\/www.justiceinfo.net\/fr\/11577-200208-tpirnzabonimana-lex-ministre-de-la-jeunesse-plaide-non-coupable8385.html\" \/>\n<meta property=\"og:locale\" content=\"fr_FR\" \/>\n<meta property=\"og:type\" content=\"article\" \/>\n<meta property=\"og:title\" content=\"20.02.08 - TPIR\/NZABONIMANA - L\u2019EX-MINISTRE DE LA JEUNESSE PLAIDE NON COUPABLE\" \/>\n<meta property=\"og:description\" content=\"Arusha, 20 f\u00e9vrier 2008 (FH) - L\u2019ex-ministre rwandais de la Jeunesse dans le gouvernement int\u00e9rimaire en place pendant le g\u00e9nocide de 1994, Callixte Nzabonimana, a plaid\u00e9 non coupable lors de sa premi\u00e8re comparution mercredi devant le Tribunal p\u00e9nal international pour le Rwanda (TPIR), a constat\u00e9 l\u2019agence Hirondelle. Nzabonimana a comparu devant le juge Dennis Byron, [&hellip;]\" \/>\n<meta property=\"og:url\" content=\"https:\/\/www.justiceinfo.net\/fr\/11577-200208-tpirnzabonimana-lex-ministre-de-la-jeunesse-plaide-non-coupable8385.html\" \/>\n<meta property=\"og:site_name\" content=\"JusticeInfo.net\" \/>\n<meta property=\"article:publisher\" content=\"https:\/\/www.facebook.com\/JusticeInfo\/\" \/>\n<meta property=\"article:published_time\" content=\"2008-02-21T05:03:35+00:00\" \/>\n<meta property=\"og:image\" content=\"https:\/\/www.justiceinfo.net\/wp-content\/uploads\/JusticeInfoNet_logo_1200x630px.jpg\" \/>\n\t<meta property=\"og:image:width\" content=\"1200\" \/>\n\t<meta property=\"og:image:height\" content=\"630\" \/>\n\t<meta property=\"og:image:type\" content=\"image\/jpeg\" \/>\n<meta name=\"author\" content=\"solivri\" \/>\n<meta name=\"twitter:card\" content=\"summary_large_image\" \/>\n<meta name=\"twitter:creator\" content=\"@justiceinfonet\" \/>\n<meta name=\"twitter:site\" content=\"@justiceinfonet\" \/>\n<meta name=\"twitter:label1\" content=\"\u00c9crit par\" \/>\n\t<meta name=\"twitter:data1\" content=\"solivri\" \/>\n\t<meta name=\"twitter:label2\" content=\"Dur\u00e9e de lecture estim\u00e9e\" \/>\n\t<meta name=\"twitter:data2\" content=\"1 minute\" \/>\n<script type=\"application\/ld+json\" class=\"yoast-schema-graph\">{\"@context\":\"https:\/\/schema.org\",\"@graph\":[{\"@type\":\"NewsArticle\",\"@id\":\"https:\/\/www.justiceinfo.net\/fr\/11577-200208-tpirnzabonimana-lex-ministre-de-la-jeunesse-plaide-non-coupable8385.html#article\",\"isPartOf\":{\"@id\":\"https:\/\/www.justiceinfo.net\/fr\/11577-200208-tpirnzabonimana-lex-ministre-de-la-jeunesse-plaide-non-coupable8385.html\"},\"author\":{\"name\":\"solivri\",\"@id\":\"https:\/\/www.justiceinfo.net\/fr#\/schema\/person\/6e53cba1629e2e66f3fc1821d3091865\"},\"headline\":\"20.02.08 - TPIR\/NZABONIMANA - L\u2019EX-MINISTRE DE LA JEUNESSE PLAIDE NON COUPABLE\",\"datePublished\":\"2008-02-21T05:03:35+00:00\",\"mainEntityOfPage\":{\"@id\":\"https:\/\/www.justiceinfo.net\/fr\/11577-200208-tpirnzabonimana-lex-ministre-de-la-jeunesse-plaide-non-coupable8385.html\"},\"wordCount\":281,\"commentCount\":0,\"publisher\":{\"@id\":\"https:\/\/www.justiceinfo.net\/fr#organization\"},\"articleSection\":[\"Hirondelle News\"],\"inLanguage\":\"fr-FR\",\"potentialAction\":[{\"@type\":\"CommentAction\",\"name\":\"Comment\",\"target\":[\"https:\/\/www.justiceinfo.net\/fr\/11577-200208-tpirnzabonimana-lex-ministre-de-la-jeunesse-plaide-non-coupable8385.html#respond\"]}]},{\"@type\":\"WebPage\",\"@id\":\"https:\/\/www.justiceinfo.net\/fr\/11577-200208-tpirnzabonimana-lex-ministre-de-la-jeunesse-plaide-non-coupable8385.html\",\"url\":\"https:\/\/www.justiceinfo.net\/fr\/11577-200208-tpirnzabonimana-lex-ministre-de-la-jeunesse-plaide-non-coupable8385.html\",\"name\":\"20.02.08 - TPIR\/NZABONIMANA - L\u2019EX-MINISTRE DE LA JEUNESSE PLAIDE NON COUPABLE - JusticeInfo.net\",\"isPartOf\":{\"@id\":\"https:\/\/www.justiceinfo.net\/fr#website\"},\"datePublished\":\"2008-02-21T05:03:35+00:00\",\"breadcrumb\":{\"@id\":\"https:\/\/www.justiceinfo.net\/fr\/11577-200208-tpirnzabonimana-lex-ministre-de-la-jeunesse-plaide-non-coupable8385.html#breadcrumb\"},\"inLanguage\":\"fr-FR\",\"potentialAction\":[{\"@type\":\"ReadAction\",\"target\":[\"https:\/\/www.justiceinfo.net\/fr\/11577-200208-tpirnzabonimana-lex-ministre-de-la-jeunesse-plaide-non-coupable8385.html\"]}]},{\"@type\":\"BreadcrumbList\",\"@id\":\"https:\/\/www.justiceinfo.net\/fr\/11577-200208-tpirnzabonimana-lex-ministre-de-la-jeunesse-plaide-non-coupable8385.html#breadcrumb\",\"itemListElement\":[{\"@type\":\"ListItem\",\"position\":1,\"name\":\"Home\",\"item\":\"https:\/\/www.justiceinfo.net\/fr\"},{\"@type\":\"ListItem\",\"position\":2,\"name\":\"20.02.08 - TPIR\/NZABONIMANA - L\u2019EX-MINISTRE DE LA JEUNESSE PLAIDE NON COUPABLE\"}]},{\"@type\":\"WebSite\",\"@id\":\"https:\/\/www.justiceinfo.net\/fr#website\",\"url\":\"https:\/\/www.justiceinfo.net\/fr\",\"name\":\"JusticeInfo.net\",\"description\":\"La justice doit \u00eatre vue pour \u00eatre rendue\",\"publisher\":{\"@id\":\"https:\/\/www.justiceinfo.net\/fr#organization\"},\"potentialAction\":[{\"@type\":\"SearchAction\",\"target\":{\"@type\":\"EntryPoint\",\"urlTemplate\":\"https:\/\/www.justiceinfo.net\/fr?s={search_term_string}\"},\"query-input\":{\"@type\":\"PropertyValueSpecification\",\"valueRequired\":true,\"valueName\":\"search_term_string\"}}],\"inLanguage\":\"fr-FR\"},{\"@type\":\"Organization\",\"@id\":\"https:\/\/www.justiceinfo.net\/fr#organization\",\"name\":\"Justice Info\",\"url\":\"https:\/\/www.justiceinfo.net\/fr\",\"logo\":{\"@type\":\"ImageObject\",\"inLanguage\":\"fr-FR\",\"@id\":\"https:\/\/www.justiceinfo.net\/fr#\/schema\/logo\/image\/\",\"url\":\"https:\/\/www.justiceinfo.net\/wp-content\/uploads\/justiceinfo_logo-trans_1200x1200px.png\",\"contentUrl\":\"https:\/\/www.justiceinfo.net\/wp-content\/uploads\/justiceinfo_logo-trans_1200x1200px.png\",\"width\":1199,\"height\":1200,\"caption\":\"Justice Info\"},\"image\":{\"@id\":\"https:\/\/www.justiceinfo.net\/fr#\/schema\/logo\/image\/\"},\"sameAs\":[\"https:\/\/www.facebook.com\/JusticeInfo\/\",\"https:\/\/x.com\/justiceinfonet\",\"https:\/\/www.linkedin.com\/company\/justice-info\",\"https:\/\/www.youtube.com\/channel\/UCyCEsARodyuWtkWyhn-e7pA\"]},{\"@type\":\"Person\",\"name\":\"solivri\",\"url\":\"\/fr\/?s=solivri\"}]}<\/script>\n<!-- \/ Yoast SEO Premium plugin. -->","yoast_head_json":{"title":"20.02.08 - TPIR\/NZABONIMANA - L\u2019EX-MINISTRE DE LA JEUNESSE PLAIDE NON COUPABLE - JusticeInfo.net","robots":{"index":"index","follow":"follow","max-snippet":"max-snippet:-1","max-image-preview":"max-image-preview:large","max-video-preview":"max-video-preview:-1"},"canonical":"https:\/\/www.justiceinfo.net\/fr\/11577-200208-tpirnzabonimana-lex-ministre-de-la-jeunesse-plaide-non-coupable8385.html","og_locale":"fr_FR","og_type":"article","og_title":"20.02.08 - TPIR\/NZABONIMANA - L\u2019EX-MINISTRE DE LA JEUNESSE PLAIDE NON COUPABLE","og_description":"Arusha, 20 f\u00e9vrier 2008 (FH) - L\u2019ex-ministre rwandais de la Jeunesse dans le gouvernement int\u00e9rimaire en place pendant le g\u00e9nocide de 1994, Callixte Nzabonimana, a plaid\u00e9 non coupable lors de sa premi\u00e8re comparution mercredi devant le Tribunal p\u00e9nal international pour le Rwanda (TPIR), a constat\u00e9 l\u2019agence Hirondelle. Nzabonimana a comparu devant le juge Dennis Byron, [&hellip;]","og_url":"https:\/\/www.justiceinfo.net\/fr\/11577-200208-tpirnzabonimana-lex-ministre-de-la-jeunesse-plaide-non-coupable8385.html","og_site_name":"JusticeInfo.net","article_publisher":"https:\/\/www.facebook.com\/JusticeInfo\/","article_published_time":"2008-02-21T05:03:35+00:00","og_image":[{"width":1200,"height":630,"url":"https:\/\/www.justiceinfo.net\/wp-content\/uploads\/JusticeInfoNet_logo_1200x630px.jpg","type":"image\/jpeg"}],"author":"solivri","twitter_card":"summary_large_image","twitter_creator":"@justiceinfonet","twitter_site":"@justiceinfonet","twitter_misc":{"\u00c9crit par":"solivri","Dur\u00e9e de lecture estim\u00e9e":"1 minute"},"schema":{"@context":"https:\/\/schema.org","@graph":[{"@type":"NewsArticle","@id":"https:\/\/www.justiceinfo.net\/fr\/11577-200208-tpirnzabonimana-lex-ministre-de-la-jeunesse-plaide-non-coupable8385.html#article","isPartOf":{"@id":"https:\/\/www.justiceinfo.net\/fr\/11577-200208-tpirnzabonimana-lex-ministre-de-la-jeunesse-plaide-non-coupable8385.html"},"author":{"name":"solivri","@id":"https:\/\/www.justiceinfo.net\/fr#\/schema\/person\/6e53cba1629e2e66f3fc1821d3091865"},"headline":"20.02.08 - TPIR\/NZABONIMANA - L\u2019EX-MINISTRE DE LA JEUNESSE PLAIDE NON COUPABLE","datePublished":"2008-02-21T05:03:35+00:00","mainEntityOfPage":{"@id":"https:\/\/www.justiceinfo.net\/fr\/11577-200208-tpirnzabonimana-lex-ministre-de-la-jeunesse-plaide-non-coupable8385.html"},"wordCount":281,"commentCount":0,"publisher":{"@id":"https:\/\/www.justiceinfo.net\/fr#organization"},"articleSection":["Hirondelle News"],"inLanguage":"fr-FR","potentialAction":[{"@type":"CommentAction","name":"Comment","target":["https:\/\/www.justiceinfo.net\/fr\/11577-200208-tpirnzabonimana-lex-ministre-de-la-jeunesse-plaide-non-coupable8385.html#respond"]}]},{"@type":"WebPage","@id":"https:\/\/www.justiceinfo.net\/fr\/11577-200208-tpirnzabonimana-lex-ministre-de-la-jeunesse-plaide-non-coupable8385.html","url":"https:\/\/www.justiceinfo.net\/fr\/11577-200208-tpirnzabonimana-lex-ministre-de-la-jeunesse-plaide-non-coupable8385.html","name":"20.02.08 - TPIR\/NZABONIMANA - L\u2019EX-MINISTRE DE LA JEUNESSE PLAIDE NON COUPABLE - JusticeInfo.net","isPartOf":{"@id":"https:\/\/www.justiceinfo.net\/fr#website"},"datePublished":"2008-02-21T05:03:35+00:00","breadcrumb":{"@id":"https:\/\/www.justiceinfo.net\/fr\/11577-200208-tpirnzabonimana-lex-ministre-de-la-jeunesse-plaide-non-coupable8385.html#breadcrumb"},"inLanguage":"fr-FR","potentialAction":[{"@type":"ReadAction","target":["https:\/\/www.justiceinfo.net\/fr\/11577-200208-tpirnzabonimana-lex-ministre-de-la-jeunesse-plaide-non-coupable8385.html"]}]},{"@type":"BreadcrumbList","@id":"https:\/\/www.justiceinfo.net\/fr\/11577-200208-tpirnzabonimana-lex-ministre-de-la-jeunesse-plaide-non-coupable8385.html#breadcrumb","itemListElement":[{"@type":"ListItem","position":1,"name":"Home","item":"https:\/\/www.justiceinfo.net\/fr"},{"@type":"ListItem","position":2,"name":"20.02.08 - TPIR\/NZABONIMANA - L\u2019EX-MINISTRE DE LA JEUNESSE PLAIDE NON COUPABLE"}]},{"@type":"WebSite","@id":"https:\/\/www.justiceinfo.net\/fr#website","url":"https:\/\/www.justiceinfo.net\/fr","name":"JusticeInfo.net","description":"La justice doit \u00eatre vue pour \u00eatre rendue","publisher":{"@id":"https:\/\/www.justiceinfo.net\/fr#organization"},"potentialAction":[{"@type":"SearchAction","target":{"@type":"EntryPoint","urlTemplate":"https:\/\/www.justiceinfo.net\/fr?s={search_term_string}"},"query-input":{"@type":"PropertyValueSpecification","valueRequired":true,"valueName":"search_term_string"}}],"inLanguage":"fr-FR"},{"@type":"Organization","@id":"https:\/\/www.justiceinfo.net\/fr#organization","name":"Justice Info","url":"https:\/\/www.justiceinfo.net\/fr","logo":{"@type":"ImageObject","inLanguage":"fr-FR","@id":"https:\/\/www.justiceinfo.net\/fr#\/schema\/logo\/image\/","url":"https:\/\/www.justiceinfo.net\/wp-content\/uploads\/justiceinfo_logo-trans_1200x1200px.png","contentUrl":"https:\/\/www.justiceinfo.net\/wp-content\/uploads\/justiceinfo_logo-trans_1200x1200px.png","width":1199,"height":1200,"caption":"Justice Info"},"image":{"@id":"https:\/\/www.justiceinfo.net\/fr#\/schema\/logo\/image\/"},"sameAs":["https:\/\/www.facebook.com\/JusticeInfo\/","https:\/\/x.com\/justiceinfonet","https:\/\/www.linkedin.com\/company\/justice-info","https:\/\/www.youtube.com\/channel\/UCyCEsARodyuWtkWyhn-e7pA"]},{"@type":"Person","name":"solivri","url":"\/fr\/?s=solivri"}]}},"_links":{"self":[{"href":"https:\/\/www.justiceinfo.net\/fr\/wp-json\/wp\/v2\/posts\/11577","targetHints":{"allow":["GET"]}}],"collection":[{"href":"https:\/\/www.justiceinfo.net\/fr\/wp-json\/wp\/v2\/posts"}],"about":[{"href":"https:\/\/www.justiceinfo.net\/fr\/wp-json\/wp\/v2\/types\/post"}],"author":[{"embeddable":true,"href":"https:\/\/www.justiceinfo.net\/fr\/wp-json\/wp\/v2\/users\/64"}],"replies":[{"embeddable":true,"href":"https:\/\/www.justiceinfo.net\/fr\/wp-json\/wp\/v2\/comments?post=11577"}],"version-history":[{"count":0,"href":"https:\/\/www.justiceinfo.net\/fr\/wp-json\/wp\/v2\/posts\/11577\/revisions"}],"wp:attachment":[{"href":"https:\/\/www.justiceinfo.net\/fr\/wp-json\/wp\/v2\/media?parent=11577"}],"wp:term":[{"taxonomy":"category","embeddable":true,"href":"https:\/\/www.justiceinfo.net\/fr\/wp-json\/wp\/v2\/categories?post=11577"},{"taxonomy":"post_tag","embeddable":true,"href":"https:\/\/www.justiceinfo.net\/fr\/wp-json\/wp\/v2\/tags?post=11577"},{"taxonomy":"ji_location","embeddable":true,"href":"https:\/\/www.justiceinfo.net\/fr\/wp-json\/wp\/v2\/ji_location?post=11577"}],"curies":[{"name":"wp","href":"https:\/\/api.w.org\/{rel}","templated":true}]}}