{"id":115795,"date":"2023-04-24T10:39:10","date_gmt":"2023-04-24T08:39:10","guid":{"rendered":"https:\/\/www.justiceinfo.net\/?p=115795"},"modified":"2023-04-24T10:39:11","modified_gmt":"2023-04-24T08:39:11","slug":"defi-palestinien-devant-cpi","status":"publish","type":"post","link":"https:\/\/www.justiceinfo.net\/fr\/115795-defi-palestinien-devant-cpi.html","title":{"rendered":"Le d\u00e9fi palestinien devant la CPI"},"content":{"rendered":"\n<p><strong>L\u2019un des effets de la <a href=\"https:\/\/www.justiceinfo.net\/fr\/114122-mandats-darret-de-la-cpi-contre-poutine-que-disent-les-experts.html\">mise en accusation de deux dirigeants russes par la Cour p\u00e9nale internationale (CPI), dont Vladimir Poutine<\/a>, est d\u2019accentuer la pression sur le procureur de la CPI pour qu\u2019il fasse preuve d\u2019une m\u00eame fermet\u00e9 sur d\u2019autres dossiers. Dont celui de la Palestine - et des dirigeants isra\u00e9liens notamment. Les universitaires Insaf Rezagui et Mohammed Qawasma retracent les tribulations de ce dossier hautement sensible.<\/strong><\/p>\n\n\n\n<!--more-->\n\n\n\n<p>Alors qu\u2019une nouvelle vague de violence entre Isra\u00ebl et les Palestiniens a d\u00e9j\u00e0 caus\u00e9 la <a href=\"https:\/\/www.lejdd.fr\/international\/un-ministre-israelien-cree-la-polemique-apres-des-propos-niant-lexistence-du-peuple-palestinien-133865\">mort de pr\u00e8s de cent personnes depuis le d\u00e9but de l\u2019ann\u00e9e<\/a>, la Palestine continue de mobiliser la Cour p\u00e9nale internationale, au regard d\u2019\u00e9v\u00e9nements qui se sont produits depuis 2014. Une t\u00e2che compliqu\u00e9e par <a href=\"https:\/\/theconversation.com\/mandat-darret-de-la-cpi-contre-vladimir-poutine-une-victoire-pour-la-justice-internationale-202536\">l\u2019omnipr\u00e9sence de la question ukrainienne<\/a> dans les pr\u00e9occupations actuelles de la communaut\u00e9 internationale.<\/p>\n\n\n\n<p>En 2009, l\u2019arm\u00e9e isra\u00e9lienne m\u00e8ne une offensive militaire, l\u2019op\u00e9ration <a href=\"https:\/\/www.liberation.fr\/planete\/2009\/09\/09\/offensive-israelienne-a-gaza-quel-est-le-vrai-bilan-humain_580435\/\">\u00ab&nbsp;Plomb durci&nbsp;\u00bb<\/a>, dans la bande de Gaza, affirmant r\u00e9pondre aux tirs de roquettes du Hamas qui contr\u00f4le cette partie du territoire palestinien. Pr\u00e8s de 1&nbsp;500 Palestiniens, dont 82&nbsp;% de civils, et trois civils et neuf militaires isra\u00e9liens sont tu\u00e9s. L\u2019Autorit\u00e9 palestinienne (AP), dirig\u00e9e par Mahmoud Abbas, prend conscience de l\u2019impossibilit\u00e9 d\u2019une relance du processus de paix, <a href=\"https:\/\/www.lesclesdumoyenorient.com\/Quelle-solution-pour-le-conflit-israelo-palestinien.html\">d\u00e9j\u00e0 mis \u00e0 mal depuis l\u2019arriv\u00e9e au pouvoir de Benyamin N\u00e9tanyahou en 1996<\/a>, d\u00e8s lors que la donne internationale n\u2019aura pas significativement chang\u00e9. L\u2019AP entame alors une nouvelle strat\u00e9gie internationale qui vise \u00e0 investir les organisations internationales pour obtenir une reconnaissance de l\u2019\u00c9tat de Palestine.<\/p>\n\n\n\n<p>Cette strat\u00e9gie a trois objectifs&nbsp;: d\u00e9montrer la capacit\u00e9 de la Palestine \u00e0 agir comme un \u00c9tat&nbsp;; mettre fin \u00e0 l\u2019impunit\u00e9 des dirigeants isra\u00e9liens dans le cadre de l\u2019occupation militaire&nbsp;; r\u00e9\u00e9quilibrer les rapports de force entre les Isra\u00e9liens et les Palestiniens pour contraindre Isra\u00ebl \u00e0 revenir \u00e0 la table des n\u00e9gociations.<\/p>\n\n\n\n<p><a href=\"https:\/\/www.justiceinfo.net\/fr\/tribunaux\/cpi\">La Cour p\u00e9nale internationale (CPI)<\/a> occupe une place centrale dans cette strat\u00e9gie. Trois jours apr\u00e8s la fin de la guerre \u00e0 Gaza, le 21\u00a0janvier 2009, l\u2019Autorit\u00e9 palestinienne fait une <a href=\"https:\/\/www.icc-cpi.int\/sites\/default\/files\/NR\/rdonlyres\/74EEE201-0FED-4481-95D4-C8071087102C\/279837\/20090122PalestinianDeclaration2FRA.pdf\">d\u00e9claration reconnaissant la comp\u00e9tence de la Cour<\/a> et demande au Procureur d\u2019ouvrir une enqu\u00eate concernant des all\u00e9gations de crimes de guerre commis sur le territoire palestinien.<\/p>\n\n\n\n<h2 class=\"wp-block-heading\">Luis Moreno Ocampo botte en touche<\/h2>\n\n\n\n<p>Organisation internationale bas\u00e9e \u00e0 La Haye, la Cour p\u00e9nale internationale (CPI) a pour but de lutter contre l\u2019impunit\u00e9 des individus \u2013 et non des \u00c9tats \u2013 accus\u00e9s de crimes internationaux (g\u00e9nocide, crime de guerre, crime contre l\u2019humanit\u00e9, crime d\u2019agression), au regard du Statut de Rome, trait\u00e9 \u00e9tablissant la CPI adopt\u00e9 en 1998. Elle r\u00e9unit aujourd\u2019hui <a href=\"https:\/\/asp.icc-cpi.int\/fr\/states-parties\">123 \u00c9tats signataires<\/a>, parmi lesquels l\u2019int\u00e9gralit\u00e9 des \u00c9tats de l\u2019UE, mais pas les \u00c9tats-Unis, la Russie et la Chine.<\/p>\n\n\n\n<p><a href=\"https:\/\/www.icc-cpi.int\/fr\/news\/letat-de-palestine-ratifie-le-statut-de-rome\">La Palestine est le dernier membre \u00e0 y avoir adh\u00e9r\u00e9, en 2015<\/a>. Son adh\u00e9sion a pris du temps en raison des d\u00e9bats juridiques et politiques autour de son statut \u00e9tatique, le territoire palestinien \u00e9tant occup\u00e9 depuis 1967 par Isra\u00ebl. Si le morcellement de son territoire emp\u00eache l\u2019Autorit\u00e9 palestinienne \u2013 en tant qu\u2019entit\u00e9 gouvernementale \u2013 d\u2019en administrer l\u2019int\u00e9gralit\u00e9, <a href=\"https:\/\/www.cairn.info\/revue-confluences-mediterranee-2016-1-page-145.htm\">cette situation n\u2019emp\u00eache pas l\u2019AP de mobiliser la Cour d\u00e8s 2009<\/a> en reconnaissant sa comp\u00e9tence, ce qu\u2019Isra\u00ebl n\u2019a pas fait \u00e0 ce jour. Dans la foul\u00e9e, il appartient au Procureur de la CPI de l\u2019\u00e9poque, Luis Moreno-Ocampo, de mener un examen pr\u00e9liminaire afin de d\u00e9terminer si les crit\u00e8res pr\u00e9vus par le Statut de Rome sont remplis pour l\u2019ouverture d\u2019une enqu\u00eate.<\/p>\n\n\n\n<p>En avril 2012, Moreno-Ocampo affirme qu\u2019en raison de l\u2019absence de clarification quant au statut \u00e9tatique de la Palestine, <a href=\"https:\/\/www.lorientlejour.com\/article\/752917\/CPIPalestine_%253A_arret_de_lexamen_preliminaire_en_attendant_une_decision_sur_le_statut_a_lONU.html\">il ne peut ouvrir d\u2019enqu\u00eate<\/a>. Cependant, il ne ferme pas d\u00e9finitivement la porte \u00e0 un retour de la Palestine devant la Cour et lui conseille <em>a minima<\/em> d\u2019obtenir le statut d\u2019\u00c9tat non membre observateur \u00e0 l\u2019Assembl\u00e9e g\u00e9n\u00e9rale de l\u2019ONU, enceinte acquise \u00e0 la cause palestinienne.<\/p>\n\n\n\n<p>Ce statut, octroy\u00e9 par un vote de l\u2019Assembl\u00e9e g\u00e9n\u00e9rale de l\u2019ONU, est une alternative au statut d\u2019\u00c9tat membre de l\u2019ONU, car pour obtenir ce dernier il est n\u00e9cessaire d\u2019avoir l\u2019aval du Conseil de s\u00e9curit\u00e9, ce qui est impossible \u00e0 ce stade en raison de la menace de recours au veto par les Am\u00e9ricains. Le 29&nbsp;novembre 2012, la <a href=\"https:\/\/www.lemonde.fr\/proche-orient\/article\/2012\/11\/30\/la-palestine-obtient-le-statut-d-etat-observateur-a-l-onu_1798337_3218.html\">Palestine obtient le statut d\u2019\u00c9tat non membre<\/a>. Gr\u00e2ce \u00e0 ce statut, l\u2019Autorit\u00e9 palestinienne peut adh\u00e9rer \u00e0 tous les trait\u00e9s internationaux ayant pour d\u00e9positaire le secr\u00e9taire g\u00e9n\u00e9ral de l\u2019ONU, ce qui est le cas du Statut de Rome.<\/p>\n\n\n\n<h2 class=\"wp-block-heading\">Fatou Bensouda ouvre l\u2019enqu\u00eate puis s\u2019en va<\/h2>\n\n\n\n<p>Le 1<sup>er<\/sup>&nbsp;avril 2015, la Palestine devient officiellement un \u00c9tat partie \u00e0 la CPI et, dans le m\u00eame temps, la nouvelle Procureure, Fatou Bensouda, ouvre un examen pr\u00e9liminaire de la situation.<\/p>\n\n\n\n<p>Le 20&nbsp;d\u00e9cembre 2019, Bensouda affirme que <a href=\"https:\/\/news.un.org\/fr\/story\/2019\/12\/1058711\">tous les crit\u00e8res sont r\u00e9unis pour ouvrir une enqu\u00eate<\/a> et qu\u2019il existe \u00ab&nbsp;une base raisonnable de croire que des crimes de guerre ont \u00e9t\u00e9 commis ou sont en train d\u2019\u00eatre commis en Cisjordanie, incluant J\u00e9rusalem-Est, et la bande de Gaza&nbsp;\u00bb.<\/p>\n\n\n\n<p>L\u2019enqu\u00eate de la Procureure vise les all\u00e9gations de crimes commis durant les op\u00e9rations militaires \u00e0 Gaza depuis 2014, au cours de la <a href=\"https:\/\/www.lemonde.fr\/international\/article\/2019\/03\/30\/un-an-apres-le-bilan-sombre-de-la-marche-du-retour-a-gaza_5443461_3210.html\">\u00ab&nbsp;marche du retour&nbsp;\u00bb<\/a> entre 2018 et 2019 et ceux li\u00e9s \u00e0 la politique coloniale isra\u00e9lienne. Elle pr\u00e9cise que des crimes auraient \u00e9t\u00e9 commis par des dirigeants isra\u00e9liens et par des groupes arm\u00e9s palestiniens. Avant d\u2019ouvrir son enqu\u00eate et afin de r\u00e9pondre aux critiques, Bensouda demande aux juges de la Chambre pr\u00e9liminaire I de pr\u00e9ciser le territoire palestinien sur lequel l\u2019enqu\u00eate peut se mener. Le 5&nbsp;f\u00e9vrier 2021, la Chambre affirme que le <a href=\"https:\/\/www.icc-cpi.int\/fr\/news\/la-chambre-preliminaire-i-de-la-cpi-rend-sa-decision-sur-la-demande-du-procureur-relative-la\">territoire palestinien comprend la bande de Gaza et la Cisjordanie, incluant J\u00e9rusalem-Est<\/a>, tel que reconnu par le Conseil de s\u00e9curit\u00e9, l\u2019Assembl\u00e9e g\u00e9n\u00e9rale de l\u2019ONU et la Cour internationale de Justice.<\/p>\n\n\n\n<p>L\u2019adh\u00e9sion de la Palestine et l\u2019annonce de l\u2019ouverture de l\u2019enqu\u00eate sont critiqu\u00e9es par Isra\u00ebl et ses alli\u00e9s, qui d\u00e9noncent <a href=\"https:\/\/www.la-croix.com\/Monde\/%C3%89tats-Unis-sopposent-lenquete-CPI-Territoires-palestiniens-2021-03-05-1201144010\">leur caract\u00e8re \u00ab&nbsp;politique&nbsp;\u00bb<\/a>, arguant que le statut \u00e9tatique de la Palestine est contest\u00e9. Ils soulignent que l\u2019Autorit\u00e9 palestinienne n\u2019a pas la pleine effectivit\u00e9 sur le territoire palestinien et qu\u2019elle ne dispose pas de la comp\u00e9tence p\u00e9nale \u00e0 l\u2019encontre des Isra\u00e9liens, des colons et des soldats isra\u00e9liens, comme stipul\u00e9 par les Accords d\u2019Oslo. Pour autant, les juges de la CPI ont affirm\u00e9 en 2021 que cet argument n\u2019\u00e9tait pas valable dans la d\u00e9termination de la comp\u00e9tence territoriale de la CPI.<\/p>\n\n\n\n<p>Malgr\u00e9 ces critiques, le 3&nbsp;mars 2021, la <a href=\"https:\/\/www.icc-cpi.int\/fr\/news\/declaration-du-procureur-de-la-cpi-mme-fatou-bensouda-propos-dune-enquete-sur-la-situation-en\">Procureure annonce l\u2019ouverture de son enqu\u00eate<\/a> au sujet de \u00ab&nbsp;la situation dans l\u2019\u00c9tat de Palestine&nbsp;\u00bb.<\/p>\n\n\n\n<h2 class=\"wp-block-heading\">Ce qu\u2019a montr\u00e9 Karim Khan en Ukraine<\/h2>\n\n\n\n<p>Depuis 2021, l\u2019enqu\u00eate n\u2019a connu aucune avanc\u00e9e. Le nouveau Procureur, Karim Khan, en poste depuis juin 2021, ne s\u2019est jamais rendu dans les territoires palestiniens et se contente, en d\u00e9cembre dernier, d\u2019annoncer son intention de <a href=\"https:\/\/fr.timesofisrael.com\/le-procureur-de-la-cpi-dit-avoir-lobjectif-de-visiter-la-palestine-en-2023\/\">\u00ab&nbsp;visiter&nbsp;\u00bb<\/a> la Palestine. Depuis, de nouvelles op\u00e9rations et des raids militaires isra\u00e9liens ont eu lieu <a href=\"https:\/\/www.france24.com\/fr\/moyen-orient\/20230405-isra%C3%ABl-essuie-des-critiques-apr%C3%A8s-des-heurts-dans-la-mosqu%C3%A9e-al-aqsa-%C3%A0-j%C3%A9rusalem\">dans la Vieille ville de J\u00e9rusalem, sur l\u2019esplanade des Mosqu\u00e9es<\/a>, dans la bande de Gaza et dans de nombreuses villes de Cisjordanie, \u00e0 <a href=\"https:\/\/www.liberation.fr\/international\/moyen-orient\/raid-a-naplouse-au-moins-trois-personnes-tuees-par-larmee-israelienne-20230222_X7OF67WKYRHC5GRWTL4K2VJAHA\/\">J\u00e9nine<\/a>, \u00e0 <a href=\"https:\/\/www.lemonde.fr\/international\/article\/2023\/02\/23\/naplouse-frappee-par-un-raid-israelien-meurtrier_6162983_3210.html\">Naplouse<\/a>, etc. Plusieurs raisons expliquent la paralysie du dossier palestinien \u00e0 la CPI.<\/p>\n\n\n\n<p>Tout d\u2019abord, les autorit\u00e9s isra\u00e9liennes n\u2019entendent pas coop\u00e9rer avec le Procureur et devraient refuser aux membres de la Cour d\u2019entrer dans les territoires isra\u00e9lien et palestinien pour r\u00e9colter les preuves mat\u00e9rielles. Ensuite, le Procureur m\u00e8ne une politique pragmatique dans la gestion de ses enqu\u00eates, li\u00e9e en partie au manque de moyens dont il dispose. L\u2019invasion russe de l\u2019Ukraine en f\u00e9vrier 2022 renforce cette n\u00e9cessit\u00e9 de <a href=\"https:\/\/theconversation.com\/mandat-darret-de-la-cpi-contre-vladimir-poutine-une-victoire-pour-la-justice-internationale-202536\">priorisation des dossiers<\/a>.<\/p>\n\n\n\n<p>Pour mener son enqu\u00eate en Ukraine, Khan peut compter sur un soutien financier, humain et politique sans pr\u00e9c\u00e9dent de <a href=\"https:\/\/www.francetvinfo.fr\/monde\/europe\/manifestations-en-ukraine\/crimes-de-guerre-en-ukraine-quel-role-joue-la-france-dans-l-enquete-de-la-cour-penale-internationale_5131897.html\">la part des pays europ\u00e9ens notamment<\/a>, ce qui n\u2019est pas le cas dans le dossier palestinien. <a href=\"https:\/\/www.ouest-france.fr\/monde\/guerre-en-ukraine\/guerre-en-ukraine-la-cour-penale-internationale-va-ouvrir-un-bureau-a-kiev-db12623b-404e-49e3-ab0d-17e8799d107f\">Un bureau de la Cour va, par exemple, \u00eatre ouvert \u00e0 Kiev<\/a> pour faciliter la r\u00e9colte des preuves et la collaboration avec les autorit\u00e9s ukrainiennes. Le 17&nbsp;mars dernier, <a href=\"https:\/\/www.icc-cpi.int\/fr\/news\/situation-ukraine-icc-judges-issue-arrest-warrants-against-vladimir-vladimirovich-putin-and\">deux mandats d\u2019arr\u00eat sont \u00e9mis par la Cour<\/a>, dont un contre le pr\u00e9sident russe, Vladimir Poutine. Tout cela d\u00e9montre la capacit\u00e9 de la justice p\u00e9nale internationale \u00e0 fonctionner, d\u00e8s lors que la soci\u00e9t\u00e9 internationale s\u2019investit.<\/p>\n\n\n\n<h2 class=\"wp-block-heading\" id=\"h-deux-poids-deux-mesures\">\u00ab\u00a0Deux poids deux mesures\u00a0\u00bb<\/h2>\n\n\n\n<p>L\u2019Autorit\u00e9 palestinienne reproche aux \u00c9tats occidentaux et \u00e0 la Cour de ne pas en faire de m\u00eame dans la situation en Palestine. L\u2019id\u00e9e d\u2019un \u00ab&nbsp;deux poids, deux mesures&nbsp;\u00bb traverse l\u2019appareil politique et la population palestiniens. L\u2019AP s\u2019inqui\u00e8te de voir l\u2019enqu\u00eate abandonn\u00e9e, ce qui mettrait \u00e0 mal sa strat\u00e9gie multilat\u00e9rale. Pourtant, la simple mise en accusation de dirigeants isra\u00e9liens lui suffirait pour affirmer son statut de victime et d\u00e9noncer l\u2019injustice persistante que les Palestiniens disent subir. Comme r\u00e9ponse \u00e0 cette injustice, l\u2019AP pourrait alors rappeler l\u2019importance de la mise en \u0153uvre du droit du peuple palestinien \u00e0 l\u2019autod\u00e9termination, qui passerait par l\u2019\u00e9tablissement et la reconnaissance d\u2019un \u00c9tat de Palestine.<\/p>\n\n\n\n<p>Aussi, \u00e0 ce jour, les attentes de l\u2019AP semblent d\u00e9mesur\u00e9es. Comment esp\u00e9rer qu\u2019une juridiction internationale puisse \u00e9tablir la paix, alors que le conflit isra\u00e9lo-palestinien dure depuis plusieurs d\u00e9cennies et que les acteurs internationaux n\u2019ont jamais \u00e9t\u00e9 en mesure de mener \u00e0 bien le processus de paix\u00a0? Enfin, sa strat\u00e9gie de recours aux organisations internationales ne doit pas masquer la d\u00e9t\u00e9rioration de la situation en Isra\u00ebl et en Palestine, li\u00e9e \u00e0 l\u2019arriv\u00e9e au pouvoir du <a href=\"https:\/\/www.lepoint.fr\/monde\/netanyahou-forme-le-gouvernement-le-plus-a-droite-de-l-histoire-d-israel-29-12-2022-2503183_24.php\">gouvernement le plus \u00e0 droite qu\u2019ait connu Isra\u00ebl<\/a>, \u00e0 l\u2019acc\u00e9l\u00e9ration de la colonisation et de l\u2019annexion du territoire palestinien, \u00e0 la d\u00e9gradation des conditions de vie des Palestiniens, sans oublier <a href=\"https:\/\/www.ouest-france.fr\/monde\/palestine\/de-plus-en-plus-conteste-le-pouvoir-palestinien-cogne-durement-e960c27e-e326-11eb-894b-70382da6da6d\">l\u2019incapacit\u00e9 de l\u2019Autorit\u00e9 palestinienne<\/a> \u00e0 s\u2019affirmer comme v\u00e9ritable repr\u00e9sentant du peuple palestinien.<\/p>\n\n\n\n<div style=\"height:5px\" aria-hidden=\"true\" class=\"wp-block-spacer\"><\/div>\n\n\n\n<hr class=\"wp-block-separator has-alpha-channel-opacity\"\/>\n\n\n\n<div style=\"height:15px\" aria-hidden=\"true\" class=\"wp-block-spacer\"><\/div>\n\n\n\n<p><em>Cet article, l\u00e9g\u00e8rement modifi\u00e9 par Justice Info, est republi\u00e9 \u00e0 partir de <a href=\"https:\/\/theconversation.com\/fr\" target=\"_blank\" rel=\"noreferrer noopener\">The Conversation France<\/a> sous licence Creative Commons. Lire <a href=\"https:\/\/theconversation.com\/lavenir-incertain-de-la-palestine-a-la-cour-penale-internationale-202162\" target=\"_blank\" rel=\"noreferrer noopener\">l\u2019article original<\/a>.<\/em><!-- Ci-dessous se trouve le compteur de pages de The Conversation. Veuillez ne pas l'enlever. --><img loading=\"lazy\" decoding=\"async\" src=\"https:\/\/counter.theconversation.com\/content\/202162\/count.gif?distributor=republish-lightbox-basic\" alt=\"The Conversation\" style=\"border: none !important; box-shadow: none !important; margin: 0 !important; max-height: 1px !important; max-width: 1px !important; min-height: 1px !important; min-width: 1px !important; opacity: 0 !important; outline: none !important; padding: 0 !important\" referrerpolicy=\"no-referrer-when-downgrade\" width=\"1\" height=\"1\"><!-- Fin du code. Si vous ne voyez aucun code ci-dessus, veuillez obtenir un nouveau code dans l'onglet \u00ab Avanc\u00e9 \u00bb apr\u00e8s avoir cliqu\u00e9 sur le bouton \u00ab Republier \u00bb. Le compteur de pages ne collecte aucune donn\u00e9e personnelle. Plus d'informations : http:\/\/theconversation.com\/republishing-guidelines --><\/p>\n\n\n<div class=\"articleLink articleLink--editorRecommanded articleLink--textInImage articleLink--textTop\" style=\"\">\r\n\t\t\t\t\t\r\n\t\t\t<div class=\"articleLinkSurTitle\">Recommand\u00e9 par la r\u00e9daction<\/div>\r\n\t\t\t<a class=\"articleLinkImageLink\" href=\"https:\/\/www.justiceinfo.net\/fr\/114122-mandats-darret-de-la-cpi-contre-poutine-que-disent-les-experts.html\"><div class=\"articleLinkImageContainer \"><img loading=\"lazy\" decoding=\"async\" width=\"540\" height=\"360\" src=\"https:\/\/www.justiceinfo.net\/wp-content\/uploads\/karim-khan-540x360.jpg\" class=\"articleLinkImage backgroundImageTag w-100 wp-post-image\" alt=\"CPI contre Poutine - Visite de Karim Khan en Ukraine\" srcset=\"\" sizes=\"auto, (max-width: 540px) 100vw, 540px\" \/><\/div><\/a>\r\n\t\t\t<a href=\"https:\/\/www.justiceinfo.net\/fr\/114122-mandats-darret-de-la-cpi-contre-poutine-que-disent-les-experts.html\" class=\"articleLinkTitle articleLinkTitle--default\">\r\n\t\t\tMandats d'arr\u00eat de la CPI contre Poutine : que disent les experts ?\r\n\t\t<\/a>\r\n\t\t\r\n\t\t\t\t<\/div>\n","protected":false},"excerpt":{"rendered":"<p>L\u2019un des effets de la mise en accusation de deux dirigeants russes par la Cour p\u00e9nale internationale (CPI), dont Vladimir Poutine, est d\u2019accentuer la pression sur le procureur de la CPI pour qu\u2019il fasse preuve d\u2019une m\u00eame fermet\u00e9 sur d\u2019autres dossiers. Dont celui de la Palestine - et des dirigeants isra\u00e9liens notamment. Les universitaires Insaf [&hellip;]<\/p>\n","protected":false},"author":64,"featured_media":115796,"comment_status":"open","ping_status":"closed","sticky":false,"template":"","format":"standard","meta":{"_acf_changed":false,"footnotes":""},"categories":[570,575],"tags":[],"ji_location":[2402],"class_list":["post-115795","post","type-post","status-publish","format-standard","has-post-thumbnail","hentry","category-cpi","category-opinions","ji_location-palestine"],"acf":[],"yoast_head":"<!-- This site is optimized with the Yoast SEO Premium plugin v25.3.1 (Yoast SEO v25.3.1) - https:\/\/yoast.com\/wordpress\/plugins\/seo\/ -->\n<title>Palestine : l&#039;autre d\u00e9fi de la CPI<\/title>\n<meta name=\"description\" content=\"Dans le contexte de la mise en accusation des dirigeants russes par la Cour p\u00e9nale internationale, retour sur le dossier de la Palestine devant la CPI.\" \/>\n<meta name=\"robots\" content=\"index, follow, max-snippet:-1, max-image-preview:large, max-video-preview:-1\" \/>\n<link rel=\"canonical\" href=\"https:\/\/www.justiceinfo.net\/fr\/115795-defi-palestinien-devant-cpi.html\" \/>\n<meta property=\"og:locale\" content=\"fr_FR\" \/>\n<meta property=\"og:type\" content=\"article\" \/>\n<meta property=\"og:title\" content=\"Le d\u00e9fi palestinien devant la CPI\" \/>\n<meta property=\"og:description\" content=\"Dans le contexte de la mise en accusation des dirigeants russes par la Cour p\u00e9nale internationale, retour sur le dossier de la Palestine devant la CPI.\" \/>\n<meta property=\"og:url\" content=\"https:\/\/www.justiceinfo.net\/fr\/115795-defi-palestinien-devant-cpi.html\" \/>\n<meta property=\"og:site_name\" content=\"JusticeInfo.net\" \/>\n<meta property=\"article:publisher\" content=\"https:\/\/www.facebook.com\/JusticeInfo\/\" \/>\n<meta property=\"article:published_time\" content=\"2023-04-24T08:39:10+00:00\" \/>\n<meta property=\"article:modified_time\" content=\"2023-04-24T08:39:11+00:00\" \/>\n<meta property=\"og:image\" content=\"https:\/\/www.justiceinfo.net\/wp-content\/uploads\/Palestine_international-criminal-court-icc-cpi_@ramzy-taweel.jpg\" \/>\n\t<meta property=\"og:image:width\" content=\"1200\" \/>\n\t<meta property=\"og:image:height\" content=\"848\" \/>\n\t<meta property=\"og:image:type\" content=\"image\/jpeg\" \/>\n<meta name=\"author\" content=\"Insaf Rezagui et Mohammed Qawasma\" \/>\n<meta name=\"twitter:card\" content=\"summary_large_image\" \/>\n<meta name=\"twitter:creator\" content=\"@justiceinfonet\" \/>\n<meta name=\"twitter:site\" content=\"@justiceinfonet\" \/>\n<meta name=\"twitter:label1\" content=\"\u00c9crit par\" \/>\n\t<meta name=\"twitter:data1\" content=\"Insaf Rezagui et Mohammed Qawasma\" \/>\n\t<meta name=\"twitter:label2\" content=\"Dur\u00e9e de lecture estim\u00e9e\" \/>\n\t<meta name=\"twitter:data2\" content=\"9 minutes\" \/>\n<script type=\"application\/ld+json\" class=\"yoast-schema-graph\">{\"@context\":\"https:\/\/schema.org\",\"@graph\":[{\"@type\":\"NewsArticle\",\"@id\":\"https:\/\/www.justiceinfo.net\/fr\/115795-defi-palestinien-devant-cpi.html#article\",\"isPartOf\":{\"@id\":\"https:\/\/www.justiceinfo.net\/fr\/115795-defi-palestinien-devant-cpi.html\"},\"author\":{\"name\":\"solivri\",\"@id\":\"https:\/\/www.justiceinfo.net\/fr#\/schema\/person\/6e53cba1629e2e66f3fc1821d3091865\"},\"headline\":\"Le d\u00e9fi palestinien devant la CPI\",\"datePublished\":\"2023-04-24T08:39:10+00:00\",\"dateModified\":\"2023-04-24T08:39:11+00:00\",\"mainEntityOfPage\":{\"@id\":\"https:\/\/www.justiceinfo.net\/fr\/115795-defi-palestinien-devant-cpi.html\"},\"wordCount\":1803,\"commentCount\":0,\"publisher\":{\"@id\":\"https:\/\/www.justiceinfo.net\/fr#organization\"},\"image\":{\"@id\":\"https:\/\/www.justiceinfo.net\/fr\/115795-defi-palestinien-devant-cpi.html#primaryimage\"},\"thumbnailUrl\":\"https:\/\/www.justiceinfo.net\/wp-content\/uploads\/Palestine_international-criminal-court-icc-cpi_@ramzy-taweel.jpg\",\"articleSection\":[\"CPI\",\"Opinions\"],\"inLanguage\":\"fr-FR\",\"potentialAction\":[{\"@type\":\"CommentAction\",\"name\":\"Comment\",\"target\":[\"https:\/\/www.justiceinfo.net\/fr\/115795-defi-palestinien-devant-cpi.html#respond\"]}]},{\"@type\":\"WebPage\",\"@id\":\"https:\/\/www.justiceinfo.net\/fr\/115795-defi-palestinien-devant-cpi.html\",\"url\":\"https:\/\/www.justiceinfo.net\/fr\/115795-defi-palestinien-devant-cpi.html\",\"name\":\"Palestine : l'autre d\u00e9fi de la CPI\",\"isPartOf\":{\"@id\":\"https:\/\/www.justiceinfo.net\/fr#website\"},\"primaryImageOfPage\":{\"@id\":\"https:\/\/www.justiceinfo.net\/fr\/115795-defi-palestinien-devant-cpi.html#primaryimage\"},\"image\":{\"@id\":\"https:\/\/www.justiceinfo.net\/fr\/115795-defi-palestinien-devant-cpi.html#primaryimage\"},\"thumbnailUrl\":\"https:\/\/www.justiceinfo.net\/wp-content\/uploads\/Palestine_international-criminal-court-icc-cpi_@ramzy-taweel.jpg\",\"datePublished\":\"2023-04-24T08:39:10+00:00\",\"dateModified\":\"2023-04-24T08:39:11+00:00\",\"description\":\"Dans le contexte de la mise en accusation des dirigeants russes par la Cour p\u00e9nale internationale, retour sur le dossier de la Palestine devant la CPI.\",\"breadcrumb\":{\"@id\":\"https:\/\/www.justiceinfo.net\/fr\/115795-defi-palestinien-devant-cpi.html#breadcrumb\"},\"inLanguage\":\"fr-FR\",\"potentialAction\":[{\"@type\":\"ReadAction\",\"target\":[\"https:\/\/www.justiceinfo.net\/fr\/115795-defi-palestinien-devant-cpi.html\"]}]},{\"@type\":\"ImageObject\",\"inLanguage\":\"fr-FR\",\"@id\":\"https:\/\/www.justiceinfo.net\/fr\/115795-defi-palestinien-devant-cpi.html#primaryimage\",\"url\":\"https:\/\/www.justiceinfo.net\/wp-content\/uploads\/Palestine_international-criminal-court-icc-cpi_@ramzy-taweel.jpg\",\"contentUrl\":\"https:\/\/www.justiceinfo.net\/wp-content\/uploads\/Palestine_international-criminal-court-icc-cpi_@ramzy-taweel.jpg\",\"width\":1200,\"height\":848,\"caption\":\"Dessin de Ramzy Taweel, illustrateur palestinien, r\u00e9alis\u00e9 en d\u00e9cembre 2019.\"},{\"@type\":\"BreadcrumbList\",\"@id\":\"https:\/\/www.justiceinfo.net\/fr\/115795-defi-palestinien-devant-cpi.html#breadcrumb\",\"itemListElement\":[{\"@type\":\"ListItem\",\"position\":1,\"name\":\"Home\",\"item\":\"https:\/\/www.justiceinfo.net\/fr\"},{\"@type\":\"ListItem\",\"position\":2,\"name\":\"Le d\u00e9fi palestinien devant la CPI\"}]},{\"@type\":\"WebSite\",\"@id\":\"https:\/\/www.justiceinfo.net\/fr#website\",\"url\":\"https:\/\/www.justiceinfo.net\/fr\",\"name\":\"JusticeInfo.net\",\"description\":\"La justice doit \u00eatre vue pour \u00eatre rendue\",\"publisher\":{\"@id\":\"https:\/\/www.justiceinfo.net\/fr#organization\"},\"potentialAction\":[{\"@type\":\"SearchAction\",\"target\":{\"@type\":\"EntryPoint\",\"urlTemplate\":\"https:\/\/www.justiceinfo.net\/fr?s={search_term_string}\"},\"query-input\":{\"@type\":\"PropertyValueSpecification\",\"valueRequired\":true,\"valueName\":\"search_term_string\"}}],\"inLanguage\":\"fr-FR\"},{\"@type\":\"Organization\",\"@id\":\"https:\/\/www.justiceinfo.net\/fr#organization\",\"name\":\"Justice Info\",\"url\":\"https:\/\/www.justiceinfo.net\/fr\",\"logo\":{\"@type\":\"ImageObject\",\"inLanguage\":\"fr-FR\",\"@id\":\"https:\/\/www.justiceinfo.net\/fr#\/schema\/logo\/image\/\",\"url\":\"https:\/\/www.justiceinfo.net\/wp-content\/uploads\/justiceinfo_logo-trans_1200x1200px.png\",\"contentUrl\":\"https:\/\/www.justiceinfo.net\/wp-content\/uploads\/justiceinfo_logo-trans_1200x1200px.png\",\"width\":1199,\"height\":1200,\"caption\":\"Justice Info\"},\"image\":{\"@id\":\"https:\/\/www.justiceinfo.net\/fr#\/schema\/logo\/image\/\"},\"sameAs\":[\"https:\/\/www.facebook.com\/JusticeInfo\/\",\"https:\/\/x.com\/justiceinfonet\",\"https:\/\/www.linkedin.com\/company\/justice-info\",\"https:\/\/www.youtube.com\/channel\/UCyCEsARodyuWtkWyhn-e7pA\"]},{\"@type\":\"Person\",\"name\":\"Insaf Rezagui et Mohammed Qawasma\",\"url\":\"\/fr\/?s=Insaf Rezagui et Mohammed Qawasma\"}]}<\/script>\n<!-- \/ Yoast SEO Premium plugin. -->","yoast_head_json":{"title":"Palestine : l'autre d\u00e9fi de la CPI","description":"Dans le contexte de la mise en accusation des dirigeants russes par la Cour p\u00e9nale internationale, retour sur le dossier de la Palestine devant la CPI.","robots":{"index":"index","follow":"follow","max-snippet":"max-snippet:-1","max-image-preview":"max-image-preview:large","max-video-preview":"max-video-preview:-1"},"canonical":"https:\/\/www.justiceinfo.net\/fr\/115795-defi-palestinien-devant-cpi.html","og_locale":"fr_FR","og_type":"article","og_title":"Le d\u00e9fi palestinien devant la CPI","og_description":"Dans le contexte de la mise en accusation des dirigeants russes par la Cour p\u00e9nale internationale, retour sur le dossier de la Palestine devant la CPI.","og_url":"https:\/\/www.justiceinfo.net\/fr\/115795-defi-palestinien-devant-cpi.html","og_site_name":"JusticeInfo.net","article_publisher":"https:\/\/www.facebook.com\/JusticeInfo\/","article_published_time":"2023-04-24T08:39:10+00:00","article_modified_time":"2023-04-24T08:39:11+00:00","og_image":[{"width":1200,"height":848,"url":"https:\/\/www.justiceinfo.net\/wp-content\/uploads\/Palestine_international-criminal-court-icc-cpi_@ramzy-taweel.jpg","type":"image\/jpeg"}],"author":"Insaf Rezagui et Mohammed Qawasma","twitter_card":"summary_large_image","twitter_creator":"@justiceinfonet","twitter_site":"@justiceinfonet","twitter_misc":{"\u00c9crit par":"Insaf Rezagui et Mohammed Qawasma","Dur\u00e9e de lecture estim\u00e9e":"9 minutes"},"schema":{"@context":"https:\/\/schema.org","@graph":[{"@type":"NewsArticle","@id":"https:\/\/www.justiceinfo.net\/fr\/115795-defi-palestinien-devant-cpi.html#article","isPartOf":{"@id":"https:\/\/www.justiceinfo.net\/fr\/115795-defi-palestinien-devant-cpi.html"},"author":{"name":"solivri","@id":"https:\/\/www.justiceinfo.net\/fr#\/schema\/person\/6e53cba1629e2e66f3fc1821d3091865"},"headline":"Le d\u00e9fi palestinien devant la CPI","datePublished":"2023-04-24T08:39:10+00:00","dateModified":"2023-04-24T08:39:11+00:00","mainEntityOfPage":{"@id":"https:\/\/www.justiceinfo.net\/fr\/115795-defi-palestinien-devant-cpi.html"},"wordCount":1803,"commentCount":0,"publisher":{"@id":"https:\/\/www.justiceinfo.net\/fr#organization"},"image":{"@id":"https:\/\/www.justiceinfo.net\/fr\/115795-defi-palestinien-devant-cpi.html#primaryimage"},"thumbnailUrl":"https:\/\/www.justiceinfo.net\/wp-content\/uploads\/Palestine_international-criminal-court-icc-cpi_@ramzy-taweel.jpg","articleSection":["CPI","Opinions"],"inLanguage":"fr-FR","potentialAction":[{"@type":"CommentAction","name":"Comment","target":["https:\/\/www.justiceinfo.net\/fr\/115795-defi-palestinien-devant-cpi.html#respond"]}]},{"@type":"WebPage","@id":"https:\/\/www.justiceinfo.net\/fr\/115795-defi-palestinien-devant-cpi.html","url":"https:\/\/www.justiceinfo.net\/fr\/115795-defi-palestinien-devant-cpi.html","name":"Palestine : l'autre d\u00e9fi de la CPI","isPartOf":{"@id":"https:\/\/www.justiceinfo.net\/fr#website"},"primaryImageOfPage":{"@id":"https:\/\/www.justiceinfo.net\/fr\/115795-defi-palestinien-devant-cpi.html#primaryimage"},"image":{"@id":"https:\/\/www.justiceinfo.net\/fr\/115795-defi-palestinien-devant-cpi.html#primaryimage"},"thumbnailUrl":"https:\/\/www.justiceinfo.net\/wp-content\/uploads\/Palestine_international-criminal-court-icc-cpi_@ramzy-taweel.jpg","datePublished":"2023-04-24T08:39:10+00:00","dateModified":"2023-04-24T08:39:11+00:00","description":"Dans le contexte de la mise en accusation des dirigeants russes par la Cour p\u00e9nale internationale, retour sur le dossier de la Palestine devant la CPI.","breadcrumb":{"@id":"https:\/\/www.justiceinfo.net\/fr\/115795-defi-palestinien-devant-cpi.html#breadcrumb"},"inLanguage":"fr-FR","potentialAction":[{"@type":"ReadAction","target":["https:\/\/www.justiceinfo.net\/fr\/115795-defi-palestinien-devant-cpi.html"]}]},{"@type":"ImageObject","inLanguage":"fr-FR","@id":"https:\/\/www.justiceinfo.net\/fr\/115795-defi-palestinien-devant-cpi.html#primaryimage","url":"https:\/\/www.justiceinfo.net\/wp-content\/uploads\/Palestine_international-criminal-court-icc-cpi_@ramzy-taweel.jpg","contentUrl":"https:\/\/www.justiceinfo.net\/wp-content\/uploads\/Palestine_international-criminal-court-icc-cpi_@ramzy-taweel.jpg","width":1200,"height":848,"caption":"Dessin de Ramzy Taweel, illustrateur palestinien, r\u00e9alis\u00e9 en d\u00e9cembre 2019."},{"@type":"BreadcrumbList","@id":"https:\/\/www.justiceinfo.net\/fr\/115795-defi-palestinien-devant-cpi.html#breadcrumb","itemListElement":[{"@type":"ListItem","position":1,"name":"Home","item":"https:\/\/www.justiceinfo.net\/fr"},{"@type":"ListItem","position":2,"name":"Le d\u00e9fi palestinien devant la CPI"}]},{"@type":"WebSite","@id":"https:\/\/www.justiceinfo.net\/fr#website","url":"https:\/\/www.justiceinfo.net\/fr","name":"JusticeInfo.net","description":"La justice doit \u00eatre vue pour \u00eatre rendue","publisher":{"@id":"https:\/\/www.justiceinfo.net\/fr#organization"},"potentialAction":[{"@type":"SearchAction","target":{"@type":"EntryPoint","urlTemplate":"https:\/\/www.justiceinfo.net\/fr?s={search_term_string}"},"query-input":{"@type":"PropertyValueSpecification","valueRequired":true,"valueName":"search_term_string"}}],"inLanguage":"fr-FR"},{"@type":"Organization","@id":"https:\/\/www.justiceinfo.net\/fr#organization","name":"Justice Info","url":"https:\/\/www.justiceinfo.net\/fr","logo":{"@type":"ImageObject","inLanguage":"fr-FR","@id":"https:\/\/www.justiceinfo.net\/fr#\/schema\/logo\/image\/","url":"https:\/\/www.justiceinfo.net\/wp-content\/uploads\/justiceinfo_logo-trans_1200x1200px.png","contentUrl":"https:\/\/www.justiceinfo.net\/wp-content\/uploads\/justiceinfo_logo-trans_1200x1200px.png","width":1199,"height":1200,"caption":"Justice Info"},"image":{"@id":"https:\/\/www.justiceinfo.net\/fr#\/schema\/logo\/image\/"},"sameAs":["https:\/\/www.facebook.com\/JusticeInfo\/","https:\/\/x.com\/justiceinfonet","https:\/\/www.linkedin.com\/company\/justice-info","https:\/\/www.youtube.com\/channel\/UCyCEsARodyuWtkWyhn-e7pA"]},{"@type":"Person","name":"Insaf Rezagui et Mohammed Qawasma","url":"\/fr\/?s=Insaf Rezagui et Mohammed Qawasma"}]}},"_links":{"self":[{"href":"https:\/\/www.justiceinfo.net\/fr\/wp-json\/wp\/v2\/posts\/115795","targetHints":{"allow":["GET"]}}],"collection":[{"href":"https:\/\/www.justiceinfo.net\/fr\/wp-json\/wp\/v2\/posts"}],"about":[{"href":"https:\/\/www.justiceinfo.net\/fr\/wp-json\/wp\/v2\/types\/post"}],"author":[{"embeddable":true,"href":"https:\/\/www.justiceinfo.net\/fr\/wp-json\/wp\/v2\/users\/64"}],"replies":[{"embeddable":true,"href":"https:\/\/www.justiceinfo.net\/fr\/wp-json\/wp\/v2\/comments?post=115795"}],"version-history":[{"count":19,"href":"https:\/\/www.justiceinfo.net\/fr\/wp-json\/wp\/v2\/posts\/115795\/revisions"}],"predecessor-version":[{"id":115819,"href":"https:\/\/www.justiceinfo.net\/fr\/wp-json\/wp\/v2\/posts\/115795\/revisions\/115819"}],"wp:featuredmedia":[{"embeddable":true,"href":"https:\/\/www.justiceinfo.net\/fr\/wp-json\/wp\/v2\/media\/115796"}],"wp:attachment":[{"href":"https:\/\/www.justiceinfo.net\/fr\/wp-json\/wp\/v2\/media?parent=115795"}],"wp:term":[{"taxonomy":"category","embeddable":true,"href":"https:\/\/www.justiceinfo.net\/fr\/wp-json\/wp\/v2\/categories?post=115795"},{"taxonomy":"post_tag","embeddable":true,"href":"https:\/\/www.justiceinfo.net\/fr\/wp-json\/wp\/v2\/tags?post=115795"},{"taxonomy":"ji_location","embeddable":true,"href":"https:\/\/www.justiceinfo.net\/fr\/wp-json\/wp\/v2\/ji_location?post=115795"}],"curies":[{"name":"wp","href":"https:\/\/api.w.org\/{rel}","templated":true}]}}