{"id":11586,"date":"2009-09-03T00:00:00","date_gmt":"2009-09-02T22:00:00","guid":{"rendered":"https:\/\/www.justiceinfo.net\/11586-030909-tpirkanyarukiga-kanyarukiga-accuse-davoir-fete-la-destruction-de-leglise-de-nyange8394.html"},"modified":"2009-09-03T00:00:00","modified_gmt":"2009-09-02T22:00:00","slug":"030909-tpirkanyarukiga-kanyarukiga-accuse-davoir-fete-la-destruction-de-leglise-de-nyange8394","status":"publish","type":"post","link":"https:\/\/www.justiceinfo.net\/fr\/11586-030909-tpirkanyarukiga-kanyarukiga-accuse-davoir-fete-la-destruction-de-leglise-de-nyange8394.html","title":{"rendered":"03.09.09 - TPIR\/KANYARUKIGA - KANYARUKIGA ACCUSE D'AVOIR FETE LA DESTRUCTION DE L'EGLISE DE NYANGE"},"content":{"rendered":"<p>Arusha, 3 septembre 2009 (FH) - Un t&eacute;moin &agrave; charge dans le proc&egrave;s de l'homme d'affaires Gaspard Kanyarukiga a affirm&eacute; jeudi, devant le Tribunal p&eacute;nal international pour le Rwanda (TPIR), que l'accus&eacute; avait f&ecirc;t&eacute; la d&eacute;molition en avril 1994 de l'&eacute;glise de Nyange, dans l'ouest du pays.<br \/>\n<!--more--><\/p>\n<p >\n<p >\nSelon le procureur, entre 1.500 et 2.000 Tutsis qui avaient cherch&eacute; refuge dans cette &eacute;glise y p&eacute;rirent lorsqu'elle fut d&eacute;truite par un bulldozer le 16 avril 1994.\n<\/p>\n<p >\nL'acte d'accusation all&egrave;gue que l'&eacute;difice religieux fut ras&eacute; sur ordre de Kanyarukiga et d'autres personnes influentes de la r&eacute;gion, comme l'abb&eacute; Athanase Seromba, condamn&eacute; &agrave; la prison &agrave; vie pour ce massacre.\n<\/p>\n<p >\nSelon le t&eacute;moin CBK, ainsi d&eacute;sign&eacute; pour dissimuler son identit&eacute;, Kanyarukiga et les autorit&eacute;s de la commune Kivumu abritant la paroisse de Nyange sont all&eacute;s se r&eacute;jouir en buvant de la bi&egrave;re et du vin apr&egrave;s la destruction de l'&eacute;glise.\n<\/p>\n<p >\nCBK, troisi&egrave;me t&eacute;moin de l'accusation depuis l'ouverture du proc&egrave;s lundi, a indiqu&eacute; les avoir vus de ses propres yeux.\n<\/p>\n<p >\nAccus&eacute; d'entente en vue de commettre le g&eacute;nocide, g&eacute;nocide et extermination, Kanyarukiga, qui clame son innocence, a &eacute;t&eacute; arr&ecirc;t&eacute; en Afrique du Sud le 16 juillet 2004 et transf&eacute;r&eacute; 3 jours apr&egrave;s au centre de d&eacute;tention du TPIR &agrave; Arusha, en Tanzanie.\n<\/p>\n<p >\nNI-ER\/GF\n<\/p>\n<p>\n&copy; Agence Hirondelle<\/p>\n","protected":false},"excerpt":{"rendered":"<p>Arusha, 3 septembre 2009 (FH) - Un t&eacute;moin &agrave; charge dans le proc&egrave;s de l'homme d'affaires Gaspard Kanyarukiga a affirm&eacute; jeudi, devant le Tribunal p&eacute;nal international pour le Rwanda (TPIR), que l'accus&eacute; avait f&ecirc;t&eacute; la d&eacute;molition en avril 1994 de l'&eacute;glise de Nyange, dans l'ouest du pays.<\/p>\n","protected":false},"author":64,"featured_media":0,"comment_status":"open","ping_status":"closed","sticky":false,"template":"","format":"standard","meta":{"_acf_changed":false,"footnotes":""},"categories":[554],"tags":[],"ji_location":[],"class_list":["post-11586","post","type-post","status-publish","format-standard","hentry","category-hirondellenews"],"acf":[],"yoast_head":"<!-- This site is optimized with the Yoast SEO Premium plugin v25.3.1 (Yoast SEO v25.3.1) - https:\/\/yoast.com\/wordpress\/plugins\/seo\/ -->\n<title>03.09.09 - TPIR\/KANYARUKIGA - KANYARUKIGA ACCUSE D&#039;AVOIR FETE LA DESTRUCTION DE L&#039;EGLISE DE NYANGE - JusticeInfo.net<\/title>\n<meta name=\"robots\" content=\"index, follow, max-snippet:-1, max-image-preview:large, max-video-preview:-1\" \/>\n<link rel=\"canonical\" href=\"https:\/\/www.justiceinfo.net\/fr\/11586-030909-tpirkanyarukiga-kanyarukiga-accuse-davoir-fete-la-destruction-de-leglise-de-nyange8394.html\" \/>\n<meta property=\"og:locale\" content=\"fr_FR\" \/>\n<meta property=\"og:type\" content=\"article\" \/>\n<meta property=\"og:title\" content=\"03.09.09 - TPIR\/KANYARUKIGA - KANYARUKIGA ACCUSE D&#039;AVOIR FETE LA DESTRUCTION DE L&#039;EGLISE DE NYANGE\" \/>\n<meta property=\"og:description\" content=\"Arusha, 3 septembre 2009 (FH) - Un t&eacute;moin &agrave; charge dans le proc&egrave;s de l&#039;homme d&#039;affaires Gaspard Kanyarukiga a affirm&eacute; jeudi, devant le Tribunal p&eacute;nal international pour le Rwanda (TPIR), que l&#039;accus&eacute; avait f&ecirc;t&eacute; la d&eacute;molition en avril 1994 de l&#039;&eacute;glise de Nyange, dans l&#039;ouest du pays.\" \/>\n<meta property=\"og:url\" content=\"https:\/\/www.justiceinfo.net\/fr\/11586-030909-tpirkanyarukiga-kanyarukiga-accuse-davoir-fete-la-destruction-de-leglise-de-nyange8394.html\" \/>\n<meta property=\"og:site_name\" content=\"JusticeInfo.net\" \/>\n<meta property=\"article:publisher\" content=\"https:\/\/www.facebook.com\/JusticeInfo\/\" \/>\n<meta property=\"article:published_time\" content=\"2009-09-02T22:00:00+00:00\" \/>\n<meta property=\"og:image\" content=\"https:\/\/www.justiceinfo.net\/wp-content\/uploads\/JusticeInfoNet_logo_1200x630px.jpg\" \/>\n\t<meta property=\"og:image:width\" content=\"1200\" \/>\n\t<meta property=\"og:image:height\" content=\"630\" \/>\n\t<meta property=\"og:image:type\" content=\"image\/jpeg\" \/>\n<meta name=\"author\" content=\"solivri\" \/>\n<meta name=\"twitter:card\" content=\"summary_large_image\" \/>\n<meta name=\"twitter:creator\" content=\"@justiceinfonet\" \/>\n<meta name=\"twitter:site\" content=\"@justiceinfonet\" \/>\n<meta name=\"twitter:label1\" content=\"\u00c9crit par\" \/>\n\t<meta name=\"twitter:data1\" content=\"solivri\" \/>\n\t<meta name=\"twitter:label2\" content=\"Dur\u00e9e de lecture estim\u00e9e\" \/>\n\t<meta name=\"twitter:data2\" content=\"1 minute\" \/>\n<script type=\"application\/ld+json\" class=\"yoast-schema-graph\">{\"@context\":\"https:\/\/schema.org\",\"@graph\":[{\"@type\":\"NewsArticle\",\"@id\":\"https:\/\/www.justiceinfo.net\/fr\/11586-030909-tpirkanyarukiga-kanyarukiga-accuse-davoir-fete-la-destruction-de-leglise-de-nyange8394.html#article\",\"isPartOf\":{\"@id\":\"https:\/\/www.justiceinfo.net\/fr\/11586-030909-tpirkanyarukiga-kanyarukiga-accuse-davoir-fete-la-destruction-de-leglise-de-nyange8394.html\"},\"author\":{\"name\":\"solivri\",\"@id\":\"https:\/\/www.justiceinfo.net\/fr#\/schema\/person\/6e53cba1629e2e66f3fc1821d3091865\"},\"headline\":\"03.09.09 - TPIR\/KANYARUKIGA - KANYARUKIGA ACCUSE D'AVOIR FETE LA DESTRUCTION DE L'EGLISE DE NYANGE\",\"datePublished\":\"2009-09-02T22:00:00+00:00\",\"mainEntityOfPage\":{\"@id\":\"https:\/\/www.justiceinfo.net\/fr\/11586-030909-tpirkanyarukiga-kanyarukiga-accuse-davoir-fete-la-destruction-de-leglise-de-nyange8394.html\"},\"wordCount\":302,\"commentCount\":0,\"publisher\":{\"@id\":\"https:\/\/www.justiceinfo.net\/fr#organization\"},\"articleSection\":[\"Hirondelle News\"],\"inLanguage\":\"fr-FR\",\"potentialAction\":[{\"@type\":\"CommentAction\",\"name\":\"Comment\",\"target\":[\"https:\/\/www.justiceinfo.net\/fr\/11586-030909-tpirkanyarukiga-kanyarukiga-accuse-davoir-fete-la-destruction-de-leglise-de-nyange8394.html#respond\"]}]},{\"@type\":\"WebPage\",\"@id\":\"https:\/\/www.justiceinfo.net\/fr\/11586-030909-tpirkanyarukiga-kanyarukiga-accuse-davoir-fete-la-destruction-de-leglise-de-nyange8394.html\",\"url\":\"https:\/\/www.justiceinfo.net\/fr\/11586-030909-tpirkanyarukiga-kanyarukiga-accuse-davoir-fete-la-destruction-de-leglise-de-nyange8394.html\",\"name\":\"03.09.09 - TPIR\/KANYARUKIGA - KANYARUKIGA ACCUSE D'AVOIR FETE LA DESTRUCTION DE L'EGLISE DE NYANGE - JusticeInfo.net\",\"isPartOf\":{\"@id\":\"https:\/\/www.justiceinfo.net\/fr#website\"},\"datePublished\":\"2009-09-02T22:00:00+00:00\",\"breadcrumb\":{\"@id\":\"https:\/\/www.justiceinfo.net\/fr\/11586-030909-tpirkanyarukiga-kanyarukiga-accuse-davoir-fete-la-destruction-de-leglise-de-nyange8394.html#breadcrumb\"},\"inLanguage\":\"fr-FR\",\"potentialAction\":[{\"@type\":\"ReadAction\",\"target\":[\"https:\/\/www.justiceinfo.net\/fr\/11586-030909-tpirkanyarukiga-kanyarukiga-accuse-davoir-fete-la-destruction-de-leglise-de-nyange8394.html\"]}]},{\"@type\":\"BreadcrumbList\",\"@id\":\"https:\/\/www.justiceinfo.net\/fr\/11586-030909-tpirkanyarukiga-kanyarukiga-accuse-davoir-fete-la-destruction-de-leglise-de-nyange8394.html#breadcrumb\",\"itemListElement\":[{\"@type\":\"ListItem\",\"position\":1,\"name\":\"Home\",\"item\":\"https:\/\/www.justiceinfo.net\/fr\"},{\"@type\":\"ListItem\",\"position\":2,\"name\":\"03.09.09 - TPIR\/KANYARUKIGA - KANYARUKIGA ACCUSE D'AVOIR FETE LA DESTRUCTION DE L'EGLISE DE NYANGE\"}]},{\"@type\":\"WebSite\",\"@id\":\"https:\/\/www.justiceinfo.net\/fr#website\",\"url\":\"https:\/\/www.justiceinfo.net\/fr\",\"name\":\"JusticeInfo.net\",\"description\":\"La justice doit \u00eatre vue pour \u00eatre rendue\",\"publisher\":{\"@id\":\"https:\/\/www.justiceinfo.net\/fr#organization\"},\"potentialAction\":[{\"@type\":\"SearchAction\",\"target\":{\"@type\":\"EntryPoint\",\"urlTemplate\":\"https:\/\/www.justiceinfo.net\/fr?s={search_term_string}\"},\"query-input\":{\"@type\":\"PropertyValueSpecification\",\"valueRequired\":true,\"valueName\":\"search_term_string\"}}],\"inLanguage\":\"fr-FR\"},{\"@type\":\"Organization\",\"@id\":\"https:\/\/www.justiceinfo.net\/fr#organization\",\"name\":\"Justice Info\",\"url\":\"https:\/\/www.justiceinfo.net\/fr\",\"logo\":{\"@type\":\"ImageObject\",\"inLanguage\":\"fr-FR\",\"@id\":\"https:\/\/www.justiceinfo.net\/fr#\/schema\/logo\/image\/\",\"url\":\"https:\/\/www.justiceinfo.net\/wp-content\/uploads\/justiceinfo_logo-trans_1200x1200px.png\",\"contentUrl\":\"https:\/\/www.justiceinfo.net\/wp-content\/uploads\/justiceinfo_logo-trans_1200x1200px.png\",\"width\":1199,\"height\":1200,\"caption\":\"Justice Info\"},\"image\":{\"@id\":\"https:\/\/www.justiceinfo.net\/fr#\/schema\/logo\/image\/\"},\"sameAs\":[\"https:\/\/www.facebook.com\/JusticeInfo\/\",\"https:\/\/x.com\/justiceinfonet\",\"https:\/\/www.linkedin.com\/company\/justice-info\",\"https:\/\/www.youtube.com\/channel\/UCyCEsARodyuWtkWyhn-e7pA\"]},{\"@type\":\"Person\",\"name\":\"solivri\",\"url\":\"\/fr\/?s=solivri\"}]}<\/script>\n<!-- \/ Yoast SEO Premium plugin. -->","yoast_head_json":{"title":"03.09.09 - TPIR\/KANYARUKIGA - KANYARUKIGA ACCUSE D'AVOIR FETE LA DESTRUCTION DE L'EGLISE DE NYANGE - JusticeInfo.net","robots":{"index":"index","follow":"follow","max-snippet":"max-snippet:-1","max-image-preview":"max-image-preview:large","max-video-preview":"max-video-preview:-1"},"canonical":"https:\/\/www.justiceinfo.net\/fr\/11586-030909-tpirkanyarukiga-kanyarukiga-accuse-davoir-fete-la-destruction-de-leglise-de-nyange8394.html","og_locale":"fr_FR","og_type":"article","og_title":"03.09.09 - TPIR\/KANYARUKIGA - KANYARUKIGA ACCUSE D'AVOIR FETE LA DESTRUCTION DE L'EGLISE DE NYANGE","og_description":"Arusha, 3 septembre 2009 (FH) - Un t&eacute;moin &agrave; charge dans le proc&egrave;s de l'homme d'affaires Gaspard Kanyarukiga a affirm&eacute; jeudi, devant le Tribunal p&eacute;nal international pour le Rwanda (TPIR), que l'accus&eacute; avait f&ecirc;t&eacute; la d&eacute;molition en avril 1994 de l'&eacute;glise de Nyange, dans l'ouest du pays.","og_url":"https:\/\/www.justiceinfo.net\/fr\/11586-030909-tpirkanyarukiga-kanyarukiga-accuse-davoir-fete-la-destruction-de-leglise-de-nyange8394.html","og_site_name":"JusticeInfo.net","article_publisher":"https:\/\/www.facebook.com\/JusticeInfo\/","article_published_time":"2009-09-02T22:00:00+00:00","og_image":[{"width":1200,"height":630,"url":"https:\/\/www.justiceinfo.net\/wp-content\/uploads\/JusticeInfoNet_logo_1200x630px.jpg","type":"image\/jpeg"}],"author":"solivri","twitter_card":"summary_large_image","twitter_creator":"@justiceinfonet","twitter_site":"@justiceinfonet","twitter_misc":{"\u00c9crit par":"solivri","Dur\u00e9e de lecture estim\u00e9e":"1 minute"},"schema":{"@context":"https:\/\/schema.org","@graph":[{"@type":"NewsArticle","@id":"https:\/\/www.justiceinfo.net\/fr\/11586-030909-tpirkanyarukiga-kanyarukiga-accuse-davoir-fete-la-destruction-de-leglise-de-nyange8394.html#article","isPartOf":{"@id":"https:\/\/www.justiceinfo.net\/fr\/11586-030909-tpirkanyarukiga-kanyarukiga-accuse-davoir-fete-la-destruction-de-leglise-de-nyange8394.html"},"author":{"name":"solivri","@id":"https:\/\/www.justiceinfo.net\/fr#\/schema\/person\/6e53cba1629e2e66f3fc1821d3091865"},"headline":"03.09.09 - TPIR\/KANYARUKIGA - KANYARUKIGA ACCUSE D'AVOIR FETE LA DESTRUCTION DE L'EGLISE DE NYANGE","datePublished":"2009-09-02T22:00:00+00:00","mainEntityOfPage":{"@id":"https:\/\/www.justiceinfo.net\/fr\/11586-030909-tpirkanyarukiga-kanyarukiga-accuse-davoir-fete-la-destruction-de-leglise-de-nyange8394.html"},"wordCount":302,"commentCount":0,"publisher":{"@id":"https:\/\/www.justiceinfo.net\/fr#organization"},"articleSection":["Hirondelle News"],"inLanguage":"fr-FR","potentialAction":[{"@type":"CommentAction","name":"Comment","target":["https:\/\/www.justiceinfo.net\/fr\/11586-030909-tpirkanyarukiga-kanyarukiga-accuse-davoir-fete-la-destruction-de-leglise-de-nyange8394.html#respond"]}]},{"@type":"WebPage","@id":"https:\/\/www.justiceinfo.net\/fr\/11586-030909-tpirkanyarukiga-kanyarukiga-accuse-davoir-fete-la-destruction-de-leglise-de-nyange8394.html","url":"https:\/\/www.justiceinfo.net\/fr\/11586-030909-tpirkanyarukiga-kanyarukiga-accuse-davoir-fete-la-destruction-de-leglise-de-nyange8394.html","name":"03.09.09 - TPIR\/KANYARUKIGA - KANYARUKIGA ACCUSE D'AVOIR FETE LA DESTRUCTION DE L'EGLISE DE NYANGE - JusticeInfo.net","isPartOf":{"@id":"https:\/\/www.justiceinfo.net\/fr#website"},"datePublished":"2009-09-02T22:00:00+00:00","breadcrumb":{"@id":"https:\/\/www.justiceinfo.net\/fr\/11586-030909-tpirkanyarukiga-kanyarukiga-accuse-davoir-fete-la-destruction-de-leglise-de-nyange8394.html#breadcrumb"},"inLanguage":"fr-FR","potentialAction":[{"@type":"ReadAction","target":["https:\/\/www.justiceinfo.net\/fr\/11586-030909-tpirkanyarukiga-kanyarukiga-accuse-davoir-fete-la-destruction-de-leglise-de-nyange8394.html"]}]},{"@type":"BreadcrumbList","@id":"https:\/\/www.justiceinfo.net\/fr\/11586-030909-tpirkanyarukiga-kanyarukiga-accuse-davoir-fete-la-destruction-de-leglise-de-nyange8394.html#breadcrumb","itemListElement":[{"@type":"ListItem","position":1,"name":"Home","item":"https:\/\/www.justiceinfo.net\/fr"},{"@type":"ListItem","position":2,"name":"03.09.09 - TPIR\/KANYARUKIGA - KANYARUKIGA ACCUSE D'AVOIR FETE LA DESTRUCTION DE L'EGLISE DE NYANGE"}]},{"@type":"WebSite","@id":"https:\/\/www.justiceinfo.net\/fr#website","url":"https:\/\/www.justiceinfo.net\/fr","name":"JusticeInfo.net","description":"La justice doit \u00eatre vue pour \u00eatre rendue","publisher":{"@id":"https:\/\/www.justiceinfo.net\/fr#organization"},"potentialAction":[{"@type":"SearchAction","target":{"@type":"EntryPoint","urlTemplate":"https:\/\/www.justiceinfo.net\/fr?s={search_term_string}"},"query-input":{"@type":"PropertyValueSpecification","valueRequired":true,"valueName":"search_term_string"}}],"inLanguage":"fr-FR"},{"@type":"Organization","@id":"https:\/\/www.justiceinfo.net\/fr#organization","name":"Justice Info","url":"https:\/\/www.justiceinfo.net\/fr","logo":{"@type":"ImageObject","inLanguage":"fr-FR","@id":"https:\/\/www.justiceinfo.net\/fr#\/schema\/logo\/image\/","url":"https:\/\/www.justiceinfo.net\/wp-content\/uploads\/justiceinfo_logo-trans_1200x1200px.png","contentUrl":"https:\/\/www.justiceinfo.net\/wp-content\/uploads\/justiceinfo_logo-trans_1200x1200px.png","width":1199,"height":1200,"caption":"Justice Info"},"image":{"@id":"https:\/\/www.justiceinfo.net\/fr#\/schema\/logo\/image\/"},"sameAs":["https:\/\/www.facebook.com\/JusticeInfo\/","https:\/\/x.com\/justiceinfonet","https:\/\/www.linkedin.com\/company\/justice-info","https:\/\/www.youtube.com\/channel\/UCyCEsARodyuWtkWyhn-e7pA"]},{"@type":"Person","name":"solivri","url":"\/fr\/?s=solivri"}]}},"_links":{"self":[{"href":"https:\/\/www.justiceinfo.net\/fr\/wp-json\/wp\/v2\/posts\/11586","targetHints":{"allow":["GET"]}}],"collection":[{"href":"https:\/\/www.justiceinfo.net\/fr\/wp-json\/wp\/v2\/posts"}],"about":[{"href":"https:\/\/www.justiceinfo.net\/fr\/wp-json\/wp\/v2\/types\/post"}],"author":[{"embeddable":true,"href":"https:\/\/www.justiceinfo.net\/fr\/wp-json\/wp\/v2\/users\/64"}],"replies":[{"embeddable":true,"href":"https:\/\/www.justiceinfo.net\/fr\/wp-json\/wp\/v2\/comments?post=11586"}],"version-history":[{"count":0,"href":"https:\/\/www.justiceinfo.net\/fr\/wp-json\/wp\/v2\/posts\/11586\/revisions"}],"wp:attachment":[{"href":"https:\/\/www.justiceinfo.net\/fr\/wp-json\/wp\/v2\/media?parent=11586"}],"wp:term":[{"taxonomy":"category","embeddable":true,"href":"https:\/\/www.justiceinfo.net\/fr\/wp-json\/wp\/v2\/categories?post=11586"},{"taxonomy":"post_tag","embeddable":true,"href":"https:\/\/www.justiceinfo.net\/fr\/wp-json\/wp\/v2\/tags?post=11586"},{"taxonomy":"ji_location","embeddable":true,"href":"https:\/\/www.justiceinfo.net\/fr\/wp-json\/wp\/v2\/ji_location?post=11586"}],"curies":[{"name":"wp","href":"https:\/\/api.w.org\/{rel}","templated":true}]}}