{"id":11620,"date":"2009-11-26T00:00:00","date_gmt":"2009-11-25T23:00:00","guid":{"rendered":"https:\/\/www.justiceinfo.net\/11620-261109-rwandafrance-un-suspect-de-genocide-transfere-de-la-reunion-a-paris8428.html"},"modified":"2009-11-26T00:00:00","modified_gmt":"2009-11-25T23:00:00","slug":"261109-rwandafrance-un-suspect-de-genocide-transfere-de-la-reunion-a-paris8428","status":"publish","type":"post","link":"https:\/\/www.justiceinfo.net\/fr\/11620-261109-rwandafrance-un-suspect-de-genocide-transfere-de-la-reunion-a-paris8428.html","title":{"rendered":"26.11.09 - RWANDA\/France - UN SUSPECT DE GENOCIDE TRANSFERE DE LA REUNION A PARIS"},"content":{"rendered":"<p>Arusha, 26 novembre 2009 (FH) - Le capitaine Pascal Simbikangwa, un Rwandais inculp&eacute; dans l'&icirc;le fran&ccedil;aise de Mayotte pour g&eacute;nocide, a &eacute;t&eacute; transf&eacute;r&eacute; le 20 novembre dans une prison parisienne depuis La R&eacute;union, autre &icirc;le fran&ccedil;aise de l'oc&eacute;an Indien o&ugrave; il avait &eacute;t&eacute; incarc&eacute;r&eacute;, a-t-on appris jeudi.<br \/>\n<!--more--><\/p>\n<p >\nInculp&eacute; le 16 avril &agrave; Mayotte pour son r&ocirc;le pr&eacute;sum&eacute; dans le g&eacute;nocide perp&eacute;tr&eacute; contre les Tutsis en 1994, cet ancien gendarme, qui se d&eacute;place en fauteuil roulant, avait dans un premier temps &eacute;t&eacute; transf&eacute;r&eacute; d&eacute;but juillet &agrave; La R&eacute;union dont la prison dispose d'une unit&eacute; m&eacute;dicalis&eacute;e.\n<\/p>\n<p >\n<p >\nIl a &eacute;t&eacute; transf&eacute;r&eacute; &agrave; Paris &agrave; la demande des juges d'instruction parisiens qui ont repris l'affaire, a rapport&eacute; l'AFP citant Marc Brisset-Foucault, procureur pr&egrave;s le tribunal sup&eacute;rieur d'appel (TSA) de Mayotte, &eacute;quivalent d'une cour d'appel.\n<\/p>\n<p >\n<p >\nN&eacute; en 1959, Pascal Simbikangwa avait &eacute;t&eacute; interpell&eacute; en octobre 2008 &agrave; Mayotte dans une affaire de trafic de faux papiers, puis identifi&eacute; comme &eacute;tant recherch&eacute; par Interpol pour son implication pr&eacute;sum&eacute;e dans le g&eacute;nocide.\n<\/p>\n<p >\n<p >\nLe parquet du TSA avait ouvert une enqu&ecirc;te pr&eacute;liminaire avant que le Collectif des parties civiles pour le Rwanda (CPCR), une association de droit fran&ccedil;ais, ne d&eacute;pose une plainte et qu'une information judiciaire ne soit ouverte &agrave; Mayotte.\n<\/p>\n<p >\n<p >\nToutes les enqu&ecirc;tes judiciaires -- une dizaine -- visant des Rwandais install&eacute;s en France pour leur r&ocirc;le pr&eacute;sum&eacute; dans le g&eacute;nocide ont &eacute;t&eacute; centralis&eacute;es &agrave; Paris.\n<\/p>\n<p >\n<p >\nA ce jour, trois Rwandais ont &eacute;t&eacute; inculp&eacute;s en France pour des faits li&eacute;s au g&eacute;nocide: outre Pascal Simbikangwa, qui est le seul d&eacute;tenu, l'ancien cur&eacute; de la paroisse de la Sainte-Famille &agrave; Kigali, l'abb&eacute; Wenceslas Munyeshyaka et l'ancien pr&eacute;fet de Gikongoro (sud du Rwanda) Laurent Bucyibaruta sont &eacute;galement mis en examen, respectivement depuis 1995 et 2000.\n<\/p>\n<p >\n<p >\nER\/GF\n<\/p>\n<p>\n&copy; Agence Hirondelle<\/p>\n","protected":false},"excerpt":{"rendered":"<p>Arusha, 26 novembre 2009 (FH) - Le capitaine Pascal Simbikangwa, un Rwandais inculp&eacute; dans l'&icirc;le fran&ccedil;aise de Mayotte pour g&eacute;nocide, a &eacute;t&eacute; transf&eacute;r&eacute; le 20 novembre dans une prison parisienne depuis La R&eacute;union, autre &icirc;le fran&ccedil;aise de l'oc&eacute;an Indien o&ugrave; il avait &eacute;t&eacute; incarc&eacute;r&eacute;, a-t-on appris jeudi.<\/p>\n","protected":false},"author":64,"featured_media":0,"comment_status":"open","ping_status":"closed","sticky":false,"template":"","format":"standard","meta":{"_acf_changed":false,"footnotes":""},"categories":[554],"tags":[],"ji_location":[],"class_list":["post-11620","post","type-post","status-publish","format-standard","hentry","category-hirondellenews"],"acf":[],"yoast_head":"<!-- This site is optimized with the Yoast SEO Premium plugin v25.3.1 (Yoast SEO v25.3.1) - https:\/\/yoast.com\/wordpress\/plugins\/seo\/ -->\n<title>26.11.09 - RWANDA\/France - UN SUSPECT DE GENOCIDE TRANSFERE DE LA REUNION A PARIS - JusticeInfo.net<\/title>\n<meta name=\"robots\" content=\"index, follow, max-snippet:-1, max-image-preview:large, max-video-preview:-1\" \/>\n<link rel=\"canonical\" href=\"https:\/\/www.justiceinfo.net\/fr\/11620-261109-rwandafrance-un-suspect-de-genocide-transfere-de-la-reunion-a-paris8428.html\" \/>\n<meta property=\"og:locale\" content=\"fr_FR\" \/>\n<meta property=\"og:type\" content=\"article\" \/>\n<meta property=\"og:title\" content=\"26.11.09 - RWANDA\/France - UN SUSPECT DE GENOCIDE TRANSFERE DE LA REUNION A PARIS\" \/>\n<meta property=\"og:description\" content=\"Arusha, 26 novembre 2009 (FH) - Le capitaine Pascal Simbikangwa, un Rwandais inculp&eacute; dans l&#039;&icirc;le fran&ccedil;aise de Mayotte pour g&eacute;nocide, a &eacute;t&eacute; transf&eacute;r&eacute; le 20 novembre dans une prison parisienne depuis La R&eacute;union, autre &icirc;le fran&ccedil;aise de l&#039;oc&eacute;an Indien o&ugrave; il avait &eacute;t&eacute; incarc&eacute;r&eacute;, a-t-on appris jeudi.\" \/>\n<meta property=\"og:url\" content=\"https:\/\/www.justiceinfo.net\/fr\/11620-261109-rwandafrance-un-suspect-de-genocide-transfere-de-la-reunion-a-paris8428.html\" \/>\n<meta property=\"og:site_name\" content=\"JusticeInfo.net\" \/>\n<meta property=\"article:publisher\" content=\"https:\/\/www.facebook.com\/JusticeInfo\/\" \/>\n<meta property=\"article:published_time\" content=\"2009-11-25T23:00:00+00:00\" \/>\n<meta property=\"og:image\" content=\"https:\/\/www.justiceinfo.net\/wp-content\/uploads\/JusticeInfoNet_logo_1200x630px.jpg\" \/>\n\t<meta property=\"og:image:width\" content=\"1200\" \/>\n\t<meta property=\"og:image:height\" content=\"630\" \/>\n\t<meta property=\"og:image:type\" content=\"image\/jpeg\" \/>\n<meta name=\"author\" content=\"solivri\" \/>\n<meta name=\"twitter:card\" content=\"summary_large_image\" \/>\n<meta name=\"twitter:creator\" content=\"@justiceinfonet\" \/>\n<meta name=\"twitter:site\" content=\"@justiceinfonet\" \/>\n<meta name=\"twitter:label1\" content=\"\u00c9crit par\" \/>\n\t<meta name=\"twitter:data1\" content=\"solivri\" \/>\n\t<meta name=\"twitter:label2\" content=\"Dur\u00e9e de lecture estim\u00e9e\" \/>\n\t<meta name=\"twitter:data2\" content=\"2 minutes\" \/>\n<script type=\"application\/ld+json\" class=\"yoast-schema-graph\">{\"@context\":\"https:\/\/schema.org\",\"@graph\":[{\"@type\":\"NewsArticle\",\"@id\":\"https:\/\/www.justiceinfo.net\/fr\/11620-261109-rwandafrance-un-suspect-de-genocide-transfere-de-la-reunion-a-paris8428.html#article\",\"isPartOf\":{\"@id\":\"https:\/\/www.justiceinfo.net\/fr\/11620-261109-rwandafrance-un-suspect-de-genocide-transfere-de-la-reunion-a-paris8428.html\"},\"author\":{\"name\":\"solivri\",\"@id\":\"https:\/\/www.justiceinfo.net\/fr#\/schema\/person\/6e53cba1629e2e66f3fc1821d3091865\"},\"headline\":\"26.11.09 - RWANDA\/France - UN SUSPECT DE GENOCIDE TRANSFERE DE LA REUNION A PARIS\",\"datePublished\":\"2009-11-25T23:00:00+00:00\",\"mainEntityOfPage\":{\"@id\":\"https:\/\/www.justiceinfo.net\/fr\/11620-261109-rwandafrance-un-suspect-de-genocide-transfere-de-la-reunion-a-paris8428.html\"},\"wordCount\":422,\"commentCount\":0,\"publisher\":{\"@id\":\"https:\/\/www.justiceinfo.net\/fr#organization\"},\"articleSection\":[\"Hirondelle News\"],\"inLanguage\":\"fr-FR\",\"potentialAction\":[{\"@type\":\"CommentAction\",\"name\":\"Comment\",\"target\":[\"https:\/\/www.justiceinfo.net\/fr\/11620-261109-rwandafrance-un-suspect-de-genocide-transfere-de-la-reunion-a-paris8428.html#respond\"]}]},{\"@type\":\"WebPage\",\"@id\":\"https:\/\/www.justiceinfo.net\/fr\/11620-261109-rwandafrance-un-suspect-de-genocide-transfere-de-la-reunion-a-paris8428.html\",\"url\":\"https:\/\/www.justiceinfo.net\/fr\/11620-261109-rwandafrance-un-suspect-de-genocide-transfere-de-la-reunion-a-paris8428.html\",\"name\":\"26.11.09 - RWANDA\/France - UN SUSPECT DE GENOCIDE TRANSFERE DE LA REUNION A PARIS - JusticeInfo.net\",\"isPartOf\":{\"@id\":\"https:\/\/www.justiceinfo.net\/fr#website\"},\"datePublished\":\"2009-11-25T23:00:00+00:00\",\"breadcrumb\":{\"@id\":\"https:\/\/www.justiceinfo.net\/fr\/11620-261109-rwandafrance-un-suspect-de-genocide-transfere-de-la-reunion-a-paris8428.html#breadcrumb\"},\"inLanguage\":\"fr-FR\",\"potentialAction\":[{\"@type\":\"ReadAction\",\"target\":[\"https:\/\/www.justiceinfo.net\/fr\/11620-261109-rwandafrance-un-suspect-de-genocide-transfere-de-la-reunion-a-paris8428.html\"]}]},{\"@type\":\"BreadcrumbList\",\"@id\":\"https:\/\/www.justiceinfo.net\/fr\/11620-261109-rwandafrance-un-suspect-de-genocide-transfere-de-la-reunion-a-paris8428.html#breadcrumb\",\"itemListElement\":[{\"@type\":\"ListItem\",\"position\":1,\"name\":\"Home\",\"item\":\"https:\/\/www.justiceinfo.net\/fr\"},{\"@type\":\"ListItem\",\"position\":2,\"name\":\"26.11.09 - RWANDA\/France - UN SUSPECT DE GENOCIDE TRANSFERE DE LA REUNION A PARIS\"}]},{\"@type\":\"WebSite\",\"@id\":\"https:\/\/www.justiceinfo.net\/fr#website\",\"url\":\"https:\/\/www.justiceinfo.net\/fr\",\"name\":\"JusticeInfo.net\",\"description\":\"La justice doit \u00eatre vue pour \u00eatre rendue\",\"publisher\":{\"@id\":\"https:\/\/www.justiceinfo.net\/fr#organization\"},\"potentialAction\":[{\"@type\":\"SearchAction\",\"target\":{\"@type\":\"EntryPoint\",\"urlTemplate\":\"https:\/\/www.justiceinfo.net\/fr?s={search_term_string}\"},\"query-input\":{\"@type\":\"PropertyValueSpecification\",\"valueRequired\":true,\"valueName\":\"search_term_string\"}}],\"inLanguage\":\"fr-FR\"},{\"@type\":\"Organization\",\"@id\":\"https:\/\/www.justiceinfo.net\/fr#organization\",\"name\":\"Justice Info\",\"url\":\"https:\/\/www.justiceinfo.net\/fr\",\"logo\":{\"@type\":\"ImageObject\",\"inLanguage\":\"fr-FR\",\"@id\":\"https:\/\/www.justiceinfo.net\/fr#\/schema\/logo\/image\/\",\"url\":\"https:\/\/www.justiceinfo.net\/wp-content\/uploads\/justiceinfo_logo-trans_1200x1200px.png\",\"contentUrl\":\"https:\/\/www.justiceinfo.net\/wp-content\/uploads\/justiceinfo_logo-trans_1200x1200px.png\",\"width\":1199,\"height\":1200,\"caption\":\"Justice Info\"},\"image\":{\"@id\":\"https:\/\/www.justiceinfo.net\/fr#\/schema\/logo\/image\/\"},\"sameAs\":[\"https:\/\/www.facebook.com\/JusticeInfo\/\",\"https:\/\/x.com\/justiceinfonet\",\"https:\/\/www.linkedin.com\/company\/justice-info\",\"https:\/\/www.youtube.com\/channel\/UCyCEsARodyuWtkWyhn-e7pA\"]},{\"@type\":\"Person\",\"name\":\"solivri\",\"url\":\"\/fr\/?s=solivri\"}]}<\/script>\n<!-- \/ Yoast SEO Premium plugin. -->","yoast_head_json":{"title":"26.11.09 - RWANDA\/France - UN SUSPECT DE GENOCIDE TRANSFERE DE LA REUNION A PARIS - JusticeInfo.net","robots":{"index":"index","follow":"follow","max-snippet":"max-snippet:-1","max-image-preview":"max-image-preview:large","max-video-preview":"max-video-preview:-1"},"canonical":"https:\/\/www.justiceinfo.net\/fr\/11620-261109-rwandafrance-un-suspect-de-genocide-transfere-de-la-reunion-a-paris8428.html","og_locale":"fr_FR","og_type":"article","og_title":"26.11.09 - RWANDA\/France - UN SUSPECT DE GENOCIDE TRANSFERE DE LA REUNION A PARIS","og_description":"Arusha, 26 novembre 2009 (FH) - Le capitaine Pascal Simbikangwa, un Rwandais inculp&eacute; dans l'&icirc;le fran&ccedil;aise de Mayotte pour g&eacute;nocide, a &eacute;t&eacute; transf&eacute;r&eacute; le 20 novembre dans une prison parisienne depuis La R&eacute;union, autre &icirc;le fran&ccedil;aise de l'oc&eacute;an Indien o&ugrave; il avait &eacute;t&eacute; incarc&eacute;r&eacute;, a-t-on appris jeudi.","og_url":"https:\/\/www.justiceinfo.net\/fr\/11620-261109-rwandafrance-un-suspect-de-genocide-transfere-de-la-reunion-a-paris8428.html","og_site_name":"JusticeInfo.net","article_publisher":"https:\/\/www.facebook.com\/JusticeInfo\/","article_published_time":"2009-11-25T23:00:00+00:00","og_image":[{"width":1200,"height":630,"url":"https:\/\/www.justiceinfo.net\/wp-content\/uploads\/JusticeInfoNet_logo_1200x630px.jpg","type":"image\/jpeg"}],"author":"solivri","twitter_card":"summary_large_image","twitter_creator":"@justiceinfonet","twitter_site":"@justiceinfonet","twitter_misc":{"\u00c9crit par":"solivri","Dur\u00e9e de lecture estim\u00e9e":"2 minutes"},"schema":{"@context":"https:\/\/schema.org","@graph":[{"@type":"NewsArticle","@id":"https:\/\/www.justiceinfo.net\/fr\/11620-261109-rwandafrance-un-suspect-de-genocide-transfere-de-la-reunion-a-paris8428.html#article","isPartOf":{"@id":"https:\/\/www.justiceinfo.net\/fr\/11620-261109-rwandafrance-un-suspect-de-genocide-transfere-de-la-reunion-a-paris8428.html"},"author":{"name":"solivri","@id":"https:\/\/www.justiceinfo.net\/fr#\/schema\/person\/6e53cba1629e2e66f3fc1821d3091865"},"headline":"26.11.09 - RWANDA\/France - UN SUSPECT DE GENOCIDE TRANSFERE DE LA REUNION A PARIS","datePublished":"2009-11-25T23:00:00+00:00","mainEntityOfPage":{"@id":"https:\/\/www.justiceinfo.net\/fr\/11620-261109-rwandafrance-un-suspect-de-genocide-transfere-de-la-reunion-a-paris8428.html"},"wordCount":422,"commentCount":0,"publisher":{"@id":"https:\/\/www.justiceinfo.net\/fr#organization"},"articleSection":["Hirondelle News"],"inLanguage":"fr-FR","potentialAction":[{"@type":"CommentAction","name":"Comment","target":["https:\/\/www.justiceinfo.net\/fr\/11620-261109-rwandafrance-un-suspect-de-genocide-transfere-de-la-reunion-a-paris8428.html#respond"]}]},{"@type":"WebPage","@id":"https:\/\/www.justiceinfo.net\/fr\/11620-261109-rwandafrance-un-suspect-de-genocide-transfere-de-la-reunion-a-paris8428.html","url":"https:\/\/www.justiceinfo.net\/fr\/11620-261109-rwandafrance-un-suspect-de-genocide-transfere-de-la-reunion-a-paris8428.html","name":"26.11.09 - RWANDA\/France - UN SUSPECT DE GENOCIDE TRANSFERE DE LA REUNION A PARIS - JusticeInfo.net","isPartOf":{"@id":"https:\/\/www.justiceinfo.net\/fr#website"},"datePublished":"2009-11-25T23:00:00+00:00","breadcrumb":{"@id":"https:\/\/www.justiceinfo.net\/fr\/11620-261109-rwandafrance-un-suspect-de-genocide-transfere-de-la-reunion-a-paris8428.html#breadcrumb"},"inLanguage":"fr-FR","potentialAction":[{"@type":"ReadAction","target":["https:\/\/www.justiceinfo.net\/fr\/11620-261109-rwandafrance-un-suspect-de-genocide-transfere-de-la-reunion-a-paris8428.html"]}]},{"@type":"BreadcrumbList","@id":"https:\/\/www.justiceinfo.net\/fr\/11620-261109-rwandafrance-un-suspect-de-genocide-transfere-de-la-reunion-a-paris8428.html#breadcrumb","itemListElement":[{"@type":"ListItem","position":1,"name":"Home","item":"https:\/\/www.justiceinfo.net\/fr"},{"@type":"ListItem","position":2,"name":"26.11.09 - RWANDA\/France - UN SUSPECT DE GENOCIDE TRANSFERE DE LA REUNION A PARIS"}]},{"@type":"WebSite","@id":"https:\/\/www.justiceinfo.net\/fr#website","url":"https:\/\/www.justiceinfo.net\/fr","name":"JusticeInfo.net","description":"La justice doit \u00eatre vue pour \u00eatre rendue","publisher":{"@id":"https:\/\/www.justiceinfo.net\/fr#organization"},"potentialAction":[{"@type":"SearchAction","target":{"@type":"EntryPoint","urlTemplate":"https:\/\/www.justiceinfo.net\/fr?s={search_term_string}"},"query-input":{"@type":"PropertyValueSpecification","valueRequired":true,"valueName":"search_term_string"}}],"inLanguage":"fr-FR"},{"@type":"Organization","@id":"https:\/\/www.justiceinfo.net\/fr#organization","name":"Justice Info","url":"https:\/\/www.justiceinfo.net\/fr","logo":{"@type":"ImageObject","inLanguage":"fr-FR","@id":"https:\/\/www.justiceinfo.net\/fr#\/schema\/logo\/image\/","url":"https:\/\/www.justiceinfo.net\/wp-content\/uploads\/justiceinfo_logo-trans_1200x1200px.png","contentUrl":"https:\/\/www.justiceinfo.net\/wp-content\/uploads\/justiceinfo_logo-trans_1200x1200px.png","width":1199,"height":1200,"caption":"Justice Info"},"image":{"@id":"https:\/\/www.justiceinfo.net\/fr#\/schema\/logo\/image\/"},"sameAs":["https:\/\/www.facebook.com\/JusticeInfo\/","https:\/\/x.com\/justiceinfonet","https:\/\/www.linkedin.com\/company\/justice-info","https:\/\/www.youtube.com\/channel\/UCyCEsARodyuWtkWyhn-e7pA"]},{"@type":"Person","name":"solivri","url":"\/fr\/?s=solivri"}]}},"_links":{"self":[{"href":"https:\/\/www.justiceinfo.net\/fr\/wp-json\/wp\/v2\/posts\/11620","targetHints":{"allow":["GET"]}}],"collection":[{"href":"https:\/\/www.justiceinfo.net\/fr\/wp-json\/wp\/v2\/posts"}],"about":[{"href":"https:\/\/www.justiceinfo.net\/fr\/wp-json\/wp\/v2\/types\/post"}],"author":[{"embeddable":true,"href":"https:\/\/www.justiceinfo.net\/fr\/wp-json\/wp\/v2\/users\/64"}],"replies":[{"embeddable":true,"href":"https:\/\/www.justiceinfo.net\/fr\/wp-json\/wp\/v2\/comments?post=11620"}],"version-history":[{"count":0,"href":"https:\/\/www.justiceinfo.net\/fr\/wp-json\/wp\/v2\/posts\/11620\/revisions"}],"wp:attachment":[{"href":"https:\/\/www.justiceinfo.net\/fr\/wp-json\/wp\/v2\/media?parent=11620"}],"wp:term":[{"taxonomy":"category","embeddable":true,"href":"https:\/\/www.justiceinfo.net\/fr\/wp-json\/wp\/v2\/categories?post=11620"},{"taxonomy":"post_tag","embeddable":true,"href":"https:\/\/www.justiceinfo.net\/fr\/wp-json\/wp\/v2\/tags?post=11620"},{"taxonomy":"ji_location","embeddable":true,"href":"https:\/\/www.justiceinfo.net\/fr\/wp-json\/wp\/v2\/ji_location?post=11620"}],"curies":[{"name":"wp","href":"https:\/\/api.w.org\/{rel}","templated":true}]}}