{"id":11633,"date":"2009-12-02T00:00:00","date_gmt":"2009-12-01T23:00:00","guid":{"rendered":"https:\/\/www.justiceinfo.net\/11633-021209-rwandabelgique-trente-ans-de-prison-pour-l-le-banquier-du-genocide-r-8441.html"},"modified":"2009-12-02T00:00:00","modified_gmt":"2009-12-01T23:00:00","slug":"021209-rwandabelgique-trente-ans-de-prison-pour-l-le-banquier-du-genocide-r-8441","status":"publish","type":"post","link":"https:\/\/www.justiceinfo.net\/fr\/11633-021209-rwandabelgique-trente-ans-de-prison-pour-l-le-banquier-du-genocide-r-8441.html","title":{"rendered":"02.12.09 - RWANDA\/BELGIQUE - TRENTE ANS DE PRISON POUR \u00ab LE BANQUIER DU GENOCIDE \u00bb"},"content":{"rendered":"<p >\nBruxelles, 2 d&eacute;cembre 2009 (FH) - La cour d'assises de Bruxelles a condamn&eacute; mardi &agrave; l'unanimit&eacute; le Rwandais Ephrem Nkezabera, surnomm&eacute; &quot;le banquier du g&eacute;nocide&quot;, &agrave; 30 d'emprisonnement pour crimes de guerre commis durant le g&eacute;nocide de 1994, incluant meurtres, tentatives de meurtres et viols.\n<\/p>\n<p >\n<p><!--more--><\/p>\n<p >\n<p >\nLe condamn&eacute;, gravement malade, ne sera cependant pas incarc&eacute;r&eacute;.\n<\/p>\n<p >\n<p >\nLes audiences, qui ont dur&eacute; un mois, se sont d&eacute;roul&eacute;es en l'absence de l'accus&eacute; qui se fait soigner pour un cancer g&eacute;n&eacute;ralis&eacute;. Son avocat avait sans succ&egrave;s demand&eacute; le report du proc&egrave;s. Nkezabera avait ensuite refus&eacute; que ce dernier le repr&eacute;sente devant la Cour.\n<\/p>\n<p >\n<p >\nCelle-ci a suivi les r&eacute;quisitions du procureur f&eacute;d&eacute;ral.\n<\/p>\n<p >\n<p >\n&laquo; Justice a &eacute;t&eacute; faite. C'&eacute;tait le plus gros poisson jug&eacute; par la justice belge&raquo;, ont comment&eacute; Mes Philippe Lardinois et Luc Walleyn, deux des avocats des parties civiles.\n<\/p>\n<p >\n<p >\nAlain Gauthier, le pr&eacute;sident du Collectif fran&ccedil;ais des parties civiles pour le Rwanda (CPCR), a salu&eacute;, quant &agrave; lui, un jugement &laquo; exceptionnel &raquo;. Il a appel&eacute; la France &agrave; suivre l'exemple de la Belgique et &agrave; juger les pr&eacute;sum&eacute;s g&eacute;nocidaires pr&eacute;sents sur son territoire.\n<\/p>\n<p >\n<p >\nPour sa part, Me Gilles Vanderbeck, l'avocat de Nkezabera, a d&eacute;nonc&eacute; un &laquo; proc&egrave;s &agrave; charge, sans contradiction &raquo;. &laquo;Le report aurait &eacute;t&eacute; accept&eacute; pour n'importe quel citoyen. Mais parce que les &laquo; proc&egrave;s Rwanda &raquo; co&ucirc;tent cher, (...) il y a eu beaucoup de pression et on a pi&eacute;tin&eacute; trois rapports m&eacute;dicaux &raquo;, a-t-il d&eacute;clar&eacute; par t&eacute;l&eacute;phone &agrave; l'agence Hirondelle.\n<\/p>\n<p >\n<p >\nMe Vanderbeck&nbsp; et son client n'ont pas encore d&eacute;cid&eacute; s'ils allaient faire opposition et demander un nouveau proc&egrave;s, comme la loi les y autorise en cas de proc&egrave;s par d&eacute;faut.\n<\/p>\n<p >\n<p >\nNkezabera &eacute;tait en 1994 l'un des cinq directeurs de la Banque commerciale du Rwanda (BCR). Proche du pouvoir, conseiller &eacute;conomique et financier des Interahamwe, la principale milice impliqu&eacute;e dans les tueries, il &eacute;tait aussi partie prenante dans la gestion de la Radio mille collines (RTLM), qui diffusait des appels au massacre.\n<\/p>\n<p >\n<p >\nBF\/ER\/GF&nbsp;&nbsp;\n<\/p>\n<p>\n&copy; Agence Hirondelle<\/p>\n","protected":false},"excerpt":{"rendered":"<p>Bruxelles, 2 d&eacute;cembre 2009 (FH) - La cour d'assises de Bruxelles a condamn&eacute; mardi &agrave; l'unanimit&eacute; le Rwandais Ephrem Nkezabera, surnomm&eacute; &quot;le banquier du g&eacute;nocide&quot;, &agrave; 30 d'emprisonnement pour crimes de guerre commis durant le g&eacute;nocide de 1994, incluant meurtres, tentatives de meurtres et viols.<\/p>\n","protected":false},"author":64,"featured_media":0,"comment_status":"open","ping_status":"closed","sticky":false,"template":"","format":"standard","meta":{"_acf_changed":false,"footnotes":""},"categories":[554],"tags":[],"ji_location":[],"class_list":["post-11633","post","type-post","status-publish","format-standard","hentry","category-hirondellenews"],"acf":[],"yoast_head":"<!-- This site is optimized with the Yoast SEO Premium plugin v25.3.1 (Yoast SEO v25.3.1) - https:\/\/yoast.com\/wordpress\/plugins\/seo\/ -->\n<title>02.12.09 - RWANDA\/BELGIQUE - TRENTE ANS DE PRISON POUR \u00ab LE BANQUIER DU GENOCIDE \u00bb - JusticeInfo.net<\/title>\n<meta name=\"robots\" content=\"index, follow, max-snippet:-1, max-image-preview:large, max-video-preview:-1\" \/>\n<link rel=\"canonical\" href=\"https:\/\/www.justiceinfo.net\/fr\/11633-021209-rwandabelgique-trente-ans-de-prison-pour-l-le-banquier-du-genocide-r-8441.html\" \/>\n<meta property=\"og:locale\" content=\"fr_FR\" \/>\n<meta property=\"og:type\" content=\"article\" \/>\n<meta property=\"og:title\" content=\"02.12.09 - RWANDA\/BELGIQUE - TRENTE ANS DE PRISON POUR \u00ab LE BANQUIER DU GENOCIDE \u00bb\" \/>\n<meta property=\"og:description\" content=\"Bruxelles, 2 d&eacute;cembre 2009 (FH) - La cour d&#039;assises de Bruxelles a condamn&eacute; mardi &agrave; l&#039;unanimit&eacute; le Rwandais Ephrem Nkezabera, surnomm&eacute; &quot;le banquier du g&eacute;nocide&quot;, &agrave; 30 d&#039;emprisonnement pour crimes de guerre commis durant le g&eacute;nocide de 1994, incluant meurtres, tentatives de meurtres et viols.\" \/>\n<meta property=\"og:url\" content=\"https:\/\/www.justiceinfo.net\/fr\/11633-021209-rwandabelgique-trente-ans-de-prison-pour-l-le-banquier-du-genocide-r-8441.html\" \/>\n<meta property=\"og:site_name\" content=\"JusticeInfo.net\" \/>\n<meta property=\"article:publisher\" content=\"https:\/\/www.facebook.com\/JusticeInfo\/\" \/>\n<meta property=\"article:published_time\" content=\"2009-12-01T23:00:00+00:00\" \/>\n<meta property=\"og:image\" content=\"https:\/\/www.justiceinfo.net\/wp-content\/uploads\/JusticeInfoNet_logo_1200x630px.jpg\" \/>\n\t<meta property=\"og:image:width\" content=\"1200\" \/>\n\t<meta property=\"og:image:height\" content=\"630\" \/>\n\t<meta property=\"og:image:type\" content=\"image\/jpeg\" \/>\n<meta name=\"author\" content=\"solivri\" \/>\n<meta name=\"twitter:card\" content=\"summary_large_image\" \/>\n<meta name=\"twitter:creator\" content=\"@justiceinfonet\" \/>\n<meta name=\"twitter:site\" content=\"@justiceinfonet\" \/>\n<meta name=\"twitter:label1\" content=\"\u00c9crit par\" \/>\n\t<meta name=\"twitter:data1\" content=\"solivri\" \/>\n\t<meta name=\"twitter:label2\" content=\"Dur\u00e9e de lecture estim\u00e9e\" \/>\n\t<meta name=\"twitter:data2\" content=\"2 minutes\" \/>\n<script type=\"application\/ld+json\" class=\"yoast-schema-graph\">{\"@context\":\"https:\/\/schema.org\",\"@graph\":[{\"@type\":\"NewsArticle\",\"@id\":\"https:\/\/www.justiceinfo.net\/fr\/11633-021209-rwandabelgique-trente-ans-de-prison-pour-l-le-banquier-du-genocide-r-8441.html#article\",\"isPartOf\":{\"@id\":\"https:\/\/www.justiceinfo.net\/fr\/11633-021209-rwandabelgique-trente-ans-de-prison-pour-l-le-banquier-du-genocide-r-8441.html\"},\"author\":{\"name\":\"solivri\",\"@id\":\"https:\/\/www.justiceinfo.net\/fr#\/schema\/person\/6e53cba1629e2e66f3fc1821d3091865\"},\"headline\":\"02.12.09 - RWANDA\/BELGIQUE - TRENTE ANS DE PRISON POUR \u00ab LE BANQUIER DU GENOCIDE \u00bb\",\"datePublished\":\"2009-12-01T23:00:00+00:00\",\"mainEntityOfPage\":{\"@id\":\"https:\/\/www.justiceinfo.net\/fr\/11633-021209-rwandabelgique-trente-ans-de-prison-pour-l-le-banquier-du-genocide-r-8441.html\"},\"wordCount\":450,\"commentCount\":0,\"publisher\":{\"@id\":\"https:\/\/www.justiceinfo.net\/fr#organization\"},\"articleSection\":[\"Hirondelle News\"],\"inLanguage\":\"fr-FR\",\"potentialAction\":[{\"@type\":\"CommentAction\",\"name\":\"Comment\",\"target\":[\"https:\/\/www.justiceinfo.net\/fr\/11633-021209-rwandabelgique-trente-ans-de-prison-pour-l-le-banquier-du-genocide-r-8441.html#respond\"]}]},{\"@type\":\"WebPage\",\"@id\":\"https:\/\/www.justiceinfo.net\/fr\/11633-021209-rwandabelgique-trente-ans-de-prison-pour-l-le-banquier-du-genocide-r-8441.html\",\"url\":\"https:\/\/www.justiceinfo.net\/fr\/11633-021209-rwandabelgique-trente-ans-de-prison-pour-l-le-banquier-du-genocide-r-8441.html\",\"name\":\"02.12.09 - RWANDA\/BELGIQUE - TRENTE ANS DE PRISON POUR \u00ab LE BANQUIER DU GENOCIDE \u00bb - JusticeInfo.net\",\"isPartOf\":{\"@id\":\"https:\/\/www.justiceinfo.net\/fr#website\"},\"datePublished\":\"2009-12-01T23:00:00+00:00\",\"breadcrumb\":{\"@id\":\"https:\/\/www.justiceinfo.net\/fr\/11633-021209-rwandabelgique-trente-ans-de-prison-pour-l-le-banquier-du-genocide-r-8441.html#breadcrumb\"},\"inLanguage\":\"fr-FR\",\"potentialAction\":[{\"@type\":\"ReadAction\",\"target\":[\"https:\/\/www.justiceinfo.net\/fr\/11633-021209-rwandabelgique-trente-ans-de-prison-pour-l-le-banquier-du-genocide-r-8441.html\"]}]},{\"@type\":\"BreadcrumbList\",\"@id\":\"https:\/\/www.justiceinfo.net\/fr\/11633-021209-rwandabelgique-trente-ans-de-prison-pour-l-le-banquier-du-genocide-r-8441.html#breadcrumb\",\"itemListElement\":[{\"@type\":\"ListItem\",\"position\":1,\"name\":\"Home\",\"item\":\"https:\/\/www.justiceinfo.net\/fr\"},{\"@type\":\"ListItem\",\"position\":2,\"name\":\"02.12.09 - RWANDA\/BELGIQUE - TRENTE ANS DE PRISON POUR \u00ab LE BANQUIER DU GENOCIDE \u00bb\"}]},{\"@type\":\"WebSite\",\"@id\":\"https:\/\/www.justiceinfo.net\/fr#website\",\"url\":\"https:\/\/www.justiceinfo.net\/fr\",\"name\":\"JusticeInfo.net\",\"description\":\"La justice doit \u00eatre vue pour \u00eatre rendue\",\"publisher\":{\"@id\":\"https:\/\/www.justiceinfo.net\/fr#organization\"},\"potentialAction\":[{\"@type\":\"SearchAction\",\"target\":{\"@type\":\"EntryPoint\",\"urlTemplate\":\"https:\/\/www.justiceinfo.net\/fr?s={search_term_string}\"},\"query-input\":{\"@type\":\"PropertyValueSpecification\",\"valueRequired\":true,\"valueName\":\"search_term_string\"}}],\"inLanguage\":\"fr-FR\"},{\"@type\":\"Organization\",\"@id\":\"https:\/\/www.justiceinfo.net\/fr#organization\",\"name\":\"Justice Info\",\"url\":\"https:\/\/www.justiceinfo.net\/fr\",\"logo\":{\"@type\":\"ImageObject\",\"inLanguage\":\"fr-FR\",\"@id\":\"https:\/\/www.justiceinfo.net\/fr#\/schema\/logo\/image\/\",\"url\":\"https:\/\/www.justiceinfo.net\/wp-content\/uploads\/justiceinfo_logo-trans_1200x1200px.png\",\"contentUrl\":\"https:\/\/www.justiceinfo.net\/wp-content\/uploads\/justiceinfo_logo-trans_1200x1200px.png\",\"width\":1199,\"height\":1200,\"caption\":\"Justice Info\"},\"image\":{\"@id\":\"https:\/\/www.justiceinfo.net\/fr#\/schema\/logo\/image\/\"},\"sameAs\":[\"https:\/\/www.facebook.com\/JusticeInfo\/\",\"https:\/\/x.com\/justiceinfonet\",\"https:\/\/www.linkedin.com\/company\/justice-info\",\"https:\/\/www.youtube.com\/channel\/UCyCEsARodyuWtkWyhn-e7pA\"]},{\"@type\":\"Person\",\"name\":\"solivri\",\"url\":\"\/fr\/?s=solivri\"}]}<\/script>\n<!-- \/ Yoast SEO Premium plugin. -->","yoast_head_json":{"title":"02.12.09 - RWANDA\/BELGIQUE - TRENTE ANS DE PRISON POUR \u00ab LE BANQUIER DU GENOCIDE \u00bb - JusticeInfo.net","robots":{"index":"index","follow":"follow","max-snippet":"max-snippet:-1","max-image-preview":"max-image-preview:large","max-video-preview":"max-video-preview:-1"},"canonical":"https:\/\/www.justiceinfo.net\/fr\/11633-021209-rwandabelgique-trente-ans-de-prison-pour-l-le-banquier-du-genocide-r-8441.html","og_locale":"fr_FR","og_type":"article","og_title":"02.12.09 - RWANDA\/BELGIQUE - TRENTE ANS DE PRISON POUR \u00ab LE BANQUIER DU GENOCIDE \u00bb","og_description":"Bruxelles, 2 d&eacute;cembre 2009 (FH) - La cour d'assises de Bruxelles a condamn&eacute; mardi &agrave; l'unanimit&eacute; le Rwandais Ephrem Nkezabera, surnomm&eacute; &quot;le banquier du g&eacute;nocide&quot;, &agrave; 30 d'emprisonnement pour crimes de guerre commis durant le g&eacute;nocide de 1994, incluant meurtres, tentatives de meurtres et viols.","og_url":"https:\/\/www.justiceinfo.net\/fr\/11633-021209-rwandabelgique-trente-ans-de-prison-pour-l-le-banquier-du-genocide-r-8441.html","og_site_name":"JusticeInfo.net","article_publisher":"https:\/\/www.facebook.com\/JusticeInfo\/","article_published_time":"2009-12-01T23:00:00+00:00","og_image":[{"width":1200,"height":630,"url":"https:\/\/www.justiceinfo.net\/wp-content\/uploads\/JusticeInfoNet_logo_1200x630px.jpg","type":"image\/jpeg"}],"author":"solivri","twitter_card":"summary_large_image","twitter_creator":"@justiceinfonet","twitter_site":"@justiceinfonet","twitter_misc":{"\u00c9crit par":"solivri","Dur\u00e9e de lecture estim\u00e9e":"2 minutes"},"schema":{"@context":"https:\/\/schema.org","@graph":[{"@type":"NewsArticle","@id":"https:\/\/www.justiceinfo.net\/fr\/11633-021209-rwandabelgique-trente-ans-de-prison-pour-l-le-banquier-du-genocide-r-8441.html#article","isPartOf":{"@id":"https:\/\/www.justiceinfo.net\/fr\/11633-021209-rwandabelgique-trente-ans-de-prison-pour-l-le-banquier-du-genocide-r-8441.html"},"author":{"name":"solivri","@id":"https:\/\/www.justiceinfo.net\/fr#\/schema\/person\/6e53cba1629e2e66f3fc1821d3091865"},"headline":"02.12.09 - RWANDA\/BELGIQUE - TRENTE ANS DE PRISON POUR \u00ab LE BANQUIER DU GENOCIDE \u00bb","datePublished":"2009-12-01T23:00:00+00:00","mainEntityOfPage":{"@id":"https:\/\/www.justiceinfo.net\/fr\/11633-021209-rwandabelgique-trente-ans-de-prison-pour-l-le-banquier-du-genocide-r-8441.html"},"wordCount":450,"commentCount":0,"publisher":{"@id":"https:\/\/www.justiceinfo.net\/fr#organization"},"articleSection":["Hirondelle News"],"inLanguage":"fr-FR","potentialAction":[{"@type":"CommentAction","name":"Comment","target":["https:\/\/www.justiceinfo.net\/fr\/11633-021209-rwandabelgique-trente-ans-de-prison-pour-l-le-banquier-du-genocide-r-8441.html#respond"]}]},{"@type":"WebPage","@id":"https:\/\/www.justiceinfo.net\/fr\/11633-021209-rwandabelgique-trente-ans-de-prison-pour-l-le-banquier-du-genocide-r-8441.html","url":"https:\/\/www.justiceinfo.net\/fr\/11633-021209-rwandabelgique-trente-ans-de-prison-pour-l-le-banquier-du-genocide-r-8441.html","name":"02.12.09 - RWANDA\/BELGIQUE - TRENTE ANS DE PRISON POUR \u00ab LE BANQUIER DU GENOCIDE \u00bb - JusticeInfo.net","isPartOf":{"@id":"https:\/\/www.justiceinfo.net\/fr#website"},"datePublished":"2009-12-01T23:00:00+00:00","breadcrumb":{"@id":"https:\/\/www.justiceinfo.net\/fr\/11633-021209-rwandabelgique-trente-ans-de-prison-pour-l-le-banquier-du-genocide-r-8441.html#breadcrumb"},"inLanguage":"fr-FR","potentialAction":[{"@type":"ReadAction","target":["https:\/\/www.justiceinfo.net\/fr\/11633-021209-rwandabelgique-trente-ans-de-prison-pour-l-le-banquier-du-genocide-r-8441.html"]}]},{"@type":"BreadcrumbList","@id":"https:\/\/www.justiceinfo.net\/fr\/11633-021209-rwandabelgique-trente-ans-de-prison-pour-l-le-banquier-du-genocide-r-8441.html#breadcrumb","itemListElement":[{"@type":"ListItem","position":1,"name":"Home","item":"https:\/\/www.justiceinfo.net\/fr"},{"@type":"ListItem","position":2,"name":"02.12.09 - RWANDA\/BELGIQUE - TRENTE ANS DE PRISON POUR \u00ab LE BANQUIER DU GENOCIDE \u00bb"}]},{"@type":"WebSite","@id":"https:\/\/www.justiceinfo.net\/fr#website","url":"https:\/\/www.justiceinfo.net\/fr","name":"JusticeInfo.net","description":"La justice doit \u00eatre vue pour \u00eatre rendue","publisher":{"@id":"https:\/\/www.justiceinfo.net\/fr#organization"},"potentialAction":[{"@type":"SearchAction","target":{"@type":"EntryPoint","urlTemplate":"https:\/\/www.justiceinfo.net\/fr?s={search_term_string}"},"query-input":{"@type":"PropertyValueSpecification","valueRequired":true,"valueName":"search_term_string"}}],"inLanguage":"fr-FR"},{"@type":"Organization","@id":"https:\/\/www.justiceinfo.net\/fr#organization","name":"Justice Info","url":"https:\/\/www.justiceinfo.net\/fr","logo":{"@type":"ImageObject","inLanguage":"fr-FR","@id":"https:\/\/www.justiceinfo.net\/fr#\/schema\/logo\/image\/","url":"https:\/\/www.justiceinfo.net\/wp-content\/uploads\/justiceinfo_logo-trans_1200x1200px.png","contentUrl":"https:\/\/www.justiceinfo.net\/wp-content\/uploads\/justiceinfo_logo-trans_1200x1200px.png","width":1199,"height":1200,"caption":"Justice Info"},"image":{"@id":"https:\/\/www.justiceinfo.net\/fr#\/schema\/logo\/image\/"},"sameAs":["https:\/\/www.facebook.com\/JusticeInfo\/","https:\/\/x.com\/justiceinfonet","https:\/\/www.linkedin.com\/company\/justice-info","https:\/\/www.youtube.com\/channel\/UCyCEsARodyuWtkWyhn-e7pA"]},{"@type":"Person","name":"solivri","url":"\/fr\/?s=solivri"}]}},"_links":{"self":[{"href":"https:\/\/www.justiceinfo.net\/fr\/wp-json\/wp\/v2\/posts\/11633","targetHints":{"allow":["GET"]}}],"collection":[{"href":"https:\/\/www.justiceinfo.net\/fr\/wp-json\/wp\/v2\/posts"}],"about":[{"href":"https:\/\/www.justiceinfo.net\/fr\/wp-json\/wp\/v2\/types\/post"}],"author":[{"embeddable":true,"href":"https:\/\/www.justiceinfo.net\/fr\/wp-json\/wp\/v2\/users\/64"}],"replies":[{"embeddable":true,"href":"https:\/\/www.justiceinfo.net\/fr\/wp-json\/wp\/v2\/comments?post=11633"}],"version-history":[{"count":0,"href":"https:\/\/www.justiceinfo.net\/fr\/wp-json\/wp\/v2\/posts\/11633\/revisions"}],"wp:attachment":[{"href":"https:\/\/www.justiceinfo.net\/fr\/wp-json\/wp\/v2\/media?parent=11633"}],"wp:term":[{"taxonomy":"category","embeddable":true,"href":"https:\/\/www.justiceinfo.net\/fr\/wp-json\/wp\/v2\/categories?post=11633"},{"taxonomy":"post_tag","embeddable":true,"href":"https:\/\/www.justiceinfo.net\/fr\/wp-json\/wp\/v2\/tags?post=11633"},{"taxonomy":"ji_location","embeddable":true,"href":"https:\/\/www.justiceinfo.net\/fr\/wp-json\/wp\/v2\/ji_location?post=11633"}],"curies":[{"name":"wp","href":"https:\/\/api.w.org\/{rel}","templated":true}]}}