{"id":11642,"date":"2009-12-04T00:00:00","date_gmt":"2009-12-03T23:00:00","guid":{"rendered":"https:\/\/www.justiceinfo.net\/11642-041209-rwandagacaca-la-perpetuite-reduite-a-30-ans-pour-un-ex-responsable-administratif8450.html"},"modified":"2009-12-04T00:00:00","modified_gmt":"2009-12-03T23:00:00","slug":"041209-rwandagacaca-la-perpetuite-reduite-a-30-ans-pour-un-ex-responsable-administratif8450","status":"publish","type":"post","link":"https:\/\/www.justiceinfo.net\/fr\/11642-041209-rwandagacaca-la-perpetuite-reduite-a-30-ans-pour-un-ex-responsable-administratif8450.html","title":{"rendered":"04.12.09 - RWANDA\/GACACA - LA PERPETUITE REDUITE A 30 ANS POUR  UN EX- RESPONSABLE ADMINISTRATIF"},"content":{"rendered":"<p>Kigali, 04 d&eacute;cembre 2009 (FH)- Un ancien responsable administratif condamn&eacute; &agrave; la perp&eacute;tuit&eacute; en juin dernier apr&egrave;s avoir &eacute;t&eacute; reconnu coupable de participation au g&eacute;nocide de 1994, a vu jeudi sa peine r&eacute;duite &agrave; 30 d'emprisonnement au terme d'un proc&egrave;s en r&eacute;vision, a constat&eacute; l'agence Hirondelle.<br \/>\n<!--more--><\/p>\n<p >\n<p >\nGr&eacute;goire Nyirimanzi, 43 ans, &eacute;tait conseiller du secteur Nyakabanda, dans la ville de Kigali, au moment du g&eacute;nocide perp&eacute;tr&eacute; contre les Tutsis en 1994.\n<\/p>\n<p >\nJeudi, le tribunal gacaca de Nyakabanda, l'a d&eacute;clar&eacute; coupable d'incitation au g&eacute;nocide,&nbsp; ex&eacute;cution du g&eacute;nocide, complicit&eacute; de tous les assassinats de Tutsis tu&eacute;s dans son entit&eacute; administrative et viols.\n<\/p>\n<p >\nNyirimanzi avait plaid&eacute; coupable de toutes ces accusations, et demand&eacute; pardon &laquo; aux veuves et orphelins de Nyakabanda et &agrave; tous les Rwandais &raquo;.\n<\/p>\n<p >\n&laquo; La perp&eacute;tuit&eacute; m'&eacute;touffait, maintenant je peux respirer &raquo;, a-t-il indiqu&eacute; &agrave; l'agence Hirondelle, apr&egrave;s son jugement en r&eacute;vision. Il vient en effet de passer 13 ans en d&eacute;tention et esp&egrave;re pouvoir un jour b&eacute;n&eacute;ficier de la gr&acirc;ce pr&eacute;sidentielle.\n<\/p>\n<p >\nInspir&eacute;es des anciennes assembl&eacute;es lors desquelles les sages du village tranchaient les diff&eacute;rends, assis sur le gazon (gacaca, en langue rwandaise), les juridictions gacacas sont charg&eacute;es de juger les auteurs pr&eacute;sum&eacute;s du g&eacute;nocide de 1994, &agrave; l'exception des &laquo; planificateurs&raquo; au niveau national.\n<\/p>\n<p >\nSRE-ER\/GF\n<\/p>\n<p >\n<p>\n&copy; Agence Hirondelle<\/p>\n","protected":false},"excerpt":{"rendered":"<p>Kigali, 04 d&eacute;cembre 2009 (FH)- Un ancien responsable administratif condamn&eacute; &agrave; la perp&eacute;tuit&eacute; en juin dernier apr&egrave;s avoir &eacute;t&eacute; reconnu coupable de participation au g&eacute;nocide de 1994, a vu jeudi sa peine r&eacute;duite &agrave; 30 d'emprisonnement au terme d'un proc&egrave;s en r&eacute;vision, a constat&eacute; l'agence Hirondelle.<\/p>\n","protected":false},"author":64,"featured_media":0,"comment_status":"open","ping_status":"closed","sticky":false,"template":"","format":"standard","meta":{"_acf_changed":false,"footnotes":""},"categories":[554],"tags":[],"ji_location":[],"class_list":["post-11642","post","type-post","status-publish","format-standard","hentry","category-hirondellenews"],"acf":[],"yoast_head":"<!-- This site is optimized with the Yoast SEO Premium plugin v25.3.1 (Yoast SEO v25.3.1) - https:\/\/yoast.com\/wordpress\/plugins\/seo\/ -->\n<title>04.12.09 - RWANDA\/GACACA - LA PERPETUITE REDUITE A 30 ANS POUR UN EX- RESPONSABLE ADMINISTRATIF - JusticeInfo.net<\/title>\n<meta name=\"robots\" content=\"index, follow, max-snippet:-1, max-image-preview:large, max-video-preview:-1\" \/>\n<link rel=\"canonical\" href=\"https:\/\/www.justiceinfo.net\/fr\/11642-041209-rwandagacaca-la-perpetuite-reduite-a-30-ans-pour-un-ex-responsable-administratif8450.html\" \/>\n<meta property=\"og:locale\" content=\"fr_FR\" \/>\n<meta property=\"og:type\" content=\"article\" \/>\n<meta property=\"og:title\" content=\"04.12.09 - RWANDA\/GACACA - LA PERPETUITE REDUITE A 30 ANS POUR UN EX- RESPONSABLE ADMINISTRATIF\" \/>\n<meta property=\"og:description\" content=\"Kigali, 04 d&eacute;cembre 2009 (FH)- Un ancien responsable administratif condamn&eacute; &agrave; la perp&eacute;tuit&eacute; en juin dernier apr&egrave;s avoir &eacute;t&eacute; reconnu coupable de participation au g&eacute;nocide de 1994, a vu jeudi sa peine r&eacute;duite &agrave; 30 d&#039;emprisonnement au terme d&#039;un proc&egrave;s en r&eacute;vision, a constat&eacute; l&#039;agence Hirondelle.\" \/>\n<meta property=\"og:url\" content=\"https:\/\/www.justiceinfo.net\/fr\/11642-041209-rwandagacaca-la-perpetuite-reduite-a-30-ans-pour-un-ex-responsable-administratif8450.html\" \/>\n<meta property=\"og:site_name\" content=\"JusticeInfo.net\" \/>\n<meta property=\"article:publisher\" content=\"https:\/\/www.facebook.com\/JusticeInfo\/\" \/>\n<meta property=\"article:published_time\" content=\"2009-12-03T23:00:00+00:00\" \/>\n<meta property=\"og:image\" content=\"https:\/\/www.justiceinfo.net\/wp-content\/uploads\/JusticeInfoNet_logo_1200x630px.jpg\" \/>\n\t<meta property=\"og:image:width\" content=\"1200\" \/>\n\t<meta property=\"og:image:height\" content=\"630\" \/>\n\t<meta property=\"og:image:type\" content=\"image\/jpeg\" \/>\n<meta name=\"author\" content=\"solivri\" \/>\n<meta name=\"twitter:card\" content=\"summary_large_image\" \/>\n<meta name=\"twitter:creator\" content=\"@justiceinfonet\" \/>\n<meta name=\"twitter:site\" content=\"@justiceinfonet\" \/>\n<meta name=\"twitter:label1\" content=\"\u00c9crit par\" \/>\n\t<meta name=\"twitter:data1\" content=\"solivri\" \/>\n\t<meta name=\"twitter:label2\" content=\"Dur\u00e9e de lecture estim\u00e9e\" \/>\n\t<meta name=\"twitter:data2\" content=\"1 minute\" \/>\n<script type=\"application\/ld+json\" class=\"yoast-schema-graph\">{\"@context\":\"https:\/\/schema.org\",\"@graph\":[{\"@type\":\"NewsArticle\",\"@id\":\"https:\/\/www.justiceinfo.net\/fr\/11642-041209-rwandagacaca-la-perpetuite-reduite-a-30-ans-pour-un-ex-responsable-administratif8450.html#article\",\"isPartOf\":{\"@id\":\"https:\/\/www.justiceinfo.net\/fr\/11642-041209-rwandagacaca-la-perpetuite-reduite-a-30-ans-pour-un-ex-responsable-administratif8450.html\"},\"author\":{\"name\":\"solivri\",\"@id\":\"https:\/\/www.justiceinfo.net\/fr#\/schema\/person\/6e53cba1629e2e66f3fc1821d3091865\"},\"headline\":\"04.12.09 - RWANDA\/GACACA - LA PERPETUITE REDUITE A 30 ANS POUR UN EX- RESPONSABLE ADMINISTRATIF\",\"datePublished\":\"2009-12-03T23:00:00+00:00\",\"mainEntityOfPage\":{\"@id\":\"https:\/\/www.justiceinfo.net\/fr\/11642-041209-rwandagacaca-la-perpetuite-reduite-a-30-ans-pour-un-ex-responsable-administratif8450.html\"},\"wordCount\":304,\"commentCount\":0,\"publisher\":{\"@id\":\"https:\/\/www.justiceinfo.net\/fr#organization\"},\"articleSection\":[\"Hirondelle News\"],\"inLanguage\":\"fr-FR\",\"potentialAction\":[{\"@type\":\"CommentAction\",\"name\":\"Comment\",\"target\":[\"https:\/\/www.justiceinfo.net\/fr\/11642-041209-rwandagacaca-la-perpetuite-reduite-a-30-ans-pour-un-ex-responsable-administratif8450.html#respond\"]}]},{\"@type\":\"WebPage\",\"@id\":\"https:\/\/www.justiceinfo.net\/fr\/11642-041209-rwandagacaca-la-perpetuite-reduite-a-30-ans-pour-un-ex-responsable-administratif8450.html\",\"url\":\"https:\/\/www.justiceinfo.net\/fr\/11642-041209-rwandagacaca-la-perpetuite-reduite-a-30-ans-pour-un-ex-responsable-administratif8450.html\",\"name\":\"04.12.09 - RWANDA\/GACACA - LA PERPETUITE REDUITE A 30 ANS POUR UN EX- RESPONSABLE ADMINISTRATIF - JusticeInfo.net\",\"isPartOf\":{\"@id\":\"https:\/\/www.justiceinfo.net\/fr#website\"},\"datePublished\":\"2009-12-03T23:00:00+00:00\",\"breadcrumb\":{\"@id\":\"https:\/\/www.justiceinfo.net\/fr\/11642-041209-rwandagacaca-la-perpetuite-reduite-a-30-ans-pour-un-ex-responsable-administratif8450.html#breadcrumb\"},\"inLanguage\":\"fr-FR\",\"potentialAction\":[{\"@type\":\"ReadAction\",\"target\":[\"https:\/\/www.justiceinfo.net\/fr\/11642-041209-rwandagacaca-la-perpetuite-reduite-a-30-ans-pour-un-ex-responsable-administratif8450.html\"]}]},{\"@type\":\"BreadcrumbList\",\"@id\":\"https:\/\/www.justiceinfo.net\/fr\/11642-041209-rwandagacaca-la-perpetuite-reduite-a-30-ans-pour-un-ex-responsable-administratif8450.html#breadcrumb\",\"itemListElement\":[{\"@type\":\"ListItem\",\"position\":1,\"name\":\"Home\",\"item\":\"https:\/\/www.justiceinfo.net\/fr\"},{\"@type\":\"ListItem\",\"position\":2,\"name\":\"04.12.09 - RWANDA\/GACACA - LA PERPETUITE REDUITE A 30 ANS POUR UN EX- RESPONSABLE ADMINISTRATIF\"}]},{\"@type\":\"WebSite\",\"@id\":\"https:\/\/www.justiceinfo.net\/fr#website\",\"url\":\"https:\/\/www.justiceinfo.net\/fr\",\"name\":\"JusticeInfo.net\",\"description\":\"La justice doit \u00eatre vue pour \u00eatre rendue\",\"publisher\":{\"@id\":\"https:\/\/www.justiceinfo.net\/fr#organization\"},\"potentialAction\":[{\"@type\":\"SearchAction\",\"target\":{\"@type\":\"EntryPoint\",\"urlTemplate\":\"https:\/\/www.justiceinfo.net\/fr?s={search_term_string}\"},\"query-input\":{\"@type\":\"PropertyValueSpecification\",\"valueRequired\":true,\"valueName\":\"search_term_string\"}}],\"inLanguage\":\"fr-FR\"},{\"@type\":\"Organization\",\"@id\":\"https:\/\/www.justiceinfo.net\/fr#organization\",\"name\":\"Justice Info\",\"url\":\"https:\/\/www.justiceinfo.net\/fr\",\"logo\":{\"@type\":\"ImageObject\",\"inLanguage\":\"fr-FR\",\"@id\":\"https:\/\/www.justiceinfo.net\/fr#\/schema\/logo\/image\/\",\"url\":\"https:\/\/www.justiceinfo.net\/wp-content\/uploads\/justiceinfo_logo-trans_1200x1200px.png\",\"contentUrl\":\"https:\/\/www.justiceinfo.net\/wp-content\/uploads\/justiceinfo_logo-trans_1200x1200px.png\",\"width\":1199,\"height\":1200,\"caption\":\"Justice Info\"},\"image\":{\"@id\":\"https:\/\/www.justiceinfo.net\/fr#\/schema\/logo\/image\/\"},\"sameAs\":[\"https:\/\/www.facebook.com\/JusticeInfo\/\",\"https:\/\/x.com\/justiceinfonet\",\"https:\/\/www.linkedin.com\/company\/justice-info\",\"https:\/\/www.youtube.com\/channel\/UCyCEsARodyuWtkWyhn-e7pA\"]},{\"@type\":\"Person\",\"name\":\"solivri\",\"url\":\"\/fr\/?s=solivri\"}]}<\/script>\n<!-- \/ Yoast SEO Premium plugin. -->","yoast_head_json":{"title":"04.12.09 - RWANDA\/GACACA - LA PERPETUITE REDUITE A 30 ANS POUR UN EX- RESPONSABLE ADMINISTRATIF - JusticeInfo.net","robots":{"index":"index","follow":"follow","max-snippet":"max-snippet:-1","max-image-preview":"max-image-preview:large","max-video-preview":"max-video-preview:-1"},"canonical":"https:\/\/www.justiceinfo.net\/fr\/11642-041209-rwandagacaca-la-perpetuite-reduite-a-30-ans-pour-un-ex-responsable-administratif8450.html","og_locale":"fr_FR","og_type":"article","og_title":"04.12.09 - RWANDA\/GACACA - LA PERPETUITE REDUITE A 30 ANS POUR UN EX- RESPONSABLE ADMINISTRATIF","og_description":"Kigali, 04 d&eacute;cembre 2009 (FH)- Un ancien responsable administratif condamn&eacute; &agrave; la perp&eacute;tuit&eacute; en juin dernier apr&egrave;s avoir &eacute;t&eacute; reconnu coupable de participation au g&eacute;nocide de 1994, a vu jeudi sa peine r&eacute;duite &agrave; 30 d'emprisonnement au terme d'un proc&egrave;s en r&eacute;vision, a constat&eacute; l'agence Hirondelle.","og_url":"https:\/\/www.justiceinfo.net\/fr\/11642-041209-rwandagacaca-la-perpetuite-reduite-a-30-ans-pour-un-ex-responsable-administratif8450.html","og_site_name":"JusticeInfo.net","article_publisher":"https:\/\/www.facebook.com\/JusticeInfo\/","article_published_time":"2009-12-03T23:00:00+00:00","og_image":[{"width":1200,"height":630,"url":"https:\/\/www.justiceinfo.net\/wp-content\/uploads\/JusticeInfoNet_logo_1200x630px.jpg","type":"image\/jpeg"}],"author":"solivri","twitter_card":"summary_large_image","twitter_creator":"@justiceinfonet","twitter_site":"@justiceinfonet","twitter_misc":{"\u00c9crit par":"solivri","Dur\u00e9e de lecture estim\u00e9e":"1 minute"},"schema":{"@context":"https:\/\/schema.org","@graph":[{"@type":"NewsArticle","@id":"https:\/\/www.justiceinfo.net\/fr\/11642-041209-rwandagacaca-la-perpetuite-reduite-a-30-ans-pour-un-ex-responsable-administratif8450.html#article","isPartOf":{"@id":"https:\/\/www.justiceinfo.net\/fr\/11642-041209-rwandagacaca-la-perpetuite-reduite-a-30-ans-pour-un-ex-responsable-administratif8450.html"},"author":{"name":"solivri","@id":"https:\/\/www.justiceinfo.net\/fr#\/schema\/person\/6e53cba1629e2e66f3fc1821d3091865"},"headline":"04.12.09 - RWANDA\/GACACA - LA PERPETUITE REDUITE A 30 ANS POUR UN EX- RESPONSABLE ADMINISTRATIF","datePublished":"2009-12-03T23:00:00+00:00","mainEntityOfPage":{"@id":"https:\/\/www.justiceinfo.net\/fr\/11642-041209-rwandagacaca-la-perpetuite-reduite-a-30-ans-pour-un-ex-responsable-administratif8450.html"},"wordCount":304,"commentCount":0,"publisher":{"@id":"https:\/\/www.justiceinfo.net\/fr#organization"},"articleSection":["Hirondelle News"],"inLanguage":"fr-FR","potentialAction":[{"@type":"CommentAction","name":"Comment","target":["https:\/\/www.justiceinfo.net\/fr\/11642-041209-rwandagacaca-la-perpetuite-reduite-a-30-ans-pour-un-ex-responsable-administratif8450.html#respond"]}]},{"@type":"WebPage","@id":"https:\/\/www.justiceinfo.net\/fr\/11642-041209-rwandagacaca-la-perpetuite-reduite-a-30-ans-pour-un-ex-responsable-administratif8450.html","url":"https:\/\/www.justiceinfo.net\/fr\/11642-041209-rwandagacaca-la-perpetuite-reduite-a-30-ans-pour-un-ex-responsable-administratif8450.html","name":"04.12.09 - RWANDA\/GACACA - LA PERPETUITE REDUITE A 30 ANS POUR UN EX- RESPONSABLE ADMINISTRATIF - JusticeInfo.net","isPartOf":{"@id":"https:\/\/www.justiceinfo.net\/fr#website"},"datePublished":"2009-12-03T23:00:00+00:00","breadcrumb":{"@id":"https:\/\/www.justiceinfo.net\/fr\/11642-041209-rwandagacaca-la-perpetuite-reduite-a-30-ans-pour-un-ex-responsable-administratif8450.html#breadcrumb"},"inLanguage":"fr-FR","potentialAction":[{"@type":"ReadAction","target":["https:\/\/www.justiceinfo.net\/fr\/11642-041209-rwandagacaca-la-perpetuite-reduite-a-30-ans-pour-un-ex-responsable-administratif8450.html"]}]},{"@type":"BreadcrumbList","@id":"https:\/\/www.justiceinfo.net\/fr\/11642-041209-rwandagacaca-la-perpetuite-reduite-a-30-ans-pour-un-ex-responsable-administratif8450.html#breadcrumb","itemListElement":[{"@type":"ListItem","position":1,"name":"Home","item":"https:\/\/www.justiceinfo.net\/fr"},{"@type":"ListItem","position":2,"name":"04.12.09 - RWANDA\/GACACA - LA PERPETUITE REDUITE A 30 ANS POUR UN EX- RESPONSABLE ADMINISTRATIF"}]},{"@type":"WebSite","@id":"https:\/\/www.justiceinfo.net\/fr#website","url":"https:\/\/www.justiceinfo.net\/fr","name":"JusticeInfo.net","description":"La justice doit \u00eatre vue pour \u00eatre rendue","publisher":{"@id":"https:\/\/www.justiceinfo.net\/fr#organization"},"potentialAction":[{"@type":"SearchAction","target":{"@type":"EntryPoint","urlTemplate":"https:\/\/www.justiceinfo.net\/fr?s={search_term_string}"},"query-input":{"@type":"PropertyValueSpecification","valueRequired":true,"valueName":"search_term_string"}}],"inLanguage":"fr-FR"},{"@type":"Organization","@id":"https:\/\/www.justiceinfo.net\/fr#organization","name":"Justice Info","url":"https:\/\/www.justiceinfo.net\/fr","logo":{"@type":"ImageObject","inLanguage":"fr-FR","@id":"https:\/\/www.justiceinfo.net\/fr#\/schema\/logo\/image\/","url":"https:\/\/www.justiceinfo.net\/wp-content\/uploads\/justiceinfo_logo-trans_1200x1200px.png","contentUrl":"https:\/\/www.justiceinfo.net\/wp-content\/uploads\/justiceinfo_logo-trans_1200x1200px.png","width":1199,"height":1200,"caption":"Justice Info"},"image":{"@id":"https:\/\/www.justiceinfo.net\/fr#\/schema\/logo\/image\/"},"sameAs":["https:\/\/www.facebook.com\/JusticeInfo\/","https:\/\/x.com\/justiceinfonet","https:\/\/www.linkedin.com\/company\/justice-info","https:\/\/www.youtube.com\/channel\/UCyCEsARodyuWtkWyhn-e7pA"]},{"@type":"Person","name":"solivri","url":"\/fr\/?s=solivri"}]}},"_links":{"self":[{"href":"https:\/\/www.justiceinfo.net\/fr\/wp-json\/wp\/v2\/posts\/11642","targetHints":{"allow":["GET"]}}],"collection":[{"href":"https:\/\/www.justiceinfo.net\/fr\/wp-json\/wp\/v2\/posts"}],"about":[{"href":"https:\/\/www.justiceinfo.net\/fr\/wp-json\/wp\/v2\/types\/post"}],"author":[{"embeddable":true,"href":"https:\/\/www.justiceinfo.net\/fr\/wp-json\/wp\/v2\/users\/64"}],"replies":[{"embeddable":true,"href":"https:\/\/www.justiceinfo.net\/fr\/wp-json\/wp\/v2\/comments?post=11642"}],"version-history":[{"count":0,"href":"https:\/\/www.justiceinfo.net\/fr\/wp-json\/wp\/v2\/posts\/11642\/revisions"}],"wp:attachment":[{"href":"https:\/\/www.justiceinfo.net\/fr\/wp-json\/wp\/v2\/media?parent=11642"}],"wp:term":[{"taxonomy":"category","embeddable":true,"href":"https:\/\/www.justiceinfo.net\/fr\/wp-json\/wp\/v2\/categories?post=11642"},{"taxonomy":"post_tag","embeddable":true,"href":"https:\/\/www.justiceinfo.net\/fr\/wp-json\/wp\/v2\/tags?post=11642"},{"taxonomy":"ji_location","embeddable":true,"href":"https:\/\/www.justiceinfo.net\/fr\/wp-json\/wp\/v2\/ji_location?post=11642"}],"curies":[{"name":"wp","href":"https:\/\/api.w.org\/{rel}","templated":true}]}}