{"id":11659,"date":"2009-12-11T00:00:00","date_gmt":"2009-12-10T23:00:00","guid":{"rendered":"https:\/\/www.justiceinfo.net\/11659-111209-tpirsynthese-hebdomadaire-ntawukulilyayo-se-defend-de-toute-discrimination8467.html"},"modified":"2009-12-11T00:00:00","modified_gmt":"2009-12-10T23:00:00","slug":"111209-tpirsynthese-hebdomadaire-ntawukulilyayo-se-defend-de-toute-discrimination8467","status":"publish","type":"post","link":"https:\/\/www.justiceinfo.net\/fr\/11659-111209-tpirsynthese-hebdomadaire-ntawukulilyayo-se-defend-de-toute-discrimination8467.html","title":{"rendered":"11.12.09 - TPIR\/SYNTHESE HEBDOMADAIRE - NTAWUKULILYAYO SE DEFEND DE TOUTE DISCRIMINATION"},"content":{"rendered":"<p >\nArusha, 11 d&eacute;cembre 2009 (FH) - La semaine a &eacute;t&eacute; calme au Tribunal P&eacute;nal International pour le Rwanda, o&ugrave; deux affaires se poursuivaient.\n<\/p>\n<p><!--more--><\/p>\n<p >\n<p >\nLundi, l'accusation a interrompu pour quelques jours le d&eacute;fil&eacute; de ses t&eacute;moins dans le proc&egrave;s de l'ancien ministre de la Jeunesse, Callixte Nzabonimana, pour permettre &agrave; la chambre d'aller au Rwanda recueillir la d&eacute;position d'un t&eacute;moin de la d&eacute;fense, malade et &acirc;g&eacute;.\n<\/p>\n<p >\nSurnomm&eacute; RW-42, ce t&eacute;moin est crucial car il est pr&eacute;sent&eacute; par la poursuite comme le principal complice de Nzabonimana pour des crimes commis dans la commune Nyakabanda.\n<\/p>\n<p >\nMardi, Dominique Ntawukulilyayo, un ancien sous-pr&eacute;fet de accus&eacute; de g&eacute;nocide, a t&eacute;moign&eacute; pour sa propre d&eacute;fense. Il a tent&eacute; d'expliquer qu'il n'avait jamais pratiqu&eacute; de discrimination contre les Tutsis.\n<\/p>\n<p >\nAg&eacute; de 67 ans, il est notamment accus&eacute; de crimes commis dans sa sous-pr&eacute;fecture de Gisaraga. Il plaide non coupable.\n<\/p>\n<p >\nSon proc&egrave;s continue lundi. Vingt-deux t&eacute;moins ont d&eacute;j&agrave; t&eacute;moign&eacute; pour la d&eacute;fense. L'accusation avait pour sa part appel&eacute; 12 t&eacute;moins &agrave; la barre entre le 6 et le 26 mai 2009.\n<\/p>\n<p >\nSC\/GF\n<\/p>\n<p>\n&copy; Agence Hirondelle<\/p>\n","protected":false},"excerpt":{"rendered":"<p>Arusha, 11 d&eacute;cembre 2009 (FH) - La semaine a &eacute;t&eacute; calme au Tribunal P&eacute;nal International pour le Rwanda, o&ugrave; deux affaires se poursuivaient.<\/p>\n","protected":false},"author":64,"featured_media":0,"comment_status":"open","ping_status":"closed","sticky":false,"template":"","format":"standard","meta":{"_acf_changed":false,"footnotes":""},"categories":[554],"tags":[],"ji_location":[],"class_list":["post-11659","post","type-post","status-publish","format-standard","hentry","category-hirondellenews"],"acf":[],"yoast_head":"<!-- This site is optimized with the Yoast SEO Premium plugin v25.3.1 (Yoast SEO v25.3.1) - https:\/\/yoast.com\/wordpress\/plugins\/seo\/ -->\n<title>11.12.09 - TPIR\/SYNTHESE HEBDOMADAIRE - NTAWUKULILYAYO SE DEFEND DE TOUTE DISCRIMINATION - JusticeInfo.net<\/title>\n<meta name=\"robots\" content=\"index, follow, max-snippet:-1, max-image-preview:large, max-video-preview:-1\" \/>\n<link rel=\"canonical\" href=\"https:\/\/www.justiceinfo.net\/fr\/11659-111209-tpirsynthese-hebdomadaire-ntawukulilyayo-se-defend-de-toute-discrimination8467.html\" \/>\n<meta property=\"og:locale\" content=\"fr_FR\" \/>\n<meta property=\"og:type\" content=\"article\" \/>\n<meta property=\"og:title\" content=\"11.12.09 - TPIR\/SYNTHESE HEBDOMADAIRE - NTAWUKULILYAYO SE DEFEND DE TOUTE DISCRIMINATION\" \/>\n<meta property=\"og:description\" content=\"Arusha, 11 d&eacute;cembre 2009 (FH) - La semaine a &eacute;t&eacute; calme au Tribunal P&eacute;nal International pour le Rwanda, o&ugrave; deux affaires se poursuivaient.\" \/>\n<meta property=\"og:url\" content=\"https:\/\/www.justiceinfo.net\/fr\/11659-111209-tpirsynthese-hebdomadaire-ntawukulilyayo-se-defend-de-toute-discrimination8467.html\" \/>\n<meta property=\"og:site_name\" content=\"JusticeInfo.net\" \/>\n<meta property=\"article:publisher\" content=\"https:\/\/www.facebook.com\/JusticeInfo\/\" \/>\n<meta property=\"article:published_time\" content=\"2009-12-10T23:00:00+00:00\" \/>\n<meta property=\"og:image\" content=\"https:\/\/www.justiceinfo.net\/wp-content\/uploads\/JusticeInfoNet_logo_1200x630px.jpg\" \/>\n\t<meta property=\"og:image:width\" content=\"1200\" \/>\n\t<meta property=\"og:image:height\" content=\"630\" \/>\n\t<meta property=\"og:image:type\" content=\"image\/jpeg\" \/>\n<meta name=\"author\" content=\"solivri\" \/>\n<meta name=\"twitter:card\" content=\"summary_large_image\" \/>\n<meta name=\"twitter:creator\" content=\"@justiceinfonet\" \/>\n<meta name=\"twitter:site\" content=\"@justiceinfonet\" \/>\n<meta name=\"twitter:label1\" content=\"\u00c9crit par\" \/>\n\t<meta name=\"twitter:data1\" content=\"solivri\" \/>\n\t<meta name=\"twitter:label2\" content=\"Dur\u00e9e de lecture estim\u00e9e\" \/>\n\t<meta name=\"twitter:data2\" content=\"1 minute\" \/>\n<script type=\"application\/ld+json\" class=\"yoast-schema-graph\">{\"@context\":\"https:\/\/schema.org\",\"@graph\":[{\"@type\":\"NewsArticle\",\"@id\":\"https:\/\/www.justiceinfo.net\/fr\/11659-111209-tpirsynthese-hebdomadaire-ntawukulilyayo-se-defend-de-toute-discrimination8467.html#article\",\"isPartOf\":{\"@id\":\"https:\/\/www.justiceinfo.net\/fr\/11659-111209-tpirsynthese-hebdomadaire-ntawukulilyayo-se-defend-de-toute-discrimination8467.html\"},\"author\":{\"name\":\"solivri\",\"@id\":\"https:\/\/www.justiceinfo.net\/fr#\/schema\/person\/6e53cba1629e2e66f3fc1821d3091865\"},\"headline\":\"11.12.09 - TPIR\/SYNTHESE HEBDOMADAIRE - NTAWUKULILYAYO SE DEFEND DE TOUTE DISCRIMINATION\",\"datePublished\":\"2009-12-10T23:00:00+00:00\",\"mainEntityOfPage\":{\"@id\":\"https:\/\/www.justiceinfo.net\/fr\/11659-111209-tpirsynthese-hebdomadaire-ntawukulilyayo-se-defend-de-toute-discrimination8467.html\"},\"wordCount\":248,\"commentCount\":0,\"publisher\":{\"@id\":\"https:\/\/www.justiceinfo.net\/fr#organization\"},\"articleSection\":[\"Hirondelle News\"],\"inLanguage\":\"fr-FR\",\"potentialAction\":[{\"@type\":\"CommentAction\",\"name\":\"Comment\",\"target\":[\"https:\/\/www.justiceinfo.net\/fr\/11659-111209-tpirsynthese-hebdomadaire-ntawukulilyayo-se-defend-de-toute-discrimination8467.html#respond\"]}]},{\"@type\":\"WebPage\",\"@id\":\"https:\/\/www.justiceinfo.net\/fr\/11659-111209-tpirsynthese-hebdomadaire-ntawukulilyayo-se-defend-de-toute-discrimination8467.html\",\"url\":\"https:\/\/www.justiceinfo.net\/fr\/11659-111209-tpirsynthese-hebdomadaire-ntawukulilyayo-se-defend-de-toute-discrimination8467.html\",\"name\":\"11.12.09 - TPIR\/SYNTHESE HEBDOMADAIRE - NTAWUKULILYAYO SE DEFEND DE TOUTE DISCRIMINATION - JusticeInfo.net\",\"isPartOf\":{\"@id\":\"https:\/\/www.justiceinfo.net\/fr#website\"},\"datePublished\":\"2009-12-10T23:00:00+00:00\",\"breadcrumb\":{\"@id\":\"https:\/\/www.justiceinfo.net\/fr\/11659-111209-tpirsynthese-hebdomadaire-ntawukulilyayo-se-defend-de-toute-discrimination8467.html#breadcrumb\"},\"inLanguage\":\"fr-FR\",\"potentialAction\":[{\"@type\":\"ReadAction\",\"target\":[\"https:\/\/www.justiceinfo.net\/fr\/11659-111209-tpirsynthese-hebdomadaire-ntawukulilyayo-se-defend-de-toute-discrimination8467.html\"]}]},{\"@type\":\"BreadcrumbList\",\"@id\":\"https:\/\/www.justiceinfo.net\/fr\/11659-111209-tpirsynthese-hebdomadaire-ntawukulilyayo-se-defend-de-toute-discrimination8467.html#breadcrumb\",\"itemListElement\":[{\"@type\":\"ListItem\",\"position\":1,\"name\":\"Home\",\"item\":\"https:\/\/www.justiceinfo.net\/fr\"},{\"@type\":\"ListItem\",\"position\":2,\"name\":\"11.12.09 - TPIR\/SYNTHESE HEBDOMADAIRE - NTAWUKULILYAYO SE DEFEND DE TOUTE DISCRIMINATION\"}]},{\"@type\":\"WebSite\",\"@id\":\"https:\/\/www.justiceinfo.net\/fr#website\",\"url\":\"https:\/\/www.justiceinfo.net\/fr\",\"name\":\"JusticeInfo.net\",\"description\":\"La justice doit \u00eatre vue pour \u00eatre rendue\",\"publisher\":{\"@id\":\"https:\/\/www.justiceinfo.net\/fr#organization\"},\"potentialAction\":[{\"@type\":\"SearchAction\",\"target\":{\"@type\":\"EntryPoint\",\"urlTemplate\":\"https:\/\/www.justiceinfo.net\/fr?s={search_term_string}\"},\"query-input\":{\"@type\":\"PropertyValueSpecification\",\"valueRequired\":true,\"valueName\":\"search_term_string\"}}],\"inLanguage\":\"fr-FR\"},{\"@type\":\"Organization\",\"@id\":\"https:\/\/www.justiceinfo.net\/fr#organization\",\"name\":\"Justice Info\",\"url\":\"https:\/\/www.justiceinfo.net\/fr\",\"logo\":{\"@type\":\"ImageObject\",\"inLanguage\":\"fr-FR\",\"@id\":\"https:\/\/www.justiceinfo.net\/fr#\/schema\/logo\/image\/\",\"url\":\"https:\/\/www.justiceinfo.net\/wp-content\/uploads\/justiceinfo_logo-trans_1200x1200px.png\",\"contentUrl\":\"https:\/\/www.justiceinfo.net\/wp-content\/uploads\/justiceinfo_logo-trans_1200x1200px.png\",\"width\":1199,\"height\":1200,\"caption\":\"Justice Info\"},\"image\":{\"@id\":\"https:\/\/www.justiceinfo.net\/fr#\/schema\/logo\/image\/\"},\"sameAs\":[\"https:\/\/www.facebook.com\/JusticeInfo\/\",\"https:\/\/x.com\/justiceinfonet\",\"https:\/\/www.linkedin.com\/company\/justice-info\",\"https:\/\/www.youtube.com\/channel\/UCyCEsARodyuWtkWyhn-e7pA\"]},{\"@type\":\"Person\",\"name\":\"solivri\",\"url\":\"\/fr\/?s=solivri\"}]}<\/script>\n<!-- \/ Yoast SEO Premium plugin. -->","yoast_head_json":{"title":"11.12.09 - TPIR\/SYNTHESE HEBDOMADAIRE - NTAWUKULILYAYO SE DEFEND DE TOUTE DISCRIMINATION - JusticeInfo.net","robots":{"index":"index","follow":"follow","max-snippet":"max-snippet:-1","max-image-preview":"max-image-preview:large","max-video-preview":"max-video-preview:-1"},"canonical":"https:\/\/www.justiceinfo.net\/fr\/11659-111209-tpirsynthese-hebdomadaire-ntawukulilyayo-se-defend-de-toute-discrimination8467.html","og_locale":"fr_FR","og_type":"article","og_title":"11.12.09 - TPIR\/SYNTHESE HEBDOMADAIRE - NTAWUKULILYAYO SE DEFEND DE TOUTE DISCRIMINATION","og_description":"Arusha, 11 d&eacute;cembre 2009 (FH) - La semaine a &eacute;t&eacute; calme au Tribunal P&eacute;nal International pour le Rwanda, o&ugrave; deux affaires se poursuivaient.","og_url":"https:\/\/www.justiceinfo.net\/fr\/11659-111209-tpirsynthese-hebdomadaire-ntawukulilyayo-se-defend-de-toute-discrimination8467.html","og_site_name":"JusticeInfo.net","article_publisher":"https:\/\/www.facebook.com\/JusticeInfo\/","article_published_time":"2009-12-10T23:00:00+00:00","og_image":[{"width":1200,"height":630,"url":"https:\/\/www.justiceinfo.net\/wp-content\/uploads\/JusticeInfoNet_logo_1200x630px.jpg","type":"image\/jpeg"}],"author":"solivri","twitter_card":"summary_large_image","twitter_creator":"@justiceinfonet","twitter_site":"@justiceinfonet","twitter_misc":{"\u00c9crit par":"solivri","Dur\u00e9e de lecture estim\u00e9e":"1 minute"},"schema":{"@context":"https:\/\/schema.org","@graph":[{"@type":"NewsArticle","@id":"https:\/\/www.justiceinfo.net\/fr\/11659-111209-tpirsynthese-hebdomadaire-ntawukulilyayo-se-defend-de-toute-discrimination8467.html#article","isPartOf":{"@id":"https:\/\/www.justiceinfo.net\/fr\/11659-111209-tpirsynthese-hebdomadaire-ntawukulilyayo-se-defend-de-toute-discrimination8467.html"},"author":{"name":"solivri","@id":"https:\/\/www.justiceinfo.net\/fr#\/schema\/person\/6e53cba1629e2e66f3fc1821d3091865"},"headline":"11.12.09 - TPIR\/SYNTHESE HEBDOMADAIRE - NTAWUKULILYAYO SE DEFEND DE TOUTE DISCRIMINATION","datePublished":"2009-12-10T23:00:00+00:00","mainEntityOfPage":{"@id":"https:\/\/www.justiceinfo.net\/fr\/11659-111209-tpirsynthese-hebdomadaire-ntawukulilyayo-se-defend-de-toute-discrimination8467.html"},"wordCount":248,"commentCount":0,"publisher":{"@id":"https:\/\/www.justiceinfo.net\/fr#organization"},"articleSection":["Hirondelle News"],"inLanguage":"fr-FR","potentialAction":[{"@type":"CommentAction","name":"Comment","target":["https:\/\/www.justiceinfo.net\/fr\/11659-111209-tpirsynthese-hebdomadaire-ntawukulilyayo-se-defend-de-toute-discrimination8467.html#respond"]}]},{"@type":"WebPage","@id":"https:\/\/www.justiceinfo.net\/fr\/11659-111209-tpirsynthese-hebdomadaire-ntawukulilyayo-se-defend-de-toute-discrimination8467.html","url":"https:\/\/www.justiceinfo.net\/fr\/11659-111209-tpirsynthese-hebdomadaire-ntawukulilyayo-se-defend-de-toute-discrimination8467.html","name":"11.12.09 - TPIR\/SYNTHESE HEBDOMADAIRE - NTAWUKULILYAYO SE DEFEND DE TOUTE DISCRIMINATION - JusticeInfo.net","isPartOf":{"@id":"https:\/\/www.justiceinfo.net\/fr#website"},"datePublished":"2009-12-10T23:00:00+00:00","breadcrumb":{"@id":"https:\/\/www.justiceinfo.net\/fr\/11659-111209-tpirsynthese-hebdomadaire-ntawukulilyayo-se-defend-de-toute-discrimination8467.html#breadcrumb"},"inLanguage":"fr-FR","potentialAction":[{"@type":"ReadAction","target":["https:\/\/www.justiceinfo.net\/fr\/11659-111209-tpirsynthese-hebdomadaire-ntawukulilyayo-se-defend-de-toute-discrimination8467.html"]}]},{"@type":"BreadcrumbList","@id":"https:\/\/www.justiceinfo.net\/fr\/11659-111209-tpirsynthese-hebdomadaire-ntawukulilyayo-se-defend-de-toute-discrimination8467.html#breadcrumb","itemListElement":[{"@type":"ListItem","position":1,"name":"Home","item":"https:\/\/www.justiceinfo.net\/fr"},{"@type":"ListItem","position":2,"name":"11.12.09 - TPIR\/SYNTHESE HEBDOMADAIRE - NTAWUKULILYAYO SE DEFEND DE TOUTE DISCRIMINATION"}]},{"@type":"WebSite","@id":"https:\/\/www.justiceinfo.net\/fr#website","url":"https:\/\/www.justiceinfo.net\/fr","name":"JusticeInfo.net","description":"La justice doit \u00eatre vue pour \u00eatre rendue","publisher":{"@id":"https:\/\/www.justiceinfo.net\/fr#organization"},"potentialAction":[{"@type":"SearchAction","target":{"@type":"EntryPoint","urlTemplate":"https:\/\/www.justiceinfo.net\/fr?s={search_term_string}"},"query-input":{"@type":"PropertyValueSpecification","valueRequired":true,"valueName":"search_term_string"}}],"inLanguage":"fr-FR"},{"@type":"Organization","@id":"https:\/\/www.justiceinfo.net\/fr#organization","name":"Justice Info","url":"https:\/\/www.justiceinfo.net\/fr","logo":{"@type":"ImageObject","inLanguage":"fr-FR","@id":"https:\/\/www.justiceinfo.net\/fr#\/schema\/logo\/image\/","url":"https:\/\/www.justiceinfo.net\/wp-content\/uploads\/justiceinfo_logo-trans_1200x1200px.png","contentUrl":"https:\/\/www.justiceinfo.net\/wp-content\/uploads\/justiceinfo_logo-trans_1200x1200px.png","width":1199,"height":1200,"caption":"Justice Info"},"image":{"@id":"https:\/\/www.justiceinfo.net\/fr#\/schema\/logo\/image\/"},"sameAs":["https:\/\/www.facebook.com\/JusticeInfo\/","https:\/\/x.com\/justiceinfonet","https:\/\/www.linkedin.com\/company\/justice-info","https:\/\/www.youtube.com\/channel\/UCyCEsARodyuWtkWyhn-e7pA"]},{"@type":"Person","name":"solivri","url":"\/fr\/?s=solivri"}]}},"_links":{"self":[{"href":"https:\/\/www.justiceinfo.net\/fr\/wp-json\/wp\/v2\/posts\/11659","targetHints":{"allow":["GET"]}}],"collection":[{"href":"https:\/\/www.justiceinfo.net\/fr\/wp-json\/wp\/v2\/posts"}],"about":[{"href":"https:\/\/www.justiceinfo.net\/fr\/wp-json\/wp\/v2\/types\/post"}],"author":[{"embeddable":true,"href":"https:\/\/www.justiceinfo.net\/fr\/wp-json\/wp\/v2\/users\/64"}],"replies":[{"embeddable":true,"href":"https:\/\/www.justiceinfo.net\/fr\/wp-json\/wp\/v2\/comments?post=11659"}],"version-history":[{"count":0,"href":"https:\/\/www.justiceinfo.net\/fr\/wp-json\/wp\/v2\/posts\/11659\/revisions"}],"wp:attachment":[{"href":"https:\/\/www.justiceinfo.net\/fr\/wp-json\/wp\/v2\/media?parent=11659"}],"wp:term":[{"taxonomy":"category","embeddable":true,"href":"https:\/\/www.justiceinfo.net\/fr\/wp-json\/wp\/v2\/categories?post=11659"},{"taxonomy":"post_tag","embeddable":true,"href":"https:\/\/www.justiceinfo.net\/fr\/wp-json\/wp\/v2\/tags?post=11659"},{"taxonomy":"ji_location","embeddable":true,"href":"https:\/\/www.justiceinfo.net\/fr\/wp-json\/wp\/v2\/ji_location?post=11659"}],"curies":[{"name":"wp","href":"https:\/\/api.w.org\/{rel}","templated":true}]}}