{"id":11669,"date":"2009-12-15T00:00:00","date_gmt":"2009-12-14T23:00:00","guid":{"rendered":"https:\/\/www.justiceinfo.net\/11669-151209-tpirrwanda-ibuka-accuse-le-tpir-de-banaliser-le-genocide-des-tutsis8477.html"},"modified":"2009-12-15T00:00:00","modified_gmt":"2009-12-14T23:00:00","slug":"151209-tpirrwanda-ibuka-accuse-le-tpir-de-banaliser-le-genocide-des-tutsis8477","status":"publish","type":"post","link":"https:\/\/www.justiceinfo.net\/fr\/11669-151209-tpirrwanda-ibuka-accuse-le-tpir-de-banaliser-le-genocide-des-tutsis8477.html","title":{"rendered":"15.12.09 - TPIR\/RWANDA - IBUKA ACCUSE LE TPIR DE BANALISER LE GENOCIDE DES TUTSIS"},"content":{"rendered":"<p >\nArusha, 15 d&eacute;cembre 2009 (FH) - La principale organisation de survivants du g&eacute;nocide perp&eacute;tr&eacute; contre les Tutsis en 1994 accuse le Tribunal p&eacute;nal international pour le Rwanda (TPIR) de banaliser le g&eacute;nocide et d'encourager le n&eacute;gationnisme &agrave; travers ses &laquo; acquittements r&eacute;p&eacute;titifs &raquo;.\n<\/p>\n<p><!--more--><\/p>\n<p >\n<p >\n<p >\n&laquo; Depuis quelques ann&eacute;es, Ibuka (souviens-toi, en langue rwandaise), constate avec regret la croissance d'une pratique extr&ecirc;mement grave de banalisation du g&eacute;nocide au TPIR &raquo;, &eacute;crit l'association dans une lettre au ministre rwandais de la Justice Tharcisse Karugarama dat&eacute;e du 7 d&eacute;cembre, dont l'Agence Hirondelle a obtenu copie.\n<\/p>\n<p >\nLe collectif d&eacute;clare que &laquo; les acquittements r&eacute;p&eacute;titifs d'anciennes personnalit&eacute;s politiques et militaires qui ont jou&eacute; un r&ocirc;le irr&eacute;futable dans la planification et la perp&eacute;tration du g&eacute;nocide des Tutsis et des crimes contre l'humanit&eacute; en est une illustration des plus parlantes &raquo;.\n<\/p>\n<p >\nLe TPIR a prononc&eacute;, &agrave; ce jour, 8 acquittements parmi lesquels, le mois dernier, celui de Protais Zigiranyirazo, beau-fr&egrave;re de l'ex-pr&eacute;sident Juv&eacute;nal Habyarimana.\n<\/p>\n<p >\n&laquo; Outre l'augmentation progressive des acquittements injustes et injustifi&eacute;s, l'attitude dominante des juges du TPIR est de r&eacute;duire sensiblement les peines prononc&eacute;es contre les accus&eacute;s reconnus coupables de planification et d'ex&eacute;cution du g&eacute;nocide &raquo;, poursuit l'organisation.\n<\/p>\n<p >\nPour Ibuka, &laquo;ces pratiques inacceptables augmentent &agrave; un rythme inqui&eacute;tant et servent d'encouragement au ph&eacute;nom&egrave;ne de n&eacute;gationnisme qui est en train de se d&eacute;velopper en Occident &agrave; travers l'activisme d'un r&eacute;seau de lobbys ayant &agrave; leur t&ecirc;te des avocats de la d&eacute;fense au TPIR, des professeurs d'universit&eacute;s&nbsp; et des journalistes&raquo;.\n<\/p>\n<p >\n&laquo; Si le Rwanda ne fait rien pour mettre fin &agrave; cette pratique honteuse du TPIR, ce sera une caution accord&eacute;e &agrave; l'injustice et &agrave; la banalisation du g&eacute;nocide &raquo;, estime la lettre.\n<\/p>\n<p >\nIbuka appelle le gouvernement rwandais &agrave; &laquo; prendre dans l'urgence des mesures n&eacute;cessaires et adapt&eacute;es pour emp&ecirc;cher le TPIR de poursuivre sa ligne de banalisation du g&eacute;nocide &raquo;, indique le texte.\n<\/p>\n<p >\nEntre autres mesures, le collectif demande au gouvernement &laquo; de ne plus accorder l'autorisation d'entrer sur le territoire rwandais aux avocats et enqu&ecirc;teurs de la d&eacute;fense du TPIR &raquo;. Selon le texte, ces d&eacute;fenseurs s'entendent avec des g&eacute;nocidaires condamn&eacute;s au Rwanda pour fabriquer des t&eacute;moignages &agrave; d&eacute;charge.\n<\/p>\n<p >\nER\/GF\n<\/p>\n<p>\n&nbsp;&copy; Agence Hirondelle<\/p>\n","protected":false},"excerpt":{"rendered":"<p>Arusha, 15 d&eacute;cembre 2009 (FH) - La principale organisation de survivants du g&eacute;nocide perp&eacute;tr&eacute; contre les Tutsis en 1994 accuse le Tribunal p&eacute;nal international pour le Rwanda (TPIR) de banaliser le g&eacute;nocide et d'encourager le n&eacute;gationnisme &agrave; travers ses &laquo; acquittements r&eacute;p&eacute;titifs &raquo;.<\/p>\n","protected":false},"author":64,"featured_media":0,"comment_status":"open","ping_status":"closed","sticky":false,"template":"","format":"standard","meta":{"_acf_changed":false,"footnotes":""},"categories":[554],"tags":[],"ji_location":[],"class_list":["post-11669","post","type-post","status-publish","format-standard","hentry","category-hirondellenews"],"acf":[],"yoast_head":"<!-- This site is optimized with the Yoast SEO Premium plugin v25.3.1 (Yoast SEO v25.3.1) - https:\/\/yoast.com\/wordpress\/plugins\/seo\/ -->\n<title>15.12.09 - TPIR\/RWANDA - IBUKA ACCUSE LE TPIR DE BANALISER LE GENOCIDE DES TUTSIS - JusticeInfo.net<\/title>\n<meta name=\"robots\" content=\"index, follow, max-snippet:-1, max-image-preview:large, max-video-preview:-1\" \/>\n<link rel=\"canonical\" href=\"https:\/\/www.justiceinfo.net\/fr\/11669-151209-tpirrwanda-ibuka-accuse-le-tpir-de-banaliser-le-genocide-des-tutsis8477.html\" \/>\n<meta property=\"og:locale\" content=\"fr_FR\" \/>\n<meta property=\"og:type\" content=\"article\" \/>\n<meta property=\"og:title\" content=\"15.12.09 - TPIR\/RWANDA - IBUKA ACCUSE LE TPIR DE BANALISER LE GENOCIDE DES TUTSIS\" \/>\n<meta property=\"og:description\" content=\"Arusha, 15 d&eacute;cembre 2009 (FH) - La principale organisation de survivants du g&eacute;nocide perp&eacute;tr&eacute; contre les Tutsis en 1994 accuse le Tribunal p&eacute;nal international pour le Rwanda (TPIR) de banaliser le g&eacute;nocide et d&#039;encourager le n&eacute;gationnisme &agrave; travers ses &laquo; acquittements r&eacute;p&eacute;titifs &raquo;.\" \/>\n<meta property=\"og:url\" content=\"https:\/\/www.justiceinfo.net\/fr\/11669-151209-tpirrwanda-ibuka-accuse-le-tpir-de-banaliser-le-genocide-des-tutsis8477.html\" \/>\n<meta property=\"og:site_name\" content=\"JusticeInfo.net\" \/>\n<meta property=\"article:publisher\" content=\"https:\/\/www.facebook.com\/JusticeInfo\/\" \/>\n<meta property=\"article:published_time\" content=\"2009-12-14T23:00:00+00:00\" \/>\n<meta property=\"og:image\" content=\"https:\/\/www.justiceinfo.net\/wp-content\/uploads\/JusticeInfoNet_logo_1200x630px.jpg\" \/>\n\t<meta property=\"og:image:width\" content=\"1200\" \/>\n\t<meta property=\"og:image:height\" content=\"630\" \/>\n\t<meta property=\"og:image:type\" content=\"image\/jpeg\" \/>\n<meta name=\"author\" content=\"solivri\" \/>\n<meta name=\"twitter:card\" content=\"summary_large_image\" \/>\n<meta name=\"twitter:creator\" content=\"@justiceinfonet\" \/>\n<meta name=\"twitter:site\" content=\"@justiceinfonet\" \/>\n<meta name=\"twitter:label1\" content=\"\u00c9crit par\" \/>\n\t<meta name=\"twitter:data1\" content=\"solivri\" \/>\n\t<meta name=\"twitter:label2\" content=\"Dur\u00e9e de lecture estim\u00e9e\" \/>\n\t<meta name=\"twitter:data2\" content=\"2 minutes\" \/>\n<script type=\"application\/ld+json\" class=\"yoast-schema-graph\">{\"@context\":\"https:\/\/schema.org\",\"@graph\":[{\"@type\":\"NewsArticle\",\"@id\":\"https:\/\/www.justiceinfo.net\/fr\/11669-151209-tpirrwanda-ibuka-accuse-le-tpir-de-banaliser-le-genocide-des-tutsis8477.html#article\",\"isPartOf\":{\"@id\":\"https:\/\/www.justiceinfo.net\/fr\/11669-151209-tpirrwanda-ibuka-accuse-le-tpir-de-banaliser-le-genocide-des-tutsis8477.html\"},\"author\":{\"name\":\"solivri\",\"@id\":\"https:\/\/www.justiceinfo.net\/fr#\/schema\/person\/6e53cba1629e2e66f3fc1821d3091865\"},\"headline\":\"15.12.09 - TPIR\/RWANDA - IBUKA ACCUSE LE TPIR DE BANALISER LE GENOCIDE DES TUTSIS\",\"datePublished\":\"2009-12-14T23:00:00+00:00\",\"mainEntityOfPage\":{\"@id\":\"https:\/\/www.justiceinfo.net\/fr\/11669-151209-tpirrwanda-ibuka-accuse-le-tpir-de-banaliser-le-genocide-des-tutsis8477.html\"},\"wordCount\":500,\"commentCount\":0,\"publisher\":{\"@id\":\"https:\/\/www.justiceinfo.net\/fr#organization\"},\"articleSection\":[\"Hirondelle News\"],\"inLanguage\":\"fr-FR\",\"potentialAction\":[{\"@type\":\"CommentAction\",\"name\":\"Comment\",\"target\":[\"https:\/\/www.justiceinfo.net\/fr\/11669-151209-tpirrwanda-ibuka-accuse-le-tpir-de-banaliser-le-genocide-des-tutsis8477.html#respond\"]}]},{\"@type\":\"WebPage\",\"@id\":\"https:\/\/www.justiceinfo.net\/fr\/11669-151209-tpirrwanda-ibuka-accuse-le-tpir-de-banaliser-le-genocide-des-tutsis8477.html\",\"url\":\"https:\/\/www.justiceinfo.net\/fr\/11669-151209-tpirrwanda-ibuka-accuse-le-tpir-de-banaliser-le-genocide-des-tutsis8477.html\",\"name\":\"15.12.09 - TPIR\/RWANDA - IBUKA ACCUSE LE TPIR DE BANALISER LE GENOCIDE DES TUTSIS - JusticeInfo.net\",\"isPartOf\":{\"@id\":\"https:\/\/www.justiceinfo.net\/fr#website\"},\"datePublished\":\"2009-12-14T23:00:00+00:00\",\"breadcrumb\":{\"@id\":\"https:\/\/www.justiceinfo.net\/fr\/11669-151209-tpirrwanda-ibuka-accuse-le-tpir-de-banaliser-le-genocide-des-tutsis8477.html#breadcrumb\"},\"inLanguage\":\"fr-FR\",\"potentialAction\":[{\"@type\":\"ReadAction\",\"target\":[\"https:\/\/www.justiceinfo.net\/fr\/11669-151209-tpirrwanda-ibuka-accuse-le-tpir-de-banaliser-le-genocide-des-tutsis8477.html\"]}]},{\"@type\":\"BreadcrumbList\",\"@id\":\"https:\/\/www.justiceinfo.net\/fr\/11669-151209-tpirrwanda-ibuka-accuse-le-tpir-de-banaliser-le-genocide-des-tutsis8477.html#breadcrumb\",\"itemListElement\":[{\"@type\":\"ListItem\",\"position\":1,\"name\":\"Home\",\"item\":\"https:\/\/www.justiceinfo.net\/fr\"},{\"@type\":\"ListItem\",\"position\":2,\"name\":\"15.12.09 - TPIR\/RWANDA - IBUKA ACCUSE LE TPIR DE BANALISER LE GENOCIDE DES TUTSIS\"}]},{\"@type\":\"WebSite\",\"@id\":\"https:\/\/www.justiceinfo.net\/fr#website\",\"url\":\"https:\/\/www.justiceinfo.net\/fr\",\"name\":\"JusticeInfo.net\",\"description\":\"La justice doit \u00eatre vue pour \u00eatre rendue\",\"publisher\":{\"@id\":\"https:\/\/www.justiceinfo.net\/fr#organization\"},\"potentialAction\":[{\"@type\":\"SearchAction\",\"target\":{\"@type\":\"EntryPoint\",\"urlTemplate\":\"https:\/\/www.justiceinfo.net\/fr?s={search_term_string}\"},\"query-input\":{\"@type\":\"PropertyValueSpecification\",\"valueRequired\":true,\"valueName\":\"search_term_string\"}}],\"inLanguage\":\"fr-FR\"},{\"@type\":\"Organization\",\"@id\":\"https:\/\/www.justiceinfo.net\/fr#organization\",\"name\":\"Justice Info\",\"url\":\"https:\/\/www.justiceinfo.net\/fr\",\"logo\":{\"@type\":\"ImageObject\",\"inLanguage\":\"fr-FR\",\"@id\":\"https:\/\/www.justiceinfo.net\/fr#\/schema\/logo\/image\/\",\"url\":\"https:\/\/www.justiceinfo.net\/wp-content\/uploads\/justiceinfo_logo-trans_1200x1200px.png\",\"contentUrl\":\"https:\/\/www.justiceinfo.net\/wp-content\/uploads\/justiceinfo_logo-trans_1200x1200px.png\",\"width\":1199,\"height\":1200,\"caption\":\"Justice Info\"},\"image\":{\"@id\":\"https:\/\/www.justiceinfo.net\/fr#\/schema\/logo\/image\/\"},\"sameAs\":[\"https:\/\/www.facebook.com\/JusticeInfo\/\",\"https:\/\/x.com\/justiceinfonet\",\"https:\/\/www.linkedin.com\/company\/justice-info\",\"https:\/\/www.youtube.com\/channel\/UCyCEsARodyuWtkWyhn-e7pA\"]},{\"@type\":\"Person\",\"name\":\"solivri\",\"url\":\"\/fr\/?s=solivri\"}]}<\/script>\n<!-- \/ Yoast SEO Premium plugin. -->","yoast_head_json":{"title":"15.12.09 - TPIR\/RWANDA - IBUKA ACCUSE LE TPIR DE BANALISER LE GENOCIDE DES TUTSIS - JusticeInfo.net","robots":{"index":"index","follow":"follow","max-snippet":"max-snippet:-1","max-image-preview":"max-image-preview:large","max-video-preview":"max-video-preview:-1"},"canonical":"https:\/\/www.justiceinfo.net\/fr\/11669-151209-tpirrwanda-ibuka-accuse-le-tpir-de-banaliser-le-genocide-des-tutsis8477.html","og_locale":"fr_FR","og_type":"article","og_title":"15.12.09 - TPIR\/RWANDA - IBUKA ACCUSE LE TPIR DE BANALISER LE GENOCIDE DES TUTSIS","og_description":"Arusha, 15 d&eacute;cembre 2009 (FH) - La principale organisation de survivants du g&eacute;nocide perp&eacute;tr&eacute; contre les Tutsis en 1994 accuse le Tribunal p&eacute;nal international pour le Rwanda (TPIR) de banaliser le g&eacute;nocide et d'encourager le n&eacute;gationnisme &agrave; travers ses &laquo; acquittements r&eacute;p&eacute;titifs &raquo;.","og_url":"https:\/\/www.justiceinfo.net\/fr\/11669-151209-tpirrwanda-ibuka-accuse-le-tpir-de-banaliser-le-genocide-des-tutsis8477.html","og_site_name":"JusticeInfo.net","article_publisher":"https:\/\/www.facebook.com\/JusticeInfo\/","article_published_time":"2009-12-14T23:00:00+00:00","og_image":[{"width":1200,"height":630,"url":"https:\/\/www.justiceinfo.net\/wp-content\/uploads\/JusticeInfoNet_logo_1200x630px.jpg","type":"image\/jpeg"}],"author":"solivri","twitter_card":"summary_large_image","twitter_creator":"@justiceinfonet","twitter_site":"@justiceinfonet","twitter_misc":{"\u00c9crit par":"solivri","Dur\u00e9e de lecture estim\u00e9e":"2 minutes"},"schema":{"@context":"https:\/\/schema.org","@graph":[{"@type":"NewsArticle","@id":"https:\/\/www.justiceinfo.net\/fr\/11669-151209-tpirrwanda-ibuka-accuse-le-tpir-de-banaliser-le-genocide-des-tutsis8477.html#article","isPartOf":{"@id":"https:\/\/www.justiceinfo.net\/fr\/11669-151209-tpirrwanda-ibuka-accuse-le-tpir-de-banaliser-le-genocide-des-tutsis8477.html"},"author":{"name":"solivri","@id":"https:\/\/www.justiceinfo.net\/fr#\/schema\/person\/6e53cba1629e2e66f3fc1821d3091865"},"headline":"15.12.09 - TPIR\/RWANDA - IBUKA ACCUSE LE TPIR DE BANALISER LE GENOCIDE DES TUTSIS","datePublished":"2009-12-14T23:00:00+00:00","mainEntityOfPage":{"@id":"https:\/\/www.justiceinfo.net\/fr\/11669-151209-tpirrwanda-ibuka-accuse-le-tpir-de-banaliser-le-genocide-des-tutsis8477.html"},"wordCount":500,"commentCount":0,"publisher":{"@id":"https:\/\/www.justiceinfo.net\/fr#organization"},"articleSection":["Hirondelle News"],"inLanguage":"fr-FR","potentialAction":[{"@type":"CommentAction","name":"Comment","target":["https:\/\/www.justiceinfo.net\/fr\/11669-151209-tpirrwanda-ibuka-accuse-le-tpir-de-banaliser-le-genocide-des-tutsis8477.html#respond"]}]},{"@type":"WebPage","@id":"https:\/\/www.justiceinfo.net\/fr\/11669-151209-tpirrwanda-ibuka-accuse-le-tpir-de-banaliser-le-genocide-des-tutsis8477.html","url":"https:\/\/www.justiceinfo.net\/fr\/11669-151209-tpirrwanda-ibuka-accuse-le-tpir-de-banaliser-le-genocide-des-tutsis8477.html","name":"15.12.09 - TPIR\/RWANDA - IBUKA ACCUSE LE TPIR DE BANALISER LE GENOCIDE DES TUTSIS - JusticeInfo.net","isPartOf":{"@id":"https:\/\/www.justiceinfo.net\/fr#website"},"datePublished":"2009-12-14T23:00:00+00:00","breadcrumb":{"@id":"https:\/\/www.justiceinfo.net\/fr\/11669-151209-tpirrwanda-ibuka-accuse-le-tpir-de-banaliser-le-genocide-des-tutsis8477.html#breadcrumb"},"inLanguage":"fr-FR","potentialAction":[{"@type":"ReadAction","target":["https:\/\/www.justiceinfo.net\/fr\/11669-151209-tpirrwanda-ibuka-accuse-le-tpir-de-banaliser-le-genocide-des-tutsis8477.html"]}]},{"@type":"BreadcrumbList","@id":"https:\/\/www.justiceinfo.net\/fr\/11669-151209-tpirrwanda-ibuka-accuse-le-tpir-de-banaliser-le-genocide-des-tutsis8477.html#breadcrumb","itemListElement":[{"@type":"ListItem","position":1,"name":"Home","item":"https:\/\/www.justiceinfo.net\/fr"},{"@type":"ListItem","position":2,"name":"15.12.09 - TPIR\/RWANDA - IBUKA ACCUSE LE TPIR DE BANALISER LE GENOCIDE DES TUTSIS"}]},{"@type":"WebSite","@id":"https:\/\/www.justiceinfo.net\/fr#website","url":"https:\/\/www.justiceinfo.net\/fr","name":"JusticeInfo.net","description":"La justice doit \u00eatre vue pour \u00eatre rendue","publisher":{"@id":"https:\/\/www.justiceinfo.net\/fr#organization"},"potentialAction":[{"@type":"SearchAction","target":{"@type":"EntryPoint","urlTemplate":"https:\/\/www.justiceinfo.net\/fr?s={search_term_string}"},"query-input":{"@type":"PropertyValueSpecification","valueRequired":true,"valueName":"search_term_string"}}],"inLanguage":"fr-FR"},{"@type":"Organization","@id":"https:\/\/www.justiceinfo.net\/fr#organization","name":"Justice Info","url":"https:\/\/www.justiceinfo.net\/fr","logo":{"@type":"ImageObject","inLanguage":"fr-FR","@id":"https:\/\/www.justiceinfo.net\/fr#\/schema\/logo\/image\/","url":"https:\/\/www.justiceinfo.net\/wp-content\/uploads\/justiceinfo_logo-trans_1200x1200px.png","contentUrl":"https:\/\/www.justiceinfo.net\/wp-content\/uploads\/justiceinfo_logo-trans_1200x1200px.png","width":1199,"height":1200,"caption":"Justice Info"},"image":{"@id":"https:\/\/www.justiceinfo.net\/fr#\/schema\/logo\/image\/"},"sameAs":["https:\/\/www.facebook.com\/JusticeInfo\/","https:\/\/x.com\/justiceinfonet","https:\/\/www.linkedin.com\/company\/justice-info","https:\/\/www.youtube.com\/channel\/UCyCEsARodyuWtkWyhn-e7pA"]},{"@type":"Person","name":"solivri","url":"\/fr\/?s=solivri"}]}},"_links":{"self":[{"href":"https:\/\/www.justiceinfo.net\/fr\/wp-json\/wp\/v2\/posts\/11669","targetHints":{"allow":["GET"]}}],"collection":[{"href":"https:\/\/www.justiceinfo.net\/fr\/wp-json\/wp\/v2\/posts"}],"about":[{"href":"https:\/\/www.justiceinfo.net\/fr\/wp-json\/wp\/v2\/types\/post"}],"author":[{"embeddable":true,"href":"https:\/\/www.justiceinfo.net\/fr\/wp-json\/wp\/v2\/users\/64"}],"replies":[{"embeddable":true,"href":"https:\/\/www.justiceinfo.net\/fr\/wp-json\/wp\/v2\/comments?post=11669"}],"version-history":[{"count":0,"href":"https:\/\/www.justiceinfo.net\/fr\/wp-json\/wp\/v2\/posts\/11669\/revisions"}],"wp:attachment":[{"href":"https:\/\/www.justiceinfo.net\/fr\/wp-json\/wp\/v2\/media?parent=11669"}],"wp:term":[{"taxonomy":"category","embeddable":true,"href":"https:\/\/www.justiceinfo.net\/fr\/wp-json\/wp\/v2\/categories?post=11669"},{"taxonomy":"post_tag","embeddable":true,"href":"https:\/\/www.justiceinfo.net\/fr\/wp-json\/wp\/v2\/tags?post=11669"},{"taxonomy":"ji_location","embeddable":true,"href":"https:\/\/www.justiceinfo.net\/fr\/wp-json\/wp\/v2\/ji_location?post=11669"}],"curies":[{"name":"wp","href":"https:\/\/api.w.org\/{rel}","templated":true}]}}