{"id":11705,"date":"2010-01-11T00:00:00","date_gmt":"2010-01-10T23:00:00","guid":{"rendered":"https:\/\/www.justiceinfo.net\/11705-110110-rwandafrance-vers-un-pole-juridique-l-genocide-et-crimes-contre-lhumanite-r-a-paris8513.html"},"modified":"2010-01-11T00:00:00","modified_gmt":"2010-01-10T23:00:00","slug":"110110-rwandafrance-vers-un-pole-juridique-l-genocide-et-crimes-contre-lhumanite-r-a-paris8513","status":"publish","type":"post","link":"https:\/\/www.justiceinfo.net\/fr\/11705-110110-rwandafrance-vers-un-pole-juridique-l-genocide-et-crimes-contre-lhumanite-r-a-paris8513.html","title":{"rendered":"11.01.10 - RWANDA\/France - VERS UN POLE JURIDIQUE \u00ab GENOCIDE ET CRIMES CONTRE L'HUMANITE \u00bb A PARIS"},"content":{"rendered":"<p >\nParis, 11 janvier 2010 (FH) - Les ministres fran&ccedil;ais des Affaires &eacute;trang&egrave;res et de la Justice ont annonc&eacute; la cr&eacute;ation prochaine d'un p&ocirc;le &laquo; g&eacute;nocide et crimes contre l'humanit&eacute; &raquo; au Tribunal de Grande instance de Paris, dans un &laquo; point de vue &raquo; publi&eacute; dans Le Monde dat&eacute; du 7 janvier.\n<\/p>\n<p><!--more--><\/p>\n<p >\nUn projet de loi sera discut&eacute; &agrave; cet effet au Parlement, au premier semestre 2010.\n<\/p>\n<p >\nL'annonce co&iuml;ncidait avec la visite, jeudi 7 &agrave; Kigali, du chef de la diplomatie fran&ccedil;aise Bernard Kouchner. L'intention du ministre fran&ccedil;ais&nbsp; &eacute;tait de sceller la r&eacute;conciliation entre Paris et Kigali. Les deux pays ont officiellement renou&eacute; leurs relations diplomatiques le 29 novembre 2009, apr&egrave;s trois ann&eacute;es de rupture.\n<\/p>\n<p >\n<p >\nDurant le s&eacute;jour de Bernard Kouchner, le Rwanda a fait deux demandes, indique sur son site internet Radio France Internationale. La premi&egrave;re consisterait &agrave; cr&eacute;er une commission conjointe pour &eacute;tudier le r&ocirc;le jou&eacute; par Paris durant le g&eacute;nocide. La seconde serait de faire avancer les enqu&ecirc;tes sur les suspects Rwandais r&eacute;sidant en France.\n<\/p>\n<p >\nLa cr&eacute;ation d'un p&ocirc;le judiciaire sp&eacute;cialis&eacute; s'incrirait dans ce contexte. Il pourrait permettre de d&eacute;bloquer en priorit&eacute; les dossiers li&eacute;s au g&eacute;nocide rwandais, dont aucun n'a encore abouti &agrave; un proc&egrave;s devant les tribunaux fran&ccedil;ais. &laquo; L'augmentation du nombre d'affaires en suspens, concernant notamment plus de quinze Rwandais en attente d'un jugement, nous incite &agrave; agir vite &raquo;, &eacute;crivent dans Le Monde Bernard Kouchner et la Garde des sceaux Mich&egrave;le Alliot-Marie.\n<\/p>\n<p >\nEn juin 2004, la Cour europ&eacute;enne des droits de l'homme avait condamn&eacute; Paris pour sa lenteur dans l'affaire du p&egrave;re Wenceslas Munyeshyaka, ouverte d&egrave;s 1995. Quinze ans apr&egrave;s, son cas reste un des douze dossiers Rwandais actuellement en cours d'instruction devant le Tribunal de Grande instance de Paris. Tandis qu'en Belgique, la Cour d'Assises de Bruxelles a organis&eacute; quatre proc&egrave;s de Rwandais impliqu&eacute;s dans le g&eacute;nocide de 1994, les tribunaux fran&ccedil;ais n'en ont pour l'instant jug&eacute; aucun.\n<\/p>\n<p >\nEn 2007, le Tribunal p&eacute;nal international pour le Rwanda (TPIR), bas&eacute; &agrave; Arusha, en Tanzanie, a rendu public trois mandats d'arr&ecirc;t dirig&eacute;s contre des suspects r&eacute;sidant sur le territoire fran&ccedil;ais et accus&eacute;s d'avoir particip&eacute; au g&eacute;nocide de 1994, for&ccedil;ant ainsi la France &agrave; r&eacute;agir. Outre Munyeshyaka, ces mandats concernaient l'ancien pr&eacute;fet de Gikongoro (sud) Laurent Bucyibaruta, et Dominique Ntawukulilyayo, qui &eacute;tait sous-pr&eacute;fet dans la r&eacute;gion de Butare (sud). Seul le dernier de ces trois accus&eacute;s, dont le proc&egrave;s s'est ouvert en mai 2009, est entre les mains du tribunal d'Arusha. Le TPIR a renvoy&eacute; les deux autres cas devant la justice fran&ccedil;aise, estimant qu'elle &eacute;tait &laquo; dispos&eacute;e &agrave; juger les deux hommes et en avait la comp&eacute;tence &raquo;.\n<\/p>\n<p >\nEn 2008, la France a ouvert deux nouvelles instructions pour complicit&eacute; de g&eacute;nocide et crimes contre l'humanit&eacute;. Elles concernent Agathe Habyarimana, veuve de l'ancien pr&eacute;sident rwandais, et Eug&egrave;ne Rwamucyo, un ancien m&eacute;decin de Butare qui travaillait jusqu'en octobre 2009 &agrave; l'h&ocirc;pital de Maubeuge, dans le Nord de la France. .\n<\/p>\n<p >\nDans le m&ecirc;me temps, les dossiers judiciaires rwandais ont &eacute;t&eacute; progressivement regroup&eacute;s &agrave; Paris, entre les mains de deux puis de quatre juges d'instruction du Tribunal de grande instance (TGI). Le projet de p&ocirc;le &laquo; g&eacute;nocide et crimes contre l'humanit&eacute; &raquo; annonc&eacute; par les ministres viendra renforcer la section sp&eacute;cialis&eacute;e d&eacute;j&agrave; compos&eacute;e par ces magistrats du TGI de Paris. &laquo; Elle favorisera, pr&eacute;cise l'article sign&eacute; des deux ministres, la mutualisation des comp&eacute;tences, en r&eacute;unissant des magistrats sp&eacute;cialis&eacute;s, ainsi que des traducteurs, interpr&egrave;tes, experts et chercheurs indispensables au traitement d'affaires aussi sensibles que complexes &raquo;.\n<\/p>\n<p >\nLe r&eacute;chauffement des relations diplomatiques entre Paris et Kigali a permis en novembre 2009 &agrave; deux de ces magistrats sp&eacute;cialis&eacute;s, Fabienne Pous et Michelle Ganascia, de se rendre au Rwanda pour compl&eacute;ter leurs enqu&ecirc;tes, qui concernent notamment Munyeshyaka et Bucyibaruta . Les deux autres juges d'instruction sp&eacute;cialis&eacute;s dans les affaires rwandaises, Nicolas Aubertin et Brigitte Jolivet, ont obtenu l'autorisation se rendre au Rwanda. Leur visite est pr&eacute;vue pour fin janvier-d&eacute;but f&eacute;vrier.\n<\/p>\n<p >\nCes deux derniers juges s'occupent notamment d'un troisi&egrave;me dossier susceptible de d&eacute;boucher en priorit&eacute; sur un proc&egrave;s : celui de Pascal Simbikangwa, transf&eacute;r&eacute; le 20 novembre dernier dans une prison parisienne depuis La R&eacute;union, o&ugrave; il &eacute;tait incarc&eacute;r&eacute; pour trafic de faux papiers. Beau-fr&egrave;re du colonel Elie Sagatwa, il est apparent&eacute; &agrave; la famille d'Agathe Habyarimana. Rattach&eacute; &agrave; la pr&eacute;sidence rwandaise, il travaillait aux services de renseignements.\n<\/p>\n<p >\n<p >\nFP\/ER\/GF\n<\/p>\n<p>\n&copy; Agence Hirondelle<\/p>\n","protected":false},"excerpt":{"rendered":"<p>Paris, 11 janvier 2010 (FH) - Les ministres fran&ccedil;ais des Affaires &eacute;trang&egrave;res et de la Justice ont annonc&eacute; la cr&eacute;ation prochaine d'un p&ocirc;le &laquo; g&eacute;nocide et crimes contre l'humanit&eacute; &raquo; au Tribunal de Grande instance de Paris, dans un &laquo; point de vue &raquo; publi&eacute; dans Le Monde dat&eacute; du 7 janvier.<\/p>\n","protected":false},"author":64,"featured_media":0,"comment_status":"open","ping_status":"closed","sticky":false,"template":"","format":"standard","meta":{"_acf_changed":false,"footnotes":""},"categories":[554],"tags":[],"ji_location":[],"class_list":["post-11705","post","type-post","status-publish","format-standard","hentry","category-hirondellenews"],"acf":[],"yoast_head":"<!-- This site is optimized with the Yoast SEO Premium plugin v25.3.1 (Yoast SEO v25.3.1) - https:\/\/yoast.com\/wordpress\/plugins\/seo\/ -->\n<title>11.01.10 - RWANDA\/France - VERS UN POLE JURIDIQUE \u00ab GENOCIDE ET CRIMES CONTRE L&#039;HUMANITE \u00bb A PARIS - JusticeInfo.net<\/title>\n<meta name=\"robots\" content=\"index, follow, max-snippet:-1, max-image-preview:large, max-video-preview:-1\" \/>\n<link rel=\"canonical\" href=\"https:\/\/www.justiceinfo.net\/fr\/11705-110110-rwandafrance-vers-un-pole-juridique-l-genocide-et-crimes-contre-lhumanite-r-a-paris8513.html\" \/>\n<meta property=\"og:locale\" content=\"fr_FR\" \/>\n<meta property=\"og:type\" content=\"article\" \/>\n<meta property=\"og:title\" content=\"11.01.10 - RWANDA\/France - VERS UN POLE JURIDIQUE \u00ab GENOCIDE ET CRIMES CONTRE L&#039;HUMANITE \u00bb A PARIS\" \/>\n<meta property=\"og:description\" content=\"Paris, 11 janvier 2010 (FH) - Les ministres fran&ccedil;ais des Affaires &eacute;trang&egrave;res et de la Justice ont annonc&eacute; la cr&eacute;ation prochaine d&#039;un p&ocirc;le &laquo; g&eacute;nocide et crimes contre l&#039;humanit&eacute; &raquo; au Tribunal de Grande instance de Paris, dans un &laquo; point de vue &raquo; publi&eacute; dans Le Monde dat&eacute; du 7 janvier.\" \/>\n<meta property=\"og:url\" content=\"https:\/\/www.justiceinfo.net\/fr\/11705-110110-rwandafrance-vers-un-pole-juridique-l-genocide-et-crimes-contre-lhumanite-r-a-paris8513.html\" \/>\n<meta property=\"og:site_name\" content=\"JusticeInfo.net\" \/>\n<meta property=\"article:publisher\" content=\"https:\/\/www.facebook.com\/JusticeInfo\/\" \/>\n<meta property=\"article:published_time\" content=\"2010-01-10T23:00:00+00:00\" \/>\n<meta property=\"og:image\" content=\"https:\/\/www.justiceinfo.net\/wp-content\/uploads\/JusticeInfoNet_logo_1200x630px.jpg\" \/>\n\t<meta property=\"og:image:width\" content=\"1200\" \/>\n\t<meta property=\"og:image:height\" content=\"630\" \/>\n\t<meta property=\"og:image:type\" content=\"image\/jpeg\" \/>\n<meta name=\"author\" content=\"solivri\" \/>\n<meta name=\"twitter:card\" content=\"summary_large_image\" \/>\n<meta name=\"twitter:creator\" content=\"@justiceinfonet\" \/>\n<meta name=\"twitter:site\" content=\"@justiceinfonet\" \/>\n<meta name=\"twitter:label1\" content=\"\u00c9crit par\" \/>\n\t<meta name=\"twitter:data1\" content=\"solivri\" \/>\n\t<meta name=\"twitter:label2\" content=\"Dur\u00e9e de lecture estim\u00e9e\" \/>\n\t<meta name=\"twitter:data2\" content=\"5 minutes\" \/>\n<script type=\"application\/ld+json\" class=\"yoast-schema-graph\">{\"@context\":\"https:\/\/schema.org\",\"@graph\":[{\"@type\":\"NewsArticle\",\"@id\":\"https:\/\/www.justiceinfo.net\/fr\/11705-110110-rwandafrance-vers-un-pole-juridique-l-genocide-et-crimes-contre-lhumanite-r-a-paris8513.html#article\",\"isPartOf\":{\"@id\":\"https:\/\/www.justiceinfo.net\/fr\/11705-110110-rwandafrance-vers-un-pole-juridique-l-genocide-et-crimes-contre-lhumanite-r-a-paris8513.html\"},\"author\":{\"name\":\"solivri\",\"@id\":\"https:\/\/www.justiceinfo.net\/fr#\/schema\/person\/6e53cba1629e2e66f3fc1821d3091865\"},\"headline\":\"11.01.10 - RWANDA\/France - VERS UN POLE JURIDIQUE \u00ab GENOCIDE ET CRIMES CONTRE L'HUMANITE \u00bb A PARIS\",\"datePublished\":\"2010-01-10T23:00:00+00:00\",\"mainEntityOfPage\":{\"@id\":\"https:\/\/www.justiceinfo.net\/fr\/11705-110110-rwandafrance-vers-un-pole-juridique-l-genocide-et-crimes-contre-lhumanite-r-a-paris8513.html\"},\"wordCount\":969,\"commentCount\":0,\"publisher\":{\"@id\":\"https:\/\/www.justiceinfo.net\/fr#organization\"},\"articleSection\":[\"Hirondelle News\"],\"inLanguage\":\"fr-FR\",\"potentialAction\":[{\"@type\":\"CommentAction\",\"name\":\"Comment\",\"target\":[\"https:\/\/www.justiceinfo.net\/fr\/11705-110110-rwandafrance-vers-un-pole-juridique-l-genocide-et-crimes-contre-lhumanite-r-a-paris8513.html#respond\"]}]},{\"@type\":\"WebPage\",\"@id\":\"https:\/\/www.justiceinfo.net\/fr\/11705-110110-rwandafrance-vers-un-pole-juridique-l-genocide-et-crimes-contre-lhumanite-r-a-paris8513.html\",\"url\":\"https:\/\/www.justiceinfo.net\/fr\/11705-110110-rwandafrance-vers-un-pole-juridique-l-genocide-et-crimes-contre-lhumanite-r-a-paris8513.html\",\"name\":\"11.01.10 - RWANDA\/France - VERS UN POLE JURIDIQUE \u00ab GENOCIDE ET CRIMES CONTRE L'HUMANITE \u00bb A PARIS - JusticeInfo.net\",\"isPartOf\":{\"@id\":\"https:\/\/www.justiceinfo.net\/fr#website\"},\"datePublished\":\"2010-01-10T23:00:00+00:00\",\"breadcrumb\":{\"@id\":\"https:\/\/www.justiceinfo.net\/fr\/11705-110110-rwandafrance-vers-un-pole-juridique-l-genocide-et-crimes-contre-lhumanite-r-a-paris8513.html#breadcrumb\"},\"inLanguage\":\"fr-FR\",\"potentialAction\":[{\"@type\":\"ReadAction\",\"target\":[\"https:\/\/www.justiceinfo.net\/fr\/11705-110110-rwandafrance-vers-un-pole-juridique-l-genocide-et-crimes-contre-lhumanite-r-a-paris8513.html\"]}]},{\"@type\":\"BreadcrumbList\",\"@id\":\"https:\/\/www.justiceinfo.net\/fr\/11705-110110-rwandafrance-vers-un-pole-juridique-l-genocide-et-crimes-contre-lhumanite-r-a-paris8513.html#breadcrumb\",\"itemListElement\":[{\"@type\":\"ListItem\",\"position\":1,\"name\":\"Home\",\"item\":\"https:\/\/www.justiceinfo.net\/fr\"},{\"@type\":\"ListItem\",\"position\":2,\"name\":\"11.01.10 - RWANDA\/France - VERS UN POLE JURIDIQUE \u00ab GENOCIDE ET CRIMES CONTRE L'HUMANITE \u00bb A PARIS\"}]},{\"@type\":\"WebSite\",\"@id\":\"https:\/\/www.justiceinfo.net\/fr#website\",\"url\":\"https:\/\/www.justiceinfo.net\/fr\",\"name\":\"JusticeInfo.net\",\"description\":\"La justice doit \u00eatre vue pour \u00eatre rendue\",\"publisher\":{\"@id\":\"https:\/\/www.justiceinfo.net\/fr#organization\"},\"potentialAction\":[{\"@type\":\"SearchAction\",\"target\":{\"@type\":\"EntryPoint\",\"urlTemplate\":\"https:\/\/www.justiceinfo.net\/fr?s={search_term_string}\"},\"query-input\":{\"@type\":\"PropertyValueSpecification\",\"valueRequired\":true,\"valueName\":\"search_term_string\"}}],\"inLanguage\":\"fr-FR\"},{\"@type\":\"Organization\",\"@id\":\"https:\/\/www.justiceinfo.net\/fr#organization\",\"name\":\"Justice Info\",\"url\":\"https:\/\/www.justiceinfo.net\/fr\",\"logo\":{\"@type\":\"ImageObject\",\"inLanguage\":\"fr-FR\",\"@id\":\"https:\/\/www.justiceinfo.net\/fr#\/schema\/logo\/image\/\",\"url\":\"https:\/\/www.justiceinfo.net\/wp-content\/uploads\/justiceinfo_logo-trans_1200x1200px.png\",\"contentUrl\":\"https:\/\/www.justiceinfo.net\/wp-content\/uploads\/justiceinfo_logo-trans_1200x1200px.png\",\"width\":1199,\"height\":1200,\"caption\":\"Justice Info\"},\"image\":{\"@id\":\"https:\/\/www.justiceinfo.net\/fr#\/schema\/logo\/image\/\"},\"sameAs\":[\"https:\/\/www.facebook.com\/JusticeInfo\/\",\"https:\/\/x.com\/justiceinfonet\",\"https:\/\/www.linkedin.com\/company\/justice-info\",\"https:\/\/www.youtube.com\/channel\/UCyCEsARodyuWtkWyhn-e7pA\"]},{\"@type\":\"Person\",\"name\":\"solivri\",\"url\":\"\/fr\/?s=solivri\"}]}<\/script>\n<!-- \/ Yoast SEO Premium plugin. -->","yoast_head_json":{"title":"11.01.10 - RWANDA\/France - VERS UN POLE JURIDIQUE \u00ab GENOCIDE ET CRIMES CONTRE L'HUMANITE \u00bb A PARIS - JusticeInfo.net","robots":{"index":"index","follow":"follow","max-snippet":"max-snippet:-1","max-image-preview":"max-image-preview:large","max-video-preview":"max-video-preview:-1"},"canonical":"https:\/\/www.justiceinfo.net\/fr\/11705-110110-rwandafrance-vers-un-pole-juridique-l-genocide-et-crimes-contre-lhumanite-r-a-paris8513.html","og_locale":"fr_FR","og_type":"article","og_title":"11.01.10 - RWANDA\/France - VERS UN POLE JURIDIQUE \u00ab GENOCIDE ET CRIMES CONTRE L'HUMANITE \u00bb A PARIS","og_description":"Paris, 11 janvier 2010 (FH) - Les ministres fran&ccedil;ais des Affaires &eacute;trang&egrave;res et de la Justice ont annonc&eacute; la cr&eacute;ation prochaine d'un p&ocirc;le &laquo; g&eacute;nocide et crimes contre l'humanit&eacute; &raquo; au Tribunal de Grande instance de Paris, dans un &laquo; point de vue &raquo; publi&eacute; dans Le Monde dat&eacute; du 7 janvier.","og_url":"https:\/\/www.justiceinfo.net\/fr\/11705-110110-rwandafrance-vers-un-pole-juridique-l-genocide-et-crimes-contre-lhumanite-r-a-paris8513.html","og_site_name":"JusticeInfo.net","article_publisher":"https:\/\/www.facebook.com\/JusticeInfo\/","article_published_time":"2010-01-10T23:00:00+00:00","og_image":[{"width":1200,"height":630,"url":"https:\/\/www.justiceinfo.net\/wp-content\/uploads\/JusticeInfoNet_logo_1200x630px.jpg","type":"image\/jpeg"}],"author":"solivri","twitter_card":"summary_large_image","twitter_creator":"@justiceinfonet","twitter_site":"@justiceinfonet","twitter_misc":{"\u00c9crit par":"solivri","Dur\u00e9e de lecture estim\u00e9e":"5 minutes"},"schema":{"@context":"https:\/\/schema.org","@graph":[{"@type":"NewsArticle","@id":"https:\/\/www.justiceinfo.net\/fr\/11705-110110-rwandafrance-vers-un-pole-juridique-l-genocide-et-crimes-contre-lhumanite-r-a-paris8513.html#article","isPartOf":{"@id":"https:\/\/www.justiceinfo.net\/fr\/11705-110110-rwandafrance-vers-un-pole-juridique-l-genocide-et-crimes-contre-lhumanite-r-a-paris8513.html"},"author":{"name":"solivri","@id":"https:\/\/www.justiceinfo.net\/fr#\/schema\/person\/6e53cba1629e2e66f3fc1821d3091865"},"headline":"11.01.10 - RWANDA\/France - VERS UN POLE JURIDIQUE \u00ab GENOCIDE ET CRIMES CONTRE L'HUMANITE \u00bb A PARIS","datePublished":"2010-01-10T23:00:00+00:00","mainEntityOfPage":{"@id":"https:\/\/www.justiceinfo.net\/fr\/11705-110110-rwandafrance-vers-un-pole-juridique-l-genocide-et-crimes-contre-lhumanite-r-a-paris8513.html"},"wordCount":969,"commentCount":0,"publisher":{"@id":"https:\/\/www.justiceinfo.net\/fr#organization"},"articleSection":["Hirondelle News"],"inLanguage":"fr-FR","potentialAction":[{"@type":"CommentAction","name":"Comment","target":["https:\/\/www.justiceinfo.net\/fr\/11705-110110-rwandafrance-vers-un-pole-juridique-l-genocide-et-crimes-contre-lhumanite-r-a-paris8513.html#respond"]}]},{"@type":"WebPage","@id":"https:\/\/www.justiceinfo.net\/fr\/11705-110110-rwandafrance-vers-un-pole-juridique-l-genocide-et-crimes-contre-lhumanite-r-a-paris8513.html","url":"https:\/\/www.justiceinfo.net\/fr\/11705-110110-rwandafrance-vers-un-pole-juridique-l-genocide-et-crimes-contre-lhumanite-r-a-paris8513.html","name":"11.01.10 - RWANDA\/France - VERS UN POLE JURIDIQUE \u00ab GENOCIDE ET CRIMES CONTRE L'HUMANITE \u00bb A PARIS - JusticeInfo.net","isPartOf":{"@id":"https:\/\/www.justiceinfo.net\/fr#website"},"datePublished":"2010-01-10T23:00:00+00:00","breadcrumb":{"@id":"https:\/\/www.justiceinfo.net\/fr\/11705-110110-rwandafrance-vers-un-pole-juridique-l-genocide-et-crimes-contre-lhumanite-r-a-paris8513.html#breadcrumb"},"inLanguage":"fr-FR","potentialAction":[{"@type":"ReadAction","target":["https:\/\/www.justiceinfo.net\/fr\/11705-110110-rwandafrance-vers-un-pole-juridique-l-genocide-et-crimes-contre-lhumanite-r-a-paris8513.html"]}]},{"@type":"BreadcrumbList","@id":"https:\/\/www.justiceinfo.net\/fr\/11705-110110-rwandafrance-vers-un-pole-juridique-l-genocide-et-crimes-contre-lhumanite-r-a-paris8513.html#breadcrumb","itemListElement":[{"@type":"ListItem","position":1,"name":"Home","item":"https:\/\/www.justiceinfo.net\/fr"},{"@type":"ListItem","position":2,"name":"11.01.10 - RWANDA\/France - VERS UN POLE JURIDIQUE \u00ab GENOCIDE ET CRIMES CONTRE L'HUMANITE \u00bb A PARIS"}]},{"@type":"WebSite","@id":"https:\/\/www.justiceinfo.net\/fr#website","url":"https:\/\/www.justiceinfo.net\/fr","name":"JusticeInfo.net","description":"La justice doit \u00eatre vue pour \u00eatre rendue","publisher":{"@id":"https:\/\/www.justiceinfo.net\/fr#organization"},"potentialAction":[{"@type":"SearchAction","target":{"@type":"EntryPoint","urlTemplate":"https:\/\/www.justiceinfo.net\/fr?s={search_term_string}"},"query-input":{"@type":"PropertyValueSpecification","valueRequired":true,"valueName":"search_term_string"}}],"inLanguage":"fr-FR"},{"@type":"Organization","@id":"https:\/\/www.justiceinfo.net\/fr#organization","name":"Justice Info","url":"https:\/\/www.justiceinfo.net\/fr","logo":{"@type":"ImageObject","inLanguage":"fr-FR","@id":"https:\/\/www.justiceinfo.net\/fr#\/schema\/logo\/image\/","url":"https:\/\/www.justiceinfo.net\/wp-content\/uploads\/justiceinfo_logo-trans_1200x1200px.png","contentUrl":"https:\/\/www.justiceinfo.net\/wp-content\/uploads\/justiceinfo_logo-trans_1200x1200px.png","width":1199,"height":1200,"caption":"Justice Info"},"image":{"@id":"https:\/\/www.justiceinfo.net\/fr#\/schema\/logo\/image\/"},"sameAs":["https:\/\/www.facebook.com\/JusticeInfo\/","https:\/\/x.com\/justiceinfonet","https:\/\/www.linkedin.com\/company\/justice-info","https:\/\/www.youtube.com\/channel\/UCyCEsARodyuWtkWyhn-e7pA"]},{"@type":"Person","name":"solivri","url":"\/fr\/?s=solivri"}]}},"_links":{"self":[{"href":"https:\/\/www.justiceinfo.net\/fr\/wp-json\/wp\/v2\/posts\/11705","targetHints":{"allow":["GET"]}}],"collection":[{"href":"https:\/\/www.justiceinfo.net\/fr\/wp-json\/wp\/v2\/posts"}],"about":[{"href":"https:\/\/www.justiceinfo.net\/fr\/wp-json\/wp\/v2\/types\/post"}],"author":[{"embeddable":true,"href":"https:\/\/www.justiceinfo.net\/fr\/wp-json\/wp\/v2\/users\/64"}],"replies":[{"embeddable":true,"href":"https:\/\/www.justiceinfo.net\/fr\/wp-json\/wp\/v2\/comments?post=11705"}],"version-history":[{"count":0,"href":"https:\/\/www.justiceinfo.net\/fr\/wp-json\/wp\/v2\/posts\/11705\/revisions"}],"wp:attachment":[{"href":"https:\/\/www.justiceinfo.net\/fr\/wp-json\/wp\/v2\/media?parent=11705"}],"wp:term":[{"taxonomy":"category","embeddable":true,"href":"https:\/\/www.justiceinfo.net\/fr\/wp-json\/wp\/v2\/categories?post=11705"},{"taxonomy":"post_tag","embeddable":true,"href":"https:\/\/www.justiceinfo.net\/fr\/wp-json\/wp\/v2\/tags?post=11705"},{"taxonomy":"ji_location","embeddable":true,"href":"https:\/\/www.justiceinfo.net\/fr\/wp-json\/wp\/v2\/ji_location?post=11705"}],"curies":[{"name":"wp","href":"https:\/\/api.w.org\/{rel}","templated":true}]}}