{"id":117371,"date":"2023-05-31T11:38:01","date_gmt":"2023-05-31T09:38:01","guid":{"rendered":"https:\/\/www.justiceinfo.net\/117371-le-sort-des-principaux-protagonistes-des-guerres-en-ex-yougoslavie.html"},"modified":"2023-05-31T11:38:01","modified_gmt":"2023-05-31T09:38:01","slug":"le-sort-des-principaux-protagonistes-des-guerres-en-ex-yougoslavie","status":"publish","type":"post","link":"https:\/\/www.justiceinfo.net\/fr\/117371-le-sort-des-principaux-protagonistes-des-guerres-en-ex-yougoslavie.html","title":{"rendered":"Le sort des principaux protagonistes des guerres en ex-Yougoslavie"},"content":{"rendered":"<p>\n             Rappel du sort des principaux protagonistes des conflits ayant d\u00e9chir\u00e9 l'ex-Yougoslavie dans les ann\u00e9es 1990, apr\u00e8s l'alourdissement mercredi en appel des peines de prison de deux ex-chefs du renseignement serbe, Jovica Stanisic et Franko Simatovic.\n<\/p>\n<p>\n            - Condamn\u00e9s -\n<\/p>\n<p>\n            - Jovica STANISIC, 72 ans, et Franko SIMATOVIC, 73 ans, ex-chefs du renseignement de l'ancien pr\u00e9sident serbe Slobodan Milosevic.\n<\/p>\n<p>\n            Ils sont condamn\u00e9s le 31 mai en appel \u00e0 15 ans de prison chacun (contre 12 ans en 2021) pour crime de guerre et crimes contre l'humanit\u00e9 par un tribunal de l'ONU \u00e0 La Haye.\n<\/p>\n<p>\n            Ce tribunal, le M\u00e9canisme pour les tribunaux p\u00e9naux internationaux (MTPI), a pris le relais du Tribunal P\u00e9nal pour l'ex-Yougoslavie (TPIY) apr\u00e8s sa fermeture en 2017.\n<\/p>\n<p>\n            Le TPIY avait acquitt\u00e9 les deux hommes en 2013 mais avait ensuite ordonn\u00e9 un nouveau proc\u00e8s, estimant que les premiers juges s'\u00e9taient tromp\u00e9s sur divers points de droit.\n<\/p>\n<p>\n            - Ratko MLADIC, plus de 80 ans, ancien chef militaire des Serbes de Bosnie.\n<\/p>\n<p>\n            Son \u00e2ge exact fait d\u00e9bat: il affirme \u00eatre n\u00e9 le 12 mars 1943, mais le tribunal retient la date du 12 mars 1942.\n<\/p>\n<p>\n            Le 9 juin 2021, le MTPI a d\u00e9finitivement condamn\u00e9 \u00e0 perp\u00e9tuit\u00e9 cet ex-g\u00e9n\u00e9ral pour g\u00e9nocide, crimes contre l'humanit\u00e9 et crimes de guerre pendant la guerre de Bosnie de 1992 \u00e0 1995.\n<\/p>\n<p>\n            Le \"Boucher des Balkans\" avait \u00e9t\u00e9 arr\u00eat\u00e9 en mai 2011 dans le nord de la Serbie, apr\u00e8s presque seize ans de cavale.\n<\/p>\n<p>\n            - Radovan KARADZIC, 77 ans, ex-chef politique des Serbes de Bosnie.\n<\/p>\n<p>\n            Arr\u00eat\u00e9 en 2008 apr\u00e8s 13 ans de clandestinit\u00e9, il a \u00e9t\u00e9 condamn\u00e9 en 2019 en appel \u00e0 la prison \u00e0 vie pour g\u00e9nocide, crimes de guerre et crimes contre l'humanit\u00e9, notamment lors du si\u00e8ge de pr\u00e8s de quatre ans de Sarajevo.\n<\/p>\n<p>\n            - Biljana PLAVSIC, 92 ans, vice-pr\u00e9sidente puis pr\u00e9sidente de la R\u00e9publique des Serbes de Bosnie.\n<\/p>\n<p>\n            Seule femme jug\u00e9e devant le TPIY, elle a \u00e9t\u00e9 condamn\u00e9e en 2003 \u00e0 onze ans de prison pour crimes de guerre. Lib\u00e9r\u00e9e en octobre 2009.\n<\/p>\n<p>\n            - Vojislav SESELJ, 68 ans, dirigeant ultranationaliste serbe.\n<\/p>\n<p>\n            Acquitt\u00e9 en mars 2016 par le TPIY des accusations de nettoyage ethnique, il a \u00e9t\u00e9 condamn\u00e9 \u00e0 dix ans de prison en appel et en avril 2018, pour crimes contre l'humanit\u00e9. Il a \u00e9t\u00e9 laiss\u00e9 libre, ayant d\u00e9j\u00e0 pass\u00e9 pr\u00e8s de 12 ans en d\u00e9tention pr\u00e9ventive, et a depuis si\u00e9g\u00e9 au Parlement serbe.\n<\/p>\n<p>\n            - Acquitt\u00e9 -\n<\/p>\n<p>\n            - Ante GOTOVINA, 67 ans, ancien g\u00e9n\u00e9ral croate.\n<\/p>\n<p>\n            Condamn\u00e9 en premi\u00e8re instance \u00e0 24 ans de prison par le TPIY pour crimes contre l'humanit\u00e9 et crimes de guerre, il a \u00e9t\u00e9 acquitt\u00e9 en appel en 2012.\n<\/p>\n<p>\n            - D\u00e9c\u00e9d\u00e9s -\n<\/p>\n<p>\n            - Slobodan MILOSEVIC, pr\u00e9sident de la Serbie de 1990 \u00e0 2000.\n<\/p>\n<p>\n            D\u00e9c\u00e9d\u00e9 en 2006 \u00e0 64 ans dans le centre de d\u00e9tention du TPIY, o\u00f9 il \u00e9tait jug\u00e9 pour g\u00e9nocide, crimes contre l'humanit\u00e9 et crimes de guerre.\n<\/p>\n<p>\n            - Franjo TUDJMAN, pr\u00e9sident de la Croatie de 1990 \u00e0 sa mort en 1999, \u00e0 77 ans.\n<\/p>\n<p>\n            Ce nationaliste a men\u00e9 en 1991 son pays \u00e0 l'ind\u00e9pendance, suivie d'un conflit d\u00e9clench\u00e9 par les Serbes de Croatie ayant fait environ 20.000 morts, majoritairement croates. Le TPIY avait fait savoir qu'il aurait \u00e9t\u00e9 inculp\u00e9 de crimes de guerre s'il avait \u00e9t\u00e9 en vie.\n<\/p>\n<p>\n            - Zeljko RAZNATOVIC, alias ARKAN, chef du groupe paramilitaire serbe des \"Tigres\".\n<\/p>\n<p>\n            Inculp\u00e9 en 1997 de crimes contre l'humanit\u00e9 et crimes de guerre pour des faits commis en 1995 en Bosnie. L'acte d'accusation n'a \u00e9t\u00e9 r\u00e9v\u00e9l\u00e9 qu'apr\u00e8s sa mort \u00e0 47 ans, abattu en janvier 2000 \u00e0 Belgrade.\n<\/p>\n<p>\n            - Slobodan PRALJAK, ancien commandant croate de Bosnie.\n<\/p>\n<p>\n            Il s'est suicid\u00e9 \u00e0 72 ans en avalant du cyanure en pleine audience du TPIY, le 29 novembre 2017. Les juges venaient de confirmer sa condamnation \u00e0 20 ans de prison pour crimes de guerre et crimes contre l'humanit\u00e9 commis contre des musulmans bosniaques.\n<\/p>\n<p>\n            - Proc\u00e8s en cours -\n<\/p>\n<p>\n            - Hashim THACI, 55 ans, ancien chef politique de l'Arm\u00e9e de lib\u00e9ration du Kosovo (UCK) et ex-pr\u00e9sident du Kosovo.\n<\/p>\n<p>\n            Il est jug\u00e9 depuis avril 2023 \u00e0 la Haye pour crimes de guerre et crimes contre l'humanit\u00e9 lors du conflit contre les forces serbes (1998-1999).\n<\/p>\n<p>\n            Port\u00e9 au pouvoir en 2016, il avait d\u00e9missionn\u00e9 en novembre 2020 apr\u00e8s son inculpation par les procureurs du Tribunal sp\u00e9cial pour le Kosovo (KSC).\n<\/p>\n<p>\n            Cette instance de droit kosovar compos\u00e9e de juges internationaux est charg\u00e9e d'enqu\u00eater sur des crimes commis par l'UCK pendant et apr\u00e8s le conflit, principalement \u00e0 l'encontre de Serbes, de Roms et d'opposants kosovars \u00e0 la gu\u00e9rilla ind\u00e9pendantiste.\n<\/p>\n<p>\n            doc-kd-paj\/maj\/clr\n<\/p>\n<p>\n            INTERCONTINENTAL HOTELS GROUP<\/p>\n","protected":false},"excerpt":{"rendered":"<p>Rappel du sort des principaux protagonistes des conflits ayant d\u00e9chir\u00e9 l'ex-Yougoslavie dans les ann\u00e9es 1990, apr\u00e8s l'alourdissement mercredi en appel des peines de prison de deux ex-chefs du renseignement serbe, Jovica Stanisic et Franko Simatovic. - Condamn\u00e9s - - Jovica STANISIC, 72 ans, et Franko SIMATOVIC, 73 ans, ex-chefs du renseignement de l'ancien pr\u00e9sident serbe [&hellip;]<\/p>\n","protected":false},"author":60,"featured_media":0,"comment_status":"open","ping_status":"closed","sticky":false,"template":"","format":"standard","meta":{"_acf_changed":false,"footnotes":""},"categories":[2576],"tags":[],"ji_location":[],"class_list":["post-117371","post","type-post","status-publish","format-standard","hentry","category-fil-d-actualite"],"acf":[],"yoast_head":"<!-- This site is optimized with the Yoast SEO Premium plugin v25.3.1 (Yoast SEO v25.3.1) - https:\/\/yoast.com\/wordpress\/plugins\/seo\/ -->\n<title>Le sort des principaux protagonistes des guerres en ex-Yougoslavie - JusticeInfo.net<\/title>\n<meta name=\"robots\" content=\"index, follow, max-snippet:-1, max-image-preview:large, max-video-preview:-1\" \/>\n<link rel=\"canonical\" href=\"https:\/\/www.justiceinfo.net\/fr\/117371-le-sort-des-principaux-protagonistes-des-guerres-en-ex-yougoslavie.html\" \/>\n<meta property=\"og:locale\" content=\"fr_FR\" \/>\n<meta property=\"og:type\" content=\"article\" \/>\n<meta property=\"og:title\" content=\"Le sort des principaux protagonistes des guerres en ex-Yougoslavie\" \/>\n<meta property=\"og:description\" content=\"Rappel du sort des principaux protagonistes des conflits ayant d\u00e9chir\u00e9 l&#039;ex-Yougoslavie dans les ann\u00e9es 1990, apr\u00e8s l&#039;alourdissement mercredi en appel des peines de prison de deux ex-chefs du renseignement serbe, Jovica Stanisic et Franko Simatovic. - Condamn\u00e9s - - Jovica STANISIC, 72 ans, et Franko SIMATOVIC, 73 ans, ex-chefs du renseignement de l&#039;ancien pr\u00e9sident serbe [&hellip;]\" \/>\n<meta property=\"og:url\" content=\"https:\/\/www.justiceinfo.net\/fr\/117371-le-sort-des-principaux-protagonistes-des-guerres-en-ex-yougoslavie.html\" \/>\n<meta property=\"og:site_name\" content=\"JusticeInfo.net\" \/>\n<meta property=\"article:publisher\" content=\"https:\/\/www.facebook.com\/JusticeInfo\/\" \/>\n<meta property=\"article:published_time\" content=\"2023-05-31T09:38:01+00:00\" \/>\n<meta property=\"og:image\" content=\"https:\/\/www.justiceinfo.net\/wp-content\/uploads\/JusticeInfoNet_logo_1200x630px.jpg\" \/>\n\t<meta property=\"og:image:width\" content=\"1200\" \/>\n\t<meta property=\"og:image:height\" content=\"630\" \/>\n\t<meta property=\"og:image:type\" content=\"image\/jpeg\" \/>\n<meta name=\"author\" content=\"afp\" \/>\n<meta name=\"twitter:card\" content=\"summary_large_image\" \/>\n<meta name=\"twitter:creator\" content=\"@justiceinfonet\" \/>\n<meta name=\"twitter:site\" content=\"@justiceinfonet\" \/>\n<meta name=\"twitter:label1\" content=\"\u00c9crit par\" \/>\n\t<meta name=\"twitter:data1\" content=\"afp\" \/>\n\t<meta name=\"twitter:label2\" content=\"Dur\u00e9e de lecture estim\u00e9e\" \/>\n\t<meta name=\"twitter:data2\" content=\"4 minutes\" \/>\n<script type=\"application\/ld+json\" class=\"yoast-schema-graph\">{\"@context\":\"https:\/\/schema.org\",\"@graph\":[{\"@type\":\"NewsArticle\",\"@id\":\"https:\/\/www.justiceinfo.net\/fr\/117371-le-sort-des-principaux-protagonistes-des-guerres-en-ex-yougoslavie.html#article\",\"isPartOf\":{\"@id\":\"https:\/\/www.justiceinfo.net\/fr\/117371-le-sort-des-principaux-protagonistes-des-guerres-en-ex-yougoslavie.html\"},\"author\":{\"name\":\"afp\",\"@id\":\"https:\/\/www.justiceinfo.net\/fr#\/schema\/person\/713d340ef5f218fc36ce9b4244364a7f\"},\"headline\":\"Le sort des principaux protagonistes des guerres en ex-Yougoslavie\",\"datePublished\":\"2023-05-31T09:38:01+00:00\",\"mainEntityOfPage\":{\"@id\":\"https:\/\/www.justiceinfo.net\/fr\/117371-le-sort-des-principaux-protagonistes-des-guerres-en-ex-yougoslavie.html\"},\"wordCount\":774,\"commentCount\":0,\"publisher\":{\"@id\":\"https:\/\/www.justiceinfo.net\/fr#organization\"},\"articleSection\":[\"Fil d'info AFP\"],\"inLanguage\":\"fr-FR\",\"potentialAction\":[{\"@type\":\"CommentAction\",\"name\":\"Comment\",\"target\":[\"https:\/\/www.justiceinfo.net\/fr\/117371-le-sort-des-principaux-protagonistes-des-guerres-en-ex-yougoslavie.html#respond\"]}]},{\"@type\":\"WebPage\",\"@id\":\"https:\/\/www.justiceinfo.net\/fr\/117371-le-sort-des-principaux-protagonistes-des-guerres-en-ex-yougoslavie.html\",\"url\":\"https:\/\/www.justiceinfo.net\/fr\/117371-le-sort-des-principaux-protagonistes-des-guerres-en-ex-yougoslavie.html\",\"name\":\"Le sort des principaux protagonistes des guerres en ex-Yougoslavie - JusticeInfo.net\",\"isPartOf\":{\"@id\":\"https:\/\/www.justiceinfo.net\/fr#website\"},\"datePublished\":\"2023-05-31T09:38:01+00:00\",\"breadcrumb\":{\"@id\":\"https:\/\/www.justiceinfo.net\/fr\/117371-le-sort-des-principaux-protagonistes-des-guerres-en-ex-yougoslavie.html#breadcrumb\"},\"inLanguage\":\"fr-FR\",\"potentialAction\":[{\"@type\":\"ReadAction\",\"target\":[\"https:\/\/www.justiceinfo.net\/fr\/117371-le-sort-des-principaux-protagonistes-des-guerres-en-ex-yougoslavie.html\"]}]},{\"@type\":\"BreadcrumbList\",\"@id\":\"https:\/\/www.justiceinfo.net\/fr\/117371-le-sort-des-principaux-protagonistes-des-guerres-en-ex-yougoslavie.html#breadcrumb\",\"itemListElement\":[{\"@type\":\"ListItem\",\"position\":1,\"name\":\"Home\",\"item\":\"https:\/\/www.justiceinfo.net\/fr\"},{\"@type\":\"ListItem\",\"position\":2,\"name\":\"Le sort des principaux protagonistes des guerres en ex-Yougoslavie\"}]},{\"@type\":\"WebSite\",\"@id\":\"https:\/\/www.justiceinfo.net\/fr#website\",\"url\":\"https:\/\/www.justiceinfo.net\/fr\",\"name\":\"JusticeInfo.net\",\"description\":\"La justice doit \u00eatre vue pour \u00eatre rendue\",\"publisher\":{\"@id\":\"https:\/\/www.justiceinfo.net\/fr#organization\"},\"potentialAction\":[{\"@type\":\"SearchAction\",\"target\":{\"@type\":\"EntryPoint\",\"urlTemplate\":\"https:\/\/www.justiceinfo.net\/fr?s={search_term_string}\"},\"query-input\":{\"@type\":\"PropertyValueSpecification\",\"valueRequired\":true,\"valueName\":\"search_term_string\"}}],\"inLanguage\":\"fr-FR\"},{\"@type\":\"Organization\",\"@id\":\"https:\/\/www.justiceinfo.net\/fr#organization\",\"name\":\"Justice Info\",\"url\":\"https:\/\/www.justiceinfo.net\/fr\",\"logo\":{\"@type\":\"ImageObject\",\"inLanguage\":\"fr-FR\",\"@id\":\"https:\/\/www.justiceinfo.net\/fr#\/schema\/logo\/image\/\",\"url\":\"https:\/\/www.justiceinfo.net\/wp-content\/uploads\/justiceinfo_logo-trans_1200x1200px.png\",\"contentUrl\":\"https:\/\/www.justiceinfo.net\/wp-content\/uploads\/justiceinfo_logo-trans_1200x1200px.png\",\"width\":1199,\"height\":1200,\"caption\":\"Justice Info\"},\"image\":{\"@id\":\"https:\/\/www.justiceinfo.net\/fr#\/schema\/logo\/image\/\"},\"sameAs\":[\"https:\/\/www.facebook.com\/JusticeInfo\/\",\"https:\/\/x.com\/justiceinfonet\",\"https:\/\/www.linkedin.com\/company\/justice-info\",\"https:\/\/www.youtube.com\/channel\/UCyCEsARodyuWtkWyhn-e7pA\"]},{\"@type\":\"Person\",\"name\":\"afp\",\"url\":\"\/fr\/?s=afp\"}]}<\/script>\n<!-- \/ Yoast SEO Premium plugin. -->","yoast_head_json":{"title":"Le sort des principaux protagonistes des guerres en ex-Yougoslavie - JusticeInfo.net","robots":{"index":"index","follow":"follow","max-snippet":"max-snippet:-1","max-image-preview":"max-image-preview:large","max-video-preview":"max-video-preview:-1"},"canonical":"https:\/\/www.justiceinfo.net\/fr\/117371-le-sort-des-principaux-protagonistes-des-guerres-en-ex-yougoslavie.html","og_locale":"fr_FR","og_type":"article","og_title":"Le sort des principaux protagonistes des guerres en ex-Yougoslavie","og_description":"Rappel du sort des principaux protagonistes des conflits ayant d\u00e9chir\u00e9 l'ex-Yougoslavie dans les ann\u00e9es 1990, apr\u00e8s l'alourdissement mercredi en appel des peines de prison de deux ex-chefs du renseignement serbe, Jovica Stanisic et Franko Simatovic. - Condamn\u00e9s - - Jovica STANISIC, 72 ans, et Franko SIMATOVIC, 73 ans, ex-chefs du renseignement de l'ancien pr\u00e9sident serbe [&hellip;]","og_url":"https:\/\/www.justiceinfo.net\/fr\/117371-le-sort-des-principaux-protagonistes-des-guerres-en-ex-yougoslavie.html","og_site_name":"JusticeInfo.net","article_publisher":"https:\/\/www.facebook.com\/JusticeInfo\/","article_published_time":"2023-05-31T09:38:01+00:00","og_image":[{"width":1200,"height":630,"url":"https:\/\/www.justiceinfo.net\/wp-content\/uploads\/JusticeInfoNet_logo_1200x630px.jpg","type":"image\/jpeg"}],"author":"afp","twitter_card":"summary_large_image","twitter_creator":"@justiceinfonet","twitter_site":"@justiceinfonet","twitter_misc":{"\u00c9crit par":"afp","Dur\u00e9e de lecture estim\u00e9e":"4 minutes"},"schema":{"@context":"https:\/\/schema.org","@graph":[{"@type":"NewsArticle","@id":"https:\/\/www.justiceinfo.net\/fr\/117371-le-sort-des-principaux-protagonistes-des-guerres-en-ex-yougoslavie.html#article","isPartOf":{"@id":"https:\/\/www.justiceinfo.net\/fr\/117371-le-sort-des-principaux-protagonistes-des-guerres-en-ex-yougoslavie.html"},"author":{"name":"afp","@id":"https:\/\/www.justiceinfo.net\/fr#\/schema\/person\/713d340ef5f218fc36ce9b4244364a7f"},"headline":"Le sort des principaux protagonistes des guerres en ex-Yougoslavie","datePublished":"2023-05-31T09:38:01+00:00","mainEntityOfPage":{"@id":"https:\/\/www.justiceinfo.net\/fr\/117371-le-sort-des-principaux-protagonistes-des-guerres-en-ex-yougoslavie.html"},"wordCount":774,"commentCount":0,"publisher":{"@id":"https:\/\/www.justiceinfo.net\/fr#organization"},"articleSection":["Fil d'info AFP"],"inLanguage":"fr-FR","potentialAction":[{"@type":"CommentAction","name":"Comment","target":["https:\/\/www.justiceinfo.net\/fr\/117371-le-sort-des-principaux-protagonistes-des-guerres-en-ex-yougoslavie.html#respond"]}]},{"@type":"WebPage","@id":"https:\/\/www.justiceinfo.net\/fr\/117371-le-sort-des-principaux-protagonistes-des-guerres-en-ex-yougoslavie.html","url":"https:\/\/www.justiceinfo.net\/fr\/117371-le-sort-des-principaux-protagonistes-des-guerres-en-ex-yougoslavie.html","name":"Le sort des principaux protagonistes des guerres en ex-Yougoslavie - JusticeInfo.net","isPartOf":{"@id":"https:\/\/www.justiceinfo.net\/fr#website"},"datePublished":"2023-05-31T09:38:01+00:00","breadcrumb":{"@id":"https:\/\/www.justiceinfo.net\/fr\/117371-le-sort-des-principaux-protagonistes-des-guerres-en-ex-yougoslavie.html#breadcrumb"},"inLanguage":"fr-FR","potentialAction":[{"@type":"ReadAction","target":["https:\/\/www.justiceinfo.net\/fr\/117371-le-sort-des-principaux-protagonistes-des-guerres-en-ex-yougoslavie.html"]}]},{"@type":"BreadcrumbList","@id":"https:\/\/www.justiceinfo.net\/fr\/117371-le-sort-des-principaux-protagonistes-des-guerres-en-ex-yougoslavie.html#breadcrumb","itemListElement":[{"@type":"ListItem","position":1,"name":"Home","item":"https:\/\/www.justiceinfo.net\/fr"},{"@type":"ListItem","position":2,"name":"Le sort des principaux protagonistes des guerres en ex-Yougoslavie"}]},{"@type":"WebSite","@id":"https:\/\/www.justiceinfo.net\/fr#website","url":"https:\/\/www.justiceinfo.net\/fr","name":"JusticeInfo.net","description":"La justice doit \u00eatre vue pour \u00eatre rendue","publisher":{"@id":"https:\/\/www.justiceinfo.net\/fr#organization"},"potentialAction":[{"@type":"SearchAction","target":{"@type":"EntryPoint","urlTemplate":"https:\/\/www.justiceinfo.net\/fr?s={search_term_string}"},"query-input":{"@type":"PropertyValueSpecification","valueRequired":true,"valueName":"search_term_string"}}],"inLanguage":"fr-FR"},{"@type":"Organization","@id":"https:\/\/www.justiceinfo.net\/fr#organization","name":"Justice Info","url":"https:\/\/www.justiceinfo.net\/fr","logo":{"@type":"ImageObject","inLanguage":"fr-FR","@id":"https:\/\/www.justiceinfo.net\/fr#\/schema\/logo\/image\/","url":"https:\/\/www.justiceinfo.net\/wp-content\/uploads\/justiceinfo_logo-trans_1200x1200px.png","contentUrl":"https:\/\/www.justiceinfo.net\/wp-content\/uploads\/justiceinfo_logo-trans_1200x1200px.png","width":1199,"height":1200,"caption":"Justice Info"},"image":{"@id":"https:\/\/www.justiceinfo.net\/fr#\/schema\/logo\/image\/"},"sameAs":["https:\/\/www.facebook.com\/JusticeInfo\/","https:\/\/x.com\/justiceinfonet","https:\/\/www.linkedin.com\/company\/justice-info","https:\/\/www.youtube.com\/channel\/UCyCEsARodyuWtkWyhn-e7pA"]},{"@type":"Person","name":"afp","url":"\/fr\/?s=afp"}]}},"_links":{"self":[{"href":"https:\/\/www.justiceinfo.net\/fr\/wp-json\/wp\/v2\/posts\/117371","targetHints":{"allow":["GET"]}}],"collection":[{"href":"https:\/\/www.justiceinfo.net\/fr\/wp-json\/wp\/v2\/posts"}],"about":[{"href":"https:\/\/www.justiceinfo.net\/fr\/wp-json\/wp\/v2\/types\/post"}],"author":[{"embeddable":true,"href":"https:\/\/www.justiceinfo.net\/fr\/wp-json\/wp\/v2\/users\/60"}],"replies":[{"embeddable":true,"href":"https:\/\/www.justiceinfo.net\/fr\/wp-json\/wp\/v2\/comments?post=117371"}],"version-history":[{"count":0,"href":"https:\/\/www.justiceinfo.net\/fr\/wp-json\/wp\/v2\/posts\/117371\/revisions"}],"wp:attachment":[{"href":"https:\/\/www.justiceinfo.net\/fr\/wp-json\/wp\/v2\/media?parent=117371"}],"wp:term":[{"taxonomy":"category","embeddable":true,"href":"https:\/\/www.justiceinfo.net\/fr\/wp-json\/wp\/v2\/categories?post=117371"},{"taxonomy":"post_tag","embeddable":true,"href":"https:\/\/www.justiceinfo.net\/fr\/wp-json\/wp\/v2\/tags?post=117371"},{"taxonomy":"ji_location","embeddable":true,"href":"https:\/\/www.justiceinfo.net\/fr\/wp-json\/wp\/v2\/ji_location?post=117371"}],"curies":[{"name":"wp","href":"https:\/\/api.w.org\/{rel}","templated":true}]}}