{"id":117534,"date":"2023-06-05T10:34:19","date_gmt":"2023-06-05T08:34:19","guid":{"rendered":"https:\/\/www.justiceinfo.net\/?p=117534"},"modified":"2023-06-05T10:34:20","modified_gmt":"2023-06-05T08:34:20","slug":"appel-liberien-alieu-kosiah-condamne-crime-contre-humanite","status":"publish","type":"post","link":"https:\/\/www.justiceinfo.net\/fr\/117534-appel-liberien-alieu-kosiah-condamne-crime-contre-humanite.html","title":{"rendered":"En appel, le Lib\u00e9rien Alieu Kosiah est condamn\u00e9 pour crime contre l\u2019humanit\u00e9"},"content":{"rendered":"\n<p><strong>Le 1<sup>er<\/sup> juin, la justice suisse a confirm\u00e9 en appel la condamnation \u00e0 20 ans de prison d\u2019Alieu Kosiah, ancien commandant d\u2019un groupe arm\u00e9 du Liberia des ann\u00e9es 90. Kosiah avait d\u00e9j\u00e0 \u00e9t\u00e9 le premier \u00e0 \u00eatre condamn\u00e9 pour crimes de guerre par un tribunal civil suisse. Il est d\u00e9sormais aussi le premier \u00e0 \u00eatre condamn\u00e9 pour crimes contre l\u2019humanit\u00e9.<\/strong><\/p>\n\n\n\n<!--more-->\n\n\n\n<p>Assis au premier rang en costume noir et chemise bleue, Alieu Kosiah reste d\u2019abord impassible. Mais au gr\u00e9 de la lecture du jugement d\u2019appel contre lui, il r\u00e9agit par un ricanement paradoxal. Car il n\u2019y a rien de dr\u00f4le dans le fruit du d\u00e9lib\u00e9r\u00e9 des juges du Tribunal p\u00e9nal f\u00e9d\u00e9ral suisse, implacable dans sa froideur. Au bout de quelques minutes, le suspense a disparu. <a href=\"https:\/\/www.justiceinfo.net\/fr\/78911-suisse-kosiah-condamne-premier-proces-competence-universelle.html\">Condamn\u00e9 en premi\u00e8re instance \u00e0 20 ans de r\u00e9clusion pour crimes de guerre<\/a>, l\u2019ancien rebelle lib\u00e9rien voit sa culpabilit\u00e9 alourdie du chef d\u2019accusation de crimes contre l\u2019humanit\u00e9. Seul et maigre lot de consolation pour cet ex-commandant de l\u2019Ulimo, un des groupes arm\u00e9s du Liberia des ann\u00e9es 90, son interdiction de territoire est pass\u00e9e de quinze \u00e0 dix ans, une fois sa peine purg\u00e9e. Emprisonn\u00e9 depuis novembre 2014, il pourrait \u00eatre lib\u00e9r\u00e9 pour bonne conduite au plus t\u00f4t en 2028, une fois les deux tiers de sa peine effectu\u00e9s.<\/p>\n\n\n\n<p>Durant la lecture du verdict, le juge Olivier Thormann a d\u2019abord \u00e9num\u00e9r\u00e9 les principaux axes de d\u00e9fense de Kosiah dont les \u00e9l\u00e9ments centraux, tout au long du proc\u00e8s en appel, ont \u00e9t\u00e9 de dire qu\u2019il n\u2019\u00e9tait pas pr\u00e9sent sur les lieux au moment des faits et que l\u2019ensemble de l\u2018accusation \u00e9tait un complot men\u00e9 par l\u2019ONG suisse Civitas Maxima. Cette ligne d\u2019argumentation est rapidement balay\u00e9e par les juges. Ils observent qu\u2019avant de prendre les d\u00e9clarations des plaignants en compte, ils ont \u00ab&nbsp;<em>consult\u00e9<\/em> <em>de nombreuses sources ind\u00e9pendantes, des articles ou encore le rapport de la commission de r\u00e9conciliation et v\u00e9rit\u00e9, qui documentaient les agissements des Ulimo [Front uni de lib\u00e9ration du Liberia] dans le Lofa&nbsp;<\/em>\u00bb, r\u00e9gion \u00e0 l\u2019extr\u00eame nord du Liberia. Ils constatent \u00e9galement que les d\u00e9clarations de l\u2019accus\u00e9 lui-m\u00eame durant les premi\u00e8res auditions, puis celles de plusieurs t\u00e9moins de la d\u00e9fense, ont contredit son absence des lieux de combat entre 1993 et 1995.<\/p>\n\n\n\n<p>Pour la Cour, Alieu Kosiah a ainsi pris \u00ab&nbsp;une part active dans la conqu\u00eate du Lofa en tant que membre de l\u2019\u00c9tat-major<em> des Ulimo et proche du commandant Pepper and Salt&nbsp;\u00bb. <\/em>&nbsp;<\/p>\n\n\n\n<h2 class=\"wp-block-heading\">Pas de complot<\/h2>\n\n\n\n<p>Les juges se sont ensuite attard\u00e9s sur les <a href=\"https:\/\/www.justiceinfo.net\/fr\/74653-30-ans-apres-faits-alieu-kosiah-attend-jugement.html\">accusations de complot<\/a>. En notant que<em> \u00ab&nbsp;les d\u00e9clarations des t\u00e9moins qui se contredisaient \u00e0 certains endroits d\u00e9montraient au contraire qu\u2019il n\u2019avaient pas \u00e9t\u00e9 coach\u00e9s par l\u2019organisation&nbsp;\u00bb et \u00ab&nbsp;qu\u2019aucune preuve concr\u00e8te&nbsp;\u00bb <\/em>de cette th\u00e9orie n\u2019avait pu \u00eatre apport\u00e9e par la d\u00e9fense. Pour la chambre,<em> \u00ab&nbsp;M. Kosiah a confondu la cr\u00e9dibilit\u00e9 des t\u00e9moins et celle de leur t\u00e9moignage&nbsp;\u00bb<\/em>. Elle lui reproche d\u2019avoir syst\u00e9matiquement cherch\u00e9 des incoh\u00e9rences dans le discours des victimes pour tenter de les d\u00e9cr\u00e9dibiliser sans jamais s\u2019exprimer sur le fond des griefs port\u00e9s contre lui. La cour a \u00e9galement fustig\u00e9 le choix de la d\u00e9fense de pr\u00e9senter trois t\u00e9moins \u00ab&nbsp;tr\u00e8s peu cr\u00e9dibles&nbsp;\u00bb en premi\u00e8re instance pour venir contredire les dires des parties civiles.<\/p>\n\n\n\n<p>Si elle l\u2019acquitte sur le traitement cruel de certains civils, la cour reconna\u00eet Alieu Kosiah coupable de la plupart des accusations, dont plusieurs meurtres, la profanation de cadavres, des transports forc\u00e9s ainsi qu\u2019un viol.<\/p>\n\n\n\n<p>Soulag\u00e9, l\u2019un des avocats des victimes, Romain Wavre, explique au sortir de l\u2019audience que <em>\u00ab&nbsp;c'est une r\u00e9elle victoire pour mes mandants qui ont d\u00fb faire face et r\u00e9pondre \u00e0 des t\u00e9moins venant du m\u00eame village qu'eux, cit\u00e9s par la d\u00e9fense et que la cour a qualifi\u00e9s \u00ab&nbsp;d\u2019\u00e9videmment pr\u00e9par\u00e9s&nbsp;\u00bb. Ce verdict confirme la sinc\u00e9rit\u00e9 des souffrances exprim\u00e9es par mes mandants depuis les premiers jours de l\u2019<\/em><em>enqu<\/em><em>\u00eate \u00bb.<\/em><\/p>\n\n\n\n<h2 class=\"wp-block-heading\" id=\"h-un-grand-jour-pour-les-victimes\">\u00ab&nbsp;Un grand jour pour les victimes&nbsp;\u00bb<\/h2>\n\n\n\n<p>Pour Raphael Jakob, autre avocat des victimes, ce qui est important est que la cour d\u2019appel a retenu le chef de crime contre l\u2019humanit\u00e9 en plus de celui de crime de guerre. \u00ab&nbsp;<em>C\u2019est une d\u00e9cision <\/em><em>importante<\/em><em> qui pourra avoir un impact \u00e9galement sur la poursuite d'autres atrocit\u00e9s devant les autorit\u00e9s suisses&nbsp;<\/em>\u00bb, dit-il. Alain Werner, avocat et fondateur de Civitas Maxima, l\u2019ONG \u00e0 l\u2019origine de ces poursuites, ne cache ni sa joie ni son \u00e9motion. <em>\u00ab&nbsp;Pour les victimes, c\u2019est une reconnaissance. Ils ont d\u00fb affronter Ebola, le Covid et des menaces bien r\u00e9elles pour venir t\u00e9moigner trois fois en Suisse dans une proc\u00e9dure de plus de neuf ans. C\u2019est h\u00e9ro\u00efque&nbsp;!&nbsp;\u00bb, s\u2019exclame-t-il.<\/em><\/p>\n\n\n\n<p>L\u2019autre acteur majeur dans ce dossier est l\u2019ancien journaliste lib\u00e9rien Hassan Bility, devenu directeur du <a href=\"https:\/\/www.globaljustice-research.org\/\">Global Justice and Research Project (GJRP)<\/a>, ONG partenaire de Civitas Maxima. <em>\u00ab&nbsp;C\u2019est un grand jour pour les victimes des deux guerres civiles lib\u00e9riennes. Cette d\u00e9cision permettra de demander \u00e0 la communaut\u00e9 internationale de mettre la pression sur le gouvernement lib\u00e9rien pour acc\u00e9l\u00e9rer la mise en place des recommandations de la commission v\u00e9rit\u00e9 et r\u00e9conciliation&nbsp;\u00bb, qui comprenait l\u2019organisation de proc\u00e8s au niveau national, r\u00e9agit-il au t\u00e9l\u00e9phone depuis le Liberia.<\/em><\/p>\n\n\n\n<p>D\u00e9\u00e7u, Dimitri Gianoli, avocat de Kosiah, d\u00e9nonce quant \u00e0 lui une \u00ab&nbsp;d\u00e9cision<em> politique&nbsp;\u00bb <\/em>qui ne tient pas compte <em>\u00ab&nbsp;des nombreuses incoh\u00e9rences des victimes&nbsp;\u00bb. <\/em>Interrog\u00e9 sur la possibilit\u00e9 de faire appel \u00e0 cette d\u00e9cision devant le tribunal f\u00e9d\u00e9ral, il n\u2019a pas souhait\u00e9 r\u00e9pondre tout de suite, indiquant qu\u2019il attendait de lire la d\u00e9cision pour se d\u00e9cider de concert avec son client. La d\u00e9fense dispose de trente jours \u00e0 compter de la r\u00e9ception du jugement pour le faire.<\/p>\n\n\n<div class=\"articleLink articleLink--editorRecommanded articleLink--textInImage articleLink--textTop\" style=\"\">\r\n\t\t\t\t\t\r\n\t\t\t<div class=\"articleLinkSurTitle\">Recommand\u00e9 par la r\u00e9daction<\/div>\r\n\t\t\t<a class=\"articleLinkImageLink\" href=\"https:\/\/www.justiceinfo.net\/fr\/46207-kosiah-mettez-moi-prison-millier-annees-peur-personne.html\"><div class=\"articleLinkImageContainer \"><img loading=\"lazy\" decoding=\"async\" width=\"540\" height=\"360\" src=\"https:\/\/www.justiceinfo.net\/wp-content\/uploads\/42d0d088f51acd48db1c84cd80a83a0e-540x360.jpg\" class=\"articleLinkImage backgroundImageTag w-100 wp-post-image\" alt=\"\" srcset=\"https:\/\/www.justiceinfo.net\/wp-content\/uploads\/42d0d088f51acd48db1c84cd80a83a0e-540x360.jpg 540w, https:\/\/www.justiceinfo.net\/wp-content\/uploads\/42d0d088f51acd48db1c84cd80a83a0e-730x487.jpg 730w, https:\/\/www.justiceinfo.net\/wp-content\/uploads\/42d0d088f51acd48db1c84cd80a83a0e-1110x740.jpg 1110w, https:\/\/www.justiceinfo.net\/wp-content\/uploads\/42d0d088f51acd48db1c84cd80a83a0e.jpg 1177w\" sizes=\"auto, (max-width: 540px) 100vw, 540px\" \/><\/div><\/a>\r\n\t\t\t<a href=\"https:\/\/www.justiceinfo.net\/fr\/46207-kosiah-mettez-moi-prison-millier-annees-peur-personne.html\" class=\"articleLinkTitle articleLinkTitle--default\">\r\n\t\t\tKosiah : \u00ab Mettez-moi en prison pour un millier d\u2019ann\u00e9es, je n\u2019ai peur de personne \u00bb\r\n\t\t<\/a>\r\n\t\t\r\n\t\t\t\t<\/div>\n","protected":false},"excerpt":{"rendered":"<p>Le 1er juin, la justice suisse a confirm\u00e9 en appel la condamnation \u00e0 20 ans de prison d\u2019Alieu Kosiah, ancien commandant d\u2019un groupe arm\u00e9 du Liberia des ann\u00e9es 90. Kosiah avait d\u00e9j\u00e0 \u00e9t\u00e9 le premier \u00e0 \u00eatre condamn\u00e9 pour crimes de guerre par un tribunal civil suisse. Il est d\u00e9sormais aussi le premier \u00e0 \u00eatre [&hellip;]<\/p>\n","protected":false},"author":64,"featured_media":117540,"comment_status":"open","ping_status":"closed","sticky":false,"template":"","format":"standard","meta":{"_acf_changed":false,"footnotes":""},"categories":[2800],"tags":[2729,2647],"ji_location":[2316,2496],"class_list":["post-117534","post","type-post","status-publish","format-standard","has-post-thumbnail","hentry","category-competence-universelle","tag-alieu-kosiah","tag-crime-contre-lhumanite","ji_location-liberia","ji_location-suisse"],"acf":[],"yoast_head":"<!-- This site is optimized with the Yoast SEO Premium plugin v25.3.1 (Yoast SEO v25.3.1) - https:\/\/yoast.com\/wordpress\/plugins\/seo\/ -->\n<title>Alieu Kosiah condamn\u00e9 en appel pour crimes contre l&#039;humanit\u00e9<\/title>\n<meta name=\"description\" content=\"En Suisse, le lib\u00e9rien Alieu Kosiah, d\u00e9j\u00e0 condamn\u00e9 \u00e0 20 ans de prison pour crimes de guerre, a \u00e9t\u00e9 \u00e9galement condamn\u00e9 pour crimes contre l&#039;humanit\u00e9.\" \/>\n<meta name=\"robots\" content=\"index, follow, max-snippet:-1, max-image-preview:large, max-video-preview:-1\" \/>\n<link rel=\"canonical\" href=\"https:\/\/www.justiceinfo.net\/fr\/117534-appel-liberien-alieu-kosiah-condamne-crime-contre-humanite.html\" \/>\n<meta property=\"og:locale\" content=\"fr_FR\" \/>\n<meta property=\"og:type\" content=\"article\" \/>\n<meta property=\"og:title\" content=\"En appel, le Lib\u00e9rien Alieu Kosiah est condamn\u00e9 pour crime contre l\u2019humanit\u00e9\" \/>\n<meta property=\"og:description\" content=\"En Suisse, le lib\u00e9rien Alieu Kosiah, d\u00e9j\u00e0 condamn\u00e9 \u00e0 20 ans de prison pour crimes de guerre, a \u00e9t\u00e9 \u00e9galement condamn\u00e9 pour crimes contre l&#039;humanit\u00e9.\" \/>\n<meta property=\"og:url\" content=\"https:\/\/www.justiceinfo.net\/fr\/117534-appel-liberien-alieu-kosiah-condamne-crime-contre-humanite.html\" \/>\n<meta property=\"og:site_name\" content=\"JusticeInfo.net\" \/>\n<meta property=\"article:publisher\" content=\"https:\/\/www.facebook.com\/JusticeInfo\/\" \/>\n<meta property=\"article:published_time\" content=\"2023-06-05T08:34:19+00:00\" \/>\n<meta property=\"article:modified_time\" content=\"2023-06-05T08:34:20+00:00\" \/>\n<meta property=\"og:image\" content=\"https:\/\/www.justiceinfo.net\/wp-content\/uploads\/Liberia-Switzerland_alieu-kosiah-trial_New-Narratives-Leslie-Lumeh.jpg\" \/>\n\t<meta property=\"og:image:width\" content=\"1200\" \/>\n\t<meta property=\"og:image:height\" content=\"810\" \/>\n\t<meta property=\"og:image:type\" content=\"image\/jpeg\" \/>\n<meta name=\"author\" content=\"Antoine Harari\" \/>\n<meta name=\"twitter:card\" content=\"summary_large_image\" \/>\n<meta name=\"twitter:creator\" content=\"@justiceinfonet\" \/>\n<meta name=\"twitter:site\" content=\"@justiceinfonet\" \/>\n<meta name=\"twitter:label1\" content=\"\u00c9crit par\" \/>\n\t<meta name=\"twitter:data1\" content=\"Antoine Harari\" \/>\n\t<meta name=\"twitter:label2\" content=\"Dur\u00e9e de lecture estim\u00e9e\" \/>\n\t<meta name=\"twitter:data2\" content=\"5 minutes\" \/>\n<script type=\"application\/ld+json\" class=\"yoast-schema-graph\">{\"@context\":\"https:\/\/schema.org\",\"@graph\":[{\"@type\":\"NewsArticle\",\"@id\":\"https:\/\/www.justiceinfo.net\/fr\/117534-appel-liberien-alieu-kosiah-condamne-crime-contre-humanite.html#article\",\"isPartOf\":{\"@id\":\"https:\/\/www.justiceinfo.net\/fr\/117534-appel-liberien-alieu-kosiah-condamne-crime-contre-humanite.html\"},\"author\":{\"name\":\"solivri\",\"@id\":\"https:\/\/www.justiceinfo.net\/fr#\/schema\/person\/6e53cba1629e2e66f3fc1821d3091865\"},\"headline\":\"En appel, le Lib\u00e9rien Alieu Kosiah est condamn\u00e9 pour crime contre l\u2019humanit\u00e9\",\"datePublished\":\"2023-06-05T08:34:19+00:00\",\"dateModified\":\"2023-06-05T08:34:20+00:00\",\"mainEntityOfPage\":{\"@id\":\"https:\/\/www.justiceinfo.net\/fr\/117534-appel-liberien-alieu-kosiah-condamne-crime-contre-humanite.html\"},\"wordCount\":1077,\"commentCount\":0,\"publisher\":{\"@id\":\"https:\/\/www.justiceinfo.net\/fr#organization\"},\"image\":{\"@id\":\"https:\/\/www.justiceinfo.net\/fr\/117534-appel-liberien-alieu-kosiah-condamne-crime-contre-humanite.html#primaryimage\"},\"thumbnailUrl\":\"https:\/\/www.justiceinfo.net\/wp-content\/uploads\/Liberia-Switzerland_alieu-kosiah-trial_New-Narratives-Leslie-Lumeh.jpg\",\"keywords\":[\"Alieu Kosiah\",\"crime contre l&#039;humanit\u00e9\"],\"articleSection\":[\"Comp\u00e9tence universelle\"],\"inLanguage\":\"fr-FR\",\"potentialAction\":[{\"@type\":\"CommentAction\",\"name\":\"Comment\",\"target\":[\"https:\/\/www.justiceinfo.net\/fr\/117534-appel-liberien-alieu-kosiah-condamne-crime-contre-humanite.html#respond\"]}]},{\"@type\":\"WebPage\",\"@id\":\"https:\/\/www.justiceinfo.net\/fr\/117534-appel-liberien-alieu-kosiah-condamne-crime-contre-humanite.html\",\"url\":\"https:\/\/www.justiceinfo.net\/fr\/117534-appel-liberien-alieu-kosiah-condamne-crime-contre-humanite.html\",\"name\":\"Alieu Kosiah condamn\u00e9 en appel pour crimes contre l'humanit\u00e9\",\"isPartOf\":{\"@id\":\"https:\/\/www.justiceinfo.net\/fr#website\"},\"primaryImageOfPage\":{\"@id\":\"https:\/\/www.justiceinfo.net\/fr\/117534-appel-liberien-alieu-kosiah-condamne-crime-contre-humanite.html#primaryimage\"},\"image\":{\"@id\":\"https:\/\/www.justiceinfo.net\/fr\/117534-appel-liberien-alieu-kosiah-condamne-crime-contre-humanite.html#primaryimage\"},\"thumbnailUrl\":\"https:\/\/www.justiceinfo.net\/wp-content\/uploads\/Liberia-Switzerland_alieu-kosiah-trial_New-Narratives-Leslie-Lumeh.jpg\",\"datePublished\":\"2023-06-05T08:34:19+00:00\",\"dateModified\":\"2023-06-05T08:34:20+00:00\",\"description\":\"En Suisse, le lib\u00e9rien Alieu Kosiah, d\u00e9j\u00e0 condamn\u00e9 \u00e0 20 ans de prison pour crimes de guerre, a \u00e9t\u00e9 \u00e9galement condamn\u00e9 pour crimes contre l'humanit\u00e9.\",\"breadcrumb\":{\"@id\":\"https:\/\/www.justiceinfo.net\/fr\/117534-appel-liberien-alieu-kosiah-condamne-crime-contre-humanite.html#breadcrumb\"},\"inLanguage\":\"fr-FR\",\"potentialAction\":[{\"@type\":\"ReadAction\",\"target\":[\"https:\/\/www.justiceinfo.net\/fr\/117534-appel-liberien-alieu-kosiah-condamne-crime-contre-humanite.html\"]}]},{\"@type\":\"ImageObject\",\"inLanguage\":\"fr-FR\",\"@id\":\"https:\/\/www.justiceinfo.net\/fr\/117534-appel-liberien-alieu-kosiah-condamne-crime-contre-humanite.html#primaryimage\",\"url\":\"https:\/\/www.justiceinfo.net\/wp-content\/uploads\/Liberia-Switzerland_alieu-kosiah-trial_New-Narratives-Leslie-Lumeh.jpg\",\"contentUrl\":\"https:\/\/www.justiceinfo.net\/wp-content\/uploads\/Liberia-Switzerland_alieu-kosiah-trial_New-Narratives-Leslie-Lumeh.jpg\",\"width\":1200,\"height\":810,\"caption\":\"Apr\u00e8s avoir \u00e9t\u00e9 condamn\u00e9 pour crime de guerre en 2021, le Lib\u00e9rien Alieu Kosiah a aussi \u00e9t\u00e9 reconnu coupable, en appel, de crimes contre l'humanit\u00e9 par la justice suisse. \u00a9 New Narratives \/ Leslie Lumeh\"},{\"@type\":\"BreadcrumbList\",\"@id\":\"https:\/\/www.justiceinfo.net\/fr\/117534-appel-liberien-alieu-kosiah-condamne-crime-contre-humanite.html#breadcrumb\",\"itemListElement\":[{\"@type\":\"ListItem\",\"position\":1,\"name\":\"Home\",\"item\":\"https:\/\/www.justiceinfo.net\/fr\"},{\"@type\":\"ListItem\",\"position\":2,\"name\":\"En appel, le Lib\u00e9rien Alieu Kosiah est condamn\u00e9 pour crime contre l\u2019humanit\u00e9\"}]},{\"@type\":\"WebSite\",\"@id\":\"https:\/\/www.justiceinfo.net\/fr#website\",\"url\":\"https:\/\/www.justiceinfo.net\/fr\",\"name\":\"JusticeInfo.net\",\"description\":\"La justice doit \u00eatre vue pour \u00eatre rendue\",\"publisher\":{\"@id\":\"https:\/\/www.justiceinfo.net\/fr#organization\"},\"potentialAction\":[{\"@type\":\"SearchAction\",\"target\":{\"@type\":\"EntryPoint\",\"urlTemplate\":\"https:\/\/www.justiceinfo.net\/fr?s={search_term_string}\"},\"query-input\":{\"@type\":\"PropertyValueSpecification\",\"valueRequired\":true,\"valueName\":\"search_term_string\"}}],\"inLanguage\":\"fr-FR\"},{\"@type\":\"Organization\",\"@id\":\"https:\/\/www.justiceinfo.net\/fr#organization\",\"name\":\"Justice Info\",\"url\":\"https:\/\/www.justiceinfo.net\/fr\",\"logo\":{\"@type\":\"ImageObject\",\"inLanguage\":\"fr-FR\",\"@id\":\"https:\/\/www.justiceinfo.net\/fr#\/schema\/logo\/image\/\",\"url\":\"https:\/\/www.justiceinfo.net\/wp-content\/uploads\/justiceinfo_logo-trans_1200x1200px.png\",\"contentUrl\":\"https:\/\/www.justiceinfo.net\/wp-content\/uploads\/justiceinfo_logo-trans_1200x1200px.png\",\"width\":1199,\"height\":1200,\"caption\":\"Justice Info\"},\"image\":{\"@id\":\"https:\/\/www.justiceinfo.net\/fr#\/schema\/logo\/image\/\"},\"sameAs\":[\"https:\/\/www.facebook.com\/JusticeInfo\/\",\"https:\/\/x.com\/justiceinfonet\",\"https:\/\/www.linkedin.com\/company\/justice-info\",\"https:\/\/www.youtube.com\/channel\/UCyCEsARodyuWtkWyhn-e7pA\"]},{\"@type\":\"Person\",\"name\":\"Antoine Harari\",\"url\":\"\/fr\/?s=Antoine Harari\"}]}<\/script>\n<!-- \/ Yoast SEO Premium plugin. -->","yoast_head_json":{"title":"Alieu Kosiah condamn\u00e9 en appel pour crimes contre l'humanit\u00e9","description":"En Suisse, le lib\u00e9rien Alieu Kosiah, d\u00e9j\u00e0 condamn\u00e9 \u00e0 20 ans de prison pour crimes de guerre, a \u00e9t\u00e9 \u00e9galement condamn\u00e9 pour crimes contre l'humanit\u00e9.","robots":{"index":"index","follow":"follow","max-snippet":"max-snippet:-1","max-image-preview":"max-image-preview:large","max-video-preview":"max-video-preview:-1"},"canonical":"https:\/\/www.justiceinfo.net\/fr\/117534-appel-liberien-alieu-kosiah-condamne-crime-contre-humanite.html","og_locale":"fr_FR","og_type":"article","og_title":"En appel, le Lib\u00e9rien Alieu Kosiah est condamn\u00e9 pour crime contre l\u2019humanit\u00e9","og_description":"En Suisse, le lib\u00e9rien Alieu Kosiah, d\u00e9j\u00e0 condamn\u00e9 \u00e0 20 ans de prison pour crimes de guerre, a \u00e9t\u00e9 \u00e9galement condamn\u00e9 pour crimes contre l'humanit\u00e9.","og_url":"https:\/\/www.justiceinfo.net\/fr\/117534-appel-liberien-alieu-kosiah-condamne-crime-contre-humanite.html","og_site_name":"JusticeInfo.net","article_publisher":"https:\/\/www.facebook.com\/JusticeInfo\/","article_published_time":"2023-06-05T08:34:19+00:00","article_modified_time":"2023-06-05T08:34:20+00:00","og_image":[{"width":1200,"height":810,"url":"https:\/\/www.justiceinfo.net\/wp-content\/uploads\/Liberia-Switzerland_alieu-kosiah-trial_New-Narratives-Leslie-Lumeh.jpg","type":"image\/jpeg"}],"author":"Antoine Harari","twitter_card":"summary_large_image","twitter_creator":"@justiceinfonet","twitter_site":"@justiceinfonet","twitter_misc":{"\u00c9crit par":"Antoine Harari","Dur\u00e9e de lecture estim\u00e9e":"5 minutes"},"schema":{"@context":"https:\/\/schema.org","@graph":[{"@type":"NewsArticle","@id":"https:\/\/www.justiceinfo.net\/fr\/117534-appel-liberien-alieu-kosiah-condamne-crime-contre-humanite.html#article","isPartOf":{"@id":"https:\/\/www.justiceinfo.net\/fr\/117534-appel-liberien-alieu-kosiah-condamne-crime-contre-humanite.html"},"author":{"name":"solivri","@id":"https:\/\/www.justiceinfo.net\/fr#\/schema\/person\/6e53cba1629e2e66f3fc1821d3091865"},"headline":"En appel, le Lib\u00e9rien Alieu Kosiah est condamn\u00e9 pour crime contre l\u2019humanit\u00e9","datePublished":"2023-06-05T08:34:19+00:00","dateModified":"2023-06-05T08:34:20+00:00","mainEntityOfPage":{"@id":"https:\/\/www.justiceinfo.net\/fr\/117534-appel-liberien-alieu-kosiah-condamne-crime-contre-humanite.html"},"wordCount":1077,"commentCount":0,"publisher":{"@id":"https:\/\/www.justiceinfo.net\/fr#organization"},"image":{"@id":"https:\/\/www.justiceinfo.net\/fr\/117534-appel-liberien-alieu-kosiah-condamne-crime-contre-humanite.html#primaryimage"},"thumbnailUrl":"https:\/\/www.justiceinfo.net\/wp-content\/uploads\/Liberia-Switzerland_alieu-kosiah-trial_New-Narratives-Leslie-Lumeh.jpg","keywords":["Alieu Kosiah","crime contre l&#039;humanit\u00e9"],"articleSection":["Comp\u00e9tence universelle"],"inLanguage":"fr-FR","potentialAction":[{"@type":"CommentAction","name":"Comment","target":["https:\/\/www.justiceinfo.net\/fr\/117534-appel-liberien-alieu-kosiah-condamne-crime-contre-humanite.html#respond"]}]},{"@type":"WebPage","@id":"https:\/\/www.justiceinfo.net\/fr\/117534-appel-liberien-alieu-kosiah-condamne-crime-contre-humanite.html","url":"https:\/\/www.justiceinfo.net\/fr\/117534-appel-liberien-alieu-kosiah-condamne-crime-contre-humanite.html","name":"Alieu Kosiah condamn\u00e9 en appel pour crimes contre l'humanit\u00e9","isPartOf":{"@id":"https:\/\/www.justiceinfo.net\/fr#website"},"primaryImageOfPage":{"@id":"https:\/\/www.justiceinfo.net\/fr\/117534-appel-liberien-alieu-kosiah-condamne-crime-contre-humanite.html#primaryimage"},"image":{"@id":"https:\/\/www.justiceinfo.net\/fr\/117534-appel-liberien-alieu-kosiah-condamne-crime-contre-humanite.html#primaryimage"},"thumbnailUrl":"https:\/\/www.justiceinfo.net\/wp-content\/uploads\/Liberia-Switzerland_alieu-kosiah-trial_New-Narratives-Leslie-Lumeh.jpg","datePublished":"2023-06-05T08:34:19+00:00","dateModified":"2023-06-05T08:34:20+00:00","description":"En Suisse, le lib\u00e9rien Alieu Kosiah, d\u00e9j\u00e0 condamn\u00e9 \u00e0 20 ans de prison pour crimes de guerre, a \u00e9t\u00e9 \u00e9galement condamn\u00e9 pour crimes contre l'humanit\u00e9.","breadcrumb":{"@id":"https:\/\/www.justiceinfo.net\/fr\/117534-appel-liberien-alieu-kosiah-condamne-crime-contre-humanite.html#breadcrumb"},"inLanguage":"fr-FR","potentialAction":[{"@type":"ReadAction","target":["https:\/\/www.justiceinfo.net\/fr\/117534-appel-liberien-alieu-kosiah-condamne-crime-contre-humanite.html"]}]},{"@type":"ImageObject","inLanguage":"fr-FR","@id":"https:\/\/www.justiceinfo.net\/fr\/117534-appel-liberien-alieu-kosiah-condamne-crime-contre-humanite.html#primaryimage","url":"https:\/\/www.justiceinfo.net\/wp-content\/uploads\/Liberia-Switzerland_alieu-kosiah-trial_New-Narratives-Leslie-Lumeh.jpg","contentUrl":"https:\/\/www.justiceinfo.net\/wp-content\/uploads\/Liberia-Switzerland_alieu-kosiah-trial_New-Narratives-Leslie-Lumeh.jpg","width":1200,"height":810,"caption":"Apr\u00e8s avoir \u00e9t\u00e9 condamn\u00e9 pour crime de guerre en 2021, le Lib\u00e9rien Alieu Kosiah a aussi \u00e9t\u00e9 reconnu coupable, en appel, de crimes contre l'humanit\u00e9 par la justice suisse. \u00a9 New Narratives \/ Leslie Lumeh"},{"@type":"BreadcrumbList","@id":"https:\/\/www.justiceinfo.net\/fr\/117534-appel-liberien-alieu-kosiah-condamne-crime-contre-humanite.html#breadcrumb","itemListElement":[{"@type":"ListItem","position":1,"name":"Home","item":"https:\/\/www.justiceinfo.net\/fr"},{"@type":"ListItem","position":2,"name":"En appel, le Lib\u00e9rien Alieu Kosiah est condamn\u00e9 pour crime contre l\u2019humanit\u00e9"}]},{"@type":"WebSite","@id":"https:\/\/www.justiceinfo.net\/fr#website","url":"https:\/\/www.justiceinfo.net\/fr","name":"JusticeInfo.net","description":"La justice doit \u00eatre vue pour \u00eatre rendue","publisher":{"@id":"https:\/\/www.justiceinfo.net\/fr#organization"},"potentialAction":[{"@type":"SearchAction","target":{"@type":"EntryPoint","urlTemplate":"https:\/\/www.justiceinfo.net\/fr?s={search_term_string}"},"query-input":{"@type":"PropertyValueSpecification","valueRequired":true,"valueName":"search_term_string"}}],"inLanguage":"fr-FR"},{"@type":"Organization","@id":"https:\/\/www.justiceinfo.net\/fr#organization","name":"Justice Info","url":"https:\/\/www.justiceinfo.net\/fr","logo":{"@type":"ImageObject","inLanguage":"fr-FR","@id":"https:\/\/www.justiceinfo.net\/fr#\/schema\/logo\/image\/","url":"https:\/\/www.justiceinfo.net\/wp-content\/uploads\/justiceinfo_logo-trans_1200x1200px.png","contentUrl":"https:\/\/www.justiceinfo.net\/wp-content\/uploads\/justiceinfo_logo-trans_1200x1200px.png","width":1199,"height":1200,"caption":"Justice Info"},"image":{"@id":"https:\/\/www.justiceinfo.net\/fr#\/schema\/logo\/image\/"},"sameAs":["https:\/\/www.facebook.com\/JusticeInfo\/","https:\/\/x.com\/justiceinfonet","https:\/\/www.linkedin.com\/company\/justice-info","https:\/\/www.youtube.com\/channel\/UCyCEsARodyuWtkWyhn-e7pA"]},{"@type":"Person","name":"Antoine Harari","url":"\/fr\/?s=Antoine Harari"}]}},"_links":{"self":[{"href":"https:\/\/www.justiceinfo.net\/fr\/wp-json\/wp\/v2\/posts\/117534","targetHints":{"allow":["GET"]}}],"collection":[{"href":"https:\/\/www.justiceinfo.net\/fr\/wp-json\/wp\/v2\/posts"}],"about":[{"href":"https:\/\/www.justiceinfo.net\/fr\/wp-json\/wp\/v2\/types\/post"}],"author":[{"embeddable":true,"href":"https:\/\/www.justiceinfo.net\/fr\/wp-json\/wp\/v2\/users\/64"}],"replies":[{"embeddable":true,"href":"https:\/\/www.justiceinfo.net\/fr\/wp-json\/wp\/v2\/comments?post=117534"}],"version-history":[{"count":12,"href":"https:\/\/www.justiceinfo.net\/fr\/wp-json\/wp\/v2\/posts\/117534\/revisions"}],"predecessor-version":[{"id":117553,"href":"https:\/\/www.justiceinfo.net\/fr\/wp-json\/wp\/v2\/posts\/117534\/revisions\/117553"}],"wp:featuredmedia":[{"embeddable":true,"href":"https:\/\/www.justiceinfo.net\/fr\/wp-json\/wp\/v2\/media\/117540"}],"wp:attachment":[{"href":"https:\/\/www.justiceinfo.net\/fr\/wp-json\/wp\/v2\/media?parent=117534"}],"wp:term":[{"taxonomy":"category","embeddable":true,"href":"https:\/\/www.justiceinfo.net\/fr\/wp-json\/wp\/v2\/categories?post=117534"},{"taxonomy":"post_tag","embeddable":true,"href":"https:\/\/www.justiceinfo.net\/fr\/wp-json\/wp\/v2\/tags?post=117534"},{"taxonomy":"ji_location","embeddable":true,"href":"https:\/\/www.justiceinfo.net\/fr\/wp-json\/wp\/v2\/ji_location?post=117534"}],"curies":[{"name":"wp","href":"https:\/\/api.w.org\/{rel}","templated":true}]}}