{"id":117961,"date":"2023-06-13T11:28:00","date_gmt":"2023-06-13T09:28:00","guid":{"rendered":"https:\/\/www.justiceinfo.net\/?p=117961"},"modified":"2023-06-13T11:29:53","modified_gmt":"2023-06-13T09:29:53","slug":"cpi-cauchemar-sans-fin-victimes-darfour","status":"publish","type":"post","link":"https:\/\/www.justiceinfo.net\/fr\/117961-cpi-cauchemar-sans-fin-victimes-darfour.html","title":{"rendered":"CPI\u00a0: le cauchemar sans fin des victimes du Darfour"},"content":{"rendered":"\n<p><strong>Il s'agit du premier proc\u00e8s pour des crimes graves commis au Darfour. Le 5 juin \u00e0 La Haye, les repr\u00e9sentants des victimes ont pris la parole dans l'affaire Ali Kosheib devant la Cour p\u00e9nale internationale (CPI), tandis que les violences se r\u00e9p\u00e8tent au Soudan.<\/strong><\/p>\n\n\n\n<!--more-->\n\n\n\n<p>\"L'histoire semble malheureusement se r\u00e9p\u00e9ter\", d\u00e9plore Natalie von Wistinghausen, repr\u00e9sentante l\u00e9gale des victimes, dans son discours d'ouverture, \u00e9voquant la reprise du conflit arm\u00e9 qui a \u00e9clat\u00e9 au Soudan le 15 avril. Il est \"affligeant\", a-t-elle ajout\u00e9, que pr\u00e8s de vingt ans apr\u00e8s les \u00e9v\u00e9nements qui ont d\u00e9clench\u00e9 le proc\u00e8s de La Haye, \"des crimes internationaux potentiels se produisent actuellement au Darfour\". A nouveau, des civils meurent, des maisons et des moyens de subsistance sont pill\u00e9s ou d\u00e9truits et des dizaines de milliers de personnes sont d\u00e9plac\u00e9es, d\u00e9taille-t-elle.<\/p>\n\n\n\n<p>Le 5 juin, les repr\u00e9sentants l\u00e9gaux des victimes prenaient la parole dans le premier proc\u00e8s de la <a href=\"https:\/\/www.justiceinfo.net\/fr\/tribunaux\/cpi\">Cour p\u00e9nale internationale (CPI)<\/a> concernant des crimes commis au Darfour (Soudan). <a href=\"https:\/\/www.justiceinfo.net\/fr\/89976-ali-kosheib-premier-soudanais-proces-cpi.html\">Dans ce proc\u00e8s, Ali Muhammad Ali Abd-Al-Rahman, connu sous le nom d'Ali Kosheib<\/a>, est accus\u00e9 de crimes de guerre et de crimes contre l'humanit\u00e9 qui auraient \u00e9t\u00e9 commis entre 2003 et 2004 dans l'ouest du Darfour. Il s'agit de la premi\u00e8re affaire pour crimes de guerre port\u00e9e devant la CPI concernant le Soudan, qui n'est pas un \u00c9tat partie \u00e0 la Cour, depuis que le Conseil de s\u00e9curit\u00e9 des Nations unies a d\u00e9f\u00e9r\u00e9 la situation du Darfour \u00e0 la CPI en mars 2005.<\/p>\n\n\n\n<p>Le nombre total de victimes participantes est pass\u00e9 \u00e0 600 au d\u00e9but du mois de mai, apr\u00e8s l'admission par la CPI d\u2019un dernier groupe de 112 victimes. Un t\u00e9moin et deux victimes ont comparu devant la Cour au cours de cette phase du proc\u00e8s, qui a dur\u00e9 trois jours. L'une d'entre elles a pu partir dans un pays plus lointain mais les deux autres vivent dans des camps de r\u00e9fugi\u00e9s au Tchad voisin. Deux autres victimes vivant dans des camps de d\u00e9plac\u00e9s au Darfour \u00e9taient \u00e9galement attendues, mais n'ont pas pu se d\u00e9placer. Dans le contexte du conflit actuel, les fronti\u00e8res sont trop peu s\u00fbres et les Janjawids contr\u00f4lent les zones.<\/p>\n\n\n\n<p>Abd-Al-Rahman aurait dirig\u00e9 des milices Janjawid dans l'ouest du Darfour entre 2003 et 2004. Selon l'accusation, il a contribu\u00e9 au recrutement et \u00e0 l'organisation de ces milices qui se sont engag\u00e9es dans un programme de nettoyage ethnique et ont dirig\u00e9 des attaques contre quatre villages : Kodoom, Bindisi, Mukjar et Deleig. L'accus\u00e9 a plaid\u00e9 non coupable de tous les chefs d'accusation et sa d\u00e9fense a fait valoir qu'il n'\u00e9tait pas Ali Kosheib. Son proc\u00e8s s'est ouvert en avril 2022, deux ans apr\u00e8s qu\u2019il se soit rendu.<\/p>\n\n\n\n<figure class=\"wp-block-embed is-type-video is-provider-youtube wp-block-embed-youtube wp-embed-aspect-16-9 wp-has-aspect-ratio\"><div class=\"wp-block-embed__wrapper\">\n<iframe loading=\"lazy\" title=\"Affaire Abd Al Rahman : Les Repre\u0301sentants le\u0301gaux des victimes - 5 juin 2023 -  2eme session\" width=\"500\" height=\"281\" src=\"https:\/\/www.youtube.com\/embed\/IaCAFfoT12o?feature=oembed\" frameborder=\"0\" allow=\"accelerometer; autoplay; clipboard-write; encrypted-media; gyroscope; picture-in-picture; web-share\" referrerpolicy=\"strict-origin-when-cross-origin\" allowfullscreen><\/iframe>\n<\/div><\/figure>\n\n\n\n<h2 class=\"wp-block-heading\" id=\"h-les-victimes-souhaitent-retourner-sur-leurs-terres\">\u00ab&nbsp;Les victimes souhaitent retourner sur leurs terres&nbsp;\u00bb<\/h2>\n\n\n\n<p>\"Les victimes recherchent la justice, la responsabilit\u00e9 et, bien s\u00fbr, d\u2019\u00eatre reconnues en tant que telles pour elles-m\u00eames, pour leurs familles et pour la communaut\u00e9 Fur au sens large\", qui \u00e9tait cibl\u00e9e par les milices pro-gouvernementales, souligne von Wistinghausen. Elle ajoute que \"croyant dans l'engagement de la communaut\u00e9 internationale \u00e0 s'opposer aux violations graves et persistantes des droits humains et \u00e0 emp\u00eacher qu'elles ne se reproduisent\", de nombreuses victimes ont exprim\u00e9 leur \"ferme conviction que le processus de justice est un \u00e9l\u00e9ment essentiel dans la recherche d'une solution \u00e0 l'instabilit\u00e9 et \u00e0 la violence qui s\u00e9vissent toujours au Darfour et, en fin de compte, d'une possibilit\u00e9 pour elles de retourner sur leurs terres ancestrales\". A plusieurs reprises, les victimes ont exprim\u00e9 leur \"souhait de retourner sur leurs terres\", a-t-elle martel\u00e9.<\/p>\n\n\n\n<p>Mais, le 26 avril, l'ancien pr\u00e9sident Omar Al Bashir, l'ancien ministre des Affaires humanitaires Ahmed Haroun et le ministre de la D\u00e9fense Abdulraheem Mohammed Hussein sont tous les trois <a href=\"https:\/\/www.justiceinfo.net\/fr\/116628-soudan-qui-a-aide-les-accuses-de-la-cpi-a-faire-le-mur.html\">sortis de prison<\/a>. Cela a suscit\u00e9 la crainte des victimes, mais aussi un nouvel appel \u00e0 ce que ce proc\u00e8s ne soit qu'un premier pas, plaide von Wistinghausen. Deux d\u00e9cennies apr\u00e8s les crimes, les victimes sont toujours pour la plupart des d\u00e9plac\u00e9s. Selon le m\u00e9moire de von Wisthausen, la grande majorit\u00e9 d'entre elles r\u00e9sident dans des camps situ\u00e9s \u00e0 l'int\u00e9rieur du Darfour. L'un d'entre eux est le camp de Kalma, \u00e9tabli en 2004 et abritant plus de 100 000 personnes. Un autre grand nombre de victimes vit dans des camps de r\u00e9fugi\u00e9s au Tchad, tandis qu'un plus petit nombre se trouve dans des villes du Soudan. Les autres font partie de la diaspora.<\/p>\n\n\n\n<h2 class=\"wp-block-heading\">\"\u00c9motionnellement, je suis mort\"<\/h2>\n\n\n\n<p>N\u00e9 \u00e0 Bindisi, au Darfour central, Hassan Hassan a v\u00e9cu dans le camp de Kalma, puis en Ouganda, et se trouve actuellement \u00e0 Ottawa, au Canada, d'o\u00f9 il s'est adress\u00e9 \u00e0 la Cour. Interrog\u00e9 sur son enfance au Darfour occidental, il l'a d\u00e9crit comme un \"endroit magnifique\" et a parl\u00e9 du sens communautaire qui y r\u00e9gnait. Il avait neuf ans lorsque les Janjawids et les autres milices soudanaises sont arriv\u00e9es \u00e0 Bindisi. Ils ont tu\u00e9 son p\u00e8re et de nombreuses autres personnes et ont mis le feu \u00e0 leurs maisons. \u00ab&nbsp;C'\u00e9tait horrible&nbsp;\u00bb, s\u2019est-il exclam\u00e9. Il a montr\u00e9 son corps, o\u00f9, selon lui, des cicatrices sont encore visibles depuis qu'il a \u00e9t\u00e9 tortur\u00e9 par les Janjawids. Il s'est enfui et a v\u00e9cu avec sa m\u00e8re \u00e0 Mukjar, dans l'ouest du Darfour, o\u00f9 il dit avoir \u00e9t\u00e9 t\u00e9moin de meurtres et de tortures perp\u00e9tr\u00e9s sur des Fur avec du charbon de bois br\u00fblant notamment. Hassan a parl\u00e9 des blessures visibles et invisibles qui subsistent 20 ans apr\u00e8s avoir surv\u00e9cu \u00e0 un \"g\u00e9nocide\" et avoir \u00e9t\u00e9 contraint de se d\u00e9placer. \"Je suis heureux d'\u00eatre encore en vie, mais psychologiquement, \u00e9motionnellement et mentalement, je suis mort\", a-t-il d\u00e9clar\u00e9.<\/p>\n\n\n\n<p>Comme Hassan, 20 % des victimes participantes \u00e9taient des enfants de moins de 18 ans au moment des faits. Les crimes sexuels et \u00e0 caract\u00e8re sexiste ont \u00e9t\u00e9 perp\u00e9tr\u00e9s de mani\u00e8re \"brutale\" et souvent au grand jour, a soulign\u00e9 von Wistinghausen dans son allocution d'ouverture. Des personnes ont \u00e9t\u00e9 attaqu\u00e9es, leurs biens ont \u00e9t\u00e9 pill\u00e9s et elles ont \u00e9t\u00e9 \"d\u00e9plac\u00e9es de leurs terres ancestrales\", a-t-elle d\u00e9clar\u00e9 lundi. Une victime lui a dit qu'il ne restait \"plus rien\".&nbsp; Aujourd'hui encore, de nombreuses personnes souffrent des cons\u00e9quences physiques et psychologiques d'avoir \u00e9t\u00e9 attaqu\u00e9es et d\u00e9plac\u00e9es, ou d'avoir vu d'autres membres de la communaut\u00e9 ou leurs proches assassin\u00e9s ou captur\u00e9s.<\/p>\n\n\n\n<p>\"Nous ne repr\u00e9sentons pas un groupe de victimes, nous repr\u00e9sentons des individus\", a d\u00e9clar\u00e9 von Wistinghausen \u00e0 Justice Info, soulignant l'importance d'\u00e9couter les diff\u00e9rents points de vue des victimes. Pour elle, \"les personnes que nous repr\u00e9sentons ne sont qu'une goutte d'eau dans l'oc\u00e9an du nombre de victimes qui existent au Darfour\", mais l'ensemble de la population, en particulier dans la capitale Khartoum, a sembl\u00e9, selon elle, tr\u00e8s int\u00e9ress\u00e9e par ce proc\u00e8s, avant que de nouvelles violences n'\u00e9clatent.<\/p>\n\n\n\n<p>Les contacts avec les victimes au Soudan se font par le biais d'interm\u00e9diaires sur le terrain, de messages WhatsApp et d'appels vid\u00e9o r\u00e9guliers, lorsque la mauvaise connexion Internet le permet. \"On nous a dit tr\u00e8s clairement que pour une victime, \u00eatre associ\u00e9 \u00e0 la CPI est une source de danger\", pr\u00e9cise von Wistinghausen. La s\u00e9curit\u00e9 des victimes est un probl\u00e8me, de m\u00eame que celle des repr\u00e9sentants l\u00e9gaux emp\u00each\u00e9s de rendre visite \u00e0 leurs clients au Soudan.<\/p>\n\n\n\n<h2 class=\"wp-block-heading\">Un retour en arri\u00e8re<\/h2>\n\n\n\n<p>La violence au Darfour n'a jamais vraiment cess\u00e9 depuis 2003. \u00c0 l'\u00e9poque, les hostilit\u00e9s ont commenc\u00e9 lorsque des groupes rebelles locaux non arabes, y compris des membres de la communaut\u00e9 Fur, ont attaqu\u00e9 des cibles gouvernementales, accusant les dirigeants soudanais d'opprimer les groupes d'Afrique noire. Al-Bashir a envoy\u00e9 les forces militaires soudanaises et les Janjawids, une milice arabe, pour contrer l'insurrection, et la population civile n'a pas \u00e9t\u00e9 \u00e9pargn\u00e9e par les attaques. Les Nations unies estiment qu'environ 300 000 personnes sont mortes et que 2,7 millions ont \u00e9t\u00e9 d\u00e9plac\u00e9es.<\/p>\n\n\n\n<p>Le repr\u00e9sentant l\u00e9gal commun des victimes dans cette affaire de la CPI a eu l'occasion de s'entretenir avec un nombre limit\u00e9 d'entre elles, mais elles ont d\u00e9clar\u00e9 ressentir \"les m\u00eames sentiments de peur et d'ins\u00e9curit\u00e9\". \"Je pense que de nombreuses victimes ont l'impression d'\u00eatre renvoy\u00e9es \u00e0 une \u00e9poque qu\u2019elles pensaient r\u00e9volue\", d\u00e9clare von Wistinghausen, ajoutant qu'elles perdent l'espoir d'obtenir justice et de rentrer chez elles.<\/p>\n\n\n\n<p>\"Pr\u00e8s de vingt ans apr\u00e8s, ce qui leur est arriv\u00e9 est reconnu dans ce forum\", a not\u00e9 Shah Anand, avocat associ\u00e9 dans cette affaire. \"Il est certainement important pour eux et pour l'ensemble de la communaut\u00e9 que ce proc\u00e8s avance. Mais ils doivent faire face aux cons\u00e9quences de ce qui leur est arriv\u00e9 il y a vingt ans, cons\u00e9quences qui perdurent aujourd'hui\".<\/p>\n\n\n<div class=\"content-encadre\">\n<p><strong>UN PROC\u00c8S AU MILIEU DU GU\u00c9<\/strong><\/p>\n<p>56 t\u00e9moins ont d\u00e9j\u00e0 comparu devant la Chambre de premi\u00e8re instance de la Cour p\u00e9nale internationale (CPI) au cours de la phase de l'accusation, qui s'est achev\u00e9e en f\u00e9vrier dernier.<\/p>\n<p>Selon le procureur, <a href=\"https:\/\/www.icc-cpi.int\/fr\/darfur\/abd-al-rahman\">Ali Muhammad Ali Abd-Al-Rahman<\/a> alias Ali Kosheib avait connaissance du conflit en cours et mettait en \u0153uvre de fa\u00e7on volontaire les politiques de l'\u00c9tat. Il a coop\u00e9r\u00e9 avec de hauts responsables du gouvernement soudanais, notamment le ministre d'\u00c9tat \u00e0 l'Int\u00e9rieur, <a href=\"https:\/\/www.icc-cpi.int\/fr\/darfur\/harun\">Ahmad Muhammad Harun<\/a>, dont il aurait re\u00e7u des armes et de l'argent \u00e0 distribuer aux milices Janjawids.<\/p>\n<p>L'accusation a soulign\u00e9 le caract\u00e8re g\u00e9n\u00e9ralis\u00e9 et syst\u00e9matique des crimes commis contre les civils des communaut\u00e9s Fur \u00e0 Wadi Salih et Mukjar, localit\u00e9s du Darfour occidental. La liste des crimes all\u00e9gu\u00e9s comprend des attaques intentionnelles contre la population civile, des meurtres et des tentatives de meurtre, des pillages, des destructions de biens et de b\u00e9tail, des actes inhumains, des atteintes \u00e0 la dignit\u00e9 de la personne, des viols, des tortures, des transferts forc\u00e9s de population et des traitements cruels.<\/p>\n<p>Apr\u00e8s les repr\u00e9sentants l\u00e9gaux des victimes, ce sera au tour de la d\u00e9fense de pr\u00e9senter ses arguments. Celle-ci devrait d\u00e9buter le 28 ao\u00fbt devant la Chambre de premi\u00e8re instance.<\/p>\n<\/div>\n\n<div class=\"articleLink articleLink--editorRecommanded articleLink--textInImage articleLink--textTop\" style=\"\">\r\n\t\t\t\t\t\r\n\t\t\t<div class=\"articleLinkSurTitle\">Recommand\u00e9 par la r\u00e9daction<\/div>\r\n\t\t\t<a class=\"articleLinkImageLink\" href=\"https:\/\/www.justiceinfo.net\/fr\/116628-soudan-qui-a-aide-les-accuses-de-la-cpi-a-faire-le-mur.html\"><div class=\"articleLinkImageContainer \"><img loading=\"lazy\" decoding=\"async\" width=\"540\" height=\"360\" src=\"https:\/\/www.justiceinfo.net\/wp-content\/uploads\/Sudan_Kober-prison-Bashir_@Ebrahim-Hamid-AFP-540x360.jpg\" class=\"articleLinkImage backgroundImageTag w-100 wp-post-image\" alt=\"La prison de Kober au Soudan d\u00e9tenait des accus\u00e9s de la Cour p\u00e9nale internationale (CPI) avant qu&#039;ils ne disparaissent. S&#039;agit-il d&#039;une \u00e9vasion ou d&#039;une lib\u00e9ration ?\" srcset=\"\" sizes=\"auto, (max-width: 540px) 100vw, 540px\" \/><\/div><\/a>\r\n\t\t\t<a href=\"https:\/\/www.justiceinfo.net\/fr\/116628-soudan-qui-a-aide-les-accuses-de-la-cpi-a-faire-le-mur.html\" class=\"articleLinkTitle articleLinkTitle--default\">\r\n\t\t\tSoudan\u00a0: qui a aid\u00e9 les accus\u00e9s de la CPI \u00e0 faire le mur\u00a0?\r\n\t\t<\/a>\r\n\t\t\r\n\t\t\t\t<\/div>\n","protected":false},"excerpt":{"rendered":"<p>Il s'agit du premier proc\u00e8s pour des crimes graves commis au Darfour. Le 5 juin \u00e0 La Haye, les repr\u00e9sentants des victimes ont pris la parole dans l'affaire Ali Kosheib devant la Cour p\u00e9nale internationale (CPI), tandis que les violences se r\u00e9p\u00e8tent au Soudan.<\/p>\n","protected":false},"author":97,"featured_media":117979,"comment_status":"open","ping_status":"closed","sticky":false,"template":"","format":"standard","meta":{"_acf_changed":false,"footnotes":""},"categories":[570],"tags":[3023,2647,2674,3271,2620],"ji_location":[2486],"class_list":["post-117961","post","type-post","status-publish","format-standard","has-post-thumbnail","hentry","category-cpi","tag-ali-kosheib","tag-crime-contre-lhumanite","tag-crime-de-guerre","tag-darfour","tag-victimes","ji_location-soudan"],"acf":[],"yoast_head":"<!-- This site is optimized with the Yoast SEO Premium plugin v25.3.1 (Yoast SEO v25.3.1) - https:\/\/yoast.com\/wordpress\/plugins\/seo\/ -->\n<title>Darfour : les voix des victimes du conflit r\u00e9sonnent \u00e0 la CPI<\/title>\n<meta name=\"description\" content=\"Au proc\u00e8s d&#039;Ali Kosheib devant la Cour p\u00e9nale internationale, les victimes ont fait entendre leurs voix, tandis que les violences se r\u00e9p\u00e8tent au Darfour (Soudan).\" \/>\n<meta name=\"robots\" content=\"index, follow, max-snippet:-1, max-image-preview:large, max-video-preview:-1\" \/>\n<link rel=\"canonical\" href=\"https:\/\/www.justiceinfo.net\/fr\/117961-cpi-cauchemar-sans-fin-victimes-darfour.html\" \/>\n<meta property=\"og:locale\" content=\"fr_FR\" \/>\n<meta property=\"og:type\" content=\"article\" \/>\n<meta property=\"og:title\" content=\"CPI\u00a0: le cauchemar sans fin des victimes du Darfour\" \/>\n<meta property=\"og:description\" content=\"Au proc\u00e8s d&#039;Ali Kosheib devant la Cour p\u00e9nale internationale, les victimes ont fait entendre leurs voix, tandis que les violences se r\u00e9p\u00e8tent au Darfour (Soudan).\" \/>\n<meta property=\"og:url\" content=\"https:\/\/www.justiceinfo.net\/fr\/117961-cpi-cauchemar-sans-fin-victimes-darfour.html\" \/>\n<meta property=\"og:site_name\" content=\"JusticeInfo.net\" \/>\n<meta property=\"article:publisher\" content=\"https:\/\/www.facebook.com\/JusticeInfo\/\" \/>\n<meta property=\"article:published_time\" content=\"2023-06-13T09:28:00+00:00\" \/>\n<meta property=\"article:modified_time\" content=\"2023-06-13T09:29:53+00:00\" \/>\n<meta property=\"og:image\" content=\"https:\/\/www.justiceinfo.net\/wp-content\/uploads\/Sudan_Darfur-Karim-Khan-ICC-CPI-victims-camp_@Abdelmonim-Madibu-ICC.jpg\" \/>\n\t<meta property=\"og:image:width\" content=\"1200\" \/>\n\t<meta property=\"og:image:height\" content=\"800\" \/>\n\t<meta property=\"og:image:type\" content=\"image\/jpeg\" \/>\n<meta name=\"author\" content=\"Margherita Capacci\" \/>\n<meta name=\"twitter:card\" content=\"summary_large_image\" \/>\n<meta name=\"twitter:creator\" content=\"@MargheritaCapa3\" \/>\n<meta name=\"twitter:site\" content=\"@justiceinfonet\" \/>\n<meta name=\"twitter:label1\" content=\"\u00c9crit par\" \/>\n\t<meta name=\"twitter:data1\" content=\"Margherita Capacci\" \/>\n\t<meta name=\"twitter:label2\" content=\"Dur\u00e9e de lecture estim\u00e9e\" \/>\n\t<meta name=\"twitter:data2\" content=\"9 minutes\" \/>\n<script type=\"application\/ld+json\" class=\"yoast-schema-graph\">{\"@context\":\"https:\/\/schema.org\",\"@graph\":[{\"@type\":\"NewsArticle\",\"@id\":\"https:\/\/www.justiceinfo.net\/fr\/117961-cpi-cauchemar-sans-fin-victimes-darfour.html#article\",\"isPartOf\":{\"@id\":\"https:\/\/www.justiceinfo.net\/fr\/117961-cpi-cauchemar-sans-fin-victimes-darfour.html\"},\"author\":{\"name\":\"Margherita Capacci\",\"@id\":\"https:\/\/www.justiceinfo.net\/fr#\/schema\/person\/4ca36917f8c61d75291a0c5dd9b78bd0\"},\"headline\":\"CPI\u00a0: le cauchemar sans fin des victimes du Darfour\",\"datePublished\":\"2023-06-13T09:28:00+00:00\",\"dateModified\":\"2023-06-13T09:29:53+00:00\",\"mainEntityOfPage\":{\"@id\":\"https:\/\/www.justiceinfo.net\/fr\/117961-cpi-cauchemar-sans-fin-victimes-darfour.html\"},\"wordCount\":1823,\"commentCount\":0,\"publisher\":{\"@id\":\"https:\/\/www.justiceinfo.net\/fr#organization\"},\"image\":{\"@id\":\"https:\/\/www.justiceinfo.net\/fr\/117961-cpi-cauchemar-sans-fin-victimes-darfour.html#primaryimage\"},\"thumbnailUrl\":\"https:\/\/www.justiceinfo.net\/wp-content\/uploads\/Sudan_Darfur-Karim-Khan-ICC-CPI-victims-camp_@Abdelmonim-Madibu-ICC.jpg\",\"keywords\":[\"Ali Kosheib\",\"crime contre l&#039;humanit\u00e9\",\"crime de guerre\",\"Darfour\",\"victimes\"],\"articleSection\":[\"CPI\"],\"inLanguage\":\"fr-FR\",\"potentialAction\":[{\"@type\":\"CommentAction\",\"name\":\"Comment\",\"target\":[\"https:\/\/www.justiceinfo.net\/fr\/117961-cpi-cauchemar-sans-fin-victimes-darfour.html#respond\"]}]},{\"@type\":\"WebPage\",\"@id\":\"https:\/\/www.justiceinfo.net\/fr\/117961-cpi-cauchemar-sans-fin-victimes-darfour.html\",\"url\":\"https:\/\/www.justiceinfo.net\/fr\/117961-cpi-cauchemar-sans-fin-victimes-darfour.html\",\"name\":\"Darfour : les voix des victimes du conflit r\u00e9sonnent \u00e0 la CPI\",\"isPartOf\":{\"@id\":\"https:\/\/www.justiceinfo.net\/fr#website\"},\"primaryImageOfPage\":{\"@id\":\"https:\/\/www.justiceinfo.net\/fr\/117961-cpi-cauchemar-sans-fin-victimes-darfour.html#primaryimage\"},\"image\":{\"@id\":\"https:\/\/www.justiceinfo.net\/fr\/117961-cpi-cauchemar-sans-fin-victimes-darfour.html#primaryimage\"},\"thumbnailUrl\":\"https:\/\/www.justiceinfo.net\/wp-content\/uploads\/Sudan_Darfur-Karim-Khan-ICC-CPI-victims-camp_@Abdelmonim-Madibu-ICC.jpg\",\"datePublished\":\"2023-06-13T09:28:00+00:00\",\"dateModified\":\"2023-06-13T09:29:53+00:00\",\"description\":\"Au proc\u00e8s d'Ali Kosheib devant la Cour p\u00e9nale internationale, les victimes ont fait entendre leurs voix, tandis que les violences se r\u00e9p\u00e8tent au Darfour (Soudan).\",\"breadcrumb\":{\"@id\":\"https:\/\/www.justiceinfo.net\/fr\/117961-cpi-cauchemar-sans-fin-victimes-darfour.html#breadcrumb\"},\"inLanguage\":\"fr-FR\",\"potentialAction\":[{\"@type\":\"ReadAction\",\"target\":[\"https:\/\/www.justiceinfo.net\/fr\/117961-cpi-cauchemar-sans-fin-victimes-darfour.html\"]}]},{\"@type\":\"ImageObject\",\"inLanguage\":\"fr-FR\",\"@id\":\"https:\/\/www.justiceinfo.net\/fr\/117961-cpi-cauchemar-sans-fin-victimes-darfour.html#primaryimage\",\"url\":\"https:\/\/www.justiceinfo.net\/wp-content\/uploads\/Sudan_Darfur-Karim-Khan-ICC-CPI-victims-camp_@Abdelmonim-Madibu-ICC.jpg\",\"contentUrl\":\"https:\/\/www.justiceinfo.net\/wp-content\/uploads\/Sudan_Darfur-Karim-Khan-ICC-CPI-victims-camp_@Abdelmonim-Madibu-ICC.jpg\",\"width\":1200,\"height\":800,\"caption\":\"Le procureur de la Cour p\u00e9nale internationale (CPI), Karim Khan, visite le camp de d\u00e9plac\u00e9s de Kalma, au Darfour, le 21 ao\u00fbt 2022. Il s'agissait de la troisi\u00e8me visite d'un procureur de la CPI au Soudan depuis l'\u00e9viction de l'ex-pr\u00e9sident Omar el-Bashir, dont le transfert vers La Haye n'a pas pu \u00eatre obtenu. \u00a9 Abdelmonim Madibu \/ AFP\"},{\"@type\":\"BreadcrumbList\",\"@id\":\"https:\/\/www.justiceinfo.net\/fr\/117961-cpi-cauchemar-sans-fin-victimes-darfour.html#breadcrumb\",\"itemListElement\":[{\"@type\":\"ListItem\",\"position\":1,\"name\":\"Home\",\"item\":\"https:\/\/www.justiceinfo.net\/fr\"},{\"@type\":\"ListItem\",\"position\":2,\"name\":\"CPI\u00a0: le cauchemar sans fin des victimes du Darfour\"}]},{\"@type\":\"WebSite\",\"@id\":\"https:\/\/www.justiceinfo.net\/fr#website\",\"url\":\"https:\/\/www.justiceinfo.net\/fr\",\"name\":\"JusticeInfo.net\",\"description\":\"La justice doit \u00eatre vue pour \u00eatre rendue\",\"publisher\":{\"@id\":\"https:\/\/www.justiceinfo.net\/fr#organization\"},\"potentialAction\":[{\"@type\":\"SearchAction\",\"target\":{\"@type\":\"EntryPoint\",\"urlTemplate\":\"https:\/\/www.justiceinfo.net\/fr?s={search_term_string}\"},\"query-input\":{\"@type\":\"PropertyValueSpecification\",\"valueRequired\":true,\"valueName\":\"search_term_string\"}}],\"inLanguage\":\"fr-FR\"},{\"@type\":\"Organization\",\"@id\":\"https:\/\/www.justiceinfo.net\/fr#organization\",\"name\":\"Justice Info\",\"url\":\"https:\/\/www.justiceinfo.net\/fr\",\"logo\":{\"@type\":\"ImageObject\",\"inLanguage\":\"fr-FR\",\"@id\":\"https:\/\/www.justiceinfo.net\/fr#\/schema\/logo\/image\/\",\"url\":\"https:\/\/www.justiceinfo.net\/wp-content\/uploads\/justiceinfo_logo-trans_1200x1200px.png\",\"contentUrl\":\"https:\/\/www.justiceinfo.net\/wp-content\/uploads\/justiceinfo_logo-trans_1200x1200px.png\",\"width\":1199,\"height\":1200,\"caption\":\"Justice Info\"},\"image\":{\"@id\":\"https:\/\/www.justiceinfo.net\/fr#\/schema\/logo\/image\/\"},\"sameAs\":[\"https:\/\/www.facebook.com\/JusticeInfo\/\",\"https:\/\/x.com\/justiceinfonet\",\"https:\/\/www.linkedin.com\/company\/justice-info\",\"https:\/\/www.youtube.com\/channel\/UCyCEsARodyuWtkWyhn-e7pA\"]},{\"@type\":\"Person\",\"name\":\"Margherita Capacci\",\"sameAs\":[\"https:\/\/x.com\/MargheritaCapa3\"],\"url\":\"https:\/\/www.justiceinfo.net\/fr\/auteur\/margheritacapacci\"}]}<\/script>\n<!-- \/ Yoast SEO Premium plugin. -->","yoast_head_json":{"title":"Darfour : les voix des victimes du conflit r\u00e9sonnent \u00e0 la CPI","description":"Au proc\u00e8s d'Ali Kosheib devant la Cour p\u00e9nale internationale, les victimes ont fait entendre leurs voix, tandis que les violences se r\u00e9p\u00e8tent au Darfour (Soudan).","robots":{"index":"index","follow":"follow","max-snippet":"max-snippet:-1","max-image-preview":"max-image-preview:large","max-video-preview":"max-video-preview:-1"},"canonical":"https:\/\/www.justiceinfo.net\/fr\/117961-cpi-cauchemar-sans-fin-victimes-darfour.html","og_locale":"fr_FR","og_type":"article","og_title":"CPI\u00a0: le cauchemar sans fin des victimes du Darfour","og_description":"Au proc\u00e8s d'Ali Kosheib devant la Cour p\u00e9nale internationale, les victimes ont fait entendre leurs voix, tandis que les violences se r\u00e9p\u00e8tent au Darfour (Soudan).","og_url":"https:\/\/www.justiceinfo.net\/fr\/117961-cpi-cauchemar-sans-fin-victimes-darfour.html","og_site_name":"JusticeInfo.net","article_publisher":"https:\/\/www.facebook.com\/JusticeInfo\/","article_published_time":"2023-06-13T09:28:00+00:00","article_modified_time":"2023-06-13T09:29:53+00:00","og_image":[{"width":1200,"height":800,"url":"https:\/\/www.justiceinfo.net\/wp-content\/uploads\/Sudan_Darfur-Karim-Khan-ICC-CPI-victims-camp_@Abdelmonim-Madibu-ICC.jpg","type":"image\/jpeg"}],"author":"Margherita Capacci","twitter_card":"summary_large_image","twitter_creator":"@MargheritaCapa3","twitter_site":"@justiceinfonet","twitter_misc":{"\u00c9crit par":"Margherita Capacci","Dur\u00e9e de lecture estim\u00e9e":"9 minutes"},"schema":{"@context":"https:\/\/schema.org","@graph":[{"@type":"NewsArticle","@id":"https:\/\/www.justiceinfo.net\/fr\/117961-cpi-cauchemar-sans-fin-victimes-darfour.html#article","isPartOf":{"@id":"https:\/\/www.justiceinfo.net\/fr\/117961-cpi-cauchemar-sans-fin-victimes-darfour.html"},"author":{"name":"Margherita Capacci","@id":"https:\/\/www.justiceinfo.net\/fr#\/schema\/person\/4ca36917f8c61d75291a0c5dd9b78bd0"},"headline":"CPI\u00a0: le cauchemar sans fin des victimes du Darfour","datePublished":"2023-06-13T09:28:00+00:00","dateModified":"2023-06-13T09:29:53+00:00","mainEntityOfPage":{"@id":"https:\/\/www.justiceinfo.net\/fr\/117961-cpi-cauchemar-sans-fin-victimes-darfour.html"},"wordCount":1823,"commentCount":0,"publisher":{"@id":"https:\/\/www.justiceinfo.net\/fr#organization"},"image":{"@id":"https:\/\/www.justiceinfo.net\/fr\/117961-cpi-cauchemar-sans-fin-victimes-darfour.html#primaryimage"},"thumbnailUrl":"https:\/\/www.justiceinfo.net\/wp-content\/uploads\/Sudan_Darfur-Karim-Khan-ICC-CPI-victims-camp_@Abdelmonim-Madibu-ICC.jpg","keywords":["Ali Kosheib","crime contre l&#039;humanit\u00e9","crime de guerre","Darfour","victimes"],"articleSection":["CPI"],"inLanguage":"fr-FR","potentialAction":[{"@type":"CommentAction","name":"Comment","target":["https:\/\/www.justiceinfo.net\/fr\/117961-cpi-cauchemar-sans-fin-victimes-darfour.html#respond"]}]},{"@type":"WebPage","@id":"https:\/\/www.justiceinfo.net\/fr\/117961-cpi-cauchemar-sans-fin-victimes-darfour.html","url":"https:\/\/www.justiceinfo.net\/fr\/117961-cpi-cauchemar-sans-fin-victimes-darfour.html","name":"Darfour : les voix des victimes du conflit r\u00e9sonnent \u00e0 la CPI","isPartOf":{"@id":"https:\/\/www.justiceinfo.net\/fr#website"},"primaryImageOfPage":{"@id":"https:\/\/www.justiceinfo.net\/fr\/117961-cpi-cauchemar-sans-fin-victimes-darfour.html#primaryimage"},"image":{"@id":"https:\/\/www.justiceinfo.net\/fr\/117961-cpi-cauchemar-sans-fin-victimes-darfour.html#primaryimage"},"thumbnailUrl":"https:\/\/www.justiceinfo.net\/wp-content\/uploads\/Sudan_Darfur-Karim-Khan-ICC-CPI-victims-camp_@Abdelmonim-Madibu-ICC.jpg","datePublished":"2023-06-13T09:28:00+00:00","dateModified":"2023-06-13T09:29:53+00:00","description":"Au proc\u00e8s d'Ali Kosheib devant la Cour p\u00e9nale internationale, les victimes ont fait entendre leurs voix, tandis que les violences se r\u00e9p\u00e8tent au Darfour (Soudan).","breadcrumb":{"@id":"https:\/\/www.justiceinfo.net\/fr\/117961-cpi-cauchemar-sans-fin-victimes-darfour.html#breadcrumb"},"inLanguage":"fr-FR","potentialAction":[{"@type":"ReadAction","target":["https:\/\/www.justiceinfo.net\/fr\/117961-cpi-cauchemar-sans-fin-victimes-darfour.html"]}]},{"@type":"ImageObject","inLanguage":"fr-FR","@id":"https:\/\/www.justiceinfo.net\/fr\/117961-cpi-cauchemar-sans-fin-victimes-darfour.html#primaryimage","url":"https:\/\/www.justiceinfo.net\/wp-content\/uploads\/Sudan_Darfur-Karim-Khan-ICC-CPI-victims-camp_@Abdelmonim-Madibu-ICC.jpg","contentUrl":"https:\/\/www.justiceinfo.net\/wp-content\/uploads\/Sudan_Darfur-Karim-Khan-ICC-CPI-victims-camp_@Abdelmonim-Madibu-ICC.jpg","width":1200,"height":800,"caption":"Le procureur de la Cour p\u00e9nale internationale (CPI), Karim Khan, visite le camp de d\u00e9plac\u00e9s de Kalma, au Darfour, le 21 ao\u00fbt 2022. Il s'agissait de la troisi\u00e8me visite d'un procureur de la CPI au Soudan depuis l'\u00e9viction de l'ex-pr\u00e9sident Omar el-Bashir, dont le transfert vers La Haye n'a pas pu \u00eatre obtenu. \u00a9 Abdelmonim Madibu \/ AFP"},{"@type":"BreadcrumbList","@id":"https:\/\/www.justiceinfo.net\/fr\/117961-cpi-cauchemar-sans-fin-victimes-darfour.html#breadcrumb","itemListElement":[{"@type":"ListItem","position":1,"name":"Home","item":"https:\/\/www.justiceinfo.net\/fr"},{"@type":"ListItem","position":2,"name":"CPI\u00a0: le cauchemar sans fin des victimes du Darfour"}]},{"@type":"WebSite","@id":"https:\/\/www.justiceinfo.net\/fr#website","url":"https:\/\/www.justiceinfo.net\/fr","name":"JusticeInfo.net","description":"La justice doit \u00eatre vue pour \u00eatre rendue","publisher":{"@id":"https:\/\/www.justiceinfo.net\/fr#organization"},"potentialAction":[{"@type":"SearchAction","target":{"@type":"EntryPoint","urlTemplate":"https:\/\/www.justiceinfo.net\/fr?s={search_term_string}"},"query-input":{"@type":"PropertyValueSpecification","valueRequired":true,"valueName":"search_term_string"}}],"inLanguage":"fr-FR"},{"@type":"Organization","@id":"https:\/\/www.justiceinfo.net\/fr#organization","name":"Justice Info","url":"https:\/\/www.justiceinfo.net\/fr","logo":{"@type":"ImageObject","inLanguage":"fr-FR","@id":"https:\/\/www.justiceinfo.net\/fr#\/schema\/logo\/image\/","url":"https:\/\/www.justiceinfo.net\/wp-content\/uploads\/justiceinfo_logo-trans_1200x1200px.png","contentUrl":"https:\/\/www.justiceinfo.net\/wp-content\/uploads\/justiceinfo_logo-trans_1200x1200px.png","width":1199,"height":1200,"caption":"Justice Info"},"image":{"@id":"https:\/\/www.justiceinfo.net\/fr#\/schema\/logo\/image\/"},"sameAs":["https:\/\/www.facebook.com\/JusticeInfo\/","https:\/\/x.com\/justiceinfonet","https:\/\/www.linkedin.com\/company\/justice-info","https:\/\/www.youtube.com\/channel\/UCyCEsARodyuWtkWyhn-e7pA"]},{"@type":"Person","name":"Margherita Capacci","sameAs":["https:\/\/x.com\/MargheritaCapa3"],"url":"https:\/\/www.justiceinfo.net\/fr\/auteur\/margheritacapacci"}]}},"_links":{"self":[{"href":"https:\/\/www.justiceinfo.net\/fr\/wp-json\/wp\/v2\/posts\/117961","targetHints":{"allow":["GET"]}}],"collection":[{"href":"https:\/\/www.justiceinfo.net\/fr\/wp-json\/wp\/v2\/posts"}],"about":[{"href":"https:\/\/www.justiceinfo.net\/fr\/wp-json\/wp\/v2\/types\/post"}],"author":[{"embeddable":true,"href":"https:\/\/www.justiceinfo.net\/fr\/wp-json\/wp\/v2\/users\/97"}],"replies":[{"embeddable":true,"href":"https:\/\/www.justiceinfo.net\/fr\/wp-json\/wp\/v2\/comments?post=117961"}],"version-history":[{"count":23,"href":"https:\/\/www.justiceinfo.net\/fr\/wp-json\/wp\/v2\/posts\/117961\/revisions"}],"predecessor-version":[{"id":118010,"href":"https:\/\/www.justiceinfo.net\/fr\/wp-json\/wp\/v2\/posts\/117961\/revisions\/118010"}],"wp:featuredmedia":[{"embeddable":true,"href":"https:\/\/www.justiceinfo.net\/fr\/wp-json\/wp\/v2\/media\/117979"}],"wp:attachment":[{"href":"https:\/\/www.justiceinfo.net\/fr\/wp-json\/wp\/v2\/media?parent=117961"}],"wp:term":[{"taxonomy":"category","embeddable":true,"href":"https:\/\/www.justiceinfo.net\/fr\/wp-json\/wp\/v2\/categories?post=117961"},{"taxonomy":"post_tag","embeddable":true,"href":"https:\/\/www.justiceinfo.net\/fr\/wp-json\/wp\/v2\/tags?post=117961"},{"taxonomy":"ji_location","embeddable":true,"href":"https:\/\/www.justiceinfo.net\/fr\/wp-json\/wp\/v2\/ji_location?post=117961"}],"curies":[{"name":"wp","href":"https:\/\/api.w.org\/{rel}","templated":true}]}}