{"id":11816,"date":"2010-02-15T00:00:00","date_gmt":"2010-02-14T23:00:00","guid":{"rendered":"https:\/\/www.justiceinfo.net\/11816-150210-tpircondamnes-la-version-francaise-de-larret-karera-disponible-fin-mars8624.html"},"modified":"2010-02-15T00:00:00","modified_gmt":"2010-02-14T23:00:00","slug":"150210-tpircondamnes-la-version-francaise-de-larret-karera-disponible-fin-mars8624","status":"publish","type":"post","link":"https:\/\/www.justiceinfo.net\/fr\/11816-150210-tpircondamnes-la-version-francaise-de-larret-karera-disponible-fin-mars8624.html","title":{"rendered":"15.02.10 - TPIR\/CONDAMNES - LA VERSION FRANCAISE DE L'ARRET KARERA DISPONIBLE FIN MARS"},"content":{"rendered":"<p>Arusha, 15 f&eacute;vrier 2010 (FH) - Le version fran&ccedil;aise de l'arr&ecirc;t rendu par la chambre d'appel le 2 f&eacute;vrier 2009 dans le proc&egrave;s de l'ancien pr&eacute;fet de Kigali rural, Fran&ccedil;ois Karera, sera disponible le 31 mars prochain, a assur&eacute; lundi le Tribunal p&eacute;nal international pour le Rwanda (TPIR).<br \/>\n<!--more--><\/p>\n<p >\n<p >\nProfitant de son t&eacute;moignage pour la d&eacute;fense d'un autre ancien dirigeant, Karera, condamn&eacute; d&eacute;finitivement &agrave; la perp&eacute;tuit&eacute;, s'est plaint jeudi dernier de ne pas avoir re&ccedil;u le texte fran&ccedil;ais de son jugement en appel.\n<\/p>\n<p >\nAu TPIR, les jugements sont, dans la plupart des cas, d'abord r&eacute;dig&eacute;s en anglais pour ensuite &ecirc;tre traduits en fran&ccedil;ais alors que la plupart des accus&eacute;s, tels Karera, ne sont pas anglophones.\n<\/p>\n<p >\n<p >\n&laquo; Le jugement d&acute;appel le concernant, traduit en fran&ccedil;ais, sera pr&ecirc;t et disponible le 31 mars 2010 &raquo;, a indiqu&eacute; &agrave; l'agence Hirondelle le porte-parole du TPIR, Roland Amoussouga.\n<\/p>\n<p >\nIl a soulign&eacute; que le retard n'&eacute;tait&nbsp; pas d&ucirc; &agrave; &laquo; une quelconque d&eacute;ficience ou n&eacute;gligence de la part du greffe ou du tribunal dans son ensemble &raquo;. Il a expliqu&eacute; que &laquo; La chambre d&acute;appel qui a rendu le jugement le concernant, n&acute;a pas class&eacute; cette traduction comme urgente dans l'ordre des priorit&eacute;s concernant les exigences&nbsp; op&eacute;rationnelles en mati&egrave;re de traduction &raquo;.\n<\/p>\n<p >\nElle &laquo;a plut&ocirc;t demand&eacute; qu'une priorit&eacute; soit accord&eacute;e aux traductions des autres jugements et requ&ecirc;tes en cours &raquo;, a expliqu&eacute; M.Amoussouga, tout en soulignant que &laquo; la traduction des jugements constitue un travail technique de haute vol&eacute;e&raquo;.\n<\/p>\n<p >\nLe porte-parole du TPIR a par ailleurs fait remarquer que &laquo; Monsieur Karera lui-m&ecirc;me n&acute;a jamais demand&eacute; cette traduction et n'a pas non plus manifest&eacute; un quelconque empressement &agrave; l'obtenir, avant sa comparution en qualit&eacute; de t&eacute;moin devant les juges la semaine derni&egrave;re &raquo;.\n<\/p>\n<p >\nLe condamn&eacute; avait affirm&eacute; &agrave; la barre avoir &eacute;crit plusieurs fois pour r&eacute;clamer cette version fran&ccedil;aise.\n<\/p>\n<p >\n<p >\nER\/GF\n<\/p>\n<p>\n&copy; Agence Hirondelle<\/p>\n","protected":false},"excerpt":{"rendered":"<p>Arusha, 15 f&eacute;vrier 2010 (FH) - Le version fran&ccedil;aise de l'arr&ecirc;t rendu par la chambre d'appel le 2 f&eacute;vrier 2009 dans le proc&egrave;s de l'ancien pr&eacute;fet de Kigali rural, Fran&ccedil;ois Karera, sera disponible le 31 mars prochain, a assur&eacute; lundi le Tribunal p&eacute;nal international pour le Rwanda (TPIR).<\/p>\n","protected":false},"author":64,"featured_media":0,"comment_status":"open","ping_status":"closed","sticky":false,"template":"","format":"standard","meta":{"_acf_changed":false,"footnotes":""},"categories":[554],"tags":[],"ji_location":[],"class_list":["post-11816","post","type-post","status-publish","format-standard","hentry","category-hirondellenews"],"acf":[],"yoast_head":"<!-- This site is optimized with the Yoast SEO Premium plugin v25.3.1 (Yoast SEO v25.3.1) - https:\/\/yoast.com\/wordpress\/plugins\/seo\/ -->\n<title>15.02.10 - TPIR\/CONDAMNES - LA VERSION FRANCAISE DE L&#039;ARRET KARERA DISPONIBLE FIN MARS - JusticeInfo.net<\/title>\n<meta name=\"robots\" content=\"index, follow, max-snippet:-1, max-image-preview:large, max-video-preview:-1\" \/>\n<link rel=\"canonical\" href=\"https:\/\/www.justiceinfo.net\/fr\/11816-150210-tpircondamnes-la-version-francaise-de-larret-karera-disponible-fin-mars8624.html\" \/>\n<meta property=\"og:locale\" content=\"fr_FR\" \/>\n<meta property=\"og:type\" content=\"article\" \/>\n<meta property=\"og:title\" content=\"15.02.10 - TPIR\/CONDAMNES - LA VERSION FRANCAISE DE L&#039;ARRET KARERA DISPONIBLE FIN MARS\" \/>\n<meta property=\"og:description\" content=\"Arusha, 15 f&eacute;vrier 2010 (FH) - Le version fran&ccedil;aise de l&#039;arr&ecirc;t rendu par la chambre d&#039;appel le 2 f&eacute;vrier 2009 dans le proc&egrave;s de l&#039;ancien pr&eacute;fet de Kigali rural, Fran&ccedil;ois Karera, sera disponible le 31 mars prochain, a assur&eacute; lundi le Tribunal p&eacute;nal international pour le Rwanda (TPIR).\" \/>\n<meta property=\"og:url\" content=\"https:\/\/www.justiceinfo.net\/fr\/11816-150210-tpircondamnes-la-version-francaise-de-larret-karera-disponible-fin-mars8624.html\" \/>\n<meta property=\"og:site_name\" content=\"JusticeInfo.net\" \/>\n<meta property=\"article:publisher\" content=\"https:\/\/www.facebook.com\/JusticeInfo\/\" \/>\n<meta property=\"article:published_time\" content=\"2010-02-14T23:00:00+00:00\" \/>\n<meta property=\"og:image\" content=\"https:\/\/www.justiceinfo.net\/wp-content\/uploads\/JusticeInfoNet_logo_1200x630px.jpg\" \/>\n\t<meta property=\"og:image:width\" content=\"1200\" \/>\n\t<meta property=\"og:image:height\" content=\"630\" \/>\n\t<meta property=\"og:image:type\" content=\"image\/jpeg\" \/>\n<meta name=\"author\" content=\"solivri\" \/>\n<meta name=\"twitter:card\" content=\"summary_large_image\" \/>\n<meta name=\"twitter:creator\" content=\"@justiceinfonet\" \/>\n<meta name=\"twitter:site\" content=\"@justiceinfonet\" \/>\n<meta name=\"twitter:label1\" content=\"\u00c9crit par\" \/>\n\t<meta name=\"twitter:data1\" content=\"solivri\" \/>\n\t<meta name=\"twitter:label2\" content=\"Dur\u00e9e de lecture estim\u00e9e\" \/>\n\t<meta name=\"twitter:data2\" content=\"2 minutes\" \/>\n<script type=\"application\/ld+json\" class=\"yoast-schema-graph\">{\"@context\":\"https:\/\/schema.org\",\"@graph\":[{\"@type\":\"NewsArticle\",\"@id\":\"https:\/\/www.justiceinfo.net\/fr\/11816-150210-tpircondamnes-la-version-francaise-de-larret-karera-disponible-fin-mars8624.html#article\",\"isPartOf\":{\"@id\":\"https:\/\/www.justiceinfo.net\/fr\/11816-150210-tpircondamnes-la-version-francaise-de-larret-karera-disponible-fin-mars8624.html\"},\"author\":{\"name\":\"solivri\",\"@id\":\"https:\/\/www.justiceinfo.net\/fr#\/schema\/person\/6e53cba1629e2e66f3fc1821d3091865\"},\"headline\":\"15.02.10 - TPIR\/CONDAMNES - LA VERSION FRANCAISE DE L'ARRET KARERA DISPONIBLE FIN MARS\",\"datePublished\":\"2010-02-14T23:00:00+00:00\",\"mainEntityOfPage\":{\"@id\":\"https:\/\/www.justiceinfo.net\/fr\/11816-150210-tpircondamnes-la-version-francaise-de-larret-karera-disponible-fin-mars8624.html\"},\"wordCount\":427,\"commentCount\":0,\"publisher\":{\"@id\":\"https:\/\/www.justiceinfo.net\/fr#organization\"},\"articleSection\":[\"Hirondelle News\"],\"inLanguage\":\"fr-FR\",\"potentialAction\":[{\"@type\":\"CommentAction\",\"name\":\"Comment\",\"target\":[\"https:\/\/www.justiceinfo.net\/fr\/11816-150210-tpircondamnes-la-version-francaise-de-larret-karera-disponible-fin-mars8624.html#respond\"]}]},{\"@type\":\"WebPage\",\"@id\":\"https:\/\/www.justiceinfo.net\/fr\/11816-150210-tpircondamnes-la-version-francaise-de-larret-karera-disponible-fin-mars8624.html\",\"url\":\"https:\/\/www.justiceinfo.net\/fr\/11816-150210-tpircondamnes-la-version-francaise-de-larret-karera-disponible-fin-mars8624.html\",\"name\":\"15.02.10 - TPIR\/CONDAMNES - LA VERSION FRANCAISE DE L'ARRET KARERA DISPONIBLE FIN MARS - JusticeInfo.net\",\"isPartOf\":{\"@id\":\"https:\/\/www.justiceinfo.net\/fr#website\"},\"datePublished\":\"2010-02-14T23:00:00+00:00\",\"breadcrumb\":{\"@id\":\"https:\/\/www.justiceinfo.net\/fr\/11816-150210-tpircondamnes-la-version-francaise-de-larret-karera-disponible-fin-mars8624.html#breadcrumb\"},\"inLanguage\":\"fr-FR\",\"potentialAction\":[{\"@type\":\"ReadAction\",\"target\":[\"https:\/\/www.justiceinfo.net\/fr\/11816-150210-tpircondamnes-la-version-francaise-de-larret-karera-disponible-fin-mars8624.html\"]}]},{\"@type\":\"BreadcrumbList\",\"@id\":\"https:\/\/www.justiceinfo.net\/fr\/11816-150210-tpircondamnes-la-version-francaise-de-larret-karera-disponible-fin-mars8624.html#breadcrumb\",\"itemListElement\":[{\"@type\":\"ListItem\",\"position\":1,\"name\":\"Home\",\"item\":\"https:\/\/www.justiceinfo.net\/fr\"},{\"@type\":\"ListItem\",\"position\":2,\"name\":\"15.02.10 - TPIR\/CONDAMNES - LA VERSION FRANCAISE DE L'ARRET KARERA DISPONIBLE FIN MARS\"}]},{\"@type\":\"WebSite\",\"@id\":\"https:\/\/www.justiceinfo.net\/fr#website\",\"url\":\"https:\/\/www.justiceinfo.net\/fr\",\"name\":\"JusticeInfo.net\",\"description\":\"La justice doit \u00eatre vue pour \u00eatre rendue\",\"publisher\":{\"@id\":\"https:\/\/www.justiceinfo.net\/fr#organization\"},\"potentialAction\":[{\"@type\":\"SearchAction\",\"target\":{\"@type\":\"EntryPoint\",\"urlTemplate\":\"https:\/\/www.justiceinfo.net\/fr?s={search_term_string}\"},\"query-input\":{\"@type\":\"PropertyValueSpecification\",\"valueRequired\":true,\"valueName\":\"search_term_string\"}}],\"inLanguage\":\"fr-FR\"},{\"@type\":\"Organization\",\"@id\":\"https:\/\/www.justiceinfo.net\/fr#organization\",\"name\":\"Justice Info\",\"url\":\"https:\/\/www.justiceinfo.net\/fr\",\"logo\":{\"@type\":\"ImageObject\",\"inLanguage\":\"fr-FR\",\"@id\":\"https:\/\/www.justiceinfo.net\/fr#\/schema\/logo\/image\/\",\"url\":\"https:\/\/www.justiceinfo.net\/wp-content\/uploads\/justiceinfo_logo-trans_1200x1200px.png\",\"contentUrl\":\"https:\/\/www.justiceinfo.net\/wp-content\/uploads\/justiceinfo_logo-trans_1200x1200px.png\",\"width\":1199,\"height\":1200,\"caption\":\"Justice Info\"},\"image\":{\"@id\":\"https:\/\/www.justiceinfo.net\/fr#\/schema\/logo\/image\/\"},\"sameAs\":[\"https:\/\/www.facebook.com\/JusticeInfo\/\",\"https:\/\/x.com\/justiceinfonet\",\"https:\/\/www.linkedin.com\/company\/justice-info\",\"https:\/\/www.youtube.com\/channel\/UCyCEsARodyuWtkWyhn-e7pA\"]},{\"@type\":\"Person\",\"name\":\"solivri\",\"url\":\"\/fr\/?s=solivri\"}]}<\/script>\n<!-- \/ Yoast SEO Premium plugin. -->","yoast_head_json":{"title":"15.02.10 - TPIR\/CONDAMNES - LA VERSION FRANCAISE DE L'ARRET KARERA DISPONIBLE FIN MARS - JusticeInfo.net","robots":{"index":"index","follow":"follow","max-snippet":"max-snippet:-1","max-image-preview":"max-image-preview:large","max-video-preview":"max-video-preview:-1"},"canonical":"https:\/\/www.justiceinfo.net\/fr\/11816-150210-tpircondamnes-la-version-francaise-de-larret-karera-disponible-fin-mars8624.html","og_locale":"fr_FR","og_type":"article","og_title":"15.02.10 - TPIR\/CONDAMNES - LA VERSION FRANCAISE DE L'ARRET KARERA DISPONIBLE FIN MARS","og_description":"Arusha, 15 f&eacute;vrier 2010 (FH) - Le version fran&ccedil;aise de l'arr&ecirc;t rendu par la chambre d'appel le 2 f&eacute;vrier 2009 dans le proc&egrave;s de l'ancien pr&eacute;fet de Kigali rural, Fran&ccedil;ois Karera, sera disponible le 31 mars prochain, a assur&eacute; lundi le Tribunal p&eacute;nal international pour le Rwanda (TPIR).","og_url":"https:\/\/www.justiceinfo.net\/fr\/11816-150210-tpircondamnes-la-version-francaise-de-larret-karera-disponible-fin-mars8624.html","og_site_name":"JusticeInfo.net","article_publisher":"https:\/\/www.facebook.com\/JusticeInfo\/","article_published_time":"2010-02-14T23:00:00+00:00","og_image":[{"width":1200,"height":630,"url":"https:\/\/www.justiceinfo.net\/wp-content\/uploads\/JusticeInfoNet_logo_1200x630px.jpg","type":"image\/jpeg"}],"author":"solivri","twitter_card":"summary_large_image","twitter_creator":"@justiceinfonet","twitter_site":"@justiceinfonet","twitter_misc":{"\u00c9crit par":"solivri","Dur\u00e9e de lecture estim\u00e9e":"2 minutes"},"schema":{"@context":"https:\/\/schema.org","@graph":[{"@type":"NewsArticle","@id":"https:\/\/www.justiceinfo.net\/fr\/11816-150210-tpircondamnes-la-version-francaise-de-larret-karera-disponible-fin-mars8624.html#article","isPartOf":{"@id":"https:\/\/www.justiceinfo.net\/fr\/11816-150210-tpircondamnes-la-version-francaise-de-larret-karera-disponible-fin-mars8624.html"},"author":{"name":"solivri","@id":"https:\/\/www.justiceinfo.net\/fr#\/schema\/person\/6e53cba1629e2e66f3fc1821d3091865"},"headline":"15.02.10 - TPIR\/CONDAMNES - LA VERSION FRANCAISE DE L'ARRET KARERA DISPONIBLE FIN MARS","datePublished":"2010-02-14T23:00:00+00:00","mainEntityOfPage":{"@id":"https:\/\/www.justiceinfo.net\/fr\/11816-150210-tpircondamnes-la-version-francaise-de-larret-karera-disponible-fin-mars8624.html"},"wordCount":427,"commentCount":0,"publisher":{"@id":"https:\/\/www.justiceinfo.net\/fr#organization"},"articleSection":["Hirondelle News"],"inLanguage":"fr-FR","potentialAction":[{"@type":"CommentAction","name":"Comment","target":["https:\/\/www.justiceinfo.net\/fr\/11816-150210-tpircondamnes-la-version-francaise-de-larret-karera-disponible-fin-mars8624.html#respond"]}]},{"@type":"WebPage","@id":"https:\/\/www.justiceinfo.net\/fr\/11816-150210-tpircondamnes-la-version-francaise-de-larret-karera-disponible-fin-mars8624.html","url":"https:\/\/www.justiceinfo.net\/fr\/11816-150210-tpircondamnes-la-version-francaise-de-larret-karera-disponible-fin-mars8624.html","name":"15.02.10 - TPIR\/CONDAMNES - LA VERSION FRANCAISE DE L'ARRET KARERA DISPONIBLE FIN MARS - JusticeInfo.net","isPartOf":{"@id":"https:\/\/www.justiceinfo.net\/fr#website"},"datePublished":"2010-02-14T23:00:00+00:00","breadcrumb":{"@id":"https:\/\/www.justiceinfo.net\/fr\/11816-150210-tpircondamnes-la-version-francaise-de-larret-karera-disponible-fin-mars8624.html#breadcrumb"},"inLanguage":"fr-FR","potentialAction":[{"@type":"ReadAction","target":["https:\/\/www.justiceinfo.net\/fr\/11816-150210-tpircondamnes-la-version-francaise-de-larret-karera-disponible-fin-mars8624.html"]}]},{"@type":"BreadcrumbList","@id":"https:\/\/www.justiceinfo.net\/fr\/11816-150210-tpircondamnes-la-version-francaise-de-larret-karera-disponible-fin-mars8624.html#breadcrumb","itemListElement":[{"@type":"ListItem","position":1,"name":"Home","item":"https:\/\/www.justiceinfo.net\/fr"},{"@type":"ListItem","position":2,"name":"15.02.10 - TPIR\/CONDAMNES - LA VERSION FRANCAISE DE L'ARRET KARERA DISPONIBLE FIN MARS"}]},{"@type":"WebSite","@id":"https:\/\/www.justiceinfo.net\/fr#website","url":"https:\/\/www.justiceinfo.net\/fr","name":"JusticeInfo.net","description":"La justice doit \u00eatre vue pour \u00eatre rendue","publisher":{"@id":"https:\/\/www.justiceinfo.net\/fr#organization"},"potentialAction":[{"@type":"SearchAction","target":{"@type":"EntryPoint","urlTemplate":"https:\/\/www.justiceinfo.net\/fr?s={search_term_string}"},"query-input":{"@type":"PropertyValueSpecification","valueRequired":true,"valueName":"search_term_string"}}],"inLanguage":"fr-FR"},{"@type":"Organization","@id":"https:\/\/www.justiceinfo.net\/fr#organization","name":"Justice Info","url":"https:\/\/www.justiceinfo.net\/fr","logo":{"@type":"ImageObject","inLanguage":"fr-FR","@id":"https:\/\/www.justiceinfo.net\/fr#\/schema\/logo\/image\/","url":"https:\/\/www.justiceinfo.net\/wp-content\/uploads\/justiceinfo_logo-trans_1200x1200px.png","contentUrl":"https:\/\/www.justiceinfo.net\/wp-content\/uploads\/justiceinfo_logo-trans_1200x1200px.png","width":1199,"height":1200,"caption":"Justice Info"},"image":{"@id":"https:\/\/www.justiceinfo.net\/fr#\/schema\/logo\/image\/"},"sameAs":["https:\/\/www.facebook.com\/JusticeInfo\/","https:\/\/x.com\/justiceinfonet","https:\/\/www.linkedin.com\/company\/justice-info","https:\/\/www.youtube.com\/channel\/UCyCEsARodyuWtkWyhn-e7pA"]},{"@type":"Person","name":"solivri","url":"\/fr\/?s=solivri"}]}},"_links":{"self":[{"href":"https:\/\/www.justiceinfo.net\/fr\/wp-json\/wp\/v2\/posts\/11816","targetHints":{"allow":["GET"]}}],"collection":[{"href":"https:\/\/www.justiceinfo.net\/fr\/wp-json\/wp\/v2\/posts"}],"about":[{"href":"https:\/\/www.justiceinfo.net\/fr\/wp-json\/wp\/v2\/types\/post"}],"author":[{"embeddable":true,"href":"https:\/\/www.justiceinfo.net\/fr\/wp-json\/wp\/v2\/users\/64"}],"replies":[{"embeddable":true,"href":"https:\/\/www.justiceinfo.net\/fr\/wp-json\/wp\/v2\/comments?post=11816"}],"version-history":[{"count":0,"href":"https:\/\/www.justiceinfo.net\/fr\/wp-json\/wp\/v2\/posts\/11816\/revisions"}],"wp:attachment":[{"href":"https:\/\/www.justiceinfo.net\/fr\/wp-json\/wp\/v2\/media?parent=11816"}],"wp:term":[{"taxonomy":"category","embeddable":true,"href":"https:\/\/www.justiceinfo.net\/fr\/wp-json\/wp\/v2\/categories?post=11816"},{"taxonomy":"post_tag","embeddable":true,"href":"https:\/\/www.justiceinfo.net\/fr\/wp-json\/wp\/v2\/tags?post=11816"},{"taxonomy":"ji_location","embeddable":true,"href":"https:\/\/www.justiceinfo.net\/fr\/wp-json\/wp\/v2\/ji_location?post=11816"}],"curies":[{"name":"wp","href":"https:\/\/api.w.org\/{rel}","templated":true}]}}