{"id":11835,"date":"2010-02-19T00:00:00","date_gmt":"2010-02-18T23:00:00","guid":{"rendered":"https:\/\/www.justiceinfo.net\/11835-190210-tpirsetako-verdict-reporte-au-25-fevrier-pour-le-lieutenant-colonel-setako8643.html"},"modified":"2010-02-19T00:00:00","modified_gmt":"2010-02-18T23:00:00","slug":"190210-tpirsetako-verdict-reporte-au-25-fevrier-pour-le-lieutenant-colonel-setako8643","status":"publish","type":"post","link":"https:\/\/www.justiceinfo.net\/fr\/11835-190210-tpirsetako-verdict-reporte-au-25-fevrier-pour-le-lieutenant-colonel-setako8643.html","title":{"rendered":"19.02.10 - TPIR\/SETAKO - VERDICT REPORTE AU 25 FEVRIER POUR LE LIEUTENANT-COLONEL SETAKO"},"content":{"rendered":"<p >\nArusha, 19 f&eacute;vrier 2010 (FH) - Le verdict dans le proc&egrave;s du lieutenant-colonel&nbsp; Ephrem Setako, initialement fix&eacute; &agrave; mercredi prochain, est report&eacute; au jour suivant, pour des raisons li&eacute;es &agrave; la disponibilit&eacute; de l'avocat principal de la d&eacute;fense, a-t-on appris vendredi.\n<\/p>\n<p><!--more--><\/p>\n<p >\n<p >\nSelon une note de la chambre, le professeur am&eacute;ricain Lennox Hinds, qui d&eacute;fend l'officier, ne pourra arriver au si&egrave;ge du TPIR &agrave; Arusha, en Tanzanie, que dans la soir&eacute;e du mercredi 24 f&eacute;vrier.\n<\/p>\n<p >\nLe verdict a &eacute;t&eacute; ainsi report&eacute; au jeudi 25 f&eacute;vrier mais l&agrave; encore, &agrave; condition que la f&ecirc;te musulmane du Maulid, n'ait pas lieu le m&ecirc;me jour.\n<\/p>\n<p >\nSi le jour du Maulid est c&eacute;l&eacute;br&eacute; jeudi, le jugement sera rendu vendredi 26 f&eacute;vrier.\n<\/p>\n<p >\nDipl&ocirc;m&eacute; de l'Ecole sup&eacute;rieure militaire rwandaise (ESM) et de la facult&eacute; de droit de l'Universit&eacute; nationale du Rwanda (UNR), Ephrem Setako &eacute;tait directeur des Affaires juridiques au minist&egrave;re de la D&eacute;fense.\n<\/p>\n<p >\nLe 5 novembre 2009, le procureur avait requis la prison &agrave; vie contre l'officier tandis que la d&eacute;fense avait demand&eacute; l'acquittement.\n<\/p>\n<p >\n<p >\nOriginaire du nord du Rwanda, Setako est notamment accus&eacute; d'avoir particip&eacute;, dans la nuit du 6 au 7 avril 1994, &agrave; l'&eacute;laboration d'une liste de Tutsis &agrave; tuer dans les communes Mukingo et Nkuli ainsi que d'avoir incit&eacute; aux massacres lors de r&eacute;unions dans ces deux entit&eacute;s administratives de la pr&eacute;fecture de Ruhengeri (nord).\n<\/p>\n<p >\nL'officier a &eacute;t&eacute; arr&ecirc;t&eacute; dans un centre de demandeurs d'asile aux Pays Bas en f&eacute;vrier 2004 et son proc&egrave;s a d&eacute;but&eacute; le 25 ao&ucirc;t 2008.\n<\/p>\n<p >\nCe jugement sera le deuxi&egrave;me de cette ann&eacute;e apr&egrave;s celui du lieutenant-colonel Tharcisse Muvunyi, condamn&eacute; &agrave; 15 ans d'emprisonnement le 11 f&eacute;vrier.\n<\/p>\n<p >\n<p >\nER\/GF\n<\/p>\n<p>\n&nbsp;&copy; Agence Hirondelle<\/p>\n","protected":false},"excerpt":{"rendered":"<p>Arusha, 19 f&eacute;vrier 2010 (FH) - Le verdict dans le proc&egrave;s du lieutenant-colonel&nbsp; Ephrem Setako, initialement fix&eacute; &agrave; mercredi prochain, est report&eacute; au jour suivant, pour des raisons li&eacute;es &agrave; la disponibilit&eacute; de l'avocat principal de la d&eacute;fense, a-t-on appris vendredi.<\/p>\n","protected":false},"author":64,"featured_media":0,"comment_status":"open","ping_status":"closed","sticky":false,"template":"","format":"standard","meta":{"_acf_changed":false,"footnotes":""},"categories":[554],"tags":[],"ji_location":[],"class_list":["post-11835","post","type-post","status-publish","format-standard","hentry","category-hirondellenews"],"acf":[],"yoast_head":"<!-- This site is optimized with the Yoast SEO Premium plugin v25.3.1 (Yoast SEO v25.3.1) - https:\/\/yoast.com\/wordpress\/plugins\/seo\/ -->\n<title>19.02.10 - TPIR\/SETAKO - VERDICT REPORTE AU 25 FEVRIER POUR LE LIEUTENANT-COLONEL SETAKO - JusticeInfo.net<\/title>\n<meta name=\"robots\" content=\"index, follow, max-snippet:-1, max-image-preview:large, max-video-preview:-1\" \/>\n<link rel=\"canonical\" href=\"https:\/\/www.justiceinfo.net\/fr\/11835-190210-tpirsetako-verdict-reporte-au-25-fevrier-pour-le-lieutenant-colonel-setako8643.html\" \/>\n<meta property=\"og:locale\" content=\"fr_FR\" \/>\n<meta property=\"og:type\" content=\"article\" \/>\n<meta property=\"og:title\" content=\"19.02.10 - TPIR\/SETAKO - VERDICT REPORTE AU 25 FEVRIER POUR LE LIEUTENANT-COLONEL SETAKO\" \/>\n<meta property=\"og:description\" content=\"Arusha, 19 f&eacute;vrier 2010 (FH) - Le verdict dans le proc&egrave;s du lieutenant-colonel&nbsp; Ephrem Setako, initialement fix&eacute; &agrave; mercredi prochain, est report&eacute; au jour suivant, pour des raisons li&eacute;es &agrave; la disponibilit&eacute; de l&#039;avocat principal de la d&eacute;fense, a-t-on appris vendredi.\" \/>\n<meta property=\"og:url\" content=\"https:\/\/www.justiceinfo.net\/fr\/11835-190210-tpirsetako-verdict-reporte-au-25-fevrier-pour-le-lieutenant-colonel-setako8643.html\" \/>\n<meta property=\"og:site_name\" content=\"JusticeInfo.net\" \/>\n<meta property=\"article:publisher\" content=\"https:\/\/www.facebook.com\/JusticeInfo\/\" \/>\n<meta property=\"article:published_time\" content=\"2010-02-18T23:00:00+00:00\" \/>\n<meta property=\"og:image\" content=\"https:\/\/www.justiceinfo.net\/wp-content\/uploads\/JusticeInfoNet_logo_1200x630px.jpg\" \/>\n\t<meta property=\"og:image:width\" content=\"1200\" \/>\n\t<meta property=\"og:image:height\" content=\"630\" \/>\n\t<meta property=\"og:image:type\" content=\"image\/jpeg\" \/>\n<meta name=\"author\" content=\"solivri\" \/>\n<meta name=\"twitter:card\" content=\"summary_large_image\" \/>\n<meta name=\"twitter:creator\" content=\"@justiceinfonet\" \/>\n<meta name=\"twitter:site\" content=\"@justiceinfonet\" \/>\n<meta name=\"twitter:label1\" content=\"\u00c9crit par\" \/>\n\t<meta name=\"twitter:data1\" content=\"solivri\" \/>\n\t<meta name=\"twitter:label2\" content=\"Dur\u00e9e de lecture estim\u00e9e\" \/>\n\t<meta name=\"twitter:data2\" content=\"2 minutes\" \/>\n<script type=\"application\/ld+json\" class=\"yoast-schema-graph\">{\"@context\":\"https:\/\/schema.org\",\"@graph\":[{\"@type\":\"NewsArticle\",\"@id\":\"https:\/\/www.justiceinfo.net\/fr\/11835-190210-tpirsetako-verdict-reporte-au-25-fevrier-pour-le-lieutenant-colonel-setako8643.html#article\",\"isPartOf\":{\"@id\":\"https:\/\/www.justiceinfo.net\/fr\/11835-190210-tpirsetako-verdict-reporte-au-25-fevrier-pour-le-lieutenant-colonel-setako8643.html\"},\"author\":{\"name\":\"solivri\",\"@id\":\"https:\/\/www.justiceinfo.net\/fr#\/schema\/person\/6e53cba1629e2e66f3fc1821d3091865\"},\"headline\":\"19.02.10 - TPIR\/SETAKO - VERDICT REPORTE AU 25 FEVRIER POUR LE LIEUTENANT-COLONEL SETAKO\",\"datePublished\":\"2010-02-18T23:00:00+00:00\",\"mainEntityOfPage\":{\"@id\":\"https:\/\/www.justiceinfo.net\/fr\/11835-190210-tpirsetako-verdict-reporte-au-25-fevrier-pour-le-lieutenant-colonel-setako8643.html\"},\"wordCount\":373,\"commentCount\":0,\"publisher\":{\"@id\":\"https:\/\/www.justiceinfo.net\/fr#organization\"},\"articleSection\":[\"Hirondelle News\"],\"inLanguage\":\"fr-FR\",\"potentialAction\":[{\"@type\":\"CommentAction\",\"name\":\"Comment\",\"target\":[\"https:\/\/www.justiceinfo.net\/fr\/11835-190210-tpirsetako-verdict-reporte-au-25-fevrier-pour-le-lieutenant-colonel-setako8643.html#respond\"]}]},{\"@type\":\"WebPage\",\"@id\":\"https:\/\/www.justiceinfo.net\/fr\/11835-190210-tpirsetako-verdict-reporte-au-25-fevrier-pour-le-lieutenant-colonel-setako8643.html\",\"url\":\"https:\/\/www.justiceinfo.net\/fr\/11835-190210-tpirsetako-verdict-reporte-au-25-fevrier-pour-le-lieutenant-colonel-setako8643.html\",\"name\":\"19.02.10 - TPIR\/SETAKO - VERDICT REPORTE AU 25 FEVRIER POUR LE LIEUTENANT-COLONEL SETAKO - JusticeInfo.net\",\"isPartOf\":{\"@id\":\"https:\/\/www.justiceinfo.net\/fr#website\"},\"datePublished\":\"2010-02-18T23:00:00+00:00\",\"breadcrumb\":{\"@id\":\"https:\/\/www.justiceinfo.net\/fr\/11835-190210-tpirsetako-verdict-reporte-au-25-fevrier-pour-le-lieutenant-colonel-setako8643.html#breadcrumb\"},\"inLanguage\":\"fr-FR\",\"potentialAction\":[{\"@type\":\"ReadAction\",\"target\":[\"https:\/\/www.justiceinfo.net\/fr\/11835-190210-tpirsetako-verdict-reporte-au-25-fevrier-pour-le-lieutenant-colonel-setako8643.html\"]}]},{\"@type\":\"BreadcrumbList\",\"@id\":\"https:\/\/www.justiceinfo.net\/fr\/11835-190210-tpirsetako-verdict-reporte-au-25-fevrier-pour-le-lieutenant-colonel-setako8643.html#breadcrumb\",\"itemListElement\":[{\"@type\":\"ListItem\",\"position\":1,\"name\":\"Home\",\"item\":\"https:\/\/www.justiceinfo.net\/fr\"},{\"@type\":\"ListItem\",\"position\":2,\"name\":\"19.02.10 - TPIR\/SETAKO - VERDICT REPORTE AU 25 FEVRIER POUR LE LIEUTENANT-COLONEL SETAKO\"}]},{\"@type\":\"WebSite\",\"@id\":\"https:\/\/www.justiceinfo.net\/fr#website\",\"url\":\"https:\/\/www.justiceinfo.net\/fr\",\"name\":\"JusticeInfo.net\",\"description\":\"La justice doit \u00eatre vue pour \u00eatre rendue\",\"publisher\":{\"@id\":\"https:\/\/www.justiceinfo.net\/fr#organization\"},\"potentialAction\":[{\"@type\":\"SearchAction\",\"target\":{\"@type\":\"EntryPoint\",\"urlTemplate\":\"https:\/\/www.justiceinfo.net\/fr?s={search_term_string}\"},\"query-input\":{\"@type\":\"PropertyValueSpecification\",\"valueRequired\":true,\"valueName\":\"search_term_string\"}}],\"inLanguage\":\"fr-FR\"},{\"@type\":\"Organization\",\"@id\":\"https:\/\/www.justiceinfo.net\/fr#organization\",\"name\":\"Justice Info\",\"url\":\"https:\/\/www.justiceinfo.net\/fr\",\"logo\":{\"@type\":\"ImageObject\",\"inLanguage\":\"fr-FR\",\"@id\":\"https:\/\/www.justiceinfo.net\/fr#\/schema\/logo\/image\/\",\"url\":\"https:\/\/www.justiceinfo.net\/wp-content\/uploads\/justiceinfo_logo-trans_1200x1200px.png\",\"contentUrl\":\"https:\/\/www.justiceinfo.net\/wp-content\/uploads\/justiceinfo_logo-trans_1200x1200px.png\",\"width\":1199,\"height\":1200,\"caption\":\"Justice Info\"},\"image\":{\"@id\":\"https:\/\/www.justiceinfo.net\/fr#\/schema\/logo\/image\/\"},\"sameAs\":[\"https:\/\/www.facebook.com\/JusticeInfo\/\",\"https:\/\/x.com\/justiceinfonet\",\"https:\/\/www.linkedin.com\/company\/justice-info\",\"https:\/\/www.youtube.com\/channel\/UCyCEsARodyuWtkWyhn-e7pA\"]},{\"@type\":\"Person\",\"name\":\"solivri\",\"url\":\"\/fr\/?s=solivri\"}]}<\/script>\n<!-- \/ Yoast SEO Premium plugin. -->","yoast_head_json":{"title":"19.02.10 - TPIR\/SETAKO - VERDICT REPORTE AU 25 FEVRIER POUR LE LIEUTENANT-COLONEL SETAKO - JusticeInfo.net","robots":{"index":"index","follow":"follow","max-snippet":"max-snippet:-1","max-image-preview":"max-image-preview:large","max-video-preview":"max-video-preview:-1"},"canonical":"https:\/\/www.justiceinfo.net\/fr\/11835-190210-tpirsetako-verdict-reporte-au-25-fevrier-pour-le-lieutenant-colonel-setako8643.html","og_locale":"fr_FR","og_type":"article","og_title":"19.02.10 - TPIR\/SETAKO - VERDICT REPORTE AU 25 FEVRIER POUR LE LIEUTENANT-COLONEL SETAKO","og_description":"Arusha, 19 f&eacute;vrier 2010 (FH) - Le verdict dans le proc&egrave;s du lieutenant-colonel&nbsp; Ephrem Setako, initialement fix&eacute; &agrave; mercredi prochain, est report&eacute; au jour suivant, pour des raisons li&eacute;es &agrave; la disponibilit&eacute; de l'avocat principal de la d&eacute;fense, a-t-on appris vendredi.","og_url":"https:\/\/www.justiceinfo.net\/fr\/11835-190210-tpirsetako-verdict-reporte-au-25-fevrier-pour-le-lieutenant-colonel-setako8643.html","og_site_name":"JusticeInfo.net","article_publisher":"https:\/\/www.facebook.com\/JusticeInfo\/","article_published_time":"2010-02-18T23:00:00+00:00","og_image":[{"width":1200,"height":630,"url":"https:\/\/www.justiceinfo.net\/wp-content\/uploads\/JusticeInfoNet_logo_1200x630px.jpg","type":"image\/jpeg"}],"author":"solivri","twitter_card":"summary_large_image","twitter_creator":"@justiceinfonet","twitter_site":"@justiceinfonet","twitter_misc":{"\u00c9crit par":"solivri","Dur\u00e9e de lecture estim\u00e9e":"2 minutes"},"schema":{"@context":"https:\/\/schema.org","@graph":[{"@type":"NewsArticle","@id":"https:\/\/www.justiceinfo.net\/fr\/11835-190210-tpirsetako-verdict-reporte-au-25-fevrier-pour-le-lieutenant-colonel-setako8643.html#article","isPartOf":{"@id":"https:\/\/www.justiceinfo.net\/fr\/11835-190210-tpirsetako-verdict-reporte-au-25-fevrier-pour-le-lieutenant-colonel-setako8643.html"},"author":{"name":"solivri","@id":"https:\/\/www.justiceinfo.net\/fr#\/schema\/person\/6e53cba1629e2e66f3fc1821d3091865"},"headline":"19.02.10 - TPIR\/SETAKO - VERDICT REPORTE AU 25 FEVRIER POUR LE LIEUTENANT-COLONEL SETAKO","datePublished":"2010-02-18T23:00:00+00:00","mainEntityOfPage":{"@id":"https:\/\/www.justiceinfo.net\/fr\/11835-190210-tpirsetako-verdict-reporte-au-25-fevrier-pour-le-lieutenant-colonel-setako8643.html"},"wordCount":373,"commentCount":0,"publisher":{"@id":"https:\/\/www.justiceinfo.net\/fr#organization"},"articleSection":["Hirondelle News"],"inLanguage":"fr-FR","potentialAction":[{"@type":"CommentAction","name":"Comment","target":["https:\/\/www.justiceinfo.net\/fr\/11835-190210-tpirsetako-verdict-reporte-au-25-fevrier-pour-le-lieutenant-colonel-setako8643.html#respond"]}]},{"@type":"WebPage","@id":"https:\/\/www.justiceinfo.net\/fr\/11835-190210-tpirsetako-verdict-reporte-au-25-fevrier-pour-le-lieutenant-colonel-setako8643.html","url":"https:\/\/www.justiceinfo.net\/fr\/11835-190210-tpirsetako-verdict-reporte-au-25-fevrier-pour-le-lieutenant-colonel-setako8643.html","name":"19.02.10 - TPIR\/SETAKO - VERDICT REPORTE AU 25 FEVRIER POUR LE LIEUTENANT-COLONEL SETAKO - JusticeInfo.net","isPartOf":{"@id":"https:\/\/www.justiceinfo.net\/fr#website"},"datePublished":"2010-02-18T23:00:00+00:00","breadcrumb":{"@id":"https:\/\/www.justiceinfo.net\/fr\/11835-190210-tpirsetako-verdict-reporte-au-25-fevrier-pour-le-lieutenant-colonel-setako8643.html#breadcrumb"},"inLanguage":"fr-FR","potentialAction":[{"@type":"ReadAction","target":["https:\/\/www.justiceinfo.net\/fr\/11835-190210-tpirsetako-verdict-reporte-au-25-fevrier-pour-le-lieutenant-colonel-setako8643.html"]}]},{"@type":"BreadcrumbList","@id":"https:\/\/www.justiceinfo.net\/fr\/11835-190210-tpirsetako-verdict-reporte-au-25-fevrier-pour-le-lieutenant-colonel-setako8643.html#breadcrumb","itemListElement":[{"@type":"ListItem","position":1,"name":"Home","item":"https:\/\/www.justiceinfo.net\/fr"},{"@type":"ListItem","position":2,"name":"19.02.10 - TPIR\/SETAKO - VERDICT REPORTE AU 25 FEVRIER POUR LE LIEUTENANT-COLONEL SETAKO"}]},{"@type":"WebSite","@id":"https:\/\/www.justiceinfo.net\/fr#website","url":"https:\/\/www.justiceinfo.net\/fr","name":"JusticeInfo.net","description":"La justice doit \u00eatre vue pour \u00eatre rendue","publisher":{"@id":"https:\/\/www.justiceinfo.net\/fr#organization"},"potentialAction":[{"@type":"SearchAction","target":{"@type":"EntryPoint","urlTemplate":"https:\/\/www.justiceinfo.net\/fr?s={search_term_string}"},"query-input":{"@type":"PropertyValueSpecification","valueRequired":true,"valueName":"search_term_string"}}],"inLanguage":"fr-FR"},{"@type":"Organization","@id":"https:\/\/www.justiceinfo.net\/fr#organization","name":"Justice Info","url":"https:\/\/www.justiceinfo.net\/fr","logo":{"@type":"ImageObject","inLanguage":"fr-FR","@id":"https:\/\/www.justiceinfo.net\/fr#\/schema\/logo\/image\/","url":"https:\/\/www.justiceinfo.net\/wp-content\/uploads\/justiceinfo_logo-trans_1200x1200px.png","contentUrl":"https:\/\/www.justiceinfo.net\/wp-content\/uploads\/justiceinfo_logo-trans_1200x1200px.png","width":1199,"height":1200,"caption":"Justice Info"},"image":{"@id":"https:\/\/www.justiceinfo.net\/fr#\/schema\/logo\/image\/"},"sameAs":["https:\/\/www.facebook.com\/JusticeInfo\/","https:\/\/x.com\/justiceinfonet","https:\/\/www.linkedin.com\/company\/justice-info","https:\/\/www.youtube.com\/channel\/UCyCEsARodyuWtkWyhn-e7pA"]},{"@type":"Person","name":"solivri","url":"\/fr\/?s=solivri"}]}},"_links":{"self":[{"href":"https:\/\/www.justiceinfo.net\/fr\/wp-json\/wp\/v2\/posts\/11835","targetHints":{"allow":["GET"]}}],"collection":[{"href":"https:\/\/www.justiceinfo.net\/fr\/wp-json\/wp\/v2\/posts"}],"about":[{"href":"https:\/\/www.justiceinfo.net\/fr\/wp-json\/wp\/v2\/types\/post"}],"author":[{"embeddable":true,"href":"https:\/\/www.justiceinfo.net\/fr\/wp-json\/wp\/v2\/users\/64"}],"replies":[{"embeddable":true,"href":"https:\/\/www.justiceinfo.net\/fr\/wp-json\/wp\/v2\/comments?post=11835"}],"version-history":[{"count":0,"href":"https:\/\/www.justiceinfo.net\/fr\/wp-json\/wp\/v2\/posts\/11835\/revisions"}],"wp:attachment":[{"href":"https:\/\/www.justiceinfo.net\/fr\/wp-json\/wp\/v2\/media?parent=11835"}],"wp:term":[{"taxonomy":"category","embeddable":true,"href":"https:\/\/www.justiceinfo.net\/fr\/wp-json\/wp\/v2\/categories?post=11835"},{"taxonomy":"post_tag","embeddable":true,"href":"https:\/\/www.justiceinfo.net\/fr\/wp-json\/wp\/v2\/tags?post=11835"},{"taxonomy":"ji_location","embeddable":true,"href":"https:\/\/www.justiceinfo.net\/fr\/wp-json\/wp\/v2\/ji_location?post=11835"}],"curies":[{"name":"wp","href":"https:\/\/api.w.org\/{rel}","templated":true}]}}