{"id":11855,"date":"2010-02-25T00:00:00","date_gmt":"2010-02-24T23:00:00","guid":{"rendered":"https:\/\/www.justiceinfo.net\/11855-250210-tpiredition-andre-guichaoua-publie-son-enquete-sur-lhistoire-du-rwanda8663.html"},"modified":"2010-02-25T00:00:00","modified_gmt":"2010-02-24T23:00:00","slug":"250210-tpiredition-andre-guichaoua-publie-son-enquete-sur-lhistoire-du-rwanda8663","status":"publish","type":"post","link":"https:\/\/www.justiceinfo.net\/fr\/11855-250210-tpiredition-andre-guichaoua-publie-son-enquete-sur-lhistoire-du-rwanda8663.html","title":{"rendered":"25.02.10 - TPIR\/EDITION - ANDRE GUICHAOUA PUBLIE SON ENQUETE SUR L'HISTOIRE DU RWANDA"},"content":{"rendered":"<p >\nLe sociologue et expert aupr&egrave;s du procureur du tribunal p&eacute;nal international pour le Rwanda (TPIR), Andr&eacute; Guichaoua, publie le 25 f&eacute;vrier 2010, &laquo; De la guerre au g&eacute;nocide, les politiques criminelles au Rwanda &raquo;, un ouvrage de 600 pages augment&eacute; de pr&egrave;s de 2000 documents, accessibles sur un site internet cr&eacute;&eacute; &agrave; cet effet (www.rwandadelaguerreaugenocide.fr).\n<\/p>\n<p><!--more--><\/p>\n<p >\n<p >\nPr&eacute;sent &agrave; Kigali, au titre de la coop&eacute;ration suisse, le 6 avril 1994, l'auteur s'appuie sur les milliers de t&eacute;moignages entendus devant le TPIR et quinze ann&eacute;es d'enqu&ecirc;te conduites au Rwanda et ailleurs pour le procureur. L'ouvrage livre une histoire minutieuse du Rwanda de 1990 &agrave; 1994, et propose une vision claire des m&eacute;canismes de la guerre enclench&eacute;e en 1990 par les tutsis du FPR puis du g&eacute;nocide perp&eacute;tr&eacute; par les extr&eacute;mistes hutus, &agrave; partir du 12 avril 1994, selon l'auteur.\n<\/p>\n<p >\nIl s'oppose &agrave; une vision calqu&eacute;e sur la conception nazie du g&eacute;nocide des juifs, qui a conduit le parquet d'Arusha &agrave; de nombreux &eacute;checs. &laquo; Le g&eacute;nocide au quotidien fut le r&eacute;sultat de multiples d&eacute;cisions qui ne renvoyaient pas &agrave; chaque instant &agrave; un concepteur unique ou &agrave; un projet intemporel &raquo;.\n<\/p>\n<p >\nLe g&eacute;nocide aurait pu &ecirc;tre &eacute;vit&eacute;\n<\/p>\n<p >\nEntre le 6 et le 12 avril 1004, estime l'auteur, la trag&eacute;die rwandaise aurait pu &ecirc;tre &eacute;vit&eacute;e.&nbsp;&nbsp; Les hommes de la Mission des Nations unies au Rwanda (Minuar) auraient eu la capacit&eacute; d'intervenir s'ils avaient &eacute;t&eacute; &eacute;paul&eacute;s par les forces envoy&eacute;es pour &eacute;vacuer les expatri&eacute;s. Ensemble, ils auraient pu mettre un terme aux tueries cibl&eacute;es perp&eacute;tr&eacute;es entre le 6 avril, jour de l'attentat contre le pr&eacute;sident Juv&eacute;nal Habyarimana, et le 12 avril, jour o&ugrave; &laquo; le g&eacute;nocide devient une politique d'&eacute;tat &raquo;.&nbsp; &nbsp;\n<\/p>\n<p >\nA la mort du pr&eacute;sident Habyarimana, &laquo; les officiers adoub&eacute;s &raquo; par le clan pr&eacute;sidentiel, dont les deux acteurs cl&eacute;s sont Agathe Kanziga - veuve de Juv&eacute;nal Habyarimana - et son fr&egrave;re, Protais Zigiranyirazo, tentent un putsch. A leur t&ecirc;te figure Th&eacute;oneste Bagosora, officier charg&eacute; de pr&eacute;server l'h&eacute;ritage et d'emp&ecirc;cher que &laquo; le pouvoir &eacute;chappe au clan pr&eacute;sidentiel &raquo;, l'Akazu. Sans succ&egrave;s. Un gouvernement int&eacute;rimaire qui &laquo; &eacute;tait bien celui voulu par les composantes civiles et militaires de l'Akazu &raquo; est cependant form&eacute; dans les jardins de l'ambassade de France. Car pendant qu'une partie de la Garde pr&eacute;sidentielle assassine les &laquo; d&eacute;mocrates &raquo;, dont la premi&egrave;re ministre Agathe Uwilingiyimana, d'autres membres de la Garde pr&eacute;sidentielle escortent jusqu'&agrave; l'ambassade de France &laquo; les composantes &lsquo;les plus extr&eacute;mistes' du gouvernement sortant &raquo;. Son ambassadeur, Jean-Michel Marlaud, cautionne l'installation du gouvernement int&eacute;rimaire, tout en proc&eacute;dant &agrave; une s&eacute;lection des candidats rwandais &agrave; l'&eacute;vacuation.\n<\/p>\n<p >\nJusqu'au 12 avril, les massacres touchent la seule ville de Kigali. Ce jour l&agrave;, &laquo; le temps fut comme suspendu, car le champ des possibles n'&eacute;tait pas encore referm&eacute; &raquo;. Mais le d&eacute;part des derniers expatri&eacute;s, la fuite du gouvernement int&eacute;rimaire et les tentatives rat&eacute;es de cessez-le-feu avec le Front patriotique rwandais ferment le champ. &laquo; Le mouvement rebelle issu de la diaspora tutsi n'est pas entr&eacute; en guerre ni ne l'a conduite pour &lsquo;sauver les Tutsi', il s'est empar&eacute; par la force du pouvoir &agrave; Kigali, au prix de la vie de ses compatriotes &raquo; tandis qu'en face, &laquo; le noyau des personnalit&eacute;s qui avaient d&eacute;clench&eacute; les assassinats et les massacres, et en premier lieu Bagosora, Ntabakuze, Mpiranya et Nzirorera, ne pouvait tol&eacute;rer que la moindre ouverture politique prenne corps &raquo;. Ce 12 avril, &laquo; le g&eacute;nocide devient une politique d'&eacute;tat &raquo;.\n<\/p>\n<p >\nL'attentat du 6 avril attribu&eacute; au FPR\n<\/p>\n<p >\nAvec cet ouvrage tr&egrave;s dense, l'auteur fait aussi le constat d'une justice tronqu&eacute;e par ses procureurs successifs, qui, &agrave; ce jour, est pass&eacute;e &agrave; c&ocirc;t&eacute; de responsables cl&eacute;s : ni les membres du clan pr&eacute;sidentiel, ni ceux du FPR n'ont r&eacute;pondu de leurs crimes. Les poursuites engag&eacute;es contre Protais Zigyiranirazo se sont sold&eacute;es par un acquittement, faute de preuves solides. Celles contre Agathe Kanziga sont inexistantes au TPIR. &laquo; Soit ni le Tribunal ni les juridictions nationales concern&eacute;es (...) ne disposent d'&eacute;l&eacute;ments susceptibles de nourrir une accusation. Soit ils ne veulent pas poursuivre ces personnalit&eacute;s pour des raisons qui n'ont rien &agrave; voir avec la justice &raquo;, estime l'auteur. Pour Andr&eacute; Guichaoua, Kigali n'y a pas int&eacute;r&ecirc;t, car cela relancerait in&eacute;vitablement la question de l'attentat, que l'auteur attribue au FPR.\n<\/p>\n<p >\nMalgr&eacute; l'ouverture d'une enqu&ecirc;te sur les crimes du FPR, qui aurait commis de nombreux&nbsp; massacres lors de sa conqu&ecirc;te du pouvoir, le TPIR, soumis aux pressions de Kigali, n'a engag&eacute; aucune poursuite. Victime d'une &laquo; solidarit&eacute; conflictuelle &raquo; avec Kigali, le TPIR n'est pas parvenu &agrave; prendre ses distances face au &laquo; ressort &raquo; - actionn&eacute; par &laquo; les chefs victorieux &raquo; du FPR - &laquo; de la culpabilit&eacute; d'un monde qui avait d&eacute;tourn&eacute; les yeux du g&eacute;nocide &raquo;. Pour Andr&eacute; Guichaoua &laquo; la &lsquo;guerre de la m&eacute;moire' continuera donc, puisque le travail de v&eacute;rit&eacute; n'a pas &eacute;t&eacute; men&eacute; &agrave; terme par la seule instance qui avait le mandat et l'autorit&eacute; pour juger les auteurs de tous les crimes commis au cours de ce conflit &raquo;.\n<\/p>\n<p >\nAndr&eacute; Guichaoua, De la guerre au g&eacute;nocide, les politiques criminelles au Rwanda, &eacute;ditions La D&eacute;couverte.\n<\/p>\n<p >\nSM\/GF\n<\/p>\n<p >\n&nbsp;&nbsp;\n<\/p>\n<p>\n&copy; Agence Hirondelle<\/p>\n","protected":false},"excerpt":{"rendered":"<p>Le sociologue et expert aupr&egrave;s du procureur du tribunal p&eacute;nal international pour le Rwanda (TPIR), Andr&eacute; Guichaoua, publie le 25 f&eacute;vrier 2010, &laquo; De la guerre au g&eacute;nocide, les politiques criminelles au Rwanda &raquo;, un ouvrage de 600 pages augment&eacute; de pr&egrave;s de 2000 documents, accessibles sur un site internet cr&eacute;&eacute; &agrave; cet effet (www.rwandadelaguerreaugenocide.fr).<\/p>\n","protected":false},"author":64,"featured_media":0,"comment_status":"open","ping_status":"closed","sticky":false,"template":"","format":"standard","meta":{"_acf_changed":false,"footnotes":""},"categories":[554],"tags":[],"ji_location":[],"class_list":["post-11855","post","type-post","status-publish","format-standard","hentry","category-hirondellenews"],"acf":[],"yoast_head":"<!-- This site is optimized with the Yoast SEO Premium plugin v25.3.1 (Yoast SEO v25.3.1) - https:\/\/yoast.com\/wordpress\/plugins\/seo\/ -->\n<title>25.02.10 - TPIR\/EDITION - ANDRE GUICHAOUA PUBLIE SON ENQUETE SUR L&#039;HISTOIRE DU RWANDA - JusticeInfo.net<\/title>\n<meta name=\"robots\" content=\"index, follow, max-snippet:-1, max-image-preview:large, max-video-preview:-1\" \/>\n<link rel=\"canonical\" href=\"https:\/\/www.justiceinfo.net\/fr\/11855-250210-tpiredition-andre-guichaoua-publie-son-enquete-sur-lhistoire-du-rwanda8663.html\" \/>\n<meta property=\"og:locale\" content=\"fr_FR\" \/>\n<meta property=\"og:type\" content=\"article\" \/>\n<meta property=\"og:title\" content=\"25.02.10 - TPIR\/EDITION - ANDRE GUICHAOUA PUBLIE SON ENQUETE SUR L&#039;HISTOIRE DU RWANDA\" \/>\n<meta property=\"og:description\" content=\"Le sociologue et expert aupr&egrave;s du procureur du tribunal p&eacute;nal international pour le Rwanda (TPIR), Andr&eacute; Guichaoua, publie le 25 f&eacute;vrier 2010, &laquo; De la guerre au g&eacute;nocide, les politiques criminelles au Rwanda &raquo;, un ouvrage de 600 pages augment&eacute; de pr&egrave;s de 2000 documents, accessibles sur un site internet cr&eacute;&eacute; &agrave; cet effet (www.rwandadelaguerreaugenocide.fr).\" \/>\n<meta property=\"og:url\" content=\"https:\/\/www.justiceinfo.net\/fr\/11855-250210-tpiredition-andre-guichaoua-publie-son-enquete-sur-lhistoire-du-rwanda8663.html\" \/>\n<meta property=\"og:site_name\" content=\"JusticeInfo.net\" \/>\n<meta property=\"article:publisher\" content=\"https:\/\/www.facebook.com\/JusticeInfo\/\" \/>\n<meta property=\"article:published_time\" content=\"2010-02-24T23:00:00+00:00\" \/>\n<meta property=\"og:image\" content=\"https:\/\/www.justiceinfo.net\/wp-content\/uploads\/JusticeInfoNet_logo_1200x630px.jpg\" \/>\n\t<meta property=\"og:image:width\" content=\"1200\" \/>\n\t<meta property=\"og:image:height\" content=\"630\" \/>\n\t<meta property=\"og:image:type\" content=\"image\/jpeg\" \/>\n<meta name=\"author\" content=\"solivri\" \/>\n<meta name=\"twitter:card\" content=\"summary_large_image\" \/>\n<meta name=\"twitter:creator\" content=\"@justiceinfonet\" \/>\n<meta name=\"twitter:site\" content=\"@justiceinfonet\" \/>\n<meta name=\"twitter:label1\" content=\"\u00c9crit par\" \/>\n\t<meta name=\"twitter:data1\" content=\"solivri\" \/>\n\t<meta name=\"twitter:label2\" content=\"Dur\u00e9e de lecture estim\u00e9e\" \/>\n\t<meta name=\"twitter:data2\" content=\"5 minutes\" \/>\n<script type=\"application\/ld+json\" class=\"yoast-schema-graph\">{\"@context\":\"https:\/\/schema.org\",\"@graph\":[{\"@type\":\"NewsArticle\",\"@id\":\"https:\/\/www.justiceinfo.net\/fr\/11855-250210-tpiredition-andre-guichaoua-publie-son-enquete-sur-lhistoire-du-rwanda8663.html#article\",\"isPartOf\":{\"@id\":\"https:\/\/www.justiceinfo.net\/fr\/11855-250210-tpiredition-andre-guichaoua-publie-son-enquete-sur-lhistoire-du-rwanda8663.html\"},\"author\":{\"name\":\"solivri\",\"@id\":\"https:\/\/www.justiceinfo.net\/fr#\/schema\/person\/6e53cba1629e2e66f3fc1821d3091865\"},\"headline\":\"25.02.10 - TPIR\/EDITION - ANDRE GUICHAOUA PUBLIE SON ENQUETE SUR L'HISTOIRE DU RWANDA\",\"datePublished\":\"2010-02-24T23:00:00+00:00\",\"mainEntityOfPage\":{\"@id\":\"https:\/\/www.justiceinfo.net\/fr\/11855-250210-tpiredition-andre-guichaoua-publie-son-enquete-sur-lhistoire-du-rwanda8663.html\"},\"wordCount\":1123,\"commentCount\":0,\"publisher\":{\"@id\":\"https:\/\/www.justiceinfo.net\/fr#organization\"},\"articleSection\":[\"Hirondelle News\"],\"inLanguage\":\"fr-FR\",\"potentialAction\":[{\"@type\":\"CommentAction\",\"name\":\"Comment\",\"target\":[\"https:\/\/www.justiceinfo.net\/fr\/11855-250210-tpiredition-andre-guichaoua-publie-son-enquete-sur-lhistoire-du-rwanda8663.html#respond\"]}]},{\"@type\":\"WebPage\",\"@id\":\"https:\/\/www.justiceinfo.net\/fr\/11855-250210-tpiredition-andre-guichaoua-publie-son-enquete-sur-lhistoire-du-rwanda8663.html\",\"url\":\"https:\/\/www.justiceinfo.net\/fr\/11855-250210-tpiredition-andre-guichaoua-publie-son-enquete-sur-lhistoire-du-rwanda8663.html\",\"name\":\"25.02.10 - TPIR\/EDITION - ANDRE GUICHAOUA PUBLIE SON ENQUETE SUR L'HISTOIRE DU RWANDA - JusticeInfo.net\",\"isPartOf\":{\"@id\":\"https:\/\/www.justiceinfo.net\/fr#website\"},\"datePublished\":\"2010-02-24T23:00:00+00:00\",\"breadcrumb\":{\"@id\":\"https:\/\/www.justiceinfo.net\/fr\/11855-250210-tpiredition-andre-guichaoua-publie-son-enquete-sur-lhistoire-du-rwanda8663.html#breadcrumb\"},\"inLanguage\":\"fr-FR\",\"potentialAction\":[{\"@type\":\"ReadAction\",\"target\":[\"https:\/\/www.justiceinfo.net\/fr\/11855-250210-tpiredition-andre-guichaoua-publie-son-enquete-sur-lhistoire-du-rwanda8663.html\"]}]},{\"@type\":\"BreadcrumbList\",\"@id\":\"https:\/\/www.justiceinfo.net\/fr\/11855-250210-tpiredition-andre-guichaoua-publie-son-enquete-sur-lhistoire-du-rwanda8663.html#breadcrumb\",\"itemListElement\":[{\"@type\":\"ListItem\",\"position\":1,\"name\":\"Home\",\"item\":\"https:\/\/www.justiceinfo.net\/fr\"},{\"@type\":\"ListItem\",\"position\":2,\"name\":\"25.02.10 - TPIR\/EDITION - ANDRE GUICHAOUA PUBLIE SON ENQUETE SUR L'HISTOIRE DU RWANDA\"}]},{\"@type\":\"WebSite\",\"@id\":\"https:\/\/www.justiceinfo.net\/fr#website\",\"url\":\"https:\/\/www.justiceinfo.net\/fr\",\"name\":\"JusticeInfo.net\",\"description\":\"La justice doit \u00eatre vue pour \u00eatre rendue\",\"publisher\":{\"@id\":\"https:\/\/www.justiceinfo.net\/fr#organization\"},\"potentialAction\":[{\"@type\":\"SearchAction\",\"target\":{\"@type\":\"EntryPoint\",\"urlTemplate\":\"https:\/\/www.justiceinfo.net\/fr?s={search_term_string}\"},\"query-input\":{\"@type\":\"PropertyValueSpecification\",\"valueRequired\":true,\"valueName\":\"search_term_string\"}}],\"inLanguage\":\"fr-FR\"},{\"@type\":\"Organization\",\"@id\":\"https:\/\/www.justiceinfo.net\/fr#organization\",\"name\":\"Justice Info\",\"url\":\"https:\/\/www.justiceinfo.net\/fr\",\"logo\":{\"@type\":\"ImageObject\",\"inLanguage\":\"fr-FR\",\"@id\":\"https:\/\/www.justiceinfo.net\/fr#\/schema\/logo\/image\/\",\"url\":\"https:\/\/www.justiceinfo.net\/wp-content\/uploads\/justiceinfo_logo-trans_1200x1200px.png\",\"contentUrl\":\"https:\/\/www.justiceinfo.net\/wp-content\/uploads\/justiceinfo_logo-trans_1200x1200px.png\",\"width\":1199,\"height\":1200,\"caption\":\"Justice Info\"},\"image\":{\"@id\":\"https:\/\/www.justiceinfo.net\/fr#\/schema\/logo\/image\/\"},\"sameAs\":[\"https:\/\/www.facebook.com\/JusticeInfo\/\",\"https:\/\/x.com\/justiceinfonet\",\"https:\/\/www.linkedin.com\/company\/justice-info\",\"https:\/\/www.youtube.com\/channel\/UCyCEsARodyuWtkWyhn-e7pA\"]},{\"@type\":\"Person\",\"name\":\"solivri\",\"url\":\"\/fr\/?s=solivri\"}]}<\/script>\n<!-- \/ Yoast SEO Premium plugin. -->","yoast_head_json":{"title":"25.02.10 - TPIR\/EDITION - ANDRE GUICHAOUA PUBLIE SON ENQUETE SUR L'HISTOIRE DU RWANDA - JusticeInfo.net","robots":{"index":"index","follow":"follow","max-snippet":"max-snippet:-1","max-image-preview":"max-image-preview:large","max-video-preview":"max-video-preview:-1"},"canonical":"https:\/\/www.justiceinfo.net\/fr\/11855-250210-tpiredition-andre-guichaoua-publie-son-enquete-sur-lhistoire-du-rwanda8663.html","og_locale":"fr_FR","og_type":"article","og_title":"25.02.10 - TPIR\/EDITION - ANDRE GUICHAOUA PUBLIE SON ENQUETE SUR L'HISTOIRE DU RWANDA","og_description":"Le sociologue et expert aupr&egrave;s du procureur du tribunal p&eacute;nal international pour le Rwanda (TPIR), Andr&eacute; Guichaoua, publie le 25 f&eacute;vrier 2010, &laquo; De la guerre au g&eacute;nocide, les politiques criminelles au Rwanda &raquo;, un ouvrage de 600 pages augment&eacute; de pr&egrave;s de 2000 documents, accessibles sur un site internet cr&eacute;&eacute; &agrave; cet effet (www.rwandadelaguerreaugenocide.fr).","og_url":"https:\/\/www.justiceinfo.net\/fr\/11855-250210-tpiredition-andre-guichaoua-publie-son-enquete-sur-lhistoire-du-rwanda8663.html","og_site_name":"JusticeInfo.net","article_publisher":"https:\/\/www.facebook.com\/JusticeInfo\/","article_published_time":"2010-02-24T23:00:00+00:00","og_image":[{"width":1200,"height":630,"url":"https:\/\/www.justiceinfo.net\/wp-content\/uploads\/JusticeInfoNet_logo_1200x630px.jpg","type":"image\/jpeg"}],"author":"solivri","twitter_card":"summary_large_image","twitter_creator":"@justiceinfonet","twitter_site":"@justiceinfonet","twitter_misc":{"\u00c9crit par":"solivri","Dur\u00e9e de lecture estim\u00e9e":"5 minutes"},"schema":{"@context":"https:\/\/schema.org","@graph":[{"@type":"NewsArticle","@id":"https:\/\/www.justiceinfo.net\/fr\/11855-250210-tpiredition-andre-guichaoua-publie-son-enquete-sur-lhistoire-du-rwanda8663.html#article","isPartOf":{"@id":"https:\/\/www.justiceinfo.net\/fr\/11855-250210-tpiredition-andre-guichaoua-publie-son-enquete-sur-lhistoire-du-rwanda8663.html"},"author":{"name":"solivri","@id":"https:\/\/www.justiceinfo.net\/fr#\/schema\/person\/6e53cba1629e2e66f3fc1821d3091865"},"headline":"25.02.10 - TPIR\/EDITION - ANDRE GUICHAOUA PUBLIE SON ENQUETE SUR L'HISTOIRE DU RWANDA","datePublished":"2010-02-24T23:00:00+00:00","mainEntityOfPage":{"@id":"https:\/\/www.justiceinfo.net\/fr\/11855-250210-tpiredition-andre-guichaoua-publie-son-enquete-sur-lhistoire-du-rwanda8663.html"},"wordCount":1123,"commentCount":0,"publisher":{"@id":"https:\/\/www.justiceinfo.net\/fr#organization"},"articleSection":["Hirondelle News"],"inLanguage":"fr-FR","potentialAction":[{"@type":"CommentAction","name":"Comment","target":["https:\/\/www.justiceinfo.net\/fr\/11855-250210-tpiredition-andre-guichaoua-publie-son-enquete-sur-lhistoire-du-rwanda8663.html#respond"]}]},{"@type":"WebPage","@id":"https:\/\/www.justiceinfo.net\/fr\/11855-250210-tpiredition-andre-guichaoua-publie-son-enquete-sur-lhistoire-du-rwanda8663.html","url":"https:\/\/www.justiceinfo.net\/fr\/11855-250210-tpiredition-andre-guichaoua-publie-son-enquete-sur-lhistoire-du-rwanda8663.html","name":"25.02.10 - TPIR\/EDITION - ANDRE GUICHAOUA PUBLIE SON ENQUETE SUR L'HISTOIRE DU RWANDA - JusticeInfo.net","isPartOf":{"@id":"https:\/\/www.justiceinfo.net\/fr#website"},"datePublished":"2010-02-24T23:00:00+00:00","breadcrumb":{"@id":"https:\/\/www.justiceinfo.net\/fr\/11855-250210-tpiredition-andre-guichaoua-publie-son-enquete-sur-lhistoire-du-rwanda8663.html#breadcrumb"},"inLanguage":"fr-FR","potentialAction":[{"@type":"ReadAction","target":["https:\/\/www.justiceinfo.net\/fr\/11855-250210-tpiredition-andre-guichaoua-publie-son-enquete-sur-lhistoire-du-rwanda8663.html"]}]},{"@type":"BreadcrumbList","@id":"https:\/\/www.justiceinfo.net\/fr\/11855-250210-tpiredition-andre-guichaoua-publie-son-enquete-sur-lhistoire-du-rwanda8663.html#breadcrumb","itemListElement":[{"@type":"ListItem","position":1,"name":"Home","item":"https:\/\/www.justiceinfo.net\/fr"},{"@type":"ListItem","position":2,"name":"25.02.10 - TPIR\/EDITION - ANDRE GUICHAOUA PUBLIE SON ENQUETE SUR L'HISTOIRE DU RWANDA"}]},{"@type":"WebSite","@id":"https:\/\/www.justiceinfo.net\/fr#website","url":"https:\/\/www.justiceinfo.net\/fr","name":"JusticeInfo.net","description":"La justice doit \u00eatre vue pour \u00eatre rendue","publisher":{"@id":"https:\/\/www.justiceinfo.net\/fr#organization"},"potentialAction":[{"@type":"SearchAction","target":{"@type":"EntryPoint","urlTemplate":"https:\/\/www.justiceinfo.net\/fr?s={search_term_string}"},"query-input":{"@type":"PropertyValueSpecification","valueRequired":true,"valueName":"search_term_string"}}],"inLanguage":"fr-FR"},{"@type":"Organization","@id":"https:\/\/www.justiceinfo.net\/fr#organization","name":"Justice Info","url":"https:\/\/www.justiceinfo.net\/fr","logo":{"@type":"ImageObject","inLanguage":"fr-FR","@id":"https:\/\/www.justiceinfo.net\/fr#\/schema\/logo\/image\/","url":"https:\/\/www.justiceinfo.net\/wp-content\/uploads\/justiceinfo_logo-trans_1200x1200px.png","contentUrl":"https:\/\/www.justiceinfo.net\/wp-content\/uploads\/justiceinfo_logo-trans_1200x1200px.png","width":1199,"height":1200,"caption":"Justice Info"},"image":{"@id":"https:\/\/www.justiceinfo.net\/fr#\/schema\/logo\/image\/"},"sameAs":["https:\/\/www.facebook.com\/JusticeInfo\/","https:\/\/x.com\/justiceinfonet","https:\/\/www.linkedin.com\/company\/justice-info","https:\/\/www.youtube.com\/channel\/UCyCEsARodyuWtkWyhn-e7pA"]},{"@type":"Person","name":"solivri","url":"\/fr\/?s=solivri"}]}},"_links":{"self":[{"href":"https:\/\/www.justiceinfo.net\/fr\/wp-json\/wp\/v2\/posts\/11855","targetHints":{"allow":["GET"]}}],"collection":[{"href":"https:\/\/www.justiceinfo.net\/fr\/wp-json\/wp\/v2\/posts"}],"about":[{"href":"https:\/\/www.justiceinfo.net\/fr\/wp-json\/wp\/v2\/types\/post"}],"author":[{"embeddable":true,"href":"https:\/\/www.justiceinfo.net\/fr\/wp-json\/wp\/v2\/users\/64"}],"replies":[{"embeddable":true,"href":"https:\/\/www.justiceinfo.net\/fr\/wp-json\/wp\/v2\/comments?post=11855"}],"version-history":[{"count":0,"href":"https:\/\/www.justiceinfo.net\/fr\/wp-json\/wp\/v2\/posts\/11855\/revisions"}],"wp:attachment":[{"href":"https:\/\/www.justiceinfo.net\/fr\/wp-json\/wp\/v2\/media?parent=11855"}],"wp:term":[{"taxonomy":"category","embeddable":true,"href":"https:\/\/www.justiceinfo.net\/fr\/wp-json\/wp\/v2\/categories?post=11855"},{"taxonomy":"post_tag","embeddable":true,"href":"https:\/\/www.justiceinfo.net\/fr\/wp-json\/wp\/v2\/tags?post=11855"},{"taxonomy":"ji_location","embeddable":true,"href":"https:\/\/www.justiceinfo.net\/fr\/wp-json\/wp\/v2\/ji_location?post=11855"}],"curies":[{"name":"wp","href":"https:\/\/api.w.org\/{rel}","templated":true}]}}