{"id":118698,"date":"2023-06-30T10:57:11","date_gmt":"2023-06-30T08:57:11","guid":{"rendered":"https:\/\/www.justiceinfo.net\/?p=118698"},"modified":"2023-07-06T18:56:02","modified_gmt":"2023-07-06T16:56:02","slug":"sumy-maire-ukrainien-juge-haute-trahison","status":"publish","type":"post","link":"https:\/\/www.justiceinfo.net\/fr\/118698-sumy-maire-ukrainien-juge-haute-trahison.html","title":{"rendered":"A Sumy, un maire ukrainien est jug\u00e9 pour haute trahison"},"content":{"rendered":"\n<p><strong>Les tribunaux ukrainiens ont commenc\u00e9 \u00e0 juger des hauts fonctionnaires pour collaboration pr\u00e9sum\u00e9e avec la Russie, ou trahison. \u00c0 Sumy, une r\u00e9gion limitrophe de la Russie dans le nord-est de l'Ukraine partiellement occup\u00e9e par les troupes russes entre fin f\u00e9vrier et avril 2022, un ancien maire est jug\u00e9 pour haute trahison. Pourtant, il a re\u00e7u le soutien de nombreux anciens coll\u00e8gues.<\/strong><\/p>\n\n\n\n<!--more-->\n\n\n\n<p>\u00c0 Sumy, dans le nord-est de l'Ukraine, le tribunal de district de Zarichnyi juge l'affaire d'Oleksandr Ghen, ancien responsable de la collectivit\u00e9 territoriale de Seredyno-Buda. Seredyno-Buda est une petite ville du district de Shostka, \u00e0 la fronti\u00e8re avec la Russie. Ghen y a \u00e9t\u00e9 \u00e9lu maire en 2020. Il \u00e9tait candidat du parti Nash Krai (Notre R\u00e9gion), dirig\u00e9 par l'ancien d\u00e9put\u00e9 Andrii Derkach, dont la circonscription comprenait Seredyno-Buda. Or les services de renseignement ukrainiens (SBU) ont plus tard indiqu\u00e9 que Derkach \u00e9tait responsable d'un r\u00e9seau d'agents en Ukraine pour le compte de l'\u00e9tat-major de l'arm\u00e9e russe, cens\u00e9s aider l'ennemi \u00e0 s'emparer du pouvoir. Et selon l'accusation, Ghen s'est rang\u00e9 du c\u00f4t\u00e9 de l'ennemi pendant la guerre et a organis\u00e9 un transfert transfrontalier ill\u00e9gal de personnes.<\/p>\n\n\n\n<p>Ghen a \u00e9t\u00e9 arr\u00eat\u00e9 le 29 avril 2022. L'affaire est devant le tribunal depuis novembre dernier. Cependant, 18 des 21 membres du conseil municipal de Seredyno-Buda ont sign\u00e9 une recommandation positive sur Ghen, qui a \u00e9t\u00e9 soumise \u00e0 la cour.<\/p>\n\n\n\n<p>Dans un premier temps, Ghen, en tant qu'ancien responsable d\u2019une collectivit\u00e9 territoriale de la r\u00e9gion, s'est vu signifier une d\u00e9tention provisoire avec la possibilit\u00e9 de payer une caution d'un montant de pr\u00e8s de 1,5 million de hryvnias (environ 37 000 euros). Mais cette d\u00e9cision a \u00e9t\u00e9 contest\u00e9e par l'ancien chef de l'administration militaire r\u00e9gionale de Sumy, Dmytro Zhyvytskyi, et par des militants locaux. Le juge Oleksiy Sybilov, qui avait ordonn\u00e9 cette mesure, aurait re\u00e7u des menaces. Et en mai, la cour d'appel de Sumy a annul\u00e9 ce jugement et impos\u00e9 une d\u00e9tention sans caution, en raison d'une violation importante de la proc\u00e9dure p\u00e9nale (sous la loi martiale, un juge a le droit de ne pas fixer de caution dans le cadre d'une proc\u00e9dure p\u00e9nale pour trahison).<\/p>\n\n\n\n<h2 class=\"wp-block-heading\">\"Ma section a \u00e9t\u00e9 an\u00e9antie et l\u00e0, le poste fronti\u00e8re est grand ouvert\"<\/h2>\n\n\n\n<p>Selon l'un des t\u00e9moins, apr\u00e8s l'invasion russe \u00e0 grande \u00e9chelle, le 24 f\u00e9vrier 2022, Ghen a annonc\u00e9 que le pouvoir dans la communaut\u00e9 \u00e9tait pass\u00e9 des Ukrainiens aux Russes. Il a \u00e9galement organis\u00e9 une r\u00e9union des habitants et les a exhort\u00e9s \u00e0 rendre leurs armes. Le militaire \"Volodymyr\" (son nom complet n\u2019est pas donn\u00e9 pour des raisons de s\u00e9curit\u00e9) a d\u00e9clar\u00e9 \u00e0 la cour qu'apr\u00e8s le 4 mars 2022, il s'est rendu \u00e0 cette r\u00e9union pour demander au maire d'ouvrir les abris anti-bombes. Lorsqu'il s'est approch\u00e9, il a entendu Ghen dire aux gens d'apporter toutes les armes qu'ils poss\u00e9daient et de les remettre \u00e0 la police. Ghen nie ces faits, affirmant qu'il n'a pas parl\u00e9 d'armes mais simplement sugg\u00e9r\u00e9 que les gens se rassemblent pr\u00e8s du poste de police pour d\u00e9cider de la marche \u00e0 suivre.<\/p>\n\n\n\n<p>Pendant l'occupation russe, qui a dur\u00e9 jusqu'en avril 2022, les habitants de Seredyno-Buda ont \u00e9t\u00e9 autoris\u00e9s \u00e0 se rendre librement en Russie. Ghen aurait \u00e9galement organis\u00e9 un couloir libre vers le pays agresseur afin de transporter du carburant. Le t\u00e9moin a d\u00e9clar\u00e9 que le poste fronti\u00e8re \u00e9tait rest\u00e9 ouvert et qu'il l'avait vu \u00e0 plusieurs reprises. Il a dit avoir signal\u00e9 l'incident \u00e0 la police, qui lui a r\u00e9pondu : \"Ce n'est pas notre affaire, on nous a dit de ne pas nous en m\u00ealer.\"<\/p>\n\n\n\n<p>\"Au fur et \u00e0 mesure que nous nous rapprochions, ils [les gardes ukrainiens] s'\u00e9loignaient du poste fronti\u00e8re. Ils criaient : \"D\u00e9fense territoriale ! [de] Shostka !\" Ils allaient et venaient. Les Russes allaient ici, les habitants allaient l\u00e0\", t\u00e9moigne Volodymyr. Le t\u00e9moin pense que cela s'est produit sur les instructions de Ghen, bien qu'il ne le sache que d'apr\u00e8s d'autres personnes et qu'il ne puisse pas le confirmer personnellement.<\/p>\n\n\n\n<p>- \"Quel r\u00f4le jouiez-vous \u00e0 Seredyno-Buda et avez-vous agi au poste fronti\u00e8re ? \u00c9tiez-vous autoris\u00e9 ? demande l'accus\u00e9, usant de son droit de s'adresser directement au t\u00e9moin.<\/p>\n\n\n\n<p>- Je n'avais aucune autorit\u00e9, mais en tant que militaire, lorsqu'un poste fronti\u00e8re avec le pays agresseur est ouvert, je ne peux tout simplement pas le tol\u00e9rer. Ma section a \u00e9t\u00e9 an\u00e9antie et l\u00e0, le poste fronti\u00e8re est grand ouvert&nbsp;! Mon mitrailleur a fait son travail pendant deux heures avant d\u2019\u00eatre ramen\u00e9 en \"200\" [c'est-\u00e0-dire mort], et l\u00e0 ils vont et viennent. Je n'arr\u00eatais personne, je venais juste avertir la police, r\u00e9pond le t\u00e9moin.<\/p>\n\n\n\n<p>- Qui \u00e9tait votre sup\u00e9rieur imm\u00e9diat ? [Quelqu'un de] Shostkinsky ? demande l'accus\u00e9.<\/p>\n\n\n\n<p>- Mon sup\u00e9rieur est \u00e0 Sumy, un commandant de brigade.<\/p>\n\n\n\n<p>- Vous a-t-il donn\u00e9 des instructions pour vos actions ?<\/p>\n\n\n\n<p>- Il m'a dit d'appeler le 102. Il m'a dit \"Faites ce que vous pouvez\".&nbsp;\u00bb<\/p>\n\n\n\n<h2 class=\"wp-block-heading\">\"Qui vous a donn\u00e9 le droit de faire chier la Garde nationale russe ?\"<\/h2>\n\n\n\n<p>La s\u0153ur de Volodymyr est \u00e9galement militaire. Elle a film\u00e9 des personnes qui traversaient la fronti\u00e8re avec la Russie sans aucune difficult\u00e9. \"J'ai re\u00e7u un appel et on m'a dit que le poste de contr\u00f4le avait \u00e9t\u00e9 ouvert sur ordre du maire Oleksandr Ghen. Pour moi, en tant qu'officier militaire, ce fut un choc. Je suis arriv\u00e9e \u00e0 Seredyno-Buda en provenance de Shostka deux semaines plus tard et j'ai vu de mes propres yeux que le poste fronti\u00e8re \u00e9tait ouvert et que des groupes subversifs le franchissaient librement. La Garde russe y op\u00e9rait \u00e9galement\", d\u00e9clare la femme.<\/p>\n\n\n\n<p>Apr\u00e8s le 24 f\u00e9vrier, comme elle l'explique, il n'y a plus de gardes-fronti\u00e8res ukrainiens au poste de contr\u00f4le, ils ont re\u00e7u l'ordre de se retirer vers d'autres positions. \"Le 29 mars, j'\u00e9tais en service au combat \u00e0 Shostka. Un homme habill\u00e9 en civil s'est approch\u00e9 de moi, s'est pr\u00e9sent\u00e9 comme un officier sup\u00e9rieur et m'a demand\u00e9 qui m'avait donn\u00e9 le droit de venir \u00e0 Seredyno-Buda en uniforme et de \"faire chier la Garde russe\" avec mon apparence. Je lui ai demand\u00e9 ce qu'il entendait par \"faire chier la Garde russe\" et ce qu'\u00e9tait la Garde russe. J'ai pens\u00e9 que l'homme s'\u00e9tait mal exprim\u00e9, mais ce n'\u00e9tait pas le cas. J'ai demand\u00e9 : \"\u00cates-vous avec Ghen ?\" Il a r\u00e9pondu : \"Oui\". Je lui ai demand\u00e9 : \"Est-ce que vous et lui avez d\u00e9cid\u00e9 ensemble que je ne devais pas \u00eatre l\u00e0 ?\". Il a r\u00e9pondu : \"Oui\". Cinq personnes ont entendu cela. Il a parl\u00e9 de Ghen\", se souvient la t\u00e9moin.&nbsp;<\/p>\n\n\n\n<p>- \"Pensez-vous que cela faisait partie du plan \u2013 de ne pas appara\u00eetre en uniforme ukrainien et ne pas irriter les Russes, ne pas provoquer de tirs inutiles ou quoi que ce soit d'autre ? Irriter dans le sens o\u00f9 vous auriez pu les provoquer, demande l'accus\u00e9 au t\u00e9moin.<\/p>\n\n\n\n<p>- Je ne pense pas que ce soit le cas. Je suis une citoyenne ukrainienne, je porte un uniforme militaire. J'ai pr\u00eat\u00e9 serment.\"&nbsp;&nbsp;&nbsp;&nbsp;<\/p>\n\n\n\n<p>La cour a examin\u00e9 les vid\u00e9os film\u00e9es par les t\u00e9moins sur leurs t\u00e9l\u00e9phones portables. On y voit des personnes assises au poste fronti\u00e8re, ou transportant des objets sur des v\u00e9los et dans des voitures, et qui, voyant qu'elles sont film\u00e9es, se d\u00e9tournent.<\/p>\n\n\n\n<h2 class=\"wp-block-heading\">\"Le meilleur de tous les responsables de collectivit\u00e9 territoriale\"<\/h2>\n\n\n\n<p>Viktor Hubenko, chef de l'administration du district de Shostka, a \u00e9galement \u00e9t\u00e9 interrog\u00e9 par le tribunal. C'est lui qui recevait les rapports des responsables de communaut\u00e9 du district. \"Le 24 f\u00e9vrier, apr\u00e8s 11 heures, nous nous trouvions profond\u00e9ment \u00e0 l\u2019arri\u00e8re de l'ennemi. J'ai demand\u00e9 aux responsables des communaut\u00e9s du groupe WhatsApp de m'informer de l'approche des agresseurs, de leur entr\u00e9e dans les communaut\u00e9s et de leurs actions. Tout le monde a rapport\u00e9 les mouvements des Russes. Avant l'invasion, Ghen et moi ne communiquions pas tr\u00e8s bien. Apr\u00e8s l'invasion, il \u00e9tait le meilleur de tous les responsables de collectivit\u00e9 territoriale. Ses rapports \u00e9taient presque les meilleurs\", d\u00e9clare Hubenko.<\/p>\n\n\n\n<p>Le t\u00e9moin ne peut pas confirmer si Ghen a fourni toutes les informations. Mais il assure que dans leurs communications, l'attitude de Ghen \u00e9tait pro-ukrainienne et qu\u2019il n'a pas connaissance d'une quelconque coop\u00e9ration avec les occupants.<\/p>\n\n\n\n<p>- \"Les 25 et 26 f\u00e9vrier, Ghen a fait \u00e9tat de l'arriv\u00e9e des forces arm\u00e9es de la F\u00e9d\u00e9ration de Russie, qui ont \u00e9cart\u00e9 les blocs de b\u00e9ton \u00e0 ce poste fronti\u00e8re et d\u00e9clar\u00e9 qu'un bus serait mis \u00e0 la disposition des r\u00e9sidents afin qu'ils puissent se rendre en Russie pour acheter de la nourriture et aller \u00e0 la pharmacie sans restrictions. J'ai r\u00e9pondu que je n'autorisais pas une telle possibilit\u00e9, explique Hubenko.<\/p>\n\n\n\n<p>- Confirmez-vous qu'Oleksandr Ghen vous a inform\u00e9 de sa communication avec les Russes ? demande le procureur.<\/p>\n\n\n\n<p>- Oui.<\/p>\n\n\n\n<p>- Savez-vous de quoi Ghen parlait avec les repr\u00e9sentants du pays agresseur ?<\/p>\n\n\n\n<p>- Ghen a dit que l'agresseur n'emp\u00eacherait pas les gens de se rendre en Russie.\"<\/p>\n\n\n\n<h2 class=\"wp-block-heading\" id=\"h-communications-frontalieres\">Communications frontali\u00e8res<\/h2>\n\n\n\n<p>La premi\u00e8re adjointe du chef de l'administration du district de Shostka, Oksana Tarasyuk, a t\u00e9moign\u00e9 que, dans les premiers jours de l'invasion, elle a conseill\u00e9 au maire de demander conseil au chef de l'administration militaire de la r\u00e9gion de Sumy. Lors d'une conversation t\u00e9l\u00e9phonique avec elle, Ghen aurait dit avoir parl\u00e9 au chef de l'administration de la ville frontali\u00e8re russe de Suzemka. Il aurait dit que les Russes lui avaient assur\u00e9 que tout serait calme \u00e0 Seredyno-Buda et que ses habitants pourraient se rendre librement \u00e0 Suzemka. Tarasyuk, entendant cela, a r\u00e9pondu \u00e0 Ghen que c'\u00e9tait \"inappropri\u00e9\".<\/p>\n\n\n\n<p>Le 23 juin, le procureur a de nouveau demand\u00e9 la prolongation de la d\u00e9tention pr\u00e9ventive de Ghen. Il l'a justifi\u00e9e en d\u00e9clarant que Ghen vit pr\u00e8s de la fronti\u00e8re russe et qu'il a des liens \u00e9troits avec les autorit\u00e9s russes. Il pourrait donc se cacher, influencer des t\u00e9moins ou continuer \u00e0 commettre des infractions p\u00e9nales. L'avocat de la d\u00e9fense, quant \u00e0 lui, a demand\u00e9 un engagement personnel et a affirm\u00e9 que les soup\u00e7ons pesant sur son client \u00e9taient injustifi\u00e9s. Ghen n'a pas d'ant\u00e9c\u00e9dents judiciaires, ne s'est pas soustrait \u00e0 l'enqu\u00eate, a une r\u00e9putation personnelle positive et un handicap de troisi\u00e8me degr\u00e9. N\u00e9anmoins, le tribunal a acc\u00e9d\u00e9 \u00e0 la demande du procureur et a ordonn\u00e9 le maintien en d\u00e9tention de Ghen jusqu'au 21 ao\u00fbt. S'il est reconnu coupable, Ghen risque entre 15 ans de prison et la perp\u00e9tuit\u00e9, avec confiscation de ses biens.<\/p>\n\n\n\n<div style=\"height:5px\" aria-hidden=\"true\" class=\"wp-block-spacer\"><\/div>\n\n\n\n<hr class=\"wp-block-separator has-alpha-channel-opacity\"\/>\n\n\n\n<div style=\"height:15px\" aria-hidden=\"true\" class=\"wp-block-spacer\"><\/div>\n\n\n\n<p><em><em>Ce reportage fait partie d\u2019une couverture de la justice sur les crimes de guerre r\u00e9alis\u00e9e en partenariat avec des journalistes ukrainiens. Une premi\u00e8re version de cet article a \u00e9t\u00e9 publi\u00e9e sur le site d\u2019information \u00ab\u00a0<a href=\"https:\/\/sudreporter.org\/zaklykav-ne-chynyty-suprotyv-yak-mera-prykordonnogo-mistechka-sumshhyny-sudyat-za-derzhavnu-zradu\/\" target=\"_blank\" rel=\"noreferrer noopener\">Sudovyi Reporter<\/a>\u00a0\u00bb.<\/em><\/em><\/p>\n\n\n<div class=\"articleLink articleLink--editorRecommanded articleLink--textInImage articleLink--textTop\" style=\"\">\r\n\t\t\t\t\t\r\n\t\t\t<div class=\"articleLinkSurTitle\">Recommand\u00e9 par la r\u00e9daction<\/div>\r\n\t\t\t<a class=\"articleLinkImageLink\" href=\"https:\/\/www.justiceinfo.net\/fr\/115610-policiers-kherson-condamnes-collaboration.html\"><div class=\"articleLinkImageContainer \"><img loading=\"lazy\" decoding=\"async\" width=\"540\" height=\"360\" src=\"https:\/\/www.justiceinfo.net\/wp-content\/uploads\/Ukraine_Viktor-Kyrylov-trial_@Iryna-Salii-540x360.jpg\" class=\"articleLinkImage backgroundImageTag w-100 wp-post-image\" alt=\"Proc\u00e8s pour collaboration en Ukraine - Proc\u00e8s de Viktor Kyrylov\" srcset=\"https:\/\/www.justiceinfo.net\/wp-content\/uploads\/Ukraine_Viktor-Kyrylov-trial_@Iryna-Salii-540x360.jpg 540w, https:\/\/www.justiceinfo.net\/wp-content\/uploads\/Ukraine_Viktor-Kyrylov-trial_@Iryna-Salii-730x487.jpg 730w, https:\/\/www.justiceinfo.net\/wp-content\/uploads\/Ukraine_Viktor-Kyrylov-trial_@Iryna-Salii-1110x740.jpg 1110w, https:\/\/www.justiceinfo.net\/wp-content\/uploads\/Ukraine_Viktor-Kyrylov-trial_@Iryna-Salii.jpg 1200w\" sizes=\"auto, (max-width: 540px) 100vw, 540px\" \/><\/div><\/a>\r\n\t\t\t<a href=\"https:\/\/www.justiceinfo.net\/fr\/115610-policiers-kherson-condamnes-collaboration.html\" class=\"articleLinkTitle articleLinkTitle--default\">\r\n\t\t\tDes policiers de Kherson condamn\u00e9s pour collaboration : \"Je pensais que j'aidais les gens\"\r\n\t\t<\/a>\r\n\t\t\r\n\t\t\t\t<\/div>\n","protected":false},"excerpt":{"rendered":"<p>Les tribunaux ukrainiens ont commenc\u00e9 \u00e0 juger des hauts fonctionnaires pour collaboration pr\u00e9sum\u00e9e avec la Russie, ou trahison. \u00c0 Sumy, une r\u00e9gion limitrophe de la Russie dans le nord-est de l'Ukraine partiellement occup\u00e9e par les troupes russes entre fin f\u00e9vrier et avril 2022, un ancien maire est jug\u00e9 pour haute trahison. Pourtant, il a re\u00e7u [&hellip;]<\/p>\n","protected":false},"author":64,"featured_media":118705,"comment_status":"open","ping_status":"closed","sticky":false,"template":"","format":"standard","meta":{"_acf_changed":false,"footnotes":""},"categories":[3288,574],"tags":[3743],"ji_location":[2428,2532],"class_list":["post-118698","post","type-post","status-publish","format-standard","has-post-thumbnail","hentry","category-ukraine-par-nos-correspondants-locaux","category-tribunaux-nationaux","tag-trahison","ji_location-russie","ji_location-ukraine"],"acf":[],"yoast_head":"<!-- This site is optimized with the Yoast SEO Premium plugin v25.3.1 (Yoast SEO v25.3.1) - https:\/\/yoast.com\/wordpress\/plugins\/seo\/ -->\n<title>Ukraine-Russie : proc\u00e8s pour haute trahison \u00e0 la fronti\u00e8re<\/title>\n<meta name=\"description\" content=\"\u00c0 Sumy, une r\u00e9gion limitrophe de la Russie dans le nord-est de l&#039;Ukraine, un ancien maire est jug\u00e9 pour haute trahison durant l&#039;occupation.\" \/>\n<meta name=\"robots\" content=\"index, follow, max-snippet:-1, max-image-preview:large, max-video-preview:-1\" \/>\n<link rel=\"canonical\" href=\"https:\/\/www.justiceinfo.net\/fr\/118698-sumy-maire-ukrainien-juge-haute-trahison.html\" \/>\n<meta property=\"og:locale\" content=\"fr_FR\" \/>\n<meta property=\"og:type\" content=\"article\" \/>\n<meta property=\"og:title\" content=\"A Sumy, un maire ukrainien est jug\u00e9 pour haute trahison\" \/>\n<meta property=\"og:description\" content=\"\u00c0 Sumy, une r\u00e9gion limitrophe de la Russie dans le nord-est de l&#039;Ukraine, un ancien maire est jug\u00e9 pour haute trahison durant l&#039;occupation.\" \/>\n<meta property=\"og:url\" content=\"https:\/\/www.justiceinfo.net\/fr\/118698-sumy-maire-ukrainien-juge-haute-trahison.html\" \/>\n<meta property=\"og:site_name\" content=\"JusticeInfo.net\" \/>\n<meta property=\"article:publisher\" content=\"https:\/\/www.facebook.com\/JusticeInfo\/\" \/>\n<meta property=\"article:published_time\" content=\"2023-06-30T08:57:11+00:00\" \/>\n<meta property=\"article:modified_time\" content=\"2023-07-06T16:56:02+00:00\" \/>\n<meta property=\"og:image\" content=\"https:\/\/www.justiceinfo.net\/wp-content\/uploads\/Ukraine_russia-frontier-border-check-point_@Sergey-Bobok-AFP.jpg\" \/>\n\t<meta property=\"og:image:width\" content=\"1200\" \/>\n\t<meta property=\"og:image:height\" content=\"799\" \/>\n\t<meta property=\"og:image:type\" content=\"image\/jpeg\" \/>\n<meta name=\"author\" content=\"Olena Zhyla\" \/>\n<meta name=\"twitter:card\" content=\"summary_large_image\" \/>\n<meta name=\"twitter:creator\" content=\"@justiceinfonet\" \/>\n<meta name=\"twitter:site\" content=\"@justiceinfonet\" \/>\n<meta name=\"twitter:label1\" content=\"\u00c9crit par\" \/>\n\t<meta name=\"twitter:data1\" content=\"Olena Zhyla\" \/>\n\t<meta name=\"twitter:label2\" content=\"Dur\u00e9e de lecture estim\u00e9e\" \/>\n\t<meta name=\"twitter:data2\" content=\"9 minutes\" \/>\n<script type=\"application\/ld+json\" class=\"yoast-schema-graph\">{\"@context\":\"https:\/\/schema.org\",\"@graph\":[{\"@type\":\"NewsArticle\",\"@id\":\"https:\/\/www.justiceinfo.net\/fr\/118698-sumy-maire-ukrainien-juge-haute-trahison.html#article\",\"isPartOf\":{\"@id\":\"https:\/\/www.justiceinfo.net\/fr\/118698-sumy-maire-ukrainien-juge-haute-trahison.html\"},\"author\":{\"name\":\"solivri\",\"@id\":\"https:\/\/www.justiceinfo.net\/fr#\/schema\/person\/6e53cba1629e2e66f3fc1821d3091865\"},\"headline\":\"A Sumy, un maire ukrainien est jug\u00e9 pour haute trahison\",\"datePublished\":\"2023-06-30T08:57:11+00:00\",\"dateModified\":\"2023-07-06T16:56:02+00:00\",\"mainEntityOfPage\":{\"@id\":\"https:\/\/www.justiceinfo.net\/fr\/118698-sumy-maire-ukrainien-juge-haute-trahison.html\"},\"wordCount\":1960,\"commentCount\":0,\"publisher\":{\"@id\":\"https:\/\/www.justiceinfo.net\/fr#organization\"},\"image\":{\"@id\":\"https:\/\/www.justiceinfo.net\/fr\/118698-sumy-maire-ukrainien-juge-haute-trahison.html#primaryimage\"},\"thumbnailUrl\":\"https:\/\/www.justiceinfo.net\/wp-content\/uploads\/Ukraine_russia-frontier-border-check-point_@Sergey-Bobok-AFP.jpg\",\"keywords\":[\"trahison\"],\"articleSection\":[\"L'Ukraine par nos correspondants locaux\",\"Tribunaux nationaux\"],\"inLanguage\":\"fr-FR\",\"potentialAction\":[{\"@type\":\"CommentAction\",\"name\":\"Comment\",\"target\":[\"https:\/\/www.justiceinfo.net\/fr\/118698-sumy-maire-ukrainien-juge-haute-trahison.html#respond\"]}]},{\"@type\":\"WebPage\",\"@id\":\"https:\/\/www.justiceinfo.net\/fr\/118698-sumy-maire-ukrainien-juge-haute-trahison.html\",\"url\":\"https:\/\/www.justiceinfo.net\/fr\/118698-sumy-maire-ukrainien-juge-haute-trahison.html\",\"name\":\"Ukraine-Russie : proc\u00e8s pour haute trahison \u00e0 la fronti\u00e8re\",\"isPartOf\":{\"@id\":\"https:\/\/www.justiceinfo.net\/fr#website\"},\"primaryImageOfPage\":{\"@id\":\"https:\/\/www.justiceinfo.net\/fr\/118698-sumy-maire-ukrainien-juge-haute-trahison.html#primaryimage\"},\"image\":{\"@id\":\"https:\/\/www.justiceinfo.net\/fr\/118698-sumy-maire-ukrainien-juge-haute-trahison.html#primaryimage\"},\"thumbnailUrl\":\"https:\/\/www.justiceinfo.net\/wp-content\/uploads\/Ukraine_russia-frontier-border-check-point_@Sergey-Bobok-AFP.jpg\",\"datePublished\":\"2023-06-30T08:57:11+00:00\",\"dateModified\":\"2023-07-06T16:56:02+00:00\",\"description\":\"\u00c0 Sumy, une r\u00e9gion limitrophe de la Russie dans le nord-est de l'Ukraine, un ancien maire est jug\u00e9 pour haute trahison durant l'occupation.\",\"breadcrumb\":{\"@id\":\"https:\/\/www.justiceinfo.net\/fr\/118698-sumy-maire-ukrainien-juge-haute-trahison.html#breadcrumb\"},\"inLanguage\":\"fr-FR\",\"potentialAction\":[{\"@type\":\"ReadAction\",\"target\":[\"https:\/\/www.justiceinfo.net\/fr\/118698-sumy-maire-ukrainien-juge-haute-trahison.html\"]}]},{\"@type\":\"ImageObject\",\"inLanguage\":\"fr-FR\",\"@id\":\"https:\/\/www.justiceinfo.net\/fr\/118698-sumy-maire-ukrainien-juge-haute-trahison.html#primaryimage\",\"url\":\"https:\/\/www.justiceinfo.net\/wp-content\/uploads\/Ukraine_russia-frontier-border-check-point_@Sergey-Bobok-AFP.jpg\",\"contentUrl\":\"https:\/\/www.justiceinfo.net\/wp-content\/uploads\/Ukraine_russia-frontier-border-check-point_@Sergey-Bobok-AFP.jpg\",\"width\":1200,\"height\":799,\"caption\":\"Un poste fronti\u00e8re entre l'Ukraine et la Russie, dans le nord-est de l'Ukraine, le 16 f\u00e9vrier 2022, une semaine avant l'invasion russe. \u00a9 Sergey Bobo \/ AFP\"},{\"@type\":\"BreadcrumbList\",\"@id\":\"https:\/\/www.justiceinfo.net\/fr\/118698-sumy-maire-ukrainien-juge-haute-trahison.html#breadcrumb\",\"itemListElement\":[{\"@type\":\"ListItem\",\"position\":1,\"name\":\"Home\",\"item\":\"https:\/\/www.justiceinfo.net\/fr\"},{\"@type\":\"ListItem\",\"position\":2,\"name\":\"A Sumy, un maire ukrainien est jug\u00e9 pour haute trahison\"}]},{\"@type\":\"WebSite\",\"@id\":\"https:\/\/www.justiceinfo.net\/fr#website\",\"url\":\"https:\/\/www.justiceinfo.net\/fr\",\"name\":\"JusticeInfo.net\",\"description\":\"La justice doit \u00eatre vue pour \u00eatre rendue\",\"publisher\":{\"@id\":\"https:\/\/www.justiceinfo.net\/fr#organization\"},\"potentialAction\":[{\"@type\":\"SearchAction\",\"target\":{\"@type\":\"EntryPoint\",\"urlTemplate\":\"https:\/\/www.justiceinfo.net\/fr?s={search_term_string}\"},\"query-input\":{\"@type\":\"PropertyValueSpecification\",\"valueRequired\":true,\"valueName\":\"search_term_string\"}}],\"inLanguage\":\"fr-FR\"},{\"@type\":\"Organization\",\"@id\":\"https:\/\/www.justiceinfo.net\/fr#organization\",\"name\":\"Justice Info\",\"url\":\"https:\/\/www.justiceinfo.net\/fr\",\"logo\":{\"@type\":\"ImageObject\",\"inLanguage\":\"fr-FR\",\"@id\":\"https:\/\/www.justiceinfo.net\/fr#\/schema\/logo\/image\/\",\"url\":\"https:\/\/www.justiceinfo.net\/wp-content\/uploads\/justiceinfo_logo-trans_1200x1200px.png\",\"contentUrl\":\"https:\/\/www.justiceinfo.net\/wp-content\/uploads\/justiceinfo_logo-trans_1200x1200px.png\",\"width\":1199,\"height\":1200,\"caption\":\"Justice Info\"},\"image\":{\"@id\":\"https:\/\/www.justiceinfo.net\/fr#\/schema\/logo\/image\/\"},\"sameAs\":[\"https:\/\/www.facebook.com\/JusticeInfo\/\",\"https:\/\/x.com\/justiceinfonet\",\"https:\/\/www.linkedin.com\/company\/justice-info\",\"https:\/\/www.youtube.com\/channel\/UCyCEsARodyuWtkWyhn-e7pA\"]},{\"@type\":\"Person\",\"name\":\"Olena Zhyla\",\"url\":\"\/fr\/?s=Olena Zhyla\"}]}<\/script>\n<!-- \/ Yoast SEO Premium plugin. -->","yoast_head_json":{"title":"Ukraine-Russie : proc\u00e8s pour haute trahison \u00e0 la fronti\u00e8re","description":"\u00c0 Sumy, une r\u00e9gion limitrophe de la Russie dans le nord-est de l'Ukraine, un ancien maire est jug\u00e9 pour haute trahison durant l'occupation.","robots":{"index":"index","follow":"follow","max-snippet":"max-snippet:-1","max-image-preview":"max-image-preview:large","max-video-preview":"max-video-preview:-1"},"canonical":"https:\/\/www.justiceinfo.net\/fr\/118698-sumy-maire-ukrainien-juge-haute-trahison.html","og_locale":"fr_FR","og_type":"article","og_title":"A Sumy, un maire ukrainien est jug\u00e9 pour haute trahison","og_description":"\u00c0 Sumy, une r\u00e9gion limitrophe de la Russie dans le nord-est de l'Ukraine, un ancien maire est jug\u00e9 pour haute trahison durant l'occupation.","og_url":"https:\/\/www.justiceinfo.net\/fr\/118698-sumy-maire-ukrainien-juge-haute-trahison.html","og_site_name":"JusticeInfo.net","article_publisher":"https:\/\/www.facebook.com\/JusticeInfo\/","article_published_time":"2023-06-30T08:57:11+00:00","article_modified_time":"2023-07-06T16:56:02+00:00","og_image":[{"width":1200,"height":799,"url":"https:\/\/www.justiceinfo.net\/wp-content\/uploads\/Ukraine_russia-frontier-border-check-point_@Sergey-Bobok-AFP.jpg","type":"image\/jpeg"}],"author":"Olena Zhyla","twitter_card":"summary_large_image","twitter_creator":"@justiceinfonet","twitter_site":"@justiceinfonet","twitter_misc":{"\u00c9crit par":"Olena Zhyla","Dur\u00e9e de lecture estim\u00e9e":"9 minutes"},"schema":{"@context":"https:\/\/schema.org","@graph":[{"@type":"NewsArticle","@id":"https:\/\/www.justiceinfo.net\/fr\/118698-sumy-maire-ukrainien-juge-haute-trahison.html#article","isPartOf":{"@id":"https:\/\/www.justiceinfo.net\/fr\/118698-sumy-maire-ukrainien-juge-haute-trahison.html"},"author":{"name":"solivri","@id":"https:\/\/www.justiceinfo.net\/fr#\/schema\/person\/6e53cba1629e2e66f3fc1821d3091865"},"headline":"A Sumy, un maire ukrainien est jug\u00e9 pour haute trahison","datePublished":"2023-06-30T08:57:11+00:00","dateModified":"2023-07-06T16:56:02+00:00","mainEntityOfPage":{"@id":"https:\/\/www.justiceinfo.net\/fr\/118698-sumy-maire-ukrainien-juge-haute-trahison.html"},"wordCount":1960,"commentCount":0,"publisher":{"@id":"https:\/\/www.justiceinfo.net\/fr#organization"},"image":{"@id":"https:\/\/www.justiceinfo.net\/fr\/118698-sumy-maire-ukrainien-juge-haute-trahison.html#primaryimage"},"thumbnailUrl":"https:\/\/www.justiceinfo.net\/wp-content\/uploads\/Ukraine_russia-frontier-border-check-point_@Sergey-Bobok-AFP.jpg","keywords":["trahison"],"articleSection":["L'Ukraine par nos correspondants locaux","Tribunaux nationaux"],"inLanguage":"fr-FR","potentialAction":[{"@type":"CommentAction","name":"Comment","target":["https:\/\/www.justiceinfo.net\/fr\/118698-sumy-maire-ukrainien-juge-haute-trahison.html#respond"]}]},{"@type":"WebPage","@id":"https:\/\/www.justiceinfo.net\/fr\/118698-sumy-maire-ukrainien-juge-haute-trahison.html","url":"https:\/\/www.justiceinfo.net\/fr\/118698-sumy-maire-ukrainien-juge-haute-trahison.html","name":"Ukraine-Russie : proc\u00e8s pour haute trahison \u00e0 la fronti\u00e8re","isPartOf":{"@id":"https:\/\/www.justiceinfo.net\/fr#website"},"primaryImageOfPage":{"@id":"https:\/\/www.justiceinfo.net\/fr\/118698-sumy-maire-ukrainien-juge-haute-trahison.html#primaryimage"},"image":{"@id":"https:\/\/www.justiceinfo.net\/fr\/118698-sumy-maire-ukrainien-juge-haute-trahison.html#primaryimage"},"thumbnailUrl":"https:\/\/www.justiceinfo.net\/wp-content\/uploads\/Ukraine_russia-frontier-border-check-point_@Sergey-Bobok-AFP.jpg","datePublished":"2023-06-30T08:57:11+00:00","dateModified":"2023-07-06T16:56:02+00:00","description":"\u00c0 Sumy, une r\u00e9gion limitrophe de la Russie dans le nord-est de l'Ukraine, un ancien maire est jug\u00e9 pour haute trahison durant l'occupation.","breadcrumb":{"@id":"https:\/\/www.justiceinfo.net\/fr\/118698-sumy-maire-ukrainien-juge-haute-trahison.html#breadcrumb"},"inLanguage":"fr-FR","potentialAction":[{"@type":"ReadAction","target":["https:\/\/www.justiceinfo.net\/fr\/118698-sumy-maire-ukrainien-juge-haute-trahison.html"]}]},{"@type":"ImageObject","inLanguage":"fr-FR","@id":"https:\/\/www.justiceinfo.net\/fr\/118698-sumy-maire-ukrainien-juge-haute-trahison.html#primaryimage","url":"https:\/\/www.justiceinfo.net\/wp-content\/uploads\/Ukraine_russia-frontier-border-check-point_@Sergey-Bobok-AFP.jpg","contentUrl":"https:\/\/www.justiceinfo.net\/wp-content\/uploads\/Ukraine_russia-frontier-border-check-point_@Sergey-Bobok-AFP.jpg","width":1200,"height":799,"caption":"Un poste fronti\u00e8re entre l'Ukraine et la Russie, dans le nord-est de l'Ukraine, le 16 f\u00e9vrier 2022, une semaine avant l'invasion russe. \u00a9 Sergey Bobo \/ AFP"},{"@type":"BreadcrumbList","@id":"https:\/\/www.justiceinfo.net\/fr\/118698-sumy-maire-ukrainien-juge-haute-trahison.html#breadcrumb","itemListElement":[{"@type":"ListItem","position":1,"name":"Home","item":"https:\/\/www.justiceinfo.net\/fr"},{"@type":"ListItem","position":2,"name":"A Sumy, un maire ukrainien est jug\u00e9 pour haute trahison"}]},{"@type":"WebSite","@id":"https:\/\/www.justiceinfo.net\/fr#website","url":"https:\/\/www.justiceinfo.net\/fr","name":"JusticeInfo.net","description":"La justice doit \u00eatre vue pour \u00eatre rendue","publisher":{"@id":"https:\/\/www.justiceinfo.net\/fr#organization"},"potentialAction":[{"@type":"SearchAction","target":{"@type":"EntryPoint","urlTemplate":"https:\/\/www.justiceinfo.net\/fr?s={search_term_string}"},"query-input":{"@type":"PropertyValueSpecification","valueRequired":true,"valueName":"search_term_string"}}],"inLanguage":"fr-FR"},{"@type":"Organization","@id":"https:\/\/www.justiceinfo.net\/fr#organization","name":"Justice Info","url":"https:\/\/www.justiceinfo.net\/fr","logo":{"@type":"ImageObject","inLanguage":"fr-FR","@id":"https:\/\/www.justiceinfo.net\/fr#\/schema\/logo\/image\/","url":"https:\/\/www.justiceinfo.net\/wp-content\/uploads\/justiceinfo_logo-trans_1200x1200px.png","contentUrl":"https:\/\/www.justiceinfo.net\/wp-content\/uploads\/justiceinfo_logo-trans_1200x1200px.png","width":1199,"height":1200,"caption":"Justice Info"},"image":{"@id":"https:\/\/www.justiceinfo.net\/fr#\/schema\/logo\/image\/"},"sameAs":["https:\/\/www.facebook.com\/JusticeInfo\/","https:\/\/x.com\/justiceinfonet","https:\/\/www.linkedin.com\/company\/justice-info","https:\/\/www.youtube.com\/channel\/UCyCEsARodyuWtkWyhn-e7pA"]},{"@type":"Person","name":"Olena Zhyla","url":"\/fr\/?s=Olena Zhyla"}]}},"_links":{"self":[{"href":"https:\/\/www.justiceinfo.net\/fr\/wp-json\/wp\/v2\/posts\/118698","targetHints":{"allow":["GET"]}}],"collection":[{"href":"https:\/\/www.justiceinfo.net\/fr\/wp-json\/wp\/v2\/posts"}],"about":[{"href":"https:\/\/www.justiceinfo.net\/fr\/wp-json\/wp\/v2\/types\/post"}],"author":[{"embeddable":true,"href":"https:\/\/www.justiceinfo.net\/fr\/wp-json\/wp\/v2\/users\/64"}],"replies":[{"embeddable":true,"href":"https:\/\/www.justiceinfo.net\/fr\/wp-json\/wp\/v2\/comments?post=118698"}],"version-history":[{"count":9,"href":"https:\/\/www.justiceinfo.net\/fr\/wp-json\/wp\/v2\/posts\/118698\/revisions"}],"predecessor-version":[{"id":119034,"href":"https:\/\/www.justiceinfo.net\/fr\/wp-json\/wp\/v2\/posts\/118698\/revisions\/119034"}],"wp:featuredmedia":[{"embeddable":true,"href":"https:\/\/www.justiceinfo.net\/fr\/wp-json\/wp\/v2\/media\/118705"}],"wp:attachment":[{"href":"https:\/\/www.justiceinfo.net\/fr\/wp-json\/wp\/v2\/media?parent=118698"}],"wp:term":[{"taxonomy":"category","embeddable":true,"href":"https:\/\/www.justiceinfo.net\/fr\/wp-json\/wp\/v2\/categories?post=118698"},{"taxonomy":"post_tag","embeddable":true,"href":"https:\/\/www.justiceinfo.net\/fr\/wp-json\/wp\/v2\/tags?post=118698"},{"taxonomy":"ji_location","embeddable":true,"href":"https:\/\/www.justiceinfo.net\/fr\/wp-json\/wp\/v2\/ji_location?post=118698"}],"curies":[{"name":"wp","href":"https:\/\/api.w.org\/{rel}","templated":true}]}}