{"id":11877,"date":"2010-03-04T00:00:00","date_gmt":"2010-03-03T23:00:00","guid":{"rendered":"https:\/\/www.justiceinfo.net\/11877-040310-tpirkaremera-le-proces-de-trois-dirigeants-du-mrnd-reporte-au-12-avril8685.html"},"modified":"2010-03-04T00:00:00","modified_gmt":"2010-03-03T23:00:00","slug":"040310-tpirkaremera-le-proces-de-trois-dirigeants-du-mrnd-reporte-au-12-avril8685","status":"publish","type":"post","link":"https:\/\/www.justiceinfo.net\/fr\/11877-040310-tpirkaremera-le-proces-de-trois-dirigeants-du-mrnd-reporte-au-12-avril8685.html","title":{"rendered":"04.03.10 - TPIR\/KAREMERA - LE PROCES DE TROIS DIRIGEANTS DU MRND REPORTE AU 12 AVRIL"},"content":{"rendered":"<p >\nArusha, 4 mars 2010 (FH) - Le proc&egrave;s de trois dirigeants de l'ex-parti parti pr&eacute;sidentiel (MRND) qui se tient actuellement devant le Tribunal p&eacute;nal international pour le Rwanda (TPIR) a &eacute;t&eacute; suspendu jeudi jusqu'au 12 avril prochain.\n<\/p>\n<p><!--more--><\/p>\n<p >\n<p >\nOuverte le 18 janvier, la session qui s'ach&egrave;ve a vu d&eacute;filer &agrave; la barre 10 t&eacute;moins de la d&eacute;fense de Joseph Nzirorera, ex-secr&eacute;taire g&eacute;n&eacute;ral du parti de Juv&eacute;nal Habyarimana pendant le g&eacute;nocide de 1994.\n<\/p>\n<p >\nLe dernier de ces t&eacute;moins, Solange Akajeneza, fille du lieutenant-colonel Ephrem Setako condamn&eacute; jeudi dernier &agrave; 25 ans de prison, est venue appuyer l'alibi de Nzirorera selon lequel il ne se trouvait pas &agrave; Kigali dans la journ&eacute;e du 12 avril 1994.\n<\/p>\n<p >\nMme Akajeneza a affirm&eacute; avoir quitt&eacute; Kigali ce jour-l&agrave; &agrave; la mi-journ&eacute;e dans un convoi comprenant &eacute;galement l'accus&eacute;.\n<\/p>\n<p >\nLe procureur all&egrave;gue que le 12 avril 1994, Nzirorera et ses deux co-accus&eacute;s, Mathieu Ngirumpatse et Edouard Karemera, respectivement, pr&eacute;sident et vice-pr&eacute;sident du MRND, se trouvaient &agrave; Kigali, incitant les jeunes du parti et les militaires &agrave; tuer les Tutsis.\n<\/p>\n<p >\nA la reprise, Nzirorera qui a d&eacute;j&agrave; fait venir 31 t&eacute;moins, poursuivra sa d&eacute;fense.\n<\/p>\n<p >\nInculp&eacute;s de crimes de g&eacute;nocide et de crimes contre l'humanit&eacute;, les trois dirigeants du MRND clament leur innocence. Ils sont surtout poursuivis pour des exactions commises en 1994 par des membres de leur parti. C'est ce que le procureur appelle la responsabilit&eacute; de sup&eacute;rieur hi&eacute;rarchique\n<\/p>\n<p >\nNI\/ER\/GF\n<\/p>\n<p >\n<p>\n&copy; Agence Hirondelle<\/p>\n","protected":false},"excerpt":{"rendered":"<p>Arusha, 4 mars 2010 (FH) - Le proc&egrave;s de trois dirigeants de l'ex-parti parti pr&eacute;sidentiel (MRND) qui se tient actuellement devant le Tribunal p&eacute;nal international pour le Rwanda (TPIR) a &eacute;t&eacute; suspendu jeudi jusqu'au 12 avril prochain.<\/p>\n","protected":false},"author":64,"featured_media":0,"comment_status":"open","ping_status":"closed","sticky":false,"template":"","format":"standard","meta":{"_acf_changed":false,"footnotes":""},"categories":[554],"tags":[],"ji_location":[],"class_list":["post-11877","post","type-post","status-publish","format-standard","hentry","category-hirondellenews"],"acf":[],"yoast_head":"<!-- This site is optimized with the Yoast SEO Premium plugin v25.3.1 (Yoast SEO v25.3.1) - https:\/\/yoast.com\/wordpress\/plugins\/seo\/ -->\n<title>04.03.10 - TPIR\/KAREMERA - LE PROCES DE TROIS DIRIGEANTS DU MRND REPORTE AU 12 AVRIL - JusticeInfo.net<\/title>\n<meta name=\"robots\" content=\"index, follow, max-snippet:-1, max-image-preview:large, max-video-preview:-1\" \/>\n<link rel=\"canonical\" href=\"https:\/\/www.justiceinfo.net\/fr\/11877-040310-tpirkaremera-le-proces-de-trois-dirigeants-du-mrnd-reporte-au-12-avril8685.html\" \/>\n<meta property=\"og:locale\" content=\"fr_FR\" \/>\n<meta property=\"og:type\" content=\"article\" \/>\n<meta property=\"og:title\" content=\"04.03.10 - TPIR\/KAREMERA - LE PROCES DE TROIS DIRIGEANTS DU MRND REPORTE AU 12 AVRIL\" \/>\n<meta property=\"og:description\" content=\"Arusha, 4 mars 2010 (FH) - Le proc&egrave;s de trois dirigeants de l&#039;ex-parti parti pr&eacute;sidentiel (MRND) qui se tient actuellement devant le Tribunal p&eacute;nal international pour le Rwanda (TPIR) a &eacute;t&eacute; suspendu jeudi jusqu&#039;au 12 avril prochain.\" \/>\n<meta property=\"og:url\" content=\"https:\/\/www.justiceinfo.net\/fr\/11877-040310-tpirkaremera-le-proces-de-trois-dirigeants-du-mrnd-reporte-au-12-avril8685.html\" \/>\n<meta property=\"og:site_name\" content=\"JusticeInfo.net\" \/>\n<meta property=\"article:publisher\" content=\"https:\/\/www.facebook.com\/JusticeInfo\/\" \/>\n<meta property=\"article:published_time\" content=\"2010-03-03T23:00:00+00:00\" \/>\n<meta property=\"og:image\" content=\"https:\/\/www.justiceinfo.net\/wp-content\/uploads\/JusticeInfoNet_logo_1200x630px.jpg\" \/>\n\t<meta property=\"og:image:width\" content=\"1200\" \/>\n\t<meta property=\"og:image:height\" content=\"630\" \/>\n\t<meta property=\"og:image:type\" content=\"image\/jpeg\" \/>\n<meta name=\"author\" content=\"solivri\" \/>\n<meta name=\"twitter:card\" content=\"summary_large_image\" \/>\n<meta name=\"twitter:creator\" content=\"@justiceinfonet\" \/>\n<meta name=\"twitter:site\" content=\"@justiceinfonet\" \/>\n<meta name=\"twitter:label1\" content=\"\u00c9crit par\" \/>\n\t<meta name=\"twitter:data1\" content=\"solivri\" \/>\n\t<meta name=\"twitter:label2\" content=\"Dur\u00e9e de lecture estim\u00e9e\" \/>\n\t<meta name=\"twitter:data2\" content=\"1 minute\" \/>\n<script type=\"application\/ld+json\" class=\"yoast-schema-graph\">{\"@context\":\"https:\/\/schema.org\",\"@graph\":[{\"@type\":\"NewsArticle\",\"@id\":\"https:\/\/www.justiceinfo.net\/fr\/11877-040310-tpirkaremera-le-proces-de-trois-dirigeants-du-mrnd-reporte-au-12-avril8685.html#article\",\"isPartOf\":{\"@id\":\"https:\/\/www.justiceinfo.net\/fr\/11877-040310-tpirkaremera-le-proces-de-trois-dirigeants-du-mrnd-reporte-au-12-avril8685.html\"},\"author\":{\"name\":\"solivri\",\"@id\":\"https:\/\/www.justiceinfo.net\/fr#\/schema\/person\/6e53cba1629e2e66f3fc1821d3091865\"},\"headline\":\"04.03.10 - TPIR\/KAREMERA - LE PROCES DE TROIS DIRIGEANTS DU MRND REPORTE AU 12 AVRIL\",\"datePublished\":\"2010-03-03T23:00:00+00:00\",\"mainEntityOfPage\":{\"@id\":\"https:\/\/www.justiceinfo.net\/fr\/11877-040310-tpirkaremera-le-proces-de-trois-dirigeants-du-mrnd-reporte-au-12-avril8685.html\"},\"wordCount\":307,\"commentCount\":0,\"publisher\":{\"@id\":\"https:\/\/www.justiceinfo.net\/fr#organization\"},\"articleSection\":[\"Hirondelle News\"],\"inLanguage\":\"fr-FR\",\"potentialAction\":[{\"@type\":\"CommentAction\",\"name\":\"Comment\",\"target\":[\"https:\/\/www.justiceinfo.net\/fr\/11877-040310-tpirkaremera-le-proces-de-trois-dirigeants-du-mrnd-reporte-au-12-avril8685.html#respond\"]}]},{\"@type\":\"WebPage\",\"@id\":\"https:\/\/www.justiceinfo.net\/fr\/11877-040310-tpirkaremera-le-proces-de-trois-dirigeants-du-mrnd-reporte-au-12-avril8685.html\",\"url\":\"https:\/\/www.justiceinfo.net\/fr\/11877-040310-tpirkaremera-le-proces-de-trois-dirigeants-du-mrnd-reporte-au-12-avril8685.html\",\"name\":\"04.03.10 - TPIR\/KAREMERA - LE PROCES DE TROIS DIRIGEANTS DU MRND REPORTE AU 12 AVRIL - JusticeInfo.net\",\"isPartOf\":{\"@id\":\"https:\/\/www.justiceinfo.net\/fr#website\"},\"datePublished\":\"2010-03-03T23:00:00+00:00\",\"breadcrumb\":{\"@id\":\"https:\/\/www.justiceinfo.net\/fr\/11877-040310-tpirkaremera-le-proces-de-trois-dirigeants-du-mrnd-reporte-au-12-avril8685.html#breadcrumb\"},\"inLanguage\":\"fr-FR\",\"potentialAction\":[{\"@type\":\"ReadAction\",\"target\":[\"https:\/\/www.justiceinfo.net\/fr\/11877-040310-tpirkaremera-le-proces-de-trois-dirigeants-du-mrnd-reporte-au-12-avril8685.html\"]}]},{\"@type\":\"BreadcrumbList\",\"@id\":\"https:\/\/www.justiceinfo.net\/fr\/11877-040310-tpirkaremera-le-proces-de-trois-dirigeants-du-mrnd-reporte-au-12-avril8685.html#breadcrumb\",\"itemListElement\":[{\"@type\":\"ListItem\",\"position\":1,\"name\":\"Home\",\"item\":\"https:\/\/www.justiceinfo.net\/fr\"},{\"@type\":\"ListItem\",\"position\":2,\"name\":\"04.03.10 - TPIR\/KAREMERA - LE PROCES DE TROIS DIRIGEANTS DU MRND REPORTE AU 12 AVRIL\"}]},{\"@type\":\"WebSite\",\"@id\":\"https:\/\/www.justiceinfo.net\/fr#website\",\"url\":\"https:\/\/www.justiceinfo.net\/fr\",\"name\":\"JusticeInfo.net\",\"description\":\"La justice doit \u00eatre vue pour \u00eatre rendue\",\"publisher\":{\"@id\":\"https:\/\/www.justiceinfo.net\/fr#organization\"},\"potentialAction\":[{\"@type\":\"SearchAction\",\"target\":{\"@type\":\"EntryPoint\",\"urlTemplate\":\"https:\/\/www.justiceinfo.net\/fr?s={search_term_string}\"},\"query-input\":{\"@type\":\"PropertyValueSpecification\",\"valueRequired\":true,\"valueName\":\"search_term_string\"}}],\"inLanguage\":\"fr-FR\"},{\"@type\":\"Organization\",\"@id\":\"https:\/\/www.justiceinfo.net\/fr#organization\",\"name\":\"Justice Info\",\"url\":\"https:\/\/www.justiceinfo.net\/fr\",\"logo\":{\"@type\":\"ImageObject\",\"inLanguage\":\"fr-FR\",\"@id\":\"https:\/\/www.justiceinfo.net\/fr#\/schema\/logo\/image\/\",\"url\":\"https:\/\/www.justiceinfo.net\/wp-content\/uploads\/justiceinfo_logo-trans_1200x1200px.png\",\"contentUrl\":\"https:\/\/www.justiceinfo.net\/wp-content\/uploads\/justiceinfo_logo-trans_1200x1200px.png\",\"width\":1199,\"height\":1200,\"caption\":\"Justice Info\"},\"image\":{\"@id\":\"https:\/\/www.justiceinfo.net\/fr#\/schema\/logo\/image\/\"},\"sameAs\":[\"https:\/\/www.facebook.com\/JusticeInfo\/\",\"https:\/\/x.com\/justiceinfonet\",\"https:\/\/www.linkedin.com\/company\/justice-info\",\"https:\/\/www.youtube.com\/channel\/UCyCEsARodyuWtkWyhn-e7pA\"]},{\"@type\":\"Person\",\"name\":\"solivri\",\"url\":\"\/fr\/?s=solivri\"}]}<\/script>\n<!-- \/ Yoast SEO Premium plugin. -->","yoast_head_json":{"title":"04.03.10 - TPIR\/KAREMERA - LE PROCES DE TROIS DIRIGEANTS DU MRND REPORTE AU 12 AVRIL - JusticeInfo.net","robots":{"index":"index","follow":"follow","max-snippet":"max-snippet:-1","max-image-preview":"max-image-preview:large","max-video-preview":"max-video-preview:-1"},"canonical":"https:\/\/www.justiceinfo.net\/fr\/11877-040310-tpirkaremera-le-proces-de-trois-dirigeants-du-mrnd-reporte-au-12-avril8685.html","og_locale":"fr_FR","og_type":"article","og_title":"04.03.10 - TPIR\/KAREMERA - LE PROCES DE TROIS DIRIGEANTS DU MRND REPORTE AU 12 AVRIL","og_description":"Arusha, 4 mars 2010 (FH) - Le proc&egrave;s de trois dirigeants de l'ex-parti parti pr&eacute;sidentiel (MRND) qui se tient actuellement devant le Tribunal p&eacute;nal international pour le Rwanda (TPIR) a &eacute;t&eacute; suspendu jeudi jusqu'au 12 avril prochain.","og_url":"https:\/\/www.justiceinfo.net\/fr\/11877-040310-tpirkaremera-le-proces-de-trois-dirigeants-du-mrnd-reporte-au-12-avril8685.html","og_site_name":"JusticeInfo.net","article_publisher":"https:\/\/www.facebook.com\/JusticeInfo\/","article_published_time":"2010-03-03T23:00:00+00:00","og_image":[{"width":1200,"height":630,"url":"https:\/\/www.justiceinfo.net\/wp-content\/uploads\/JusticeInfoNet_logo_1200x630px.jpg","type":"image\/jpeg"}],"author":"solivri","twitter_card":"summary_large_image","twitter_creator":"@justiceinfonet","twitter_site":"@justiceinfonet","twitter_misc":{"\u00c9crit par":"solivri","Dur\u00e9e de lecture estim\u00e9e":"1 minute"},"schema":{"@context":"https:\/\/schema.org","@graph":[{"@type":"NewsArticle","@id":"https:\/\/www.justiceinfo.net\/fr\/11877-040310-tpirkaremera-le-proces-de-trois-dirigeants-du-mrnd-reporte-au-12-avril8685.html#article","isPartOf":{"@id":"https:\/\/www.justiceinfo.net\/fr\/11877-040310-tpirkaremera-le-proces-de-trois-dirigeants-du-mrnd-reporte-au-12-avril8685.html"},"author":{"name":"solivri","@id":"https:\/\/www.justiceinfo.net\/fr#\/schema\/person\/6e53cba1629e2e66f3fc1821d3091865"},"headline":"04.03.10 - TPIR\/KAREMERA - LE PROCES DE TROIS DIRIGEANTS DU MRND REPORTE AU 12 AVRIL","datePublished":"2010-03-03T23:00:00+00:00","mainEntityOfPage":{"@id":"https:\/\/www.justiceinfo.net\/fr\/11877-040310-tpirkaremera-le-proces-de-trois-dirigeants-du-mrnd-reporte-au-12-avril8685.html"},"wordCount":307,"commentCount":0,"publisher":{"@id":"https:\/\/www.justiceinfo.net\/fr#organization"},"articleSection":["Hirondelle News"],"inLanguage":"fr-FR","potentialAction":[{"@type":"CommentAction","name":"Comment","target":["https:\/\/www.justiceinfo.net\/fr\/11877-040310-tpirkaremera-le-proces-de-trois-dirigeants-du-mrnd-reporte-au-12-avril8685.html#respond"]}]},{"@type":"WebPage","@id":"https:\/\/www.justiceinfo.net\/fr\/11877-040310-tpirkaremera-le-proces-de-trois-dirigeants-du-mrnd-reporte-au-12-avril8685.html","url":"https:\/\/www.justiceinfo.net\/fr\/11877-040310-tpirkaremera-le-proces-de-trois-dirigeants-du-mrnd-reporte-au-12-avril8685.html","name":"04.03.10 - TPIR\/KAREMERA - LE PROCES DE TROIS DIRIGEANTS DU MRND REPORTE AU 12 AVRIL - JusticeInfo.net","isPartOf":{"@id":"https:\/\/www.justiceinfo.net\/fr#website"},"datePublished":"2010-03-03T23:00:00+00:00","breadcrumb":{"@id":"https:\/\/www.justiceinfo.net\/fr\/11877-040310-tpirkaremera-le-proces-de-trois-dirigeants-du-mrnd-reporte-au-12-avril8685.html#breadcrumb"},"inLanguage":"fr-FR","potentialAction":[{"@type":"ReadAction","target":["https:\/\/www.justiceinfo.net\/fr\/11877-040310-tpirkaremera-le-proces-de-trois-dirigeants-du-mrnd-reporte-au-12-avril8685.html"]}]},{"@type":"BreadcrumbList","@id":"https:\/\/www.justiceinfo.net\/fr\/11877-040310-tpirkaremera-le-proces-de-trois-dirigeants-du-mrnd-reporte-au-12-avril8685.html#breadcrumb","itemListElement":[{"@type":"ListItem","position":1,"name":"Home","item":"https:\/\/www.justiceinfo.net\/fr"},{"@type":"ListItem","position":2,"name":"04.03.10 - TPIR\/KAREMERA - LE PROCES DE TROIS DIRIGEANTS DU MRND REPORTE AU 12 AVRIL"}]},{"@type":"WebSite","@id":"https:\/\/www.justiceinfo.net\/fr#website","url":"https:\/\/www.justiceinfo.net\/fr","name":"JusticeInfo.net","description":"La justice doit \u00eatre vue pour \u00eatre rendue","publisher":{"@id":"https:\/\/www.justiceinfo.net\/fr#organization"},"potentialAction":[{"@type":"SearchAction","target":{"@type":"EntryPoint","urlTemplate":"https:\/\/www.justiceinfo.net\/fr?s={search_term_string}"},"query-input":{"@type":"PropertyValueSpecification","valueRequired":true,"valueName":"search_term_string"}}],"inLanguage":"fr-FR"},{"@type":"Organization","@id":"https:\/\/www.justiceinfo.net\/fr#organization","name":"Justice Info","url":"https:\/\/www.justiceinfo.net\/fr","logo":{"@type":"ImageObject","inLanguage":"fr-FR","@id":"https:\/\/www.justiceinfo.net\/fr#\/schema\/logo\/image\/","url":"https:\/\/www.justiceinfo.net\/wp-content\/uploads\/justiceinfo_logo-trans_1200x1200px.png","contentUrl":"https:\/\/www.justiceinfo.net\/wp-content\/uploads\/justiceinfo_logo-trans_1200x1200px.png","width":1199,"height":1200,"caption":"Justice Info"},"image":{"@id":"https:\/\/www.justiceinfo.net\/fr#\/schema\/logo\/image\/"},"sameAs":["https:\/\/www.facebook.com\/JusticeInfo\/","https:\/\/x.com\/justiceinfonet","https:\/\/www.linkedin.com\/company\/justice-info","https:\/\/www.youtube.com\/channel\/UCyCEsARodyuWtkWyhn-e7pA"]},{"@type":"Person","name":"solivri","url":"\/fr\/?s=solivri"}]}},"_links":{"self":[{"href":"https:\/\/www.justiceinfo.net\/fr\/wp-json\/wp\/v2\/posts\/11877","targetHints":{"allow":["GET"]}}],"collection":[{"href":"https:\/\/www.justiceinfo.net\/fr\/wp-json\/wp\/v2\/posts"}],"about":[{"href":"https:\/\/www.justiceinfo.net\/fr\/wp-json\/wp\/v2\/types\/post"}],"author":[{"embeddable":true,"href":"https:\/\/www.justiceinfo.net\/fr\/wp-json\/wp\/v2\/users\/64"}],"replies":[{"embeddable":true,"href":"https:\/\/www.justiceinfo.net\/fr\/wp-json\/wp\/v2\/comments?post=11877"}],"version-history":[{"count":0,"href":"https:\/\/www.justiceinfo.net\/fr\/wp-json\/wp\/v2\/posts\/11877\/revisions"}],"wp:attachment":[{"href":"https:\/\/www.justiceinfo.net\/fr\/wp-json\/wp\/v2\/media?parent=11877"}],"wp:term":[{"taxonomy":"category","embeddable":true,"href":"https:\/\/www.justiceinfo.net\/fr\/wp-json\/wp\/v2\/categories?post=11877"},{"taxonomy":"post_tag","embeddable":true,"href":"https:\/\/www.justiceinfo.net\/fr\/wp-json\/wp\/v2\/tags?post=11877"},{"taxonomy":"ji_location","embeddable":true,"href":"https:\/\/www.justiceinfo.net\/fr\/wp-json\/wp\/v2\/ji_location?post=11877"}],"curies":[{"name":"wp","href":"https:\/\/api.w.org\/{rel}","templated":true}]}}