{"id":118803,"date":"2023-07-03T10:16:49","date_gmt":"2023-07-03T08:16:49","guid":{"rendered":"https:\/\/www.justiceinfo.net\/?p=118803"},"modified":"2023-11-23T08:47:36","modified_gmt":"2023-11-23T07:47:36","slug":"disparus-gambie-enquete-manquante","status":"publish","type":"post","link":"https:\/\/www.justiceinfo.net\/fr\/118803-disparus-gambie-enquete-manquante.html","title":{"rendered":"Les disparus en Gambie, l\u2019enqu\u00eate manquante"},"content":{"rendered":"\n<p><strong>Dans un plan r\u00e9cemment rendu public, le gouvernement gambien indique qu'il mettra en place un groupe de travail charg\u00e9 d'achever et d'\u00e9largir la t\u00e2che accomplie par la Commission v\u00e9rit\u00e9 sur les disparitions forc\u00e9es. Quatre dossiers concernant cinq personnes ont \u00e9t\u00e9 d\u00e9clar\u00e9s \"non r\u00e9solus\" par la Commission. Et il pourrait y en avoir d'autres. Les familles des victimes sont dans l'incertitude. Le groupe de travail est-il un nouvel espoir ?<\/strong><\/p>\n\n\n\n<!--more-->\n\n\n\n<p>Enqu\u00eater sur les cas de disparition forc\u00e9e \u00e9tait l'un des principaux objectifs de la Commission v\u00e9rit\u00e9, r\u00e9conciliation et r\u00e9parations (TRRC) de Gambie. La disparition de personnes a \u00e9t\u00e9 retenue comme l'un des moyens utilis\u00e9s par l'ancien pr\u00e9sident Yahya Jammeh pour r\u00e9duire au silence les opposants ou toute personne qu'il consid\u00e9rait comme une cible pendant son r\u00e8gne, de 1994 \u00e0 2017. De 2018 \u00e0 2021, la TRRC a enqu\u00eat\u00e9 sur un certain nombre de ces cas. <a href=\"https:\/\/www.justiceinfo.net\/fr\/84783-gambie-rapport-commission-verite-suspendu-elections.html\">Dans son rapport final<\/a>, elle a indiqu\u00e9 que le sort de toutes les victimes de disparitions forc\u00e9es sur lesquelles elle avait enqu\u00eat\u00e9 avait \u00e9t\u00e9 \u00e9tabli, \u00e0 l'exception de <a href=\"https:\/\/thepoint.gm\/africa\/gambia\/headlines\/trrc-reports-4-unsolved-cases-of-disappearances\">quatre dossiers concernant cinq personnes que la commission a qualifi\u00e9s de non r\u00e9solus,<\/a> tandis que d'autres doivent encore faire l'objet d'une enqu\u00eate.<\/p>\n\n\n\n<p>Les quatre dossiers que la commission n'a pas pu r\u00e9soudre sont les suivants : <a href=\"https:\/\/foroyaa.net\/kanyibas-disappearance-marks-11-years\/\">Kanyiba Kanyi ; <\/a><a href=\"https:\/\/kaironews.com\/2014\/04\/08\/8-years-of-disappearance-without-trace\/\">Buba (Bubai) Sangyang et Momodou Lamin Sangyang ; <\/a><a href=\"https:\/\/www.freedom-now.org\/cases\/chief-ebrima-manneh\/\">Chief Ebrima Manneh ;<\/a> et Ceesay Bujiling.<\/p>\n\n\n\n<h2 class=\"wp-block-heading\">Les cas non r\u00e9solus<\/h2>\n\n\n\n<p>Kanyiba Kanyi \u00e9tait membre du Parti d\u00e9mocratique uni. Il a \u00e9t\u00e9 ill\u00e9galement arr\u00eat\u00e9 \u00e0 son domicile par des agents de la s\u00fbret\u00e9 de l'\u00c9tat non identifi\u00e9s le 18 septembre 2006, trois jours avant les \u00e9lections pr\u00e9sidentielles. Sa famille ne l'a jamais revu depuis. L'\u00c9tat a ni\u00e9 en savoir davantage. Des t\u00e9moignages devant la TRRC indiquent qu'il a \u00e9t\u00e9 vu \u00e0 la prison Mile 2. Il a \u00e9galement \u00e9t\u00e9 aper\u00e7u au Royal Victoria Teaching Hospital, le 14 mars 2008. On ne sait rien d'autre sur ce qu\u2019il est devenu. Jusqu'au moment de sa disparition, Kanyi travaillait pour le Christian Children's Fund.<\/p>\n\n\n\n<p>Buba (Bubai) Sangyang et Momodou Lamin Nyassi. Selon Ida Badjie, \u00e9pouse de Nyassi, ces deux victimes, ainsi que Ndongo Mboob, ont \u00e9t\u00e9 intercept\u00e9es devant la maison des Nyassi par des inconnus qui seraient des membres de l\u2019Agence nationale de renseignements (NIA), en 2006. Ils ont \u00e9t\u00e9 embarqu\u00e9s dans un v\u00e9hicule et emmen\u00e9s. <a href=\"https:\/\/www.justiceinfo.net\/fr\/42025-gambie-terreur-brute-devant-la-trrc.html\">Malick Jatta, un ancien Jungler<\/a> \u2013 les sicaires de Jammeh \u2013 a t\u00e9moign\u00e9 qu'il avait vu des individus en civil, pr\u00e9sum\u00e9s \u00eatre des membres de la NIA, remettre les trois hommes \u00e0 <a href=\"https:\/\/www.justiceinfo.net\/fr\/44001-gambie-quand-jammeh-se-transformait-en-crocodile.html\">Sanna Manjang, un autre Jungler<\/a>. Selon Jatta, Mboob a \u00e9t\u00e9 ex\u00e9cut\u00e9 par Manjang.<\/p>\n\n\n\n<p>Chief Ebrima Manneh \u00e9tait journaliste au journal The Daily. Il a \u00e9t\u00e9 arr\u00eat\u00e9 \u00e0 son bureau le 11 juillet 2006, apr\u00e8s avoir voulu republier un reportage de la BBC critiquant Jammeh. Il aurait \u00e9t\u00e9 vu \u00e0 l'h\u00f4pital universitaire Royal Victoria, o\u00f9 il a \u00e9t\u00e9 trait\u00e9 pour hypertension. Il aurait \u00e9t\u00e9 tu\u00e9 et jet\u00e9 dans un puits \u00e0 Kanilai, le village natal de Jammeh. D'autres rapports indiquent qu'il a \u00e9t\u00e9 enterr\u00e9 dans une fosse derri\u00e8re le poste de police de Sare Ngai, \u00e0 Fulladu West, dans l'extr\u00eame est de la Gambie. Selon le Jungler <a href=\"https:\/\/www.justiceinfo.net\/fr\/108042-proces-gambien-en-allemagne-je-me-suis-fait-passer-pour-jungler-dit-accuse.html\">Bai Lowe, qui est actuellement jug\u00e9 en Allemagne<\/a>, Manneh a \u00e9t\u00e9 tu\u00e9 le m\u00eame jour que <a href=\"https:\/\/allafrica.com\/stories\/200608280228.html\">Daba Marenah, Ebou Lowe, Alieu Ceesay, Alpha Bah et Manlafi Corr<\/a>. Bien que la Cour de justice de la Communaut\u00e9 des Etats d\u2019Afrique de l\u2019Ouest (C\u00e9d\u00e9ao) ait ordonn\u00e9, en 2008, au gouvernement gambien de le lib\u00e9rer et de l'indemniser pour d\u00e9tention ill\u00e9gale, le gouvernement a ni\u00e9 toute implication. Pourtant, Jammeh a reconnu que Manneh \u00e9tait mort en 2011, tout en maintenant que le gouvernement n'\u00e9tait pas impliqu\u00e9. Bien que la commission v\u00e9rit\u00e9 ait re\u00e7u une d\u00e9claration de Bai Lowe d\u00e9taillant la fa\u00e7on dont Manneh a \u00e9t\u00e9 ex\u00e9cut\u00e9, le lieu o\u00f9 il se trouve reste un myst\u00e8re.<\/p>\n\n\n\n<p>Le cas de Ceesay Bujiling n'a \u00e9t\u00e9 mentionn\u00e9 que par un seul t\u00e9moin devant la TRRC, Saihou Jallow, qui avait travaill\u00e9 comme ordonnance aupr\u00e8s de Jammeh. Bujiling \u00e9tait un gardien. Selon Jallow, Jammeh lui a dit que Bujiling allait \u00eatre couronn\u00e9 \u00a8roi des sorciers et des magiciens\u00a8. Mais le chef de l\u2019Etat pensait qu'une personne importante devait d\u2019abord \u00eatre sacrifi\u00e9e, et que c\u2019\u00e9tait lui la cible. Le corps de Bujiling a \u00e9t\u00e9 retrouv\u00e9 plus tard entre Kanilai et Nyeffi. Au moment de son ex\u00e9cution en 2009, les Junglers se trouvaient \u00e0 Kanilai sous la direction de Nuha Badjie. Dans son t\u00e9moignage, Jallow a mentionn\u00e9 qu'il y avait eu un appel t\u00e9l\u00e9phonique entre Jammeh et un Jungler, Solo Bojang, pour s'assurer que Ceesay Bujiling \u00e9tait enterr\u00e9. Dans le rapport final de la TRRC, l'affaire est sans doute consid\u00e9r\u00e9e comme non r\u00e9solue parce qu'elle \u00e9tait bas\u00e9e sur un seul t\u00e9moignage, que rien n'a jamais \u00e9t\u00e9 v\u00e9rifi\u00e9 et que la commission n'a pas eu le temps d'enqu\u00eater correctement sur l'affaire.<\/p>\n\n\n\n<h2 class=\"wp-block-heading\">Les familles dans l'incertitude<\/h2>\n\n\n\n<p>En l'absence de leurs proches, les familles des victimes continuent de vivre dans l'incertitude, et certaines esp\u00e8rent toujours leur retour apr\u00e8s toutes ces ann\u00e9es. Certaines familles ont organis\u00e9 des fun\u00e9railles sans le corps tandis que d'autres peinent \u00e0 accepter leur sort. Bien que la commission ait entendu des t\u00e9moignages sur ces dossiers, les auteurs du crime restent souvent inconnus, et aucune r\u00e9v\u00e9lation n'a \u00e9t\u00e9 faite sur leurs \u00e9ventuels lieux de s\u00e9pulture.<\/p>\n\n\n\n<p>Le fils de Kanyiba Kanyi a aujourd'hui 16 ans. Le p\u00e8re et le fils ne se sont jamais connus car au moment de la disparition de Kanyiba, sa femme Isatou \u00e9tait encore enceinte. \"Depuis sa disparition jusqu'\u00e0 ce jour, on a dit beaucoup de choses. J'ai t\u00e9moign\u00e9 devant la Commission v\u00e9rit\u00e9 et r\u00e9conciliation, mais jusqu'\u00e0 pr\u00e9sent, on ne sait pas ce qu'il est advenu de mon mari ni o\u00f9 il se trouve\", d\u00e9clare Isatou Kanyi. \"On ne sait rien dans l'affaire Kanyiba. Nous sommes troubl\u00e9s et inquiets. Nous voulons savoir qui l'a captur\u00e9 et qui l'a fait dispara\u00eetre. Personne ne sait s'il est mort ou non. La seule chose que nous pouvons dire, c'est qu'il a disparu parce que nous ne savons pas s'il est mort ou s'il s'est pass\u00e9 quelque chose. Si quelqu'un avait pu raconter ce qui s'est pass\u00e9 exactement, cela aurait \u00e9t\u00e9 utile, mais jusqu'\u00e0 pr\u00e9sent, cette personne n'existe pas\", ajoute-t-elle avant d'exprimer sa frustration. \"Les personnes qui lui ont caus\u00e9 des ennuis, j'ai mentionn\u00e9 leurs noms \u00e0 la TRRC, mais aucune d'entre elles n'a \u00e9t\u00e9 appel\u00e9e et interrog\u00e9e au sujet de Kanyiba. Tout cela m'inqui\u00e8te : ces personnes devraient aller expliquer pourquoi elles ont agi ainsi, mais rien de cela n\u2019a eu lieu. Ils ont dit qu'une autre commission serait form\u00e9e pour examiner son cas et celui de Chief Manneh. C'est ce que dit le rapport de la TRRC. A ce jour, nous n\u2019en savons toujours rien.\"<\/p>\n\n\n\n<h2 class=\"wp-block-heading\" id=\"h-un-nouveau-groupe-de-travail\">Un nouveau groupe de travail<\/h2>\n\n\n\n<p>En effet, lorsque la TRRC a \u00e9chou\u00e9 \u00e0 \u00e9tablir le sort de ces victimes, elle a recommand\u00e9 au gouvernement de poursuivre l'enqu\u00eate sur ces dossiers non r\u00e9solus et de cr\u00e9er un groupe de travail qui examinerait aussi les autres cas de disparition n\u2019ayant pas fait l'objet d'une enqu\u00eate de la part de la commission. Dans son plan de mise en \u0153uvre r\u00e9cemment publi\u00e9, le gouvernement indique qu'il pr\u00e9voit de mettre en place un \"groupe de travail multipartite sur les disparitions forc\u00e9es afin d'identifier les lieux d'inhumation pr\u00e9sum\u00e9s qui n'ont pas encore \u00e9t\u00e9 trouv\u00e9s par la TRRC et de recevoir les signalements de personnes disparues qui n'ont pas \u00e9t\u00e9 soumis \u00e0 la TRRC\". Ce groupe devrait \u00eatre mis en \u0153uvre entre la mi-2023 et la fin 2024. Son budget pr\u00e9vu est de 15 000 dollars am\u00e9ricains.<\/p>\n\n\n\n<p>\"Lorsque la TRRC a pris fin, ils nous ont appel\u00e9s et nous ont donn\u00e9 de l'argent\", se souvient Awa Manneh, s\u0153ur de Chief Ebrima Manneh. \"Apr\u00e8s cela, nous n'avons plus entendu parler de rien. La TRRC \u00e9tait notre seul espoir de conna\u00eetre enfin son sort et de savoir o\u00f9 il se trouve, mais jusqu'\u00e0 pr\u00e9sent, le gouvernement n'a rien dit \u00e0 ce sujet. Aujourd\u2019hui, nous sommes dans la confusion.\"<\/p>\n\n\n\n<p>Cela va-t-il changer ? Le gouvernement a accept\u00e9 la recommandation de la commission de travailler en \u00e9troite collaboration avec des organisations telles que le R\u00e9seau africain contre les ex\u00e9cutions extrajudiciaires et les disparitions forc\u00e9es (<a href=\"https:\/\/www.aneked.org\/\">ANEKED<\/a>) - une collaboration confirm\u00e9e par Sirra Ndow, repr\u00e9sentante nationale d'ANEKED - et la Commission nationale des droits de l'homme pour instruire les agents de la justice et de la s\u00e9curit\u00e9 sur l'ill\u00e9galit\u00e9 des disparitions forc\u00e9es - <a href=\"https:\/\/thepoint.gm\/africa\/gambia\/headlines\/barrow-confirms-prosecution-of-torture-disappearance-crimes-not-provided-under-gambian-law#:~:text=Barrow%20confirms%20prosecution%20of%20torture%2C%20disappearance%20crimes%20not%20provided%20under%20Gambian%20law,-Feb%206%2C%202023&amp;text=President%20Adama%20Barrow%20yesterday%20stated,provided%20for%20under%20Gambian%20law.\">une violation qui n'a pas encore \u00e9t\u00e9 \u00e9rig\u00e9e en infraction p\u00e9nale dans la loi gambienne<\/a>.<\/p>\n\n\n\n<p>\"La TRRC disposait de tr\u00e8s peu d'expertise, de capacit\u00e9s et de ressources pour rechercher les disparus\", explique Ndow. \"Le groupe de travail fera appel \u00e0 des experts d'autres pays et unira ses forces pour guider le processus, en commen\u00e7ant par l'\u00e9laboration d'une strat\u00e9gie et d'un plan d'ensemble. La Gambie a d\u00e9j\u00e0 re\u00e7u des promesses de soutien de la part du Comit\u00e9 international de la Croix-Rouge, de l\u2019organisation Justice Rapid Response et de la Fondation d\u2019anthropologie m\u00e9dico-l\u00e9gale du Guatemala pour soutenir le plan de mise en \u0153uvre. Nous attendons \u00e9galement du gouvernement qu'il adh\u00e8re \u00e0 la Commission internationale sur les personnes disparues (ICMP) en tant qu'\u00c9tat partie, ce qui lui permettra de b\u00e9n\u00e9ficier d'un soutien plus important. Nous sommes d\u00e9j\u00e0 appuy\u00e9s par une \u00e9quipe d'experts, l'\u00e9quipe argentine d'anthropologie m\u00e9dico-l\u00e9gale et le centre des droits de l'homme de l'universit\u00e9 de Chicago\", assure-t-elle.<\/p>\n\n\n<div class=\"articleLink articleLink--editorRecommanded articleLink--textInImage articleLink--textTop\" style=\"\">\r\n\t\t\t\t\t\r\n\t\t\t<div class=\"articleLinkSurTitle\">Recommand\u00e9 par la r\u00e9daction<\/div>\r\n\t\t\t<a class=\"articleLinkImageLink\" href=\"https:\/\/www.justiceinfo.net\/fr\/44270-gambie-la-recherche-insatisfaite-des-disparus.html\"><div class=\"articleLinkImageContainer \"><img loading=\"lazy\" decoding=\"async\" width=\"540\" height=\"360\" src=\"https:\/\/www.justiceinfo.net\/wp-content\/uploads\/5524a67ee042f0b01e80e6663aa01e52-540x360.jpg\" class=\"articleLinkImage backgroundImageTag w-100 wp-post-image\" alt=\"\" srcset=\"\" sizes=\"auto, (max-width: 540px) 100vw, 540px\" \/><\/div><\/a>\r\n\t\t\t<a href=\"https:\/\/www.justiceinfo.net\/fr\/44270-gambie-la-recherche-insatisfaite-des-disparus.html\" class=\"articleLinkTitle articleLinkTitle--default\">\r\n\t\t\tGambie : la recherche insatisfaite des disparus\r\n\t\t<\/a>\r\n\t\t\r\n\t\t\t\t<\/div>\n","protected":false},"excerpt":{"rendered":"<p>Dans un plan r\u00e9cemment rendu public, le gouvernement gambien indique qu'il mettra en place un groupe de travail charg\u00e9 d'achever et d'\u00e9largir la t\u00e2che accomplie par la Commission v\u00e9rit\u00e9 sur les disparitions forc\u00e9es. Quatre dossiers concernant cinq personnes ont \u00e9t\u00e9 d\u00e9clar\u00e9s \"non r\u00e9solus\" par la Commission. Et il pourrait y en avoir d'autres. Les familles [&hellip;]<\/p>\n","protected":false},"author":102,"featured_media":118809,"comment_status":"open","ping_status":"closed","sticky":false,"template":"","format":"standard","meta":{"_acf_changed":false,"footnotes":""},"categories":[548],"tags":[2873],"ji_location":[2508],"class_list":["post-118803","post","type-post","status-publish","format-standard","has-post-thumbnail","hentry","category-commissions-verite","tag-disparition-forcee","ji_location-gambie"],"acf":[],"yoast_head":"<!-- This site is optimized with the Yoast SEO Premium plugin v25.3.1 (Yoast SEO v25.3.1) - https:\/\/yoast.com\/wordpress\/plugins\/seo\/ -->\n<title>Les disparus en Gambie, l\u2019enqu\u00eate manquante<\/title>\n<meta name=\"description\" content=\"La Gambie envisage d&#039;achever le travail de la Commission v\u00e9rit\u00e9 sur les disparitions forc\u00e9es. 5 personnes sont toujours port\u00e9es disparues.\" \/>\n<meta name=\"robots\" content=\"index, follow, max-snippet:-1, max-image-preview:large, max-video-preview:-1\" \/>\n<link rel=\"canonical\" href=\"https:\/\/www.justiceinfo.net\/fr\/118803-disparus-gambie-enquete-manquante.html\" \/>\n<meta property=\"og:locale\" content=\"fr_FR\" \/>\n<meta property=\"og:type\" content=\"article\" \/>\n<meta property=\"og:title\" content=\"Les disparus en Gambie, l\u2019enqu\u00eate manquante\" \/>\n<meta property=\"og:description\" content=\"La Gambie envisage d&#039;achever le travail de la Commission v\u00e9rit\u00e9 sur les disparitions forc\u00e9es. 5 personnes sont toujours port\u00e9es disparues.\" \/>\n<meta property=\"og:url\" content=\"https:\/\/www.justiceinfo.net\/fr\/118803-disparus-gambie-enquete-manquante.html\" \/>\n<meta property=\"og:site_name\" content=\"JusticeInfo.net\" \/>\n<meta property=\"article:publisher\" content=\"https:\/\/www.facebook.com\/JusticeInfo\/\" \/>\n<meta property=\"article:published_time\" content=\"2023-07-03T08:16:49+00:00\" \/>\n<meta property=\"article:modified_time\" content=\"2023-11-23T07:47:36+00:00\" \/>\n<meta property=\"og:image\" content=\"https:\/\/www.justiceinfo.net\/wp-content\/uploads\/Gambia_enforced-disappearances-i-cannot-burry-my-father_@Aneked.jpg\" \/>\n\t<meta property=\"og:image:width\" content=\"1200\" \/>\n\t<meta property=\"og:image:height\" content=\"800\" \/>\n\t<meta property=\"og:image:type\" content=\"image\/jpeg\" \/>\n<meta name=\"author\" content=\"Mariam Sankanu\" \/>\n<meta name=\"twitter:card\" content=\"summary_large_image\" \/>\n<meta name=\"twitter:creator\" content=\"@justiceinfonet\" \/>\n<meta name=\"twitter:site\" content=\"@justiceinfonet\" \/>\n<meta name=\"twitter:label1\" content=\"\u00c9crit par\" \/>\n\t<meta name=\"twitter:data1\" content=\"Mariam Sankanu\" \/>\n\t<meta name=\"twitter:label2\" content=\"Dur\u00e9e de lecture estim\u00e9e\" \/>\n\t<meta name=\"twitter:data2\" content=\"8 minutes\" \/>\n<script type=\"application\/ld+json\" class=\"yoast-schema-graph\">{\"@context\":\"https:\/\/schema.org\",\"@graph\":[{\"@type\":\"NewsArticle\",\"@id\":\"https:\/\/www.justiceinfo.net\/fr\/118803-disparus-gambie-enquete-manquante.html#article\",\"isPartOf\":{\"@id\":\"https:\/\/www.justiceinfo.net\/fr\/118803-disparus-gambie-enquete-manquante.html\"},\"author\":{\"name\":\"Mariam Sankanu\",\"@id\":\"https:\/\/www.justiceinfo.net\/fr#\/schema\/person\/467e0b637aafcd7e90b88d4a61b1d8c9\"},\"headline\":\"Les disparus en Gambie, l\u2019enqu\u00eate manquante\",\"datePublished\":\"2023-07-03T08:16:49+00:00\",\"dateModified\":\"2023-11-23T07:47:36+00:00\",\"mainEntityOfPage\":{\"@id\":\"https:\/\/www.justiceinfo.net\/fr\/118803-disparus-gambie-enquete-manquante.html\"},\"wordCount\":1757,\"commentCount\":0,\"publisher\":{\"@id\":\"https:\/\/www.justiceinfo.net\/fr#organization\"},\"image\":{\"@id\":\"https:\/\/www.justiceinfo.net\/fr\/118803-disparus-gambie-enquete-manquante.html#primaryimage\"},\"thumbnailUrl\":\"https:\/\/www.justiceinfo.net\/wp-content\/uploads\/Gambia_enforced-disappearances-i-cannot-burry-my-father_@Aneked.jpg\",\"keywords\":[\"disparition forc\u00e9e\"],\"articleSection\":[\"Commissions v\u00e9rit\u00e9\"],\"inLanguage\":\"fr-FR\",\"potentialAction\":[{\"@type\":\"CommentAction\",\"name\":\"Comment\",\"target\":[\"https:\/\/www.justiceinfo.net\/fr\/118803-disparus-gambie-enquete-manquante.html#respond\"]}]},{\"@type\":\"WebPage\",\"@id\":\"https:\/\/www.justiceinfo.net\/fr\/118803-disparus-gambie-enquete-manquante.html\",\"url\":\"https:\/\/www.justiceinfo.net\/fr\/118803-disparus-gambie-enquete-manquante.html\",\"name\":\"Les disparus en Gambie, l\u2019enqu\u00eate manquante\",\"isPartOf\":{\"@id\":\"https:\/\/www.justiceinfo.net\/fr#website\"},\"primaryImageOfPage\":{\"@id\":\"https:\/\/www.justiceinfo.net\/fr\/118803-disparus-gambie-enquete-manquante.html#primaryimage\"},\"image\":{\"@id\":\"https:\/\/www.justiceinfo.net\/fr\/118803-disparus-gambie-enquete-manquante.html#primaryimage\"},\"thumbnailUrl\":\"https:\/\/www.justiceinfo.net\/wp-content\/uploads\/Gambia_enforced-disappearances-i-cannot-burry-my-father_@Aneked.jpg\",\"datePublished\":\"2023-07-03T08:16:49+00:00\",\"dateModified\":\"2023-11-23T07:47:36+00:00\",\"description\":\"La Gambie envisage d'achever le travail de la Commission v\u00e9rit\u00e9 sur les disparitions forc\u00e9es. 5 personnes sont toujours port\u00e9es disparues.\",\"breadcrumb\":{\"@id\":\"https:\/\/www.justiceinfo.net\/fr\/118803-disparus-gambie-enquete-manquante.html#breadcrumb\"},\"inLanguage\":\"fr-FR\",\"potentialAction\":[{\"@type\":\"ReadAction\",\"target\":[\"https:\/\/www.justiceinfo.net\/fr\/118803-disparus-gambie-enquete-manquante.html\"]}]},{\"@type\":\"ImageObject\",\"inLanguage\":\"fr-FR\",\"@id\":\"https:\/\/www.justiceinfo.net\/fr\/118803-disparus-gambie-enquete-manquante.html#primaryimage\",\"url\":\"https:\/\/www.justiceinfo.net\/wp-content\/uploads\/Gambia_enforced-disappearances-i-cannot-burry-my-father_@Aneked.jpg\",\"contentUrl\":\"https:\/\/www.justiceinfo.net\/wp-content\/uploads\/Gambia_enforced-disappearances-i-cannot-burry-my-father_@Aneked.jpg\",\"width\":1200,\"height\":800,\"caption\":\"Arr\u00eat sur image du documentaire \\\"I cannot bury my father\\\", produit par l'organisation Aneked \u00a9 Aneked\"},{\"@type\":\"BreadcrumbList\",\"@id\":\"https:\/\/www.justiceinfo.net\/fr\/118803-disparus-gambie-enquete-manquante.html#breadcrumb\",\"itemListElement\":[{\"@type\":\"ListItem\",\"position\":1,\"name\":\"Home\",\"item\":\"https:\/\/www.justiceinfo.net\/fr\"},{\"@type\":\"ListItem\",\"position\":2,\"name\":\"Les disparus en Gambie, l\u2019enqu\u00eate manquante\"}]},{\"@type\":\"WebSite\",\"@id\":\"https:\/\/www.justiceinfo.net\/fr#website\",\"url\":\"https:\/\/www.justiceinfo.net\/fr\",\"name\":\"JusticeInfo.net\",\"description\":\"La justice doit \u00eatre vue pour \u00eatre rendue\",\"publisher\":{\"@id\":\"https:\/\/www.justiceinfo.net\/fr#organization\"},\"potentialAction\":[{\"@type\":\"SearchAction\",\"target\":{\"@type\":\"EntryPoint\",\"urlTemplate\":\"https:\/\/www.justiceinfo.net\/fr?s={search_term_string}\"},\"query-input\":{\"@type\":\"PropertyValueSpecification\",\"valueRequired\":true,\"valueName\":\"search_term_string\"}}],\"inLanguage\":\"fr-FR\"},{\"@type\":\"Organization\",\"@id\":\"https:\/\/www.justiceinfo.net\/fr#organization\",\"name\":\"Justice Info\",\"url\":\"https:\/\/www.justiceinfo.net\/fr\",\"logo\":{\"@type\":\"ImageObject\",\"inLanguage\":\"fr-FR\",\"@id\":\"https:\/\/www.justiceinfo.net\/fr#\/schema\/logo\/image\/\",\"url\":\"https:\/\/www.justiceinfo.net\/wp-content\/uploads\/justiceinfo_logo-trans_1200x1200px.png\",\"contentUrl\":\"https:\/\/www.justiceinfo.net\/wp-content\/uploads\/justiceinfo_logo-trans_1200x1200px.png\",\"width\":1199,\"height\":1200,\"caption\":\"Justice Info\"},\"image\":{\"@id\":\"https:\/\/www.justiceinfo.net\/fr#\/schema\/logo\/image\/\"},\"sameAs\":[\"https:\/\/www.facebook.com\/JusticeInfo\/\",\"https:\/\/x.com\/justiceinfonet\",\"https:\/\/www.linkedin.com\/company\/justice-info\",\"https:\/\/www.youtube.com\/channel\/UCyCEsARodyuWtkWyhn-e7pA\"]},{\"@type\":\"Person\",\"name\":\"Mariam Sankanu\",\"url\":\"https:\/\/www.justiceinfo.net\/fr\/auteur\/mariamsankanu\"}]}<\/script>\n<!-- \/ Yoast SEO Premium plugin. -->","yoast_head_json":{"title":"Les disparus en Gambie, l\u2019enqu\u00eate manquante","description":"La Gambie envisage d'achever le travail de la Commission v\u00e9rit\u00e9 sur les disparitions forc\u00e9es. 5 personnes sont toujours port\u00e9es disparues.","robots":{"index":"index","follow":"follow","max-snippet":"max-snippet:-1","max-image-preview":"max-image-preview:large","max-video-preview":"max-video-preview:-1"},"canonical":"https:\/\/www.justiceinfo.net\/fr\/118803-disparus-gambie-enquete-manquante.html","og_locale":"fr_FR","og_type":"article","og_title":"Les disparus en Gambie, l\u2019enqu\u00eate manquante","og_description":"La Gambie envisage d'achever le travail de la Commission v\u00e9rit\u00e9 sur les disparitions forc\u00e9es. 5 personnes sont toujours port\u00e9es disparues.","og_url":"https:\/\/www.justiceinfo.net\/fr\/118803-disparus-gambie-enquete-manquante.html","og_site_name":"JusticeInfo.net","article_publisher":"https:\/\/www.facebook.com\/JusticeInfo\/","article_published_time":"2023-07-03T08:16:49+00:00","article_modified_time":"2023-11-23T07:47:36+00:00","og_image":[{"width":1200,"height":800,"url":"https:\/\/www.justiceinfo.net\/wp-content\/uploads\/Gambia_enforced-disappearances-i-cannot-burry-my-father_@Aneked.jpg","type":"image\/jpeg"}],"author":"Mariam Sankanu","twitter_card":"summary_large_image","twitter_creator":"@justiceinfonet","twitter_site":"@justiceinfonet","twitter_misc":{"\u00c9crit par":"Mariam Sankanu","Dur\u00e9e de lecture estim\u00e9e":"8 minutes"},"schema":{"@context":"https:\/\/schema.org","@graph":[{"@type":"NewsArticle","@id":"https:\/\/www.justiceinfo.net\/fr\/118803-disparus-gambie-enquete-manquante.html#article","isPartOf":{"@id":"https:\/\/www.justiceinfo.net\/fr\/118803-disparus-gambie-enquete-manquante.html"},"author":{"name":"Mariam Sankanu","@id":"https:\/\/www.justiceinfo.net\/fr#\/schema\/person\/467e0b637aafcd7e90b88d4a61b1d8c9"},"headline":"Les disparus en Gambie, l\u2019enqu\u00eate manquante","datePublished":"2023-07-03T08:16:49+00:00","dateModified":"2023-11-23T07:47:36+00:00","mainEntityOfPage":{"@id":"https:\/\/www.justiceinfo.net\/fr\/118803-disparus-gambie-enquete-manquante.html"},"wordCount":1757,"commentCount":0,"publisher":{"@id":"https:\/\/www.justiceinfo.net\/fr#organization"},"image":{"@id":"https:\/\/www.justiceinfo.net\/fr\/118803-disparus-gambie-enquete-manquante.html#primaryimage"},"thumbnailUrl":"https:\/\/www.justiceinfo.net\/wp-content\/uploads\/Gambia_enforced-disappearances-i-cannot-burry-my-father_@Aneked.jpg","keywords":["disparition forc\u00e9e"],"articleSection":["Commissions v\u00e9rit\u00e9"],"inLanguage":"fr-FR","potentialAction":[{"@type":"CommentAction","name":"Comment","target":["https:\/\/www.justiceinfo.net\/fr\/118803-disparus-gambie-enquete-manquante.html#respond"]}]},{"@type":"WebPage","@id":"https:\/\/www.justiceinfo.net\/fr\/118803-disparus-gambie-enquete-manquante.html","url":"https:\/\/www.justiceinfo.net\/fr\/118803-disparus-gambie-enquete-manquante.html","name":"Les disparus en Gambie, l\u2019enqu\u00eate manquante","isPartOf":{"@id":"https:\/\/www.justiceinfo.net\/fr#website"},"primaryImageOfPage":{"@id":"https:\/\/www.justiceinfo.net\/fr\/118803-disparus-gambie-enquete-manquante.html#primaryimage"},"image":{"@id":"https:\/\/www.justiceinfo.net\/fr\/118803-disparus-gambie-enquete-manquante.html#primaryimage"},"thumbnailUrl":"https:\/\/www.justiceinfo.net\/wp-content\/uploads\/Gambia_enforced-disappearances-i-cannot-burry-my-father_@Aneked.jpg","datePublished":"2023-07-03T08:16:49+00:00","dateModified":"2023-11-23T07:47:36+00:00","description":"La Gambie envisage d'achever le travail de la Commission v\u00e9rit\u00e9 sur les disparitions forc\u00e9es. 5 personnes sont toujours port\u00e9es disparues.","breadcrumb":{"@id":"https:\/\/www.justiceinfo.net\/fr\/118803-disparus-gambie-enquete-manquante.html#breadcrumb"},"inLanguage":"fr-FR","potentialAction":[{"@type":"ReadAction","target":["https:\/\/www.justiceinfo.net\/fr\/118803-disparus-gambie-enquete-manquante.html"]}]},{"@type":"ImageObject","inLanguage":"fr-FR","@id":"https:\/\/www.justiceinfo.net\/fr\/118803-disparus-gambie-enquete-manquante.html#primaryimage","url":"https:\/\/www.justiceinfo.net\/wp-content\/uploads\/Gambia_enforced-disappearances-i-cannot-burry-my-father_@Aneked.jpg","contentUrl":"https:\/\/www.justiceinfo.net\/wp-content\/uploads\/Gambia_enforced-disappearances-i-cannot-burry-my-father_@Aneked.jpg","width":1200,"height":800,"caption":"Arr\u00eat sur image du documentaire \"I cannot bury my father\", produit par l'organisation Aneked \u00a9 Aneked"},{"@type":"BreadcrumbList","@id":"https:\/\/www.justiceinfo.net\/fr\/118803-disparus-gambie-enquete-manquante.html#breadcrumb","itemListElement":[{"@type":"ListItem","position":1,"name":"Home","item":"https:\/\/www.justiceinfo.net\/fr"},{"@type":"ListItem","position":2,"name":"Les disparus en Gambie, l\u2019enqu\u00eate manquante"}]},{"@type":"WebSite","@id":"https:\/\/www.justiceinfo.net\/fr#website","url":"https:\/\/www.justiceinfo.net\/fr","name":"JusticeInfo.net","description":"La justice doit \u00eatre vue pour \u00eatre rendue","publisher":{"@id":"https:\/\/www.justiceinfo.net\/fr#organization"},"potentialAction":[{"@type":"SearchAction","target":{"@type":"EntryPoint","urlTemplate":"https:\/\/www.justiceinfo.net\/fr?s={search_term_string}"},"query-input":{"@type":"PropertyValueSpecification","valueRequired":true,"valueName":"search_term_string"}}],"inLanguage":"fr-FR"},{"@type":"Organization","@id":"https:\/\/www.justiceinfo.net\/fr#organization","name":"Justice Info","url":"https:\/\/www.justiceinfo.net\/fr","logo":{"@type":"ImageObject","inLanguage":"fr-FR","@id":"https:\/\/www.justiceinfo.net\/fr#\/schema\/logo\/image\/","url":"https:\/\/www.justiceinfo.net\/wp-content\/uploads\/justiceinfo_logo-trans_1200x1200px.png","contentUrl":"https:\/\/www.justiceinfo.net\/wp-content\/uploads\/justiceinfo_logo-trans_1200x1200px.png","width":1199,"height":1200,"caption":"Justice Info"},"image":{"@id":"https:\/\/www.justiceinfo.net\/fr#\/schema\/logo\/image\/"},"sameAs":["https:\/\/www.facebook.com\/JusticeInfo\/","https:\/\/x.com\/justiceinfonet","https:\/\/www.linkedin.com\/company\/justice-info","https:\/\/www.youtube.com\/channel\/UCyCEsARodyuWtkWyhn-e7pA"]},{"@type":"Person","name":"Mariam Sankanu","url":"https:\/\/www.justiceinfo.net\/fr\/auteur\/mariamsankanu"}]}},"_links":{"self":[{"href":"https:\/\/www.justiceinfo.net\/fr\/wp-json\/wp\/v2\/posts\/118803","targetHints":{"allow":["GET"]}}],"collection":[{"href":"https:\/\/www.justiceinfo.net\/fr\/wp-json\/wp\/v2\/posts"}],"about":[{"href":"https:\/\/www.justiceinfo.net\/fr\/wp-json\/wp\/v2\/types\/post"}],"author":[{"embeddable":true,"href":"https:\/\/www.justiceinfo.net\/fr\/wp-json\/wp\/v2\/users\/102"}],"replies":[{"embeddable":true,"href":"https:\/\/www.justiceinfo.net\/fr\/wp-json\/wp\/v2\/comments?post=118803"}],"version-history":[{"count":9,"href":"https:\/\/www.justiceinfo.net\/fr\/wp-json\/wp\/v2\/posts\/118803\/revisions"}],"predecessor-version":[{"id":125129,"href":"https:\/\/www.justiceinfo.net\/fr\/wp-json\/wp\/v2\/posts\/118803\/revisions\/125129"}],"wp:featuredmedia":[{"embeddable":true,"href":"https:\/\/www.justiceinfo.net\/fr\/wp-json\/wp\/v2\/media\/118809"}],"wp:attachment":[{"href":"https:\/\/www.justiceinfo.net\/fr\/wp-json\/wp\/v2\/media?parent=118803"}],"wp:term":[{"taxonomy":"category","embeddable":true,"href":"https:\/\/www.justiceinfo.net\/fr\/wp-json\/wp\/v2\/categories?post=118803"},{"taxonomy":"post_tag","embeddable":true,"href":"https:\/\/www.justiceinfo.net\/fr\/wp-json\/wp\/v2\/tags?post=118803"},{"taxonomy":"ji_location","embeddable":true,"href":"https:\/\/www.justiceinfo.net\/fr\/wp-json\/wp\/v2\/ji_location?post=118803"}],"curies":[{"name":"wp","href":"https:\/\/api.w.org\/{rel}","templated":true}]}}