{"id":11884,"date":"2010-03-05T00:00:00","date_gmt":"2010-03-04T23:00:00","guid":{"rendered":"https:\/\/www.justiceinfo.net\/11884-050310-tpirsynthese-la-defense-de-gatete-debute-celle-de-nzirorera-reportee-au-12-avril8692.html"},"modified":"2010-03-05T00:00:00","modified_gmt":"2010-03-04T23:00:00","slug":"050310-tpirsynthese-la-defense-de-gatete-debute-celle-de-nzirorera-reportee-au-12-avril8692","status":"publish","type":"post","link":"https:\/\/www.justiceinfo.net\/fr\/11884-050310-tpirsynthese-la-defense-de-gatete-debute-celle-de-nzirorera-reportee-au-12-avril8692.html","title":{"rendered":"05.03.10 - TPIR\/SYNTHESE - LA DEFENSE DE GATETE DEBUTE, CELLE DE NZIRORERA REPORTEE AU 12 AVRIL"},"content":{"rendered":"<p >\nArusha, 05 mars 2010 (FH) -&nbsp; La d&eacute;fense de Jean-Baptiste Gatete, ancien haut fonctionnaire au minist&egrave;re de la Famille et de la promotion f&eacute;minine, a d&eacute;but&eacute; mardi devant le Tribunal p&eacute;nal international pour le Rwanda (TPIR), tandis que celle de Joseph Nzirorera, un des dirigeants de l'ex-parti pr&eacute;sidentiel, a &eacute;t&eacute; suspendue jeudi jusqu'au 12 avril prochain.\n<\/p>\n<p><!--more--><\/p>\n<p >\n<p >\nJusqu'&agrave; sa nomination au minist&egrave;re, en 1993, Gatete, qui &eacute;tait lui aussi membre du Mouvement r&eacute;publicain national pour la d&eacute;mocratie et le d&eacute;veloppement (MRND), avait dirig&eacute;, pendant une dizaine d'ann&eacute;es, sa commune natale Murambi, dans la pr&eacute;fecture de Byumba (nord-est).\n<\/p>\n<p >\nSelon le procureur, m&ecirc;me si l'accus&eacute; n'appartenait plus officiellement &agrave; l'administration locale, pendant le g&eacute;nocide, il&nbsp; continuait d'exercer son influence sur la police communale, les milices et les gendarmes, non seulement dans la pr&eacute;fecture de Byumba, mais aussi dans celle, voisine, de Kibungo (est).\n<\/p>\n<p >\nLe premier t&eacute;moin de la d&eacute;fense, une femme d&eacute;sign&eacute;e par le nom de code LA 41, a ni&eacute; que l'accus&eacute; ait ordonn&eacute; le matin du 7 avril 1994 au bureau du secteur Rwankuba, dans la commune Murambi, de massacrer les Tutsis.\n<\/p>\n<p >\nLe proc&egrave;s se poursuit lundi prochain.\n<\/p>\n<p >\nDans une autre salle d'audience, la d&eacute;fense de Nzirorera, ancien secr&eacute;taire g&eacute;n&eacute;ral du MRND, a &eacute;t&eacute; suspendue jeudi pour reprendre le 12 avril.\n<\/p>\n<p >\nOuverte le 18 janvier, la session qui s'ach&egrave;ve a vu d&eacute;filer &agrave; la barre 10 t&eacute;moins, dont le dernier est Solange Akajeneza, fille du lieutenant-colonel Ephrem Setako condamn&eacute; la semaine derni&egrave;re &agrave; 25 ans de prison. Elle a appuy&eacute; l'alibi de Nzirorera selon lequel il ne se trouvait pas &agrave; Kigali dans la journ&eacute;e du 12 avril 1994.\n<\/p>\n<p >\nDans le proc&egrave;s de l'ex-ministre du Plan, Augustin Ngirabatware, le d&eacute;fil&eacute; des t&eacute;moins &agrave; charge s'est poursuivi cette semaine, les auditions se d&eacute;roulant principalement &agrave; huis clos, ce qui semble devenu une particularit&eacute; de cette affaire qui, par ailleurs, avance tr&egrave;s lentement.\n<\/p>\n<p >\nLes d&eacute;bats continueront la semaine prochaine.\n<\/p>\n<p >\nLe capitaine Ildephonse Nizeyimana, un proche de l'ex-pr&eacute;sident Juv&eacute;nal Habyarimana, a plaid&eacute; non coupable lors de sa deuxi&egrave;me comparution vendredi devant un juge du TPIR. Au terme d'une conf&eacute;rence de mise en &eacute;tat autour du juge Dennis Byron, les parties se sont pas parvenues &agrave; se mettre d'accord sur la date de l'ouverture du proc&egrave;s.\n<\/p>\n<p >\nDans le proc&egrave;s de l'ex-ministre de la Jeunesse, Callixte Nzabonimana, la chambre a fix&eacute; provisoirement le d&eacute;but de la d&eacute;fense au 29 mars. La confirmation de la date d&eacute;pendra de l'avancement de l'affaire Ngirabatware dans laquelle si&egrave;gent deux des juges de Nzabonimana.\n<\/p>\n<p >\nER\/GF\n<\/p>\n<p>\n&nbsp;&copy; Agence Hirondelle<\/p>\n","protected":false},"excerpt":{"rendered":"<p>Arusha, 05 mars 2010 (FH) -&nbsp; La d&eacute;fense de Jean-Baptiste Gatete, ancien haut fonctionnaire au minist&egrave;re de la Famille et de la promotion f&eacute;minine, a d&eacute;but&eacute; mardi devant le Tribunal p&eacute;nal international pour le Rwanda (TPIR), tandis que celle de Joseph Nzirorera, un des dirigeants de l'ex-parti pr&eacute;sidentiel, a &eacute;t&eacute; suspendue jeudi jusqu'au 12 avril [&hellip;]<\/p>\n","protected":false},"author":64,"featured_media":0,"comment_status":"open","ping_status":"closed","sticky":false,"template":"","format":"standard","meta":{"_acf_changed":false,"footnotes":""},"categories":[554],"tags":[],"ji_location":[],"class_list":["post-11884","post","type-post","status-publish","format-standard","hentry","category-hirondellenews"],"acf":[],"yoast_head":"<!-- This site is optimized with the Yoast SEO Premium plugin v25.3.1 (Yoast SEO v25.3.1) - https:\/\/yoast.com\/wordpress\/plugins\/seo\/ -->\n<title>05.03.10 - TPIR\/SYNTHESE - LA DEFENSE DE GATETE DEBUTE, CELLE DE NZIRORERA REPORTEE AU 12 AVRIL - JusticeInfo.net<\/title>\n<meta name=\"robots\" content=\"index, follow, max-snippet:-1, max-image-preview:large, max-video-preview:-1\" \/>\n<link rel=\"canonical\" href=\"https:\/\/www.justiceinfo.net\/fr\/11884-050310-tpirsynthese-la-defense-de-gatete-debute-celle-de-nzirorera-reportee-au-12-avril8692.html\" \/>\n<meta property=\"og:locale\" content=\"fr_FR\" \/>\n<meta property=\"og:type\" content=\"article\" \/>\n<meta property=\"og:title\" content=\"05.03.10 - TPIR\/SYNTHESE - LA DEFENSE DE GATETE DEBUTE, CELLE DE NZIRORERA REPORTEE AU 12 AVRIL\" \/>\n<meta property=\"og:description\" content=\"Arusha, 05 mars 2010 (FH) -&nbsp; La d&eacute;fense de Jean-Baptiste Gatete, ancien haut fonctionnaire au minist&egrave;re de la Famille et de la promotion f&eacute;minine, a d&eacute;but&eacute; mardi devant le Tribunal p&eacute;nal international pour le Rwanda (TPIR), tandis que celle de Joseph Nzirorera, un des dirigeants de l&#039;ex-parti pr&eacute;sidentiel, a &eacute;t&eacute; suspendue jeudi jusqu&#039;au 12 avril [&hellip;]\" \/>\n<meta property=\"og:url\" content=\"https:\/\/www.justiceinfo.net\/fr\/11884-050310-tpirsynthese-la-defense-de-gatete-debute-celle-de-nzirorera-reportee-au-12-avril8692.html\" \/>\n<meta property=\"og:site_name\" content=\"JusticeInfo.net\" \/>\n<meta property=\"article:publisher\" content=\"https:\/\/www.facebook.com\/JusticeInfo\/\" \/>\n<meta property=\"article:published_time\" content=\"2010-03-04T23:00:00+00:00\" \/>\n<meta property=\"og:image\" content=\"https:\/\/www.justiceinfo.net\/wp-content\/uploads\/JusticeInfoNet_logo_1200x630px.jpg\" \/>\n\t<meta property=\"og:image:width\" content=\"1200\" \/>\n\t<meta property=\"og:image:height\" content=\"630\" \/>\n\t<meta property=\"og:image:type\" content=\"image\/jpeg\" \/>\n<meta name=\"author\" content=\"solivri\" \/>\n<meta name=\"twitter:card\" content=\"summary_large_image\" \/>\n<meta name=\"twitter:creator\" content=\"@justiceinfonet\" \/>\n<meta name=\"twitter:site\" content=\"@justiceinfonet\" \/>\n<meta name=\"twitter:label1\" content=\"\u00c9crit par\" \/>\n\t<meta name=\"twitter:data1\" content=\"solivri\" \/>\n\t<meta name=\"twitter:label2\" content=\"Dur\u00e9e de lecture estim\u00e9e\" \/>\n\t<meta name=\"twitter:data2\" content=\"3 minutes\" \/>\n<script type=\"application\/ld+json\" class=\"yoast-schema-graph\">{\"@context\":\"https:\/\/schema.org\",\"@graph\":[{\"@type\":\"NewsArticle\",\"@id\":\"https:\/\/www.justiceinfo.net\/fr\/11884-050310-tpirsynthese-la-defense-de-gatete-debute-celle-de-nzirorera-reportee-au-12-avril8692.html#article\",\"isPartOf\":{\"@id\":\"https:\/\/www.justiceinfo.net\/fr\/11884-050310-tpirsynthese-la-defense-de-gatete-debute-celle-de-nzirorera-reportee-au-12-avril8692.html\"},\"author\":{\"name\":\"solivri\",\"@id\":\"https:\/\/www.justiceinfo.net\/fr#\/schema\/person\/6e53cba1629e2e66f3fc1821d3091865\"},\"headline\":\"05.03.10 - TPIR\/SYNTHESE - LA DEFENSE DE GATETE DEBUTE, CELLE DE NZIRORERA REPORTEE AU 12 AVRIL\",\"datePublished\":\"2010-03-04T23:00:00+00:00\",\"mainEntityOfPage\":{\"@id\":\"https:\/\/www.justiceinfo.net\/fr\/11884-050310-tpirsynthese-la-defense-de-gatete-debute-celle-de-nzirorera-reportee-au-12-avril8692.html\"},\"wordCount\":551,\"commentCount\":0,\"publisher\":{\"@id\":\"https:\/\/www.justiceinfo.net\/fr#organization\"},\"articleSection\":[\"Hirondelle News\"],\"inLanguage\":\"fr-FR\",\"potentialAction\":[{\"@type\":\"CommentAction\",\"name\":\"Comment\",\"target\":[\"https:\/\/www.justiceinfo.net\/fr\/11884-050310-tpirsynthese-la-defense-de-gatete-debute-celle-de-nzirorera-reportee-au-12-avril8692.html#respond\"]}]},{\"@type\":\"WebPage\",\"@id\":\"https:\/\/www.justiceinfo.net\/fr\/11884-050310-tpirsynthese-la-defense-de-gatete-debute-celle-de-nzirorera-reportee-au-12-avril8692.html\",\"url\":\"https:\/\/www.justiceinfo.net\/fr\/11884-050310-tpirsynthese-la-defense-de-gatete-debute-celle-de-nzirorera-reportee-au-12-avril8692.html\",\"name\":\"05.03.10 - TPIR\/SYNTHESE - LA DEFENSE DE GATETE DEBUTE, CELLE DE NZIRORERA REPORTEE AU 12 AVRIL - JusticeInfo.net\",\"isPartOf\":{\"@id\":\"https:\/\/www.justiceinfo.net\/fr#website\"},\"datePublished\":\"2010-03-04T23:00:00+00:00\",\"breadcrumb\":{\"@id\":\"https:\/\/www.justiceinfo.net\/fr\/11884-050310-tpirsynthese-la-defense-de-gatete-debute-celle-de-nzirorera-reportee-au-12-avril8692.html#breadcrumb\"},\"inLanguage\":\"fr-FR\",\"potentialAction\":[{\"@type\":\"ReadAction\",\"target\":[\"https:\/\/www.justiceinfo.net\/fr\/11884-050310-tpirsynthese-la-defense-de-gatete-debute-celle-de-nzirorera-reportee-au-12-avril8692.html\"]}]},{\"@type\":\"BreadcrumbList\",\"@id\":\"https:\/\/www.justiceinfo.net\/fr\/11884-050310-tpirsynthese-la-defense-de-gatete-debute-celle-de-nzirorera-reportee-au-12-avril8692.html#breadcrumb\",\"itemListElement\":[{\"@type\":\"ListItem\",\"position\":1,\"name\":\"Home\",\"item\":\"https:\/\/www.justiceinfo.net\/fr\"},{\"@type\":\"ListItem\",\"position\":2,\"name\":\"05.03.10 - TPIR\/SYNTHESE - LA DEFENSE DE GATETE DEBUTE, CELLE DE NZIRORERA REPORTEE AU 12 AVRIL\"}]},{\"@type\":\"WebSite\",\"@id\":\"https:\/\/www.justiceinfo.net\/fr#website\",\"url\":\"https:\/\/www.justiceinfo.net\/fr\",\"name\":\"JusticeInfo.net\",\"description\":\"La justice doit \u00eatre vue pour \u00eatre rendue\",\"publisher\":{\"@id\":\"https:\/\/www.justiceinfo.net\/fr#organization\"},\"potentialAction\":[{\"@type\":\"SearchAction\",\"target\":{\"@type\":\"EntryPoint\",\"urlTemplate\":\"https:\/\/www.justiceinfo.net\/fr?s={search_term_string}\"},\"query-input\":{\"@type\":\"PropertyValueSpecification\",\"valueRequired\":true,\"valueName\":\"search_term_string\"}}],\"inLanguage\":\"fr-FR\"},{\"@type\":\"Organization\",\"@id\":\"https:\/\/www.justiceinfo.net\/fr#organization\",\"name\":\"Justice Info\",\"url\":\"https:\/\/www.justiceinfo.net\/fr\",\"logo\":{\"@type\":\"ImageObject\",\"inLanguage\":\"fr-FR\",\"@id\":\"https:\/\/www.justiceinfo.net\/fr#\/schema\/logo\/image\/\",\"url\":\"https:\/\/www.justiceinfo.net\/wp-content\/uploads\/justiceinfo_logo-trans_1200x1200px.png\",\"contentUrl\":\"https:\/\/www.justiceinfo.net\/wp-content\/uploads\/justiceinfo_logo-trans_1200x1200px.png\",\"width\":1199,\"height\":1200,\"caption\":\"Justice Info\"},\"image\":{\"@id\":\"https:\/\/www.justiceinfo.net\/fr#\/schema\/logo\/image\/\"},\"sameAs\":[\"https:\/\/www.facebook.com\/JusticeInfo\/\",\"https:\/\/x.com\/justiceinfonet\",\"https:\/\/www.linkedin.com\/company\/justice-info\",\"https:\/\/www.youtube.com\/channel\/UCyCEsARodyuWtkWyhn-e7pA\"]},{\"@type\":\"Person\",\"name\":\"solivri\",\"url\":\"\/fr\/?s=solivri\"}]}<\/script>\n<!-- \/ Yoast SEO Premium plugin. -->","yoast_head_json":{"title":"05.03.10 - TPIR\/SYNTHESE - LA DEFENSE DE GATETE DEBUTE, CELLE DE NZIRORERA REPORTEE AU 12 AVRIL - JusticeInfo.net","robots":{"index":"index","follow":"follow","max-snippet":"max-snippet:-1","max-image-preview":"max-image-preview:large","max-video-preview":"max-video-preview:-1"},"canonical":"https:\/\/www.justiceinfo.net\/fr\/11884-050310-tpirsynthese-la-defense-de-gatete-debute-celle-de-nzirorera-reportee-au-12-avril8692.html","og_locale":"fr_FR","og_type":"article","og_title":"05.03.10 - TPIR\/SYNTHESE - LA DEFENSE DE GATETE DEBUTE, CELLE DE NZIRORERA REPORTEE AU 12 AVRIL","og_description":"Arusha, 05 mars 2010 (FH) -&nbsp; La d&eacute;fense de Jean-Baptiste Gatete, ancien haut fonctionnaire au minist&egrave;re de la Famille et de la promotion f&eacute;minine, a d&eacute;but&eacute; mardi devant le Tribunal p&eacute;nal international pour le Rwanda (TPIR), tandis que celle de Joseph Nzirorera, un des dirigeants de l'ex-parti pr&eacute;sidentiel, a &eacute;t&eacute; suspendue jeudi jusqu'au 12 avril [&hellip;]","og_url":"https:\/\/www.justiceinfo.net\/fr\/11884-050310-tpirsynthese-la-defense-de-gatete-debute-celle-de-nzirorera-reportee-au-12-avril8692.html","og_site_name":"JusticeInfo.net","article_publisher":"https:\/\/www.facebook.com\/JusticeInfo\/","article_published_time":"2010-03-04T23:00:00+00:00","og_image":[{"width":1200,"height":630,"url":"https:\/\/www.justiceinfo.net\/wp-content\/uploads\/JusticeInfoNet_logo_1200x630px.jpg","type":"image\/jpeg"}],"author":"solivri","twitter_card":"summary_large_image","twitter_creator":"@justiceinfonet","twitter_site":"@justiceinfonet","twitter_misc":{"\u00c9crit par":"solivri","Dur\u00e9e de lecture estim\u00e9e":"3 minutes"},"schema":{"@context":"https:\/\/schema.org","@graph":[{"@type":"NewsArticle","@id":"https:\/\/www.justiceinfo.net\/fr\/11884-050310-tpirsynthese-la-defense-de-gatete-debute-celle-de-nzirorera-reportee-au-12-avril8692.html#article","isPartOf":{"@id":"https:\/\/www.justiceinfo.net\/fr\/11884-050310-tpirsynthese-la-defense-de-gatete-debute-celle-de-nzirorera-reportee-au-12-avril8692.html"},"author":{"name":"solivri","@id":"https:\/\/www.justiceinfo.net\/fr#\/schema\/person\/6e53cba1629e2e66f3fc1821d3091865"},"headline":"05.03.10 - TPIR\/SYNTHESE - LA DEFENSE DE GATETE DEBUTE, CELLE DE NZIRORERA REPORTEE AU 12 AVRIL","datePublished":"2010-03-04T23:00:00+00:00","mainEntityOfPage":{"@id":"https:\/\/www.justiceinfo.net\/fr\/11884-050310-tpirsynthese-la-defense-de-gatete-debute-celle-de-nzirorera-reportee-au-12-avril8692.html"},"wordCount":551,"commentCount":0,"publisher":{"@id":"https:\/\/www.justiceinfo.net\/fr#organization"},"articleSection":["Hirondelle News"],"inLanguage":"fr-FR","potentialAction":[{"@type":"CommentAction","name":"Comment","target":["https:\/\/www.justiceinfo.net\/fr\/11884-050310-tpirsynthese-la-defense-de-gatete-debute-celle-de-nzirorera-reportee-au-12-avril8692.html#respond"]}]},{"@type":"WebPage","@id":"https:\/\/www.justiceinfo.net\/fr\/11884-050310-tpirsynthese-la-defense-de-gatete-debute-celle-de-nzirorera-reportee-au-12-avril8692.html","url":"https:\/\/www.justiceinfo.net\/fr\/11884-050310-tpirsynthese-la-defense-de-gatete-debute-celle-de-nzirorera-reportee-au-12-avril8692.html","name":"05.03.10 - TPIR\/SYNTHESE - LA DEFENSE DE GATETE DEBUTE, CELLE DE NZIRORERA REPORTEE AU 12 AVRIL - JusticeInfo.net","isPartOf":{"@id":"https:\/\/www.justiceinfo.net\/fr#website"},"datePublished":"2010-03-04T23:00:00+00:00","breadcrumb":{"@id":"https:\/\/www.justiceinfo.net\/fr\/11884-050310-tpirsynthese-la-defense-de-gatete-debute-celle-de-nzirorera-reportee-au-12-avril8692.html#breadcrumb"},"inLanguage":"fr-FR","potentialAction":[{"@type":"ReadAction","target":["https:\/\/www.justiceinfo.net\/fr\/11884-050310-tpirsynthese-la-defense-de-gatete-debute-celle-de-nzirorera-reportee-au-12-avril8692.html"]}]},{"@type":"BreadcrumbList","@id":"https:\/\/www.justiceinfo.net\/fr\/11884-050310-tpirsynthese-la-defense-de-gatete-debute-celle-de-nzirorera-reportee-au-12-avril8692.html#breadcrumb","itemListElement":[{"@type":"ListItem","position":1,"name":"Home","item":"https:\/\/www.justiceinfo.net\/fr"},{"@type":"ListItem","position":2,"name":"05.03.10 - TPIR\/SYNTHESE - LA DEFENSE DE GATETE DEBUTE, CELLE DE NZIRORERA REPORTEE AU 12 AVRIL"}]},{"@type":"WebSite","@id":"https:\/\/www.justiceinfo.net\/fr#website","url":"https:\/\/www.justiceinfo.net\/fr","name":"JusticeInfo.net","description":"La justice doit \u00eatre vue pour \u00eatre rendue","publisher":{"@id":"https:\/\/www.justiceinfo.net\/fr#organization"},"potentialAction":[{"@type":"SearchAction","target":{"@type":"EntryPoint","urlTemplate":"https:\/\/www.justiceinfo.net\/fr?s={search_term_string}"},"query-input":{"@type":"PropertyValueSpecification","valueRequired":true,"valueName":"search_term_string"}}],"inLanguage":"fr-FR"},{"@type":"Organization","@id":"https:\/\/www.justiceinfo.net\/fr#organization","name":"Justice Info","url":"https:\/\/www.justiceinfo.net\/fr","logo":{"@type":"ImageObject","inLanguage":"fr-FR","@id":"https:\/\/www.justiceinfo.net\/fr#\/schema\/logo\/image\/","url":"https:\/\/www.justiceinfo.net\/wp-content\/uploads\/justiceinfo_logo-trans_1200x1200px.png","contentUrl":"https:\/\/www.justiceinfo.net\/wp-content\/uploads\/justiceinfo_logo-trans_1200x1200px.png","width":1199,"height":1200,"caption":"Justice Info"},"image":{"@id":"https:\/\/www.justiceinfo.net\/fr#\/schema\/logo\/image\/"},"sameAs":["https:\/\/www.facebook.com\/JusticeInfo\/","https:\/\/x.com\/justiceinfonet","https:\/\/www.linkedin.com\/company\/justice-info","https:\/\/www.youtube.com\/channel\/UCyCEsARodyuWtkWyhn-e7pA"]},{"@type":"Person","name":"solivri","url":"\/fr\/?s=solivri"}]}},"_links":{"self":[{"href":"https:\/\/www.justiceinfo.net\/fr\/wp-json\/wp\/v2\/posts\/11884","targetHints":{"allow":["GET"]}}],"collection":[{"href":"https:\/\/www.justiceinfo.net\/fr\/wp-json\/wp\/v2\/posts"}],"about":[{"href":"https:\/\/www.justiceinfo.net\/fr\/wp-json\/wp\/v2\/types\/post"}],"author":[{"embeddable":true,"href":"https:\/\/www.justiceinfo.net\/fr\/wp-json\/wp\/v2\/users\/64"}],"replies":[{"embeddable":true,"href":"https:\/\/www.justiceinfo.net\/fr\/wp-json\/wp\/v2\/comments?post=11884"}],"version-history":[{"count":0,"href":"https:\/\/www.justiceinfo.net\/fr\/wp-json\/wp\/v2\/posts\/11884\/revisions"}],"wp:attachment":[{"href":"https:\/\/www.justiceinfo.net\/fr\/wp-json\/wp\/v2\/media?parent=11884"}],"wp:term":[{"taxonomy":"category","embeddable":true,"href":"https:\/\/www.justiceinfo.net\/fr\/wp-json\/wp\/v2\/categories?post=11884"},{"taxonomy":"post_tag","embeddable":true,"href":"https:\/\/www.justiceinfo.net\/fr\/wp-json\/wp\/v2\/tags?post=11884"},{"taxonomy":"ji_location","embeddable":true,"href":"https:\/\/www.justiceinfo.net\/fr\/wp-json\/wp\/v2\/ji_location?post=11884"}],"curies":[{"name":"wp","href":"https:\/\/api.w.org\/{rel}","templated":true}]}}