{"id":11888,"date":"2010-03-08T00:00:00","date_gmt":"2010-03-07T23:00:00","guid":{"rendered":"https:\/\/www.justiceinfo.net\/11888-080310-tpirgatete-gatete-na-pas-mis-les-pieds-dans-sa-commune-natale-en-avril-1994-temoin8696.html"},"modified":"2010-03-08T00:00:00","modified_gmt":"2010-03-07T23:00:00","slug":"080310-tpirgatete-gatete-na-pas-mis-les-pieds-dans-sa-commune-natale-en-avril-1994-temoin8696","status":"publish","type":"post","link":"https:\/\/www.justiceinfo.net\/fr\/11888-080310-tpirgatete-gatete-na-pas-mis-les-pieds-dans-sa-commune-natale-en-avril-1994-temoin8696.html","title":{"rendered":"08.03.10 - TPIR\/GATETE - GATETE N'A PAS MIS LES PIEDS DANS SA COMMUNE NATALE EN AVRIL 1994 (TEMOIN)"},"content":{"rendered":"<p >\nArusha, 08 mars 2010 (FH) -&nbsp; Un &laquo; g&eacute;nocidaire &raquo; qui ne s'en cache pas a ni&eacute; lundi devant le Tribunal p&eacute;nal international pour le Rwanda (TPIR) que Jean- Baptiste Gatete, ancien haut fonctionnaire au minist&egrave;re de la Famille et de la promotion f&eacute;minine, ait mis le pied dans sa commune natale de Murambi (est) pendant le g&eacute;nocide de 1994.\n<\/p>\n<p><!--more--><\/p>\n<p >\n<p >\n&laquo; Je n'ai pas vu Gatete (dans la commune) en avril 1994. Ce n'&eacute;tait pas quelqu'un qui pouvait passer inaper&ccedil;u &raquo;, a affirm&eacute; ce t&eacute;moin &agrave; d&eacute;charge, d&eacute;sign&eacute; par le nom de code LA 16.\n<\/p>\n<p >\nIl a ainsi r&eacute;fut&eacute; l'all&eacute;gation selon laquelle l'accus&eacute; aurait jou&eacute; un r&ocirc;le dans l'assassinat, le 7 avril 1994, de l'&eacute;pouse tutsie d'un homme d'affaires de Murambi d&eacute;nomm&eacute; Seleman Mirindi.\n<\/p>\n<p >\n&laquo; Je connaissais bien Gatete, il ne faisait pas partie de cette attaque &raquo;, a affirm&eacute; LA 16, reconnaissant avoir pris part &agrave; la mise &agrave; mort de Mme Mirindi.\n<\/p>\n<p >\nSelon ce t&eacute;moignage, le domicile de Mirindi, qui &eacute;tait situ&eacute; au centre commercial de Kiramuruzi, dans la commune Murambi, a &eacute;t&eacute; attaqu&eacute; en plein jour, sa femme sortie de force de la maison et abattue au milieu de la route.\n<\/p>\n<p >\nJusqu'&agrave; sa nomination au minist&egrave;re, en 1993, Gatete, qui &eacute;tait membre du Mouvement r&eacute;publicain national pour la d&eacute;mocratie et le d&eacute;veloppement (MRND), parti pr&eacute;sidentiel &agrave; l'&eacute;poque, avait dirig&eacute;, pendant une dizaine d'ann&eacute;es, la commune Murambi, dans la pr&eacute;fecture de Byumba.\n<\/p>\n<p >\nSelon le procureur, m&ecirc;me si l'accus&eacute; n'appartenait plus officiellement &agrave; l'administration locale pendant le g&eacute;nocide, il&nbsp; continuait d'exercer son influence sur la police communale, les milices et les gendarmes, non seulement dans la pr&eacute;fecture de Byumba, mais aussi dans celle, voisine, de Kibungo (est).\n<\/p>\n<p >\nCe que nie Gatete, qui&nbsp; a commenc&eacute; sa d&eacute;fense mardi dernier.\n<\/p>\n<p >\nL'ancien haut fonctionnaire a &eacute;t&eacute; arr&ecirc;t&eacute; le 11 septembre 2002 au Congo-Brazzaville et transf&eacute;r&eacute; deux jours plus tard au centre de d&eacute;tention du TPIR &agrave; Arusha, en Tanzanie. Le proc&egrave;s a d&eacute;but&eacute; le 20 octobre 2009 et le procureur a clos son accusation le 16 novembre apr&egrave;s avoir cit&eacute; 22 t&eacute;moins.\n<\/p>\n<p >\nER\/GF\n<\/p>\n<p>\n&copy; Agence Hirondelle<\/p>\n","protected":false},"excerpt":{"rendered":"<p>Arusha, 08 mars 2010 (FH) -&nbsp; Un &laquo; g&eacute;nocidaire &raquo; qui ne s'en cache pas a ni&eacute; lundi devant le Tribunal p&eacute;nal international pour le Rwanda (TPIR) que Jean- Baptiste Gatete, ancien haut fonctionnaire au minist&egrave;re de la Famille et de la promotion f&eacute;minine, ait mis le pied dans sa commune natale de Murambi (est) [&hellip;]<\/p>\n","protected":false},"author":64,"featured_media":0,"comment_status":"open","ping_status":"closed","sticky":false,"template":"","format":"standard","meta":{"_acf_changed":false,"footnotes":""},"categories":[554],"tags":[],"ji_location":[],"class_list":["post-11888","post","type-post","status-publish","format-standard","hentry","category-hirondellenews"],"acf":[],"yoast_head":"<!-- This site is optimized with the Yoast SEO Premium plugin v25.3.1 (Yoast SEO v25.3.1) - https:\/\/yoast.com\/wordpress\/plugins\/seo\/ -->\n<title>08.03.10 - TPIR\/GATETE - GATETE N&#039;A PAS MIS LES PIEDS DANS SA COMMUNE NATALE EN AVRIL 1994 (TEMOIN) - JusticeInfo.net<\/title>\n<meta name=\"robots\" content=\"index, follow, max-snippet:-1, max-image-preview:large, max-video-preview:-1\" \/>\n<link rel=\"canonical\" href=\"https:\/\/www.justiceinfo.net\/fr\/11888-080310-tpirgatete-gatete-na-pas-mis-les-pieds-dans-sa-commune-natale-en-avril-1994-temoin8696.html\" \/>\n<meta property=\"og:locale\" content=\"fr_FR\" \/>\n<meta property=\"og:type\" content=\"article\" \/>\n<meta property=\"og:title\" content=\"08.03.10 - TPIR\/GATETE - GATETE N&#039;A PAS MIS LES PIEDS DANS SA COMMUNE NATALE EN AVRIL 1994 (TEMOIN)\" \/>\n<meta property=\"og:description\" content=\"Arusha, 08 mars 2010 (FH) -&nbsp; Un &laquo; g&eacute;nocidaire &raquo; qui ne s&#039;en cache pas a ni&eacute; lundi devant le Tribunal p&eacute;nal international pour le Rwanda (TPIR) que Jean- Baptiste Gatete, ancien haut fonctionnaire au minist&egrave;re de la Famille et de la promotion f&eacute;minine, ait mis le pied dans sa commune natale de Murambi (est) [&hellip;]\" \/>\n<meta property=\"og:url\" content=\"https:\/\/www.justiceinfo.net\/fr\/11888-080310-tpirgatete-gatete-na-pas-mis-les-pieds-dans-sa-commune-natale-en-avril-1994-temoin8696.html\" \/>\n<meta property=\"og:site_name\" content=\"JusticeInfo.net\" \/>\n<meta property=\"article:publisher\" content=\"https:\/\/www.facebook.com\/JusticeInfo\/\" \/>\n<meta property=\"article:published_time\" content=\"2010-03-07T23:00:00+00:00\" \/>\n<meta property=\"og:image\" content=\"https:\/\/www.justiceinfo.net\/wp-content\/uploads\/JusticeInfoNet_logo_1200x630px.jpg\" \/>\n\t<meta property=\"og:image:width\" content=\"1200\" \/>\n\t<meta property=\"og:image:height\" content=\"630\" \/>\n\t<meta property=\"og:image:type\" content=\"image\/jpeg\" \/>\n<meta name=\"author\" content=\"solivri\" \/>\n<meta name=\"twitter:card\" content=\"summary_large_image\" \/>\n<meta name=\"twitter:creator\" content=\"@justiceinfonet\" \/>\n<meta name=\"twitter:site\" content=\"@justiceinfonet\" \/>\n<meta name=\"twitter:label1\" content=\"\u00c9crit par\" \/>\n\t<meta name=\"twitter:data1\" content=\"solivri\" \/>\n\t<meta name=\"twitter:label2\" content=\"Dur\u00e9e de lecture estim\u00e9e\" \/>\n\t<meta name=\"twitter:data2\" content=\"2 minutes\" \/>\n<script type=\"application\/ld+json\" class=\"yoast-schema-graph\">{\"@context\":\"https:\/\/schema.org\",\"@graph\":[{\"@type\":\"NewsArticle\",\"@id\":\"https:\/\/www.justiceinfo.net\/fr\/11888-080310-tpirgatete-gatete-na-pas-mis-les-pieds-dans-sa-commune-natale-en-avril-1994-temoin8696.html#article\",\"isPartOf\":{\"@id\":\"https:\/\/www.justiceinfo.net\/fr\/11888-080310-tpirgatete-gatete-na-pas-mis-les-pieds-dans-sa-commune-natale-en-avril-1994-temoin8696.html\"},\"author\":{\"name\":\"solivri\",\"@id\":\"https:\/\/www.justiceinfo.net\/fr#\/schema\/person\/6e53cba1629e2e66f3fc1821d3091865\"},\"headline\":\"08.03.10 - TPIR\/GATETE - GATETE N'A PAS MIS LES PIEDS DANS SA COMMUNE NATALE EN AVRIL 1994 (TEMOIN)\",\"datePublished\":\"2010-03-07T23:00:00+00:00\",\"mainEntityOfPage\":{\"@id\":\"https:\/\/www.justiceinfo.net\/fr\/11888-080310-tpirgatete-gatete-na-pas-mis-les-pieds-dans-sa-commune-natale-en-avril-1994-temoin8696.html\"},\"wordCount\":459,\"commentCount\":0,\"publisher\":{\"@id\":\"https:\/\/www.justiceinfo.net\/fr#organization\"},\"articleSection\":[\"Hirondelle News\"],\"inLanguage\":\"fr-FR\",\"potentialAction\":[{\"@type\":\"CommentAction\",\"name\":\"Comment\",\"target\":[\"https:\/\/www.justiceinfo.net\/fr\/11888-080310-tpirgatete-gatete-na-pas-mis-les-pieds-dans-sa-commune-natale-en-avril-1994-temoin8696.html#respond\"]}]},{\"@type\":\"WebPage\",\"@id\":\"https:\/\/www.justiceinfo.net\/fr\/11888-080310-tpirgatete-gatete-na-pas-mis-les-pieds-dans-sa-commune-natale-en-avril-1994-temoin8696.html\",\"url\":\"https:\/\/www.justiceinfo.net\/fr\/11888-080310-tpirgatete-gatete-na-pas-mis-les-pieds-dans-sa-commune-natale-en-avril-1994-temoin8696.html\",\"name\":\"08.03.10 - TPIR\/GATETE - GATETE N'A PAS MIS LES PIEDS DANS SA COMMUNE NATALE EN AVRIL 1994 (TEMOIN) - JusticeInfo.net\",\"isPartOf\":{\"@id\":\"https:\/\/www.justiceinfo.net\/fr#website\"},\"datePublished\":\"2010-03-07T23:00:00+00:00\",\"breadcrumb\":{\"@id\":\"https:\/\/www.justiceinfo.net\/fr\/11888-080310-tpirgatete-gatete-na-pas-mis-les-pieds-dans-sa-commune-natale-en-avril-1994-temoin8696.html#breadcrumb\"},\"inLanguage\":\"fr-FR\",\"potentialAction\":[{\"@type\":\"ReadAction\",\"target\":[\"https:\/\/www.justiceinfo.net\/fr\/11888-080310-tpirgatete-gatete-na-pas-mis-les-pieds-dans-sa-commune-natale-en-avril-1994-temoin8696.html\"]}]},{\"@type\":\"BreadcrumbList\",\"@id\":\"https:\/\/www.justiceinfo.net\/fr\/11888-080310-tpirgatete-gatete-na-pas-mis-les-pieds-dans-sa-commune-natale-en-avril-1994-temoin8696.html#breadcrumb\",\"itemListElement\":[{\"@type\":\"ListItem\",\"position\":1,\"name\":\"Home\",\"item\":\"https:\/\/www.justiceinfo.net\/fr\"},{\"@type\":\"ListItem\",\"position\":2,\"name\":\"08.03.10 - TPIR\/GATETE - GATETE N'A PAS MIS LES PIEDS DANS SA COMMUNE NATALE EN AVRIL 1994 (TEMOIN)\"}]},{\"@type\":\"WebSite\",\"@id\":\"https:\/\/www.justiceinfo.net\/fr#website\",\"url\":\"https:\/\/www.justiceinfo.net\/fr\",\"name\":\"JusticeInfo.net\",\"description\":\"La justice doit \u00eatre vue pour \u00eatre rendue\",\"publisher\":{\"@id\":\"https:\/\/www.justiceinfo.net\/fr#organization\"},\"potentialAction\":[{\"@type\":\"SearchAction\",\"target\":{\"@type\":\"EntryPoint\",\"urlTemplate\":\"https:\/\/www.justiceinfo.net\/fr?s={search_term_string}\"},\"query-input\":{\"@type\":\"PropertyValueSpecification\",\"valueRequired\":true,\"valueName\":\"search_term_string\"}}],\"inLanguage\":\"fr-FR\"},{\"@type\":\"Organization\",\"@id\":\"https:\/\/www.justiceinfo.net\/fr#organization\",\"name\":\"Justice Info\",\"url\":\"https:\/\/www.justiceinfo.net\/fr\",\"logo\":{\"@type\":\"ImageObject\",\"inLanguage\":\"fr-FR\",\"@id\":\"https:\/\/www.justiceinfo.net\/fr#\/schema\/logo\/image\/\",\"url\":\"https:\/\/www.justiceinfo.net\/wp-content\/uploads\/justiceinfo_logo-trans_1200x1200px.png\",\"contentUrl\":\"https:\/\/www.justiceinfo.net\/wp-content\/uploads\/justiceinfo_logo-trans_1200x1200px.png\",\"width\":1199,\"height\":1200,\"caption\":\"Justice Info\"},\"image\":{\"@id\":\"https:\/\/www.justiceinfo.net\/fr#\/schema\/logo\/image\/\"},\"sameAs\":[\"https:\/\/www.facebook.com\/JusticeInfo\/\",\"https:\/\/x.com\/justiceinfonet\",\"https:\/\/www.linkedin.com\/company\/justice-info\",\"https:\/\/www.youtube.com\/channel\/UCyCEsARodyuWtkWyhn-e7pA\"]},{\"@type\":\"Person\",\"name\":\"solivri\",\"url\":\"\/fr\/?s=solivri\"}]}<\/script>\n<!-- \/ Yoast SEO Premium plugin. -->","yoast_head_json":{"title":"08.03.10 - TPIR\/GATETE - GATETE N'A PAS MIS LES PIEDS DANS SA COMMUNE NATALE EN AVRIL 1994 (TEMOIN) - JusticeInfo.net","robots":{"index":"index","follow":"follow","max-snippet":"max-snippet:-1","max-image-preview":"max-image-preview:large","max-video-preview":"max-video-preview:-1"},"canonical":"https:\/\/www.justiceinfo.net\/fr\/11888-080310-tpirgatete-gatete-na-pas-mis-les-pieds-dans-sa-commune-natale-en-avril-1994-temoin8696.html","og_locale":"fr_FR","og_type":"article","og_title":"08.03.10 - TPIR\/GATETE - GATETE N'A PAS MIS LES PIEDS DANS SA COMMUNE NATALE EN AVRIL 1994 (TEMOIN)","og_description":"Arusha, 08 mars 2010 (FH) -&nbsp; Un &laquo; g&eacute;nocidaire &raquo; qui ne s'en cache pas a ni&eacute; lundi devant le Tribunal p&eacute;nal international pour le Rwanda (TPIR) que Jean- Baptiste Gatete, ancien haut fonctionnaire au minist&egrave;re de la Famille et de la promotion f&eacute;minine, ait mis le pied dans sa commune natale de Murambi (est) [&hellip;]","og_url":"https:\/\/www.justiceinfo.net\/fr\/11888-080310-tpirgatete-gatete-na-pas-mis-les-pieds-dans-sa-commune-natale-en-avril-1994-temoin8696.html","og_site_name":"JusticeInfo.net","article_publisher":"https:\/\/www.facebook.com\/JusticeInfo\/","article_published_time":"2010-03-07T23:00:00+00:00","og_image":[{"width":1200,"height":630,"url":"https:\/\/www.justiceinfo.net\/wp-content\/uploads\/JusticeInfoNet_logo_1200x630px.jpg","type":"image\/jpeg"}],"author":"solivri","twitter_card":"summary_large_image","twitter_creator":"@justiceinfonet","twitter_site":"@justiceinfonet","twitter_misc":{"\u00c9crit par":"solivri","Dur\u00e9e de lecture estim\u00e9e":"2 minutes"},"schema":{"@context":"https:\/\/schema.org","@graph":[{"@type":"NewsArticle","@id":"https:\/\/www.justiceinfo.net\/fr\/11888-080310-tpirgatete-gatete-na-pas-mis-les-pieds-dans-sa-commune-natale-en-avril-1994-temoin8696.html#article","isPartOf":{"@id":"https:\/\/www.justiceinfo.net\/fr\/11888-080310-tpirgatete-gatete-na-pas-mis-les-pieds-dans-sa-commune-natale-en-avril-1994-temoin8696.html"},"author":{"name":"solivri","@id":"https:\/\/www.justiceinfo.net\/fr#\/schema\/person\/6e53cba1629e2e66f3fc1821d3091865"},"headline":"08.03.10 - TPIR\/GATETE - GATETE N'A PAS MIS LES PIEDS DANS SA COMMUNE NATALE EN AVRIL 1994 (TEMOIN)","datePublished":"2010-03-07T23:00:00+00:00","mainEntityOfPage":{"@id":"https:\/\/www.justiceinfo.net\/fr\/11888-080310-tpirgatete-gatete-na-pas-mis-les-pieds-dans-sa-commune-natale-en-avril-1994-temoin8696.html"},"wordCount":459,"commentCount":0,"publisher":{"@id":"https:\/\/www.justiceinfo.net\/fr#organization"},"articleSection":["Hirondelle News"],"inLanguage":"fr-FR","potentialAction":[{"@type":"CommentAction","name":"Comment","target":["https:\/\/www.justiceinfo.net\/fr\/11888-080310-tpirgatete-gatete-na-pas-mis-les-pieds-dans-sa-commune-natale-en-avril-1994-temoin8696.html#respond"]}]},{"@type":"WebPage","@id":"https:\/\/www.justiceinfo.net\/fr\/11888-080310-tpirgatete-gatete-na-pas-mis-les-pieds-dans-sa-commune-natale-en-avril-1994-temoin8696.html","url":"https:\/\/www.justiceinfo.net\/fr\/11888-080310-tpirgatete-gatete-na-pas-mis-les-pieds-dans-sa-commune-natale-en-avril-1994-temoin8696.html","name":"08.03.10 - TPIR\/GATETE - GATETE N'A PAS MIS LES PIEDS DANS SA COMMUNE NATALE EN AVRIL 1994 (TEMOIN) - JusticeInfo.net","isPartOf":{"@id":"https:\/\/www.justiceinfo.net\/fr#website"},"datePublished":"2010-03-07T23:00:00+00:00","breadcrumb":{"@id":"https:\/\/www.justiceinfo.net\/fr\/11888-080310-tpirgatete-gatete-na-pas-mis-les-pieds-dans-sa-commune-natale-en-avril-1994-temoin8696.html#breadcrumb"},"inLanguage":"fr-FR","potentialAction":[{"@type":"ReadAction","target":["https:\/\/www.justiceinfo.net\/fr\/11888-080310-tpirgatete-gatete-na-pas-mis-les-pieds-dans-sa-commune-natale-en-avril-1994-temoin8696.html"]}]},{"@type":"BreadcrumbList","@id":"https:\/\/www.justiceinfo.net\/fr\/11888-080310-tpirgatete-gatete-na-pas-mis-les-pieds-dans-sa-commune-natale-en-avril-1994-temoin8696.html#breadcrumb","itemListElement":[{"@type":"ListItem","position":1,"name":"Home","item":"https:\/\/www.justiceinfo.net\/fr"},{"@type":"ListItem","position":2,"name":"08.03.10 - TPIR\/GATETE - GATETE N'A PAS MIS LES PIEDS DANS SA COMMUNE NATALE EN AVRIL 1994 (TEMOIN)"}]},{"@type":"WebSite","@id":"https:\/\/www.justiceinfo.net\/fr#website","url":"https:\/\/www.justiceinfo.net\/fr","name":"JusticeInfo.net","description":"La justice doit \u00eatre vue pour \u00eatre rendue","publisher":{"@id":"https:\/\/www.justiceinfo.net\/fr#organization"},"potentialAction":[{"@type":"SearchAction","target":{"@type":"EntryPoint","urlTemplate":"https:\/\/www.justiceinfo.net\/fr?s={search_term_string}"},"query-input":{"@type":"PropertyValueSpecification","valueRequired":true,"valueName":"search_term_string"}}],"inLanguage":"fr-FR"},{"@type":"Organization","@id":"https:\/\/www.justiceinfo.net\/fr#organization","name":"Justice Info","url":"https:\/\/www.justiceinfo.net\/fr","logo":{"@type":"ImageObject","inLanguage":"fr-FR","@id":"https:\/\/www.justiceinfo.net\/fr#\/schema\/logo\/image\/","url":"https:\/\/www.justiceinfo.net\/wp-content\/uploads\/justiceinfo_logo-trans_1200x1200px.png","contentUrl":"https:\/\/www.justiceinfo.net\/wp-content\/uploads\/justiceinfo_logo-trans_1200x1200px.png","width":1199,"height":1200,"caption":"Justice Info"},"image":{"@id":"https:\/\/www.justiceinfo.net\/fr#\/schema\/logo\/image\/"},"sameAs":["https:\/\/www.facebook.com\/JusticeInfo\/","https:\/\/x.com\/justiceinfonet","https:\/\/www.linkedin.com\/company\/justice-info","https:\/\/www.youtube.com\/channel\/UCyCEsARodyuWtkWyhn-e7pA"]},{"@type":"Person","name":"solivri","url":"\/fr\/?s=solivri"}]}},"_links":{"self":[{"href":"https:\/\/www.justiceinfo.net\/fr\/wp-json\/wp\/v2\/posts\/11888","targetHints":{"allow":["GET"]}}],"collection":[{"href":"https:\/\/www.justiceinfo.net\/fr\/wp-json\/wp\/v2\/posts"}],"about":[{"href":"https:\/\/www.justiceinfo.net\/fr\/wp-json\/wp\/v2\/types\/post"}],"author":[{"embeddable":true,"href":"https:\/\/www.justiceinfo.net\/fr\/wp-json\/wp\/v2\/users\/64"}],"replies":[{"embeddable":true,"href":"https:\/\/www.justiceinfo.net\/fr\/wp-json\/wp\/v2\/comments?post=11888"}],"version-history":[{"count":0,"href":"https:\/\/www.justiceinfo.net\/fr\/wp-json\/wp\/v2\/posts\/11888\/revisions"}],"wp:attachment":[{"href":"https:\/\/www.justiceinfo.net\/fr\/wp-json\/wp\/v2\/media?parent=11888"}],"wp:term":[{"taxonomy":"category","embeddable":true,"href":"https:\/\/www.justiceinfo.net\/fr\/wp-json\/wp\/v2\/categories?post=11888"},{"taxonomy":"post_tag","embeddable":true,"href":"https:\/\/www.justiceinfo.net\/fr\/wp-json\/wp\/v2\/tags?post=11888"},{"taxonomy":"ji_location","embeddable":true,"href":"https:\/\/www.justiceinfo.net\/fr\/wp-json\/wp\/v2\/ji_location?post=11888"}],"curies":[{"name":"wp","href":"https:\/\/api.w.org\/{rel}","templated":true}]}}