{"id":119046,"date":"2023-07-07T11:08:45","date_gmt":"2023-07-07T09:08:45","guid":{"rendered":"https:\/\/www.justiceinfo.net\/?p=119046"},"modified":"2023-07-07T18:41:54","modified_gmt":"2023-07-07T16:41:54","slug":"icpa-petit-nouveau-capitale-mondiale-justice-internationale","status":"publish","type":"post","link":"https:\/\/www.justiceinfo.net\/fr\/119046-icpa-petit-nouveau-capitale-mondiale-justice-internationale.html","title":{"rendered":"L'ICPA, le petit nouveau dans la capitale mondiale de la justice internationale"},"content":{"rendered":"\n<p><strong>Toute nouvelle institution en justice internationale doit se trouver dans la ville n\u00e9erlandaise de La Haye. Le 3 juillet, un nouveau venu y a fait son apparition : le Centre international pour la poursuite du crime d'agression (ICPA). L'Ukraine et un certain nombre de ses alli\u00e9s occidentaux esp\u00e8rent qu'il s'agit l\u00e0 d'un premier pas vers la cr\u00e9ation d'un v\u00e9ritable tribunal charg\u00e9 de poursuivre et de juger les dirigeants russes pour l'invasion de l'Ukraine.<\/strong><\/p>\n\n\n\n<!--more-->\n\n\n\n<p>Le 3 juillet, un nouveau centre de collecte de la preuve sur les crimes commis par les dirigeants politiques et militaires russes dans le cadre de l'invasion de l'Ukraine le 24 f\u00e9vrier 2022 a officiellement commenc\u00e9 ses travaux \u00e0 La Haye, aux Pays-Bas. Il s'agit d'un \"moment historique\", a d\u00e9clar\u00e9 le procureur g\u00e9n\u00e9ral de l'Ukraine, Andriy Kostin, lors de la <a href=\"https:\/\/www.eurojust.europa.eu\/international-centre-for-the-prosecution-of-the-crime-of-aggression-against-ukraine\">conf\u00e9rence de presse<\/a> organis\u00e9e \u00e0 l'occasion du lancement de ce Centre international pour la poursuite du crime d'agression (ICPA).<\/p>\n\n\n\n<p>Cette nouvelle institution est unique en son genre. Il s'agit du premier effort international depuis la Seconde Guerre mondiale pour enqu\u00eater sur le crime d'agression et il fonctionne alors que la guerre en Ukraine est en cours. Cette premi\u00e8re \u00e9tape, qui pourrait d\u00e9boucher sur la cr\u00e9ation d'un tribunal sp\u00e9cial charg\u00e9 de poursuivre le <a href=\"https:\/\/www.justiceinfo.net\/fr\/tag\/crime-agression\">crime d'agression<\/a>, est cens\u00e9e contribuer \u00e0 combler une lacune du droit international. Aucune cour internationale ne peut actuellement enqu\u00eater sur ce crime dans le contexte de la guerre en Ukraine, m\u00eame si l'un des principes cl\u00e9s de la charte des Nations unies est de bannir l'invasion et l'annexion unilat\u00e9rales d'un autre pays. La <a href=\"https:\/\/www.justiceinfo.net\/fr\/tribunaux\/cpi\">Cour p\u00e9nale internationale (CPI)<\/a>, bas\u00e9e \u00e0 La Haye, est comp\u00e9tente en mati\u00e8re de crime d'agression <a href=\"https:\/\/asp.icc-cpi.int\/fr\/crime-of-aggression\">depuis 2018<\/a>, mais elle ne peut pas engager de telles poursuites lorsque les \u00c9tats concern\u00e9s ne sont pas membres de la Cour. Et la Russie ne l'est pas. C'est pourquoi l'Ukraine et certains de ses alli\u00e9s font pression pour qu'une nouvelle cour soit cr\u00e9\u00e9e.<\/p>\n\n\n\n<p>Le nouveau ICPA est h\u00e9berg\u00e9 par <a href=\"https:\/\/www.justiceinfo.net\/fr\/91752-ukraine-cpi-eurojust-comment-cela-fonctionne.html\">Eurojust<\/a>, l'agence de l'Union europ\u00e9enne pour la coop\u00e9ration en mati\u00e8re de justice p\u00e9nale. Outre les repr\u00e9sentants de la justice ukrainienne, le centre b\u00e9n\u00e9ficie du soutien de l'Union europ\u00e9enne, des \u00c9tats-Unis et de la CPI. \"Le crime d'agression est la m\u00e8re de tous les crimes de guerre\", a d\u00e9clar\u00e9 Ladislav Hamran, pr\u00e9sident d'Eurojust, lors de la conf\u00e9rence de presse. En enqu\u00eatant sur ce crime, ils s'attaqueront \u00e0 \"un probl\u00e8me d'impunit\u00e9 tr\u00e8s important\", a-t-il ajout\u00e9.<\/p>\n\n\n\n<h2 class=\"wp-block-heading\">Centralisation et stockage des preuves<\/h2>\n\n\n\n<p>\"Il s'agit d'une mesure tr\u00e8s positive\", soutient Gaiane Nuridzhanian, professeure associ\u00e9e \u00e0 l'universit\u00e9 nationale de Kyiv et \u00e0 l'acad\u00e9mie Mohyla. \"La coordination des efforts est tr\u00e8s importante pour garantir l'obligation de rendre compte des diff\u00e9rents crimes internationaux commis en Ukraine\", ajoute-t-elle. \"Il est tr\u00e8s important pour la population ukrainienne que les responsables du d\u00e9clenchement et de la conduite de la guerre, ainsi que ceux qui ont commis des atrocit\u00e9s pendant la guerre, rendent des comptes\", dit Nuridzhanian.<\/p>\n\n\n\n<p>Les procureurs ukrainiens ont d\u00e9j\u00e0 commenc\u00e9 \u00e0 travailler \u00e0 Eurojust, affirme Kostin <a href=\"https:\/\/twitter.com\/AndriyKostinUa\/status\/1676122759535968257\">dans un tweet<\/a> le lendemain du lancement de l'ICPA. En plus des procureurs actuels d'Eurojust, on s'attend \u00e0 ce qu'une vingtaine d'autres personnes de diff\u00e9rents pays rejoignent le centre, selon Hamran. Le nouveau centre fonctionnera comme un m\u00e9canisme d'enqu\u00eate. Il centralisera et stockera les preuves dans la base de donn\u00e9es d'Eurojust. Les preuves seront analys\u00e9es afin de trouver et de combler d'\u00e9ventuelles lacunes. Les procureurs nationaux de Lettonie, d'Estonie, de Lituanie, de Pologne et d'Ukraine, qui travaillent d\u00e9j\u00e0 ensemble au sein d\u2019une \u00e9quipe commune d'enqu\u00eate pour l'Ukraine, seront en premi\u00e8re ligne pour mener les enqu\u00eates. La CPI et les \u00c9tats-Unis se sont \u00e9galement engag\u00e9s \u00e0 fournir des informations. Une fois qu'un dossier solide aura \u00e9t\u00e9 constitu\u00e9, il sera pr\u00eat \u00e0 \u00eatre transmis \u00e0 tout tribunal national ou international futur.<\/p>\n\n\n\n<h2 class=\"wp-block-heading\">Quel type de tribunal ?<\/h2>\n\n\n\n<p>Kostin indique que l'Ukraine a d\u00e9j\u00e0 condamn\u00e9 20 Russes par contumace pour crime d'agression et que 600 autres ont re\u00e7u une notification de suspicion. Toutefois, au niveau national, des limites demeurent lorsqu'il s'agit de gravir les \u00e9chelons de la hi\u00e9rarchie politique et militaire. Le pr\u00e9sident, le premier ministre et le ministre des affaires \u00e9trang\u00e8res d'un pays jouissent d'une immunit\u00e9 personnelle devant les juridictions nationales, explique ainsi Nuridzhanian.<\/p>\n\n\n\n<p>En g\u00e9n\u00e9ral, les tribunaux nationaux sont \u00e9galement confront\u00e9s \u00e0 des d\u00e9fis politiques. \"Les \u00c9tats et la communaut\u00e9 universitaire sont assez largement convaincus qu'il n'est pas bon qu'un pays en poursuive un autre pour un acte d'agression\", analyse <a href=\"https:\/\/www.justiceinfo.net\/fr\/110149-tout-savoir-batailler-tribunal-special-crime-agression-russie.html#\">Kevin Jon Heller<\/a>, professeur au Centre d'\u00e9tudes militaires de l'universit\u00e9 de Copenhague. L'Ukraine, en tant qu'\u00c9tat victime, a \"tout \u00e0 fait le droit moral\" et une comp\u00e9tence \u00e9vidente pour poursuivre l'agression devant ses tribunaux nationaux, souligne Heller. Mais cela peut \u00eatre \"politiquement probl\u00e9matique\" et avoir des r\u00e9percussions. C'est pourquoi \"l'agression est vraiment le type de crime qui doit \u00eatre poursuivi dans un forum international, qu'il soit international ou internationalis\u00e9\", explique-t-il.<\/p>\n\n\n\n<p><a href=\"https:\/\/www.justiceinfo.net\/fr\/110149-tout-savoir-batailler-tribunal-special-crime-agression-russie.html#\">Ces deux options divisent la communaut\u00e9 internationale<\/a> depuis le d\u00e9but du d\u00e9bat en f\u00e9vrier 2022. L'Ukraine souhaite un tribunal international soutenu par les Nations unies et son Assembl\u00e9e g\u00e9n\u00e9rale, comme l'a clairement indiqu\u00e9 Kostin lors de la conf\u00e9rence de presse. \"Le crime d'agression commis par la Russie contre l'Ukraine est un crime contre la paix et la s\u00e9curit\u00e9 mondiales et, pour combler les lacunes du droit international, nous avons besoin d'une r\u00e9ponse internationale\", a-t-il d\u00e9clar\u00e9. Mais pour ce faire, l\u2019Ukraine a besoin d'un large soutien international.<\/p>\n\n\n\n<p>Or, les \u00c9tats-Unis et les pays du G7 (Allemagne, Canada, \u00c9tats-Unis, France, Italie, Japon et Royaume-Uni) semblent plut\u00f4t favorables \u00e0 la cr\u00e9ation d'un tribunal internationalis\u00e9. Le 3 juillet \u00e0 La Haye, le procureur g\u00e9n\u00e9ral adjoint des \u00c9tats-Unis, Kenneth Polite, a exprim\u00e9 le soutien de son pays \u00e0 un \"tribunal international ancr\u00e9 dans le droit ukrainien mais qui inclut des concepts de droit international\". Le commissaire europ\u00e9en charg\u00e9 de la justice, Didier Reynders, a d\u00e9clar\u00e9 que les discussions \u00e0 ce sujet se poursuivraient entre les pays du G7.<\/p>\n\n\n\n<h2 class=\"wp-block-heading\">La coop\u00e9ration de la CPI<\/h2>\n\n\n\n<p>\"Je pense qu'il est clair que s'il doit y avoir un tribunal, ce sera un tribunal internationalis\u00e9\", estime Heller. Une cour enti\u00e8rement internationale ne re\u00e7oit pas le soutien de nombreux \u00c9tats, qui la consid\u00e8rent comme \"lourde, co\u00fbteuse et chronophage\", selon Heller, qui ajoute que certains se demandent \u00e9galement pourquoi il y aurait un tribunal pour l'Ukraine et pas pour d'autres victimes d'actes d'agression.<\/p>\n\n\n\n<p>\"\u00c0 l'avenir, la CPI devrait avoir comp\u00e9tence sur le crime d'agression\", estime Nuridzhanian. Mais pour l'instant, \"la situation en Ukraine a mis en lumi\u00e8re les lacunes de la comp\u00e9tence de la CPI en ce qui concerne ce crime\". Pour que la CPI puisse poursuivre le crime d'agression dans ce cas, il faudrait modifier le statut de la Cour. Reynders a exprim\u00e9 l'espoir qu'une telle modification soit apport\u00e9e. \"Le statut de Rome est le cadre naturel du crime d'agression\", a d\u00e9clar\u00e9 en \u00e9cho le procureur de la CPI, Karim Khan, qui assure que certains \u00c9tats semblent d\u00e9j\u00e0 dispos\u00e9s \u00e0 proposer des amendements. Mais modifier le statut de la CPI est une t\u00e2che politique tr\u00e8s ardue qui n\u00e9cessitera du temps et des n\u00e9gociations difficiles. En attendant, la CPI a donc d\u00e9clar\u00e9 qu'elle coop\u00e9rerait avec le nouveau ICPA.<\/p>\n\n\n\n<p>Hamran remet l'accent sur le travail du centre : \"Nous disposons d'une \u00e9norme quantit\u00e9 de preuves disponibles dans diff\u00e9rentes juridictions\", dit-il. Il mentionne les vid\u00e9os, les photographies a\u00e9riennes, les communications intercept\u00e9es, les donn\u00e9es des t\u00e9l\u00e9phones portables, etc. \"Jamais dans l'histoire nous n'avons eu autant de preuves de l'agression.\" Et la collecte et l'analyse de tous ces \u00e9l\u00e9ments n\u00e9cessitent \"un effort consid\u00e9rable\".<\/p>\n\n\n\n<h2 class=\"wp-block-heading\" id=\"h-prouver-la-responsabilite-penale\">Prouver la responsabilit\u00e9 p\u00e9nale&nbsp;<\/h2>\n\n\n\n<p>\"Un autre grand d\u00e9fi \u00e0 relever\", dit Hamran, est de s'assurer que toutes les preuves sont recevables et que tous les \u00e9l\u00e9ments du crime sont correctement document\u00e9s. Ce crime comporte en fait deux volets, explique Heller. Premi\u00e8rement, il faut trouver un \u00e9tat d'agression active \"et c'est facile ici parce qu'il s'agit d'une invasion non provoqu\u00e9e impliquant des centaines de milliers de soldats\", dit-il. Deuxi\u00e8mement, il faut trouver des preuves permettant de d\u00e9terminer qui est p\u00e9nalement responsable de ces actes. Cela signifie qu'il faut montrer que la personne occupait une position de leadership et pouvait contr\u00f4ler directement les d\u00e9cisions militaires ou politiques de l'\u00c9tat. Il faut ensuite \u00e9tablir qu'un groupe d'individus \"a en fait particip\u00e9 \u00e0 la planification, \u00e0 la pr\u00e9paration, au d\u00e9clenchement ou \u00e0 la mise en \u0153uvre de l'acte d'agression\", poursuit Heller. \"Ce sont les parties les plus obscures.\"<\/p>\n\n\n\n<p>Il ne sera pas facile de constituer des dossiers d'agression pour un grand nombre de personnes, souligne Heller. Il pourrait \u00eatre facile de trouver des preuves contre le pr\u00e9sident russe Vladimir Poutine, le premier ministre Michail Mi\u0161ustin, le ministre des affaires \u00e9trang\u00e8res Sergej Lavrov et les g\u00e9n\u00e9raux les plus haut grad\u00e9s. Mais pour beaucoup d'autres, \"il est plus difficile d'obtenir des preuves de la responsabilit\u00e9 individuelle, principalement parce qu'il n'y a pas de preuves en dehors de la Russie\", selon Heller. \"Toutes les preuves de l'agression sont enferm\u00e9es dans des classeurs et des archives \u00e0 Moscou.\"<\/p>\n\n\n<div class=\"articleLink articleLink--editorRecommanded articleLink--textInImage articleLink--textTop\" style=\"\">\r\n\t\t\t\t\t\r\n\t\t\t<div class=\"articleLinkSurTitle\">Recommand\u00e9 par la r\u00e9daction<\/div>\r\n\t\t\t<a class=\"articleLinkImageLink\" href=\"https:\/\/www.justiceinfo.net\/fr\/91115-nuremberg-crime-agression-russie.html\"><div class=\"articleLinkImageContainer \"><img loading=\"lazy\" decoding=\"async\" width=\"540\" height=\"360\" src=\"https:\/\/www.justiceinfo.net\/wp-content\/uploads\/Ukraine-Russia_protest-russian-agression-australia_@Saeed-Khan-AFP-540x360.jpg\" class=\"articleLinkImage backgroundImageTag w-100 wp-post-image\" alt=\"Pancarte, lors d&#039;une manifestation, sur laquelle il est \u00e9crit &quot;Stop russian agression in Ukraine&quot;.\" srcset=\"https:\/\/www.justiceinfo.net\/wp-content\/uploads\/Ukraine-Russia_protest-russian-agression-australia_@Saeed-Khan-AFP-540x360.jpg 540w, https:\/\/www.justiceinfo.net\/wp-content\/uploads\/Ukraine-Russia_protest-russian-agression-australia_@Saeed-Khan-AFP-730x487.jpg 730w, https:\/\/www.justiceinfo.net\/wp-content\/uploads\/Ukraine-Russia_protest-russian-agression-australia_@Saeed-Khan-AFP-1110x740.jpg 1110w, https:\/\/www.justiceinfo.net\/wp-content\/uploads\/Ukraine-Russia_protest-russian-agression-australia_@Saeed-Khan-AFP.jpg 1200w\" sizes=\"auto, (max-width: 540px) 100vw, 540px\" \/><\/div><\/a>\r\n\t\t\t<a href=\"https:\/\/www.justiceinfo.net\/fr\/91115-nuremberg-crime-agression-russie.html\" class=\"articleLinkTitle articleLinkTitle--default\">\r\n\t\t\tUn Nuremberg pour le crime d'agression de la Russie ?\r\n\t\t<\/a>\r\n\t\t\r\n\t\t\t\t<\/div>\n","protected":false},"excerpt":{"rendered":"<p>Toute nouvelle institution en justice internationale doit se trouver dans la ville n\u00e9erlandaise de La Haye. Le 3 juillet, un nouveau venu y a fait son apparition : le Centre international pour la poursuite du crime d'agression (ICPA). L'Ukraine et un certain nombre de ses alli\u00e9s occidentaux esp\u00e8rent qu'il s'agit l\u00e0 d'un premier pas vers [&hellip;]<\/p>\n","protected":false},"author":97,"featured_media":119051,"comment_status":"open","ping_status":"closed","sticky":false,"template":"","format":"standard","meta":{"_acf_changed":false,"footnotes":""},"categories":[556],"tags":[3239,3319],"ji_location":[2566,2532],"class_list":["post-119046","post","type-post","status-publish","format-standard","has-post-thumbnail","hentry","category-divers","tag-crime-agression","tag-eurojust","ji_location-international","ji_location-ukraine"],"acf":[],"yoast_head":"<!-- This site is optimized with the Yoast SEO Premium plugin v25.3.1 (Yoast SEO v25.3.1) - https:\/\/yoast.com\/wordpress\/plugins\/seo\/ -->\n<title>ICPA : un nouvel outil contre le crime d&#039;agression russe en Ukraine<\/title>\n<meta name=\"description\" content=\"Le Centre international pour la poursuite du crime d&#039;agression en Ukraine (ICPA) a \u00e9t\u00e9 cr\u00e9\u00e9 en juillet 2023 pour collecter des preuves. Comment \u00e7a marche ?\" \/>\n<meta name=\"robots\" content=\"index, follow, max-snippet:-1, max-image-preview:large, max-video-preview:-1\" \/>\n<link rel=\"canonical\" href=\"https:\/\/www.justiceinfo.net\/fr\/119046-icpa-petit-nouveau-capitale-mondiale-justice-internationale.html\" \/>\n<meta property=\"og:locale\" content=\"fr_FR\" \/>\n<meta property=\"og:type\" content=\"article\" \/>\n<meta property=\"og:title\" content=\"L&#039;ICPA, le petit nouveau dans la capitale mondiale de la justice internationale\" \/>\n<meta property=\"og:description\" content=\"Le Centre international pour la poursuite du crime d&#039;agression en Ukraine (ICPA) a \u00e9t\u00e9 cr\u00e9\u00e9 en juillet 2023 pour collecter des preuves. Comment \u00e7a marche ?\" \/>\n<meta property=\"og:url\" content=\"https:\/\/www.justiceinfo.net\/fr\/119046-icpa-petit-nouveau-capitale-mondiale-justice-internationale.html\" \/>\n<meta property=\"og:site_name\" content=\"JusticeInfo.net\" \/>\n<meta property=\"article:publisher\" content=\"https:\/\/www.facebook.com\/JusticeInfo\/\" \/>\n<meta property=\"article:published_time\" content=\"2023-07-07T09:08:45+00:00\" \/>\n<meta property=\"article:modified_time\" content=\"2023-07-07T16:41:54+00:00\" \/>\n<meta property=\"og:image\" content=\"https:\/\/www.justiceinfo.net\/wp-content\/uploads\/Ukraine_ICPA-creation-Eurojust-the-Hague_@Koen-Van-Weel-ANP-AFP.jpg\" \/>\n\t<meta property=\"og:image:width\" content=\"1200\" \/>\n\t<meta property=\"og:image:height\" content=\"669\" \/>\n\t<meta property=\"og:image:type\" content=\"image\/jpeg\" \/>\n<meta name=\"author\" content=\"Margherita Capacci\" \/>\n<meta name=\"twitter:card\" content=\"summary_large_image\" \/>\n<meta name=\"twitter:creator\" content=\"@MargheritaCapa3\" \/>\n<meta name=\"twitter:site\" content=\"@justiceinfonet\" \/>\n<meta name=\"twitter:label1\" content=\"\u00c9crit par\" \/>\n\t<meta name=\"twitter:data1\" content=\"Margherita Capacci\" \/>\n\t<meta name=\"twitter:label2\" content=\"Dur\u00e9e de lecture estim\u00e9e\" \/>\n\t<meta name=\"twitter:data2\" content=\"8 minutes\" \/>\n<script type=\"application\/ld+json\" class=\"yoast-schema-graph\">{\"@context\":\"https:\/\/schema.org\",\"@graph\":[{\"@type\":\"NewsArticle\",\"@id\":\"https:\/\/www.justiceinfo.net\/fr\/119046-icpa-petit-nouveau-capitale-mondiale-justice-internationale.html#article\",\"isPartOf\":{\"@id\":\"https:\/\/www.justiceinfo.net\/fr\/119046-icpa-petit-nouveau-capitale-mondiale-justice-internationale.html\"},\"author\":{\"name\":\"Margherita Capacci\",\"@id\":\"https:\/\/www.justiceinfo.net\/fr#\/schema\/person\/4ca36917f8c61d75291a0c5dd9b78bd0\"},\"headline\":\"L'ICPA, le petit nouveau dans la capitale mondiale de la justice internationale\",\"datePublished\":\"2023-07-07T09:08:45+00:00\",\"dateModified\":\"2023-07-07T16:41:54+00:00\",\"mainEntityOfPage\":{\"@id\":\"https:\/\/www.justiceinfo.net\/fr\/119046-icpa-petit-nouveau-capitale-mondiale-justice-internationale.html\"},\"wordCount\":1711,\"commentCount\":0,\"publisher\":{\"@id\":\"https:\/\/www.justiceinfo.net\/fr#organization\"},\"image\":{\"@id\":\"https:\/\/www.justiceinfo.net\/fr\/119046-icpa-petit-nouveau-capitale-mondiale-justice-internationale.html#primaryimage\"},\"thumbnailUrl\":\"https:\/\/www.justiceinfo.net\/wp-content\/uploads\/Ukraine_ICPA-creation-Eurojust-the-Hague_@Koen-Van-Weel-ANP-AFP.jpg\",\"keywords\":[\"crime d'agression\",\"Eurojust\"],\"articleSection\":[\"Divers\"],\"inLanguage\":\"fr-FR\",\"potentialAction\":[{\"@type\":\"CommentAction\",\"name\":\"Comment\",\"target\":[\"https:\/\/www.justiceinfo.net\/fr\/119046-icpa-petit-nouveau-capitale-mondiale-justice-internationale.html#respond\"]}]},{\"@type\":\"WebPage\",\"@id\":\"https:\/\/www.justiceinfo.net\/fr\/119046-icpa-petit-nouveau-capitale-mondiale-justice-internationale.html\",\"url\":\"https:\/\/www.justiceinfo.net\/fr\/119046-icpa-petit-nouveau-capitale-mondiale-justice-internationale.html\",\"name\":\"ICPA : un nouvel outil contre le crime d'agression russe en Ukraine\",\"isPartOf\":{\"@id\":\"https:\/\/www.justiceinfo.net\/fr#website\"},\"primaryImageOfPage\":{\"@id\":\"https:\/\/www.justiceinfo.net\/fr\/119046-icpa-petit-nouveau-capitale-mondiale-justice-internationale.html#primaryimage\"},\"image\":{\"@id\":\"https:\/\/www.justiceinfo.net\/fr\/119046-icpa-petit-nouveau-capitale-mondiale-justice-internationale.html#primaryimage\"},\"thumbnailUrl\":\"https:\/\/www.justiceinfo.net\/wp-content\/uploads\/Ukraine_ICPA-creation-Eurojust-the-Hague_@Koen-Van-Weel-ANP-AFP.jpg\",\"datePublished\":\"2023-07-07T09:08:45+00:00\",\"dateModified\":\"2023-07-07T16:41:54+00:00\",\"description\":\"Le Centre international pour la poursuite du crime d'agression en Ukraine (ICPA) a \u00e9t\u00e9 cr\u00e9\u00e9 en juillet 2023 pour collecter des preuves. Comment \u00e7a marche ?\",\"breadcrumb\":{\"@id\":\"https:\/\/www.justiceinfo.net\/fr\/119046-icpa-petit-nouveau-capitale-mondiale-justice-internationale.html#breadcrumb\"},\"inLanguage\":\"fr-FR\",\"potentialAction\":[{\"@type\":\"ReadAction\",\"target\":[\"https:\/\/www.justiceinfo.net\/fr\/119046-icpa-petit-nouveau-capitale-mondiale-justice-internationale.html\"]}]},{\"@type\":\"ImageObject\",\"inLanguage\":\"fr-FR\",\"@id\":\"https:\/\/www.justiceinfo.net\/fr\/119046-icpa-petit-nouveau-capitale-mondiale-justice-internationale.html#primaryimage\",\"url\":\"https:\/\/www.justiceinfo.net\/wp-content\/uploads\/Ukraine_ICPA-creation-Eurojust-the-Hague_@Koen-Van-Weel-ANP-AFP.jpg\",\"contentUrl\":\"https:\/\/www.justiceinfo.net\/wp-content\/uploads\/Ukraine_ICPA-creation-Eurojust-the-Hague_@Koen-Van-Weel-ANP-AFP.jpg\",\"width\":1200,\"height\":669,\"caption\":\"Lors de la conf\u00e9rence de presse annon\u00e7ant le lancement du Centre international pour la poursuite du crime d'agression contre l'Ukraine (ICPA) ,\u00e0 La Haye le 3 juillet, de gauche \u00e0 droite : le procureur de la Cour p\u00e9nale internationale Karim Khan, le commissaire europ\u00e9en \u00e0 la justice Didier Reynders, le pr\u00e9sident d'Eurojust Ladislav Hamran, le procureur g\u00e9n\u00e9ral de l'Ukraine Andriy Kostin et le procureur g\u00e9n\u00e9ral adjoint des Etats-Unis Kenneth A. Polite Jr. \u00a9 Koen Van Weel \/ ANP \/ AFP\"},{\"@type\":\"BreadcrumbList\",\"@id\":\"https:\/\/www.justiceinfo.net\/fr\/119046-icpa-petit-nouveau-capitale-mondiale-justice-internationale.html#breadcrumb\",\"itemListElement\":[{\"@type\":\"ListItem\",\"position\":1,\"name\":\"Home\",\"item\":\"https:\/\/www.justiceinfo.net\/fr\"},{\"@type\":\"ListItem\",\"position\":2,\"name\":\"2532\"}]},{\"@type\":\"WebSite\",\"@id\":\"https:\/\/www.justiceinfo.net\/fr#website\",\"url\":\"https:\/\/www.justiceinfo.net\/fr\",\"name\":\"JusticeInfo.net\",\"description\":\"La justice doit \u00eatre vue pour \u00eatre rendue\",\"publisher\":{\"@id\":\"https:\/\/www.justiceinfo.net\/fr#organization\"},\"potentialAction\":[{\"@type\":\"SearchAction\",\"target\":{\"@type\":\"EntryPoint\",\"urlTemplate\":\"https:\/\/www.justiceinfo.net\/fr?s={search_term_string}\"},\"query-input\":{\"@type\":\"PropertyValueSpecification\",\"valueRequired\":true,\"valueName\":\"search_term_string\"}}],\"inLanguage\":\"fr-FR\"},{\"@type\":\"Organization\",\"@id\":\"https:\/\/www.justiceinfo.net\/fr#organization\",\"name\":\"Justice Info\",\"url\":\"https:\/\/www.justiceinfo.net\/fr\",\"logo\":{\"@type\":\"ImageObject\",\"inLanguage\":\"fr-FR\",\"@id\":\"https:\/\/www.justiceinfo.net\/fr#\/schema\/logo\/image\/\",\"url\":\"https:\/\/www.justiceinfo.net\/wp-content\/uploads\/justiceinfo_logo-trans_1200x1200px.png\",\"contentUrl\":\"https:\/\/www.justiceinfo.net\/wp-content\/uploads\/justiceinfo_logo-trans_1200x1200px.png\",\"width\":1199,\"height\":1200,\"caption\":\"Justice Info\"},\"image\":{\"@id\":\"https:\/\/www.justiceinfo.net\/fr#\/schema\/logo\/image\/\"},\"sameAs\":[\"https:\/\/www.facebook.com\/JusticeInfo\/\",\"https:\/\/x.com\/justiceinfonet\",\"https:\/\/www.linkedin.com\/company\/justice-info\",\"https:\/\/www.youtube.com\/channel\/UCyCEsARodyuWtkWyhn-e7pA\"]},{\"@type\":\"Person\",\"name\":\"Margherita Capacci\",\"sameAs\":[\"https:\/\/x.com\/MargheritaCapa3\"],\"url\":\"https:\/\/www.justiceinfo.net\/fr\/auteur\/margheritacapacci\"}]}<\/script>\n<!-- \/ Yoast SEO Premium plugin. -->","yoast_head_json":{"title":"ICPA : un nouvel outil contre le crime d'agression russe en Ukraine","description":"Le Centre international pour la poursuite du crime d'agression en Ukraine (ICPA) a \u00e9t\u00e9 cr\u00e9\u00e9 en juillet 2023 pour collecter des preuves. Comment \u00e7a marche ?","robots":{"index":"index","follow":"follow","max-snippet":"max-snippet:-1","max-image-preview":"max-image-preview:large","max-video-preview":"max-video-preview:-1"},"canonical":"https:\/\/www.justiceinfo.net\/fr\/119046-icpa-petit-nouveau-capitale-mondiale-justice-internationale.html","og_locale":"fr_FR","og_type":"article","og_title":"L'ICPA, le petit nouveau dans la capitale mondiale de la justice internationale","og_description":"Le Centre international pour la poursuite du crime d'agression en Ukraine (ICPA) a \u00e9t\u00e9 cr\u00e9\u00e9 en juillet 2023 pour collecter des preuves. Comment \u00e7a marche ?","og_url":"https:\/\/www.justiceinfo.net\/fr\/119046-icpa-petit-nouveau-capitale-mondiale-justice-internationale.html","og_site_name":"JusticeInfo.net","article_publisher":"https:\/\/www.facebook.com\/JusticeInfo\/","article_published_time":"2023-07-07T09:08:45+00:00","article_modified_time":"2023-07-07T16:41:54+00:00","og_image":[{"width":1200,"height":669,"url":"https:\/\/www.justiceinfo.net\/wp-content\/uploads\/Ukraine_ICPA-creation-Eurojust-the-Hague_@Koen-Van-Weel-ANP-AFP.jpg","type":"image\/jpeg"}],"author":"Margherita Capacci","twitter_card":"summary_large_image","twitter_creator":"@MargheritaCapa3","twitter_site":"@justiceinfonet","twitter_misc":{"\u00c9crit par":"Margherita Capacci","Dur\u00e9e de lecture estim\u00e9e":"8 minutes"},"schema":{"@context":"https:\/\/schema.org","@graph":[{"@type":"NewsArticle","@id":"https:\/\/www.justiceinfo.net\/fr\/119046-icpa-petit-nouveau-capitale-mondiale-justice-internationale.html#article","isPartOf":{"@id":"https:\/\/www.justiceinfo.net\/fr\/119046-icpa-petit-nouveau-capitale-mondiale-justice-internationale.html"},"author":{"name":"Margherita Capacci","@id":"https:\/\/www.justiceinfo.net\/fr#\/schema\/person\/4ca36917f8c61d75291a0c5dd9b78bd0"},"headline":"L'ICPA, le petit nouveau dans la capitale mondiale de la justice internationale","datePublished":"2023-07-07T09:08:45+00:00","dateModified":"2023-07-07T16:41:54+00:00","mainEntityOfPage":{"@id":"https:\/\/www.justiceinfo.net\/fr\/119046-icpa-petit-nouveau-capitale-mondiale-justice-internationale.html"},"wordCount":1711,"commentCount":0,"publisher":{"@id":"https:\/\/www.justiceinfo.net\/fr#organization"},"image":{"@id":"https:\/\/www.justiceinfo.net\/fr\/119046-icpa-petit-nouveau-capitale-mondiale-justice-internationale.html#primaryimage"},"thumbnailUrl":"https:\/\/www.justiceinfo.net\/wp-content\/uploads\/Ukraine_ICPA-creation-Eurojust-the-Hague_@Koen-Van-Weel-ANP-AFP.jpg","keywords":["crime d'agression","Eurojust"],"articleSection":["Divers"],"inLanguage":"fr-FR","potentialAction":[{"@type":"CommentAction","name":"Comment","target":["https:\/\/www.justiceinfo.net\/fr\/119046-icpa-petit-nouveau-capitale-mondiale-justice-internationale.html#respond"]}]},{"@type":"WebPage","@id":"https:\/\/www.justiceinfo.net\/fr\/119046-icpa-petit-nouveau-capitale-mondiale-justice-internationale.html","url":"https:\/\/www.justiceinfo.net\/fr\/119046-icpa-petit-nouveau-capitale-mondiale-justice-internationale.html","name":"ICPA : un nouvel outil contre le crime d'agression russe en Ukraine","isPartOf":{"@id":"https:\/\/www.justiceinfo.net\/fr#website"},"primaryImageOfPage":{"@id":"https:\/\/www.justiceinfo.net\/fr\/119046-icpa-petit-nouveau-capitale-mondiale-justice-internationale.html#primaryimage"},"image":{"@id":"https:\/\/www.justiceinfo.net\/fr\/119046-icpa-petit-nouveau-capitale-mondiale-justice-internationale.html#primaryimage"},"thumbnailUrl":"https:\/\/www.justiceinfo.net\/wp-content\/uploads\/Ukraine_ICPA-creation-Eurojust-the-Hague_@Koen-Van-Weel-ANP-AFP.jpg","datePublished":"2023-07-07T09:08:45+00:00","dateModified":"2023-07-07T16:41:54+00:00","description":"Le Centre international pour la poursuite du crime d'agression en Ukraine (ICPA) a \u00e9t\u00e9 cr\u00e9\u00e9 en juillet 2023 pour collecter des preuves. Comment \u00e7a marche ?","breadcrumb":{"@id":"https:\/\/www.justiceinfo.net\/fr\/119046-icpa-petit-nouveau-capitale-mondiale-justice-internationale.html#breadcrumb"},"inLanguage":"fr-FR","potentialAction":[{"@type":"ReadAction","target":["https:\/\/www.justiceinfo.net\/fr\/119046-icpa-petit-nouveau-capitale-mondiale-justice-internationale.html"]}]},{"@type":"ImageObject","inLanguage":"fr-FR","@id":"https:\/\/www.justiceinfo.net\/fr\/119046-icpa-petit-nouveau-capitale-mondiale-justice-internationale.html#primaryimage","url":"https:\/\/www.justiceinfo.net\/wp-content\/uploads\/Ukraine_ICPA-creation-Eurojust-the-Hague_@Koen-Van-Weel-ANP-AFP.jpg","contentUrl":"https:\/\/www.justiceinfo.net\/wp-content\/uploads\/Ukraine_ICPA-creation-Eurojust-the-Hague_@Koen-Van-Weel-ANP-AFP.jpg","width":1200,"height":669,"caption":"Lors de la conf\u00e9rence de presse annon\u00e7ant le lancement du Centre international pour la poursuite du crime d'agression contre l'Ukraine (ICPA) ,\u00e0 La Haye le 3 juillet, de gauche \u00e0 droite : le procureur de la Cour p\u00e9nale internationale Karim Khan, le commissaire europ\u00e9en \u00e0 la justice Didier Reynders, le pr\u00e9sident d'Eurojust Ladislav Hamran, le procureur g\u00e9n\u00e9ral de l'Ukraine Andriy Kostin et le procureur g\u00e9n\u00e9ral adjoint des Etats-Unis Kenneth A. Polite Jr. \u00a9 Koen Van Weel \/ ANP \/ AFP"},{"@type":"BreadcrumbList","@id":"https:\/\/www.justiceinfo.net\/fr\/119046-icpa-petit-nouveau-capitale-mondiale-justice-internationale.html#breadcrumb","itemListElement":[{"@type":"ListItem","position":1,"name":"Home","item":"https:\/\/www.justiceinfo.net\/fr"},{"@type":"ListItem","position":2,"name":"2532"}]},{"@type":"WebSite","@id":"https:\/\/www.justiceinfo.net\/fr#website","url":"https:\/\/www.justiceinfo.net\/fr","name":"JusticeInfo.net","description":"La justice doit \u00eatre vue pour \u00eatre rendue","publisher":{"@id":"https:\/\/www.justiceinfo.net\/fr#organization"},"potentialAction":[{"@type":"SearchAction","target":{"@type":"EntryPoint","urlTemplate":"https:\/\/www.justiceinfo.net\/fr?s={search_term_string}"},"query-input":{"@type":"PropertyValueSpecification","valueRequired":true,"valueName":"search_term_string"}}],"inLanguage":"fr-FR"},{"@type":"Organization","@id":"https:\/\/www.justiceinfo.net\/fr#organization","name":"Justice Info","url":"https:\/\/www.justiceinfo.net\/fr","logo":{"@type":"ImageObject","inLanguage":"fr-FR","@id":"https:\/\/www.justiceinfo.net\/fr#\/schema\/logo\/image\/","url":"https:\/\/www.justiceinfo.net\/wp-content\/uploads\/justiceinfo_logo-trans_1200x1200px.png","contentUrl":"https:\/\/www.justiceinfo.net\/wp-content\/uploads\/justiceinfo_logo-trans_1200x1200px.png","width":1199,"height":1200,"caption":"Justice Info"},"image":{"@id":"https:\/\/www.justiceinfo.net\/fr#\/schema\/logo\/image\/"},"sameAs":["https:\/\/www.facebook.com\/JusticeInfo\/","https:\/\/x.com\/justiceinfonet","https:\/\/www.linkedin.com\/company\/justice-info","https:\/\/www.youtube.com\/channel\/UCyCEsARodyuWtkWyhn-e7pA"]},{"@type":"Person","name":"Margherita Capacci","sameAs":["https:\/\/x.com\/MargheritaCapa3"],"url":"https:\/\/www.justiceinfo.net\/fr\/auteur\/margheritacapacci"}]}},"_links":{"self":[{"href":"https:\/\/www.justiceinfo.net\/fr\/wp-json\/wp\/v2\/posts\/119046","targetHints":{"allow":["GET"]}}],"collection":[{"href":"https:\/\/www.justiceinfo.net\/fr\/wp-json\/wp\/v2\/posts"}],"about":[{"href":"https:\/\/www.justiceinfo.net\/fr\/wp-json\/wp\/v2\/types\/post"}],"author":[{"embeddable":true,"href":"https:\/\/www.justiceinfo.net\/fr\/wp-json\/wp\/v2\/users\/97"}],"replies":[{"embeddable":true,"href":"https:\/\/www.justiceinfo.net\/fr\/wp-json\/wp\/v2\/comments?post=119046"}],"version-history":[{"count":9,"href":"https:\/\/www.justiceinfo.net\/fr\/wp-json\/wp\/v2\/posts\/119046\/revisions"}],"predecessor-version":[{"id":119069,"href":"https:\/\/www.justiceinfo.net\/fr\/wp-json\/wp\/v2\/posts\/119046\/revisions\/119069"}],"wp:featuredmedia":[{"embeddable":true,"href":"https:\/\/www.justiceinfo.net\/fr\/wp-json\/wp\/v2\/media\/119051"}],"wp:attachment":[{"href":"https:\/\/www.justiceinfo.net\/fr\/wp-json\/wp\/v2\/media?parent=119046"}],"wp:term":[{"taxonomy":"category","embeddable":true,"href":"https:\/\/www.justiceinfo.net\/fr\/wp-json\/wp\/v2\/categories?post=119046"},{"taxonomy":"post_tag","embeddable":true,"href":"https:\/\/www.justiceinfo.net\/fr\/wp-json\/wp\/v2\/tags?post=119046"},{"taxonomy":"ji_location","embeddable":true,"href":"https:\/\/www.justiceinfo.net\/fr\/wp-json\/wp\/v2\/ji_location?post=119046"}],"curies":[{"name":"wp","href":"https:\/\/api.w.org\/{rel}","templated":true}]}}