{"id":11920,"date":"2010-03-17T00:00:00","date_gmt":"2010-03-16T23:00:00","guid":{"rendered":"https:\/\/www.justiceinfo.net\/11920-170310-tpirgatete-des-civils-rwandais-et-burundais-entraines-dans-un-camp-militaire-temoin8728.html"},"modified":"2010-03-17T00:00:00","modified_gmt":"2010-03-16T23:00:00","slug":"170310-tpirgatete-des-civils-rwandais-et-burundais-entraines-dans-un-camp-militaire-temoin8728","status":"publish","type":"post","link":"https:\/\/www.justiceinfo.net\/fr\/11920-170310-tpirgatete-des-civils-rwandais-et-burundais-entraines-dans-un-camp-militaire-temoin8728.html","title":{"rendered":"17.03.10 - TPIR\/GATETE - DES CIVILS RWANDAIS ET BURUNDAIS ENTRAINES DANS UN CAMP MILITAIRE (TEMOIN)"},"content":{"rendered":"<p >\nArusha, 17 mars 2010 (FH) - Un homme de troupe de l'ancienne arm&eacute;e rwandaise a affirm&eacute; mercredi au Tribunal p&eacute;nal international pour le Rwanda (TPIR) que des civils rwandais et burundais avaient re&ccedil;u un entra&icirc;nement militaire, quelques mois avant le g&eacute;nocide, au camp Gabiro, dans l'est du pays.\n<\/p>\n<p><!--more--><\/p>\n<p >\n<p >\nAugustin Habakubaho, qui avait alors le grade de soldat de premi&egrave;re classe, a n&eacute;anmoins ni&eacute; que des soldats fran&ccedil;ais y aient jou&eacute; un r&ocirc;le.\n<\/p>\n<p >\nLe t&eacute;moin &eacute;tait cit&eacute; pour la d&eacute;fense de Jean Baptiste Gatete, ancien maire de Murambi et ancien directeur au minist&egrave;re de la Famille et de la promotion f&eacute;minine, qui est notamment accus&eacute; de s'&ecirc;tre entendu avec des militaires pour commettre le g&eacute;nocide dans l'est du Rwanda.\n<\/p>\n<p >\n&laquo;Des Interahamwe y ont &eacute;t&eacute; entra&icirc;n&eacute;s (...) entre fin 1993 et d&eacute;but 1994 ; j'en ai &eacute;t&eacute; t&eacute;moin ; je connais les instructeurs qui ont dispens&eacute; l'entra&icirc;nement &raquo;, a affirm&eacute; l'ancien militaire, pr&eacute;cisant que ces miliciens se chiffraient &agrave; &laquo; 300 ou 400 personnes &raquo;.\n<\/p>\n<p >\n&laquo; Je me suis entretenu avec eux, ils m'ont dit qu'ils venaient de Kigali &raquo;, a-t-il poursuivi.\n<\/p>\n<p >\nA Drew White, du bureau du procureur, qui lui demandait si des soldats fran&ccedil;ais avaient particip&eacute; &agrave; cette formation, il a r&eacute;pondu par la n&eacute;gative. &laquo; Cela n'est pas exact &raquo;, a-t-il dit.\n<\/p>\n<p >\nToujours selon Habakubaho, un groupe de &laquo; 100 &agrave; 150 civils burundais &raquo; a &eacute;galement b&eacute;n&eacute;fici&eacute; d'un entra&icirc;nement militaire au camp Gabiro, apr&egrave;s les miliciens rwandais.\n<\/p>\n<p >\nNiant que ces civils rwandais ou burundais aient re&ccedil;u des armes au terme de la formation, il a admis que cet entra&icirc;nement n'aurait pas pu se faire &agrave; l'insu du commandant du secteur Mutara, le lieutenant-colonel L&eacute;onard Nkundiye - d&eacute;c&eacute;d&eacute;- dont l'&eacute;tat-major &eacute;tait bas&eacute; au camp Gabiro.\n<\/p>\n<p >\nCe t&eacute;moignage n'est cependant pas entr&eacute; au c&oelig;ur des all&eacute;gations factuelles contre Gatete.\n<\/p>\n<p >\nPendant le g&eacute;nocide de 1994, l'accus&eacute; &eacute;tait directeur au minist&egrave;re de la Famille, un poste auquel il avait &eacute;t&eacute; nomm&eacute; une ann&eacute;e auparavant apr&egrave;s avoir dirig&eacute; d'une main de fer sa commune natale Murambi, qui abritait le camp Gabiro et faisait partie de la pr&eacute;fecture de Byumba (nord-est).\n<\/p>\n<p >\nLe procureur soutient n&eacute;anmoins que Gatete continuait d'exercer son influence sur la police communale, les milices et les gendarmes, non seulement dans la pr&eacute;fecture de Byumba, mais aussi dans celle, voisine, de Kibungo (est). Ce que nie l'inculp&eacute;.\n<\/p>\n<p >\n<p >\nER\/GF\n<\/p>\n<p>\n&copy; Agence Hirondelle<\/p>\n","protected":false},"excerpt":{"rendered":"<p>Arusha, 17 mars 2010 (FH) - Un homme de troupe de l'ancienne arm&eacute;e rwandaise a affirm&eacute; mercredi au Tribunal p&eacute;nal international pour le Rwanda (TPIR) que des civils rwandais et burundais avaient re&ccedil;u un entra&icirc;nement militaire, quelques mois avant le g&eacute;nocide, au camp Gabiro, dans l'est du pays.<\/p>\n","protected":false},"author":64,"featured_media":0,"comment_status":"open","ping_status":"closed","sticky":false,"template":"","format":"standard","meta":{"_acf_changed":false,"footnotes":""},"categories":[554],"tags":[],"ji_location":[],"class_list":["post-11920","post","type-post","status-publish","format-standard","hentry","category-hirondellenews"],"acf":[],"yoast_head":"<!-- This site is optimized with the Yoast SEO Premium plugin v25.3.1 (Yoast SEO v25.3.1) - https:\/\/yoast.com\/wordpress\/plugins\/seo\/ -->\n<title>17.03.10 - TPIR\/GATETE - DES CIVILS RWANDAIS ET BURUNDAIS ENTRAINES DANS UN CAMP MILITAIRE (TEMOIN) - JusticeInfo.net<\/title>\n<meta name=\"robots\" content=\"index, follow, max-snippet:-1, max-image-preview:large, max-video-preview:-1\" \/>\n<link rel=\"canonical\" href=\"https:\/\/www.justiceinfo.net\/fr\/11920-170310-tpirgatete-des-civils-rwandais-et-burundais-entraines-dans-un-camp-militaire-temoin8728.html\" \/>\n<meta property=\"og:locale\" content=\"fr_FR\" \/>\n<meta property=\"og:type\" content=\"article\" \/>\n<meta property=\"og:title\" content=\"17.03.10 - TPIR\/GATETE - DES CIVILS RWANDAIS ET BURUNDAIS ENTRAINES DANS UN CAMP MILITAIRE (TEMOIN)\" \/>\n<meta property=\"og:description\" content=\"Arusha, 17 mars 2010 (FH) - Un homme de troupe de l&#039;ancienne arm&eacute;e rwandaise a affirm&eacute; mercredi au Tribunal p&eacute;nal international pour le Rwanda (TPIR) que des civils rwandais et burundais avaient re&ccedil;u un entra&icirc;nement militaire, quelques mois avant le g&eacute;nocide, au camp Gabiro, dans l&#039;est du pays.\" \/>\n<meta property=\"og:url\" content=\"https:\/\/www.justiceinfo.net\/fr\/11920-170310-tpirgatete-des-civils-rwandais-et-burundais-entraines-dans-un-camp-militaire-temoin8728.html\" \/>\n<meta property=\"og:site_name\" content=\"JusticeInfo.net\" \/>\n<meta property=\"article:publisher\" content=\"https:\/\/www.facebook.com\/JusticeInfo\/\" \/>\n<meta property=\"article:published_time\" content=\"2010-03-16T23:00:00+00:00\" \/>\n<meta property=\"og:image\" content=\"https:\/\/www.justiceinfo.net\/wp-content\/uploads\/JusticeInfoNet_logo_1200x630px.jpg\" \/>\n\t<meta property=\"og:image:width\" content=\"1200\" \/>\n\t<meta property=\"og:image:height\" content=\"630\" \/>\n\t<meta property=\"og:image:type\" content=\"image\/jpeg\" \/>\n<meta name=\"author\" content=\"solivri\" \/>\n<meta name=\"twitter:card\" content=\"summary_large_image\" \/>\n<meta name=\"twitter:creator\" content=\"@justiceinfonet\" \/>\n<meta name=\"twitter:site\" content=\"@justiceinfonet\" \/>\n<meta name=\"twitter:label1\" content=\"\u00c9crit par\" \/>\n\t<meta name=\"twitter:data1\" content=\"solivri\" \/>\n\t<meta name=\"twitter:label2\" content=\"Dur\u00e9e de lecture estim\u00e9e\" \/>\n\t<meta name=\"twitter:data2\" content=\"2 minutes\" \/>\n<script type=\"application\/ld+json\" class=\"yoast-schema-graph\">{\"@context\":\"https:\/\/schema.org\",\"@graph\":[{\"@type\":\"NewsArticle\",\"@id\":\"https:\/\/www.justiceinfo.net\/fr\/11920-170310-tpirgatete-des-civils-rwandais-et-burundais-entraines-dans-un-camp-militaire-temoin8728.html#article\",\"isPartOf\":{\"@id\":\"https:\/\/www.justiceinfo.net\/fr\/11920-170310-tpirgatete-des-civils-rwandais-et-burundais-entraines-dans-un-camp-militaire-temoin8728.html\"},\"author\":{\"name\":\"solivri\",\"@id\":\"https:\/\/www.justiceinfo.net\/fr#\/schema\/person\/6e53cba1629e2e66f3fc1821d3091865\"},\"headline\":\"17.03.10 - TPIR\/GATETE - DES CIVILS RWANDAIS ET BURUNDAIS ENTRAINES DANS UN CAMP MILITAIRE (TEMOIN)\",\"datePublished\":\"2010-03-16T23:00:00+00:00\",\"mainEntityOfPage\":{\"@id\":\"https:\/\/www.justiceinfo.net\/fr\/11920-170310-tpirgatete-des-civils-rwandais-et-burundais-entraines-dans-un-camp-militaire-temoin8728.html\"},\"wordCount\":526,\"commentCount\":0,\"publisher\":{\"@id\":\"https:\/\/www.justiceinfo.net\/fr#organization\"},\"articleSection\":[\"Hirondelle News\"],\"inLanguage\":\"fr-FR\",\"potentialAction\":[{\"@type\":\"CommentAction\",\"name\":\"Comment\",\"target\":[\"https:\/\/www.justiceinfo.net\/fr\/11920-170310-tpirgatete-des-civils-rwandais-et-burundais-entraines-dans-un-camp-militaire-temoin8728.html#respond\"]}]},{\"@type\":\"WebPage\",\"@id\":\"https:\/\/www.justiceinfo.net\/fr\/11920-170310-tpirgatete-des-civils-rwandais-et-burundais-entraines-dans-un-camp-militaire-temoin8728.html\",\"url\":\"https:\/\/www.justiceinfo.net\/fr\/11920-170310-tpirgatete-des-civils-rwandais-et-burundais-entraines-dans-un-camp-militaire-temoin8728.html\",\"name\":\"17.03.10 - TPIR\/GATETE - DES CIVILS RWANDAIS ET BURUNDAIS ENTRAINES DANS UN CAMP MILITAIRE (TEMOIN) - JusticeInfo.net\",\"isPartOf\":{\"@id\":\"https:\/\/www.justiceinfo.net\/fr#website\"},\"datePublished\":\"2010-03-16T23:00:00+00:00\",\"breadcrumb\":{\"@id\":\"https:\/\/www.justiceinfo.net\/fr\/11920-170310-tpirgatete-des-civils-rwandais-et-burundais-entraines-dans-un-camp-militaire-temoin8728.html#breadcrumb\"},\"inLanguage\":\"fr-FR\",\"potentialAction\":[{\"@type\":\"ReadAction\",\"target\":[\"https:\/\/www.justiceinfo.net\/fr\/11920-170310-tpirgatete-des-civils-rwandais-et-burundais-entraines-dans-un-camp-militaire-temoin8728.html\"]}]},{\"@type\":\"BreadcrumbList\",\"@id\":\"https:\/\/www.justiceinfo.net\/fr\/11920-170310-tpirgatete-des-civils-rwandais-et-burundais-entraines-dans-un-camp-militaire-temoin8728.html#breadcrumb\",\"itemListElement\":[{\"@type\":\"ListItem\",\"position\":1,\"name\":\"Home\",\"item\":\"https:\/\/www.justiceinfo.net\/fr\"},{\"@type\":\"ListItem\",\"position\":2,\"name\":\"17.03.10 - TPIR\/GATETE - DES CIVILS RWANDAIS ET BURUNDAIS ENTRAINES DANS UN CAMP MILITAIRE (TEMOIN)\"}]},{\"@type\":\"WebSite\",\"@id\":\"https:\/\/www.justiceinfo.net\/fr#website\",\"url\":\"https:\/\/www.justiceinfo.net\/fr\",\"name\":\"JusticeInfo.net\",\"description\":\"La justice doit \u00eatre vue pour \u00eatre rendue\",\"publisher\":{\"@id\":\"https:\/\/www.justiceinfo.net\/fr#organization\"},\"potentialAction\":[{\"@type\":\"SearchAction\",\"target\":{\"@type\":\"EntryPoint\",\"urlTemplate\":\"https:\/\/www.justiceinfo.net\/fr?s={search_term_string}\"},\"query-input\":{\"@type\":\"PropertyValueSpecification\",\"valueRequired\":true,\"valueName\":\"search_term_string\"}}],\"inLanguage\":\"fr-FR\"},{\"@type\":\"Organization\",\"@id\":\"https:\/\/www.justiceinfo.net\/fr#organization\",\"name\":\"Justice Info\",\"url\":\"https:\/\/www.justiceinfo.net\/fr\",\"logo\":{\"@type\":\"ImageObject\",\"inLanguage\":\"fr-FR\",\"@id\":\"https:\/\/www.justiceinfo.net\/fr#\/schema\/logo\/image\/\",\"url\":\"https:\/\/www.justiceinfo.net\/wp-content\/uploads\/justiceinfo_logo-trans_1200x1200px.png\",\"contentUrl\":\"https:\/\/www.justiceinfo.net\/wp-content\/uploads\/justiceinfo_logo-trans_1200x1200px.png\",\"width\":1199,\"height\":1200,\"caption\":\"Justice Info\"},\"image\":{\"@id\":\"https:\/\/www.justiceinfo.net\/fr#\/schema\/logo\/image\/\"},\"sameAs\":[\"https:\/\/www.facebook.com\/JusticeInfo\/\",\"https:\/\/x.com\/justiceinfonet\",\"https:\/\/www.linkedin.com\/company\/justice-info\",\"https:\/\/www.youtube.com\/channel\/UCyCEsARodyuWtkWyhn-e7pA\"]},{\"@type\":\"Person\",\"name\":\"solivri\",\"url\":\"\/fr\/?s=solivri\"}]}<\/script>\n<!-- \/ Yoast SEO Premium plugin. -->","yoast_head_json":{"title":"17.03.10 - TPIR\/GATETE - DES CIVILS RWANDAIS ET BURUNDAIS ENTRAINES DANS UN CAMP MILITAIRE (TEMOIN) - JusticeInfo.net","robots":{"index":"index","follow":"follow","max-snippet":"max-snippet:-1","max-image-preview":"max-image-preview:large","max-video-preview":"max-video-preview:-1"},"canonical":"https:\/\/www.justiceinfo.net\/fr\/11920-170310-tpirgatete-des-civils-rwandais-et-burundais-entraines-dans-un-camp-militaire-temoin8728.html","og_locale":"fr_FR","og_type":"article","og_title":"17.03.10 - TPIR\/GATETE - DES CIVILS RWANDAIS ET BURUNDAIS ENTRAINES DANS UN CAMP MILITAIRE (TEMOIN)","og_description":"Arusha, 17 mars 2010 (FH) - Un homme de troupe de l'ancienne arm&eacute;e rwandaise a affirm&eacute; mercredi au Tribunal p&eacute;nal international pour le Rwanda (TPIR) que des civils rwandais et burundais avaient re&ccedil;u un entra&icirc;nement militaire, quelques mois avant le g&eacute;nocide, au camp Gabiro, dans l'est du pays.","og_url":"https:\/\/www.justiceinfo.net\/fr\/11920-170310-tpirgatete-des-civils-rwandais-et-burundais-entraines-dans-un-camp-militaire-temoin8728.html","og_site_name":"JusticeInfo.net","article_publisher":"https:\/\/www.facebook.com\/JusticeInfo\/","article_published_time":"2010-03-16T23:00:00+00:00","og_image":[{"width":1200,"height":630,"url":"https:\/\/www.justiceinfo.net\/wp-content\/uploads\/JusticeInfoNet_logo_1200x630px.jpg","type":"image\/jpeg"}],"author":"solivri","twitter_card":"summary_large_image","twitter_creator":"@justiceinfonet","twitter_site":"@justiceinfonet","twitter_misc":{"\u00c9crit par":"solivri","Dur\u00e9e de lecture estim\u00e9e":"2 minutes"},"schema":{"@context":"https:\/\/schema.org","@graph":[{"@type":"NewsArticle","@id":"https:\/\/www.justiceinfo.net\/fr\/11920-170310-tpirgatete-des-civils-rwandais-et-burundais-entraines-dans-un-camp-militaire-temoin8728.html#article","isPartOf":{"@id":"https:\/\/www.justiceinfo.net\/fr\/11920-170310-tpirgatete-des-civils-rwandais-et-burundais-entraines-dans-un-camp-militaire-temoin8728.html"},"author":{"name":"solivri","@id":"https:\/\/www.justiceinfo.net\/fr#\/schema\/person\/6e53cba1629e2e66f3fc1821d3091865"},"headline":"17.03.10 - TPIR\/GATETE - DES CIVILS RWANDAIS ET BURUNDAIS ENTRAINES DANS UN CAMP MILITAIRE (TEMOIN)","datePublished":"2010-03-16T23:00:00+00:00","mainEntityOfPage":{"@id":"https:\/\/www.justiceinfo.net\/fr\/11920-170310-tpirgatete-des-civils-rwandais-et-burundais-entraines-dans-un-camp-militaire-temoin8728.html"},"wordCount":526,"commentCount":0,"publisher":{"@id":"https:\/\/www.justiceinfo.net\/fr#organization"},"articleSection":["Hirondelle News"],"inLanguage":"fr-FR","potentialAction":[{"@type":"CommentAction","name":"Comment","target":["https:\/\/www.justiceinfo.net\/fr\/11920-170310-tpirgatete-des-civils-rwandais-et-burundais-entraines-dans-un-camp-militaire-temoin8728.html#respond"]}]},{"@type":"WebPage","@id":"https:\/\/www.justiceinfo.net\/fr\/11920-170310-tpirgatete-des-civils-rwandais-et-burundais-entraines-dans-un-camp-militaire-temoin8728.html","url":"https:\/\/www.justiceinfo.net\/fr\/11920-170310-tpirgatete-des-civils-rwandais-et-burundais-entraines-dans-un-camp-militaire-temoin8728.html","name":"17.03.10 - TPIR\/GATETE - DES CIVILS RWANDAIS ET BURUNDAIS ENTRAINES DANS UN CAMP MILITAIRE (TEMOIN) - JusticeInfo.net","isPartOf":{"@id":"https:\/\/www.justiceinfo.net\/fr#website"},"datePublished":"2010-03-16T23:00:00+00:00","breadcrumb":{"@id":"https:\/\/www.justiceinfo.net\/fr\/11920-170310-tpirgatete-des-civils-rwandais-et-burundais-entraines-dans-un-camp-militaire-temoin8728.html#breadcrumb"},"inLanguage":"fr-FR","potentialAction":[{"@type":"ReadAction","target":["https:\/\/www.justiceinfo.net\/fr\/11920-170310-tpirgatete-des-civils-rwandais-et-burundais-entraines-dans-un-camp-militaire-temoin8728.html"]}]},{"@type":"BreadcrumbList","@id":"https:\/\/www.justiceinfo.net\/fr\/11920-170310-tpirgatete-des-civils-rwandais-et-burundais-entraines-dans-un-camp-militaire-temoin8728.html#breadcrumb","itemListElement":[{"@type":"ListItem","position":1,"name":"Home","item":"https:\/\/www.justiceinfo.net\/fr"},{"@type":"ListItem","position":2,"name":"17.03.10 - TPIR\/GATETE - DES CIVILS RWANDAIS ET BURUNDAIS ENTRAINES DANS UN CAMP MILITAIRE (TEMOIN)"}]},{"@type":"WebSite","@id":"https:\/\/www.justiceinfo.net\/fr#website","url":"https:\/\/www.justiceinfo.net\/fr","name":"JusticeInfo.net","description":"La justice doit \u00eatre vue pour \u00eatre rendue","publisher":{"@id":"https:\/\/www.justiceinfo.net\/fr#organization"},"potentialAction":[{"@type":"SearchAction","target":{"@type":"EntryPoint","urlTemplate":"https:\/\/www.justiceinfo.net\/fr?s={search_term_string}"},"query-input":{"@type":"PropertyValueSpecification","valueRequired":true,"valueName":"search_term_string"}}],"inLanguage":"fr-FR"},{"@type":"Organization","@id":"https:\/\/www.justiceinfo.net\/fr#organization","name":"Justice Info","url":"https:\/\/www.justiceinfo.net\/fr","logo":{"@type":"ImageObject","inLanguage":"fr-FR","@id":"https:\/\/www.justiceinfo.net\/fr#\/schema\/logo\/image\/","url":"https:\/\/www.justiceinfo.net\/wp-content\/uploads\/justiceinfo_logo-trans_1200x1200px.png","contentUrl":"https:\/\/www.justiceinfo.net\/wp-content\/uploads\/justiceinfo_logo-trans_1200x1200px.png","width":1199,"height":1200,"caption":"Justice Info"},"image":{"@id":"https:\/\/www.justiceinfo.net\/fr#\/schema\/logo\/image\/"},"sameAs":["https:\/\/www.facebook.com\/JusticeInfo\/","https:\/\/x.com\/justiceinfonet","https:\/\/www.linkedin.com\/company\/justice-info","https:\/\/www.youtube.com\/channel\/UCyCEsARodyuWtkWyhn-e7pA"]},{"@type":"Person","name":"solivri","url":"\/fr\/?s=solivri"}]}},"_links":{"self":[{"href":"https:\/\/www.justiceinfo.net\/fr\/wp-json\/wp\/v2\/posts\/11920","targetHints":{"allow":["GET"]}}],"collection":[{"href":"https:\/\/www.justiceinfo.net\/fr\/wp-json\/wp\/v2\/posts"}],"about":[{"href":"https:\/\/www.justiceinfo.net\/fr\/wp-json\/wp\/v2\/types\/post"}],"author":[{"embeddable":true,"href":"https:\/\/www.justiceinfo.net\/fr\/wp-json\/wp\/v2\/users\/64"}],"replies":[{"embeddable":true,"href":"https:\/\/www.justiceinfo.net\/fr\/wp-json\/wp\/v2\/comments?post=11920"}],"version-history":[{"count":0,"href":"https:\/\/www.justiceinfo.net\/fr\/wp-json\/wp\/v2\/posts\/11920\/revisions"}],"wp:attachment":[{"href":"https:\/\/www.justiceinfo.net\/fr\/wp-json\/wp\/v2\/media?parent=11920"}],"wp:term":[{"taxonomy":"category","embeddable":true,"href":"https:\/\/www.justiceinfo.net\/fr\/wp-json\/wp\/v2\/categories?post=11920"},{"taxonomy":"post_tag","embeddable":true,"href":"https:\/\/www.justiceinfo.net\/fr\/wp-json\/wp\/v2\/tags?post=11920"},{"taxonomy":"ji_location","embeddable":true,"href":"https:\/\/www.justiceinfo.net\/fr\/wp-json\/wp\/v2\/ji_location?post=11920"}],"curies":[{"name":"wp","href":"https:\/\/api.w.org\/{rel}","templated":true}]}}