{"id":11941,"date":"2010-03-23T00:00:00","date_gmt":"2010-03-22T23:00:00","guid":{"rendered":"https:\/\/www.justiceinfo.net\/11941-230310-rwandapays-bas-une-cour-neerlandaise-a-kigali-pour-auditionner-des-temoins8749.html"},"modified":"2010-03-23T00:00:00","modified_gmt":"2010-03-22T23:00:00","slug":"230310-rwandapays-bas-une-cour-neerlandaise-a-kigali-pour-auditionner-des-temoins8749","status":"publish","type":"post","link":"https:\/\/www.justiceinfo.net\/fr\/11941-230310-rwandapays-bas-une-cour-neerlandaise-a-kigali-pour-auditionner-des-temoins8749.html","title":{"rendered":"23.03.10 - RWANDA\/PAYS BAS - UNE COUR NEERLANDAISE A KIGALI POUR AUDITIONNER DES TEMOINS"},"content":{"rendered":"<p >\nArusha, 23 mars 2010 (FH) -&nbsp; La cour d'appel de La Haye, aux Pays-Bas, si&egrave;ge &agrave; Kigali depuis la semaine derni&egrave;re pour l'audition de t&eacute;moins dans le cadre du proc&egrave;s de Joseph Mpambara, un Rwandais condamn&eacute; &agrave; 20 ans de prison par un tribunal n&eacute;erlandais pour des crimes commis pendant le g&eacute;nocide de 1994, a-t-on appris mardi aupr&egrave;s de la Cour supr&ecirc;me du Rwanda.\n<\/p>\n<p><!--more--><\/p>\n<p >\n<p >\n&laquo; Un juge, un membre du parquet, un avocat de Mpambara et deux greffiers entendent depuis le 15, et cela jusqu'au 28 mars, une trentaine de t&eacute;moins &raquo;, a indiqu&eacute; &agrave; l'agence Hirondelle une source &agrave; la Cour supr&ecirc;me rwandaise qui a pr&eacute;f&eacute;r&eacute; garder l'anonymat.\n<\/p>\n<p >\nCe d&eacute;placement a &eacute;t&eacute; confirm&eacute; par Augustin Nkusi, porte-parole du parquet g&eacute;n&eacute;ral du Rwanda.\n<\/p>\n<p >\nLe 23 mars 2009, Mpambara, 41 ans, fils d'un riche commer&ccedil;ant de Mugonero, dans l'ancienne pr&eacute;fecture de Kibuye (ouest), avait &eacute;t&eacute; reconnu coupable de tortures ayant entra&icirc;n&eacute; la mort de deux m&egrave;res tutsies et de leurs quatre enfants, le 13 avril 1994.\n<\/p>\n<p >\n<p >\nSelon ce jugement dont il a fait appel, il avait fait arr&ecirc;ter une ambulance dans laquelle se trouvaient les deux m&egrave;res tutsies et leurs quatre enfants.\n<\/p>\n<p >\n<p >\nSur son ordre, les femmes et les enfants &quot;ont &eacute;t&eacute; frapp&eacute;s avec des gourdins et d&eacute;coup&eacute;s avec des machettes&quot;, a conclu le tribunal.\n<\/p>\n<p >\n<p >\nIl a aussi &eacute;t&eacute; reconnu coupable d'avoir retenu, le 27 avril 1994, plusieurs heures durant, un couple rwando-allemand et son b&eacute;b&eacute;, &quot;humiliant et mena&ccedil;ant de mort la femme tutsie devant son mari et son enfant&quot;, selon le tribunal.\n<\/p>\n<p >\n<p >\nMpambara avait demand&eacute; l'asile aux Pays-Bas en 1998. Cependant, sa demande avait &eacute;t&eacute; rejet&eacute;e parce que les responsables des services d'immigration n&eacute;erlandais le suspectaient d'avoir tremp&eacute; dans le g&eacute;nocide.\n<\/p>\n<p >\n<p >\nIl a &eacute;t&eacute; arr&ecirc;t&eacute; en 2006 sur la base d'un mandat d'arr&ecirc;t &eacute;mis sous le principe de la comp&eacute;tence universelle. En vertu de la loi n&eacute;erlandaise de comp&eacute;tence universelle, Mpambara a pu &ecirc;tre jug&eacute; dans le pays parce qu'il &eacute;tait aux Pays-Bas au moment de son arrestation.\n<\/p>\n<p >\nSon fr&egrave;re, Obed Ruzindana, a &eacute;t&eacute; condamn&eacute; &agrave; 25 ans de prison par le Tribunal p&eacute;nal international pour le Rwanda (TPIR) et purge actuellement sa peine au Mali.\n<\/p>\n<p >\n<p >\nER\/GF\n<\/p>\n<p >\n<p>\n&copy; Agence Hirondelle<\/p>\n","protected":false},"excerpt":{"rendered":"<p>Arusha, 23 mars 2010 (FH) -&nbsp; La cour d'appel de La Haye, aux Pays-Bas, si&egrave;ge &agrave; Kigali depuis la semaine derni&egrave;re pour l'audition de t&eacute;moins dans le cadre du proc&egrave;s de Joseph Mpambara, un Rwandais condamn&eacute; &agrave; 20 ans de prison par un tribunal n&eacute;erlandais pour des crimes commis pendant le g&eacute;nocide de 1994, a-t-on [&hellip;]<\/p>\n","protected":false},"author":64,"featured_media":0,"comment_status":"open","ping_status":"closed","sticky":false,"template":"","format":"standard","meta":{"_acf_changed":false,"footnotes":""},"categories":[554],"tags":[],"ji_location":[],"class_list":["post-11941","post","type-post","status-publish","format-standard","hentry","category-hirondellenews"],"acf":[],"yoast_head":"<!-- This site is optimized with the Yoast SEO Premium plugin v25.3.1 (Yoast SEO v25.3.1) - https:\/\/yoast.com\/wordpress\/plugins\/seo\/ -->\n<title>23.03.10 - RWANDA\/PAYS BAS - UNE COUR NEERLANDAISE A KIGALI POUR AUDITIONNER DES TEMOINS - JusticeInfo.net<\/title>\n<meta name=\"robots\" content=\"index, follow, max-snippet:-1, max-image-preview:large, max-video-preview:-1\" \/>\n<link rel=\"canonical\" href=\"https:\/\/www.justiceinfo.net\/fr\/11941-230310-rwandapays-bas-une-cour-neerlandaise-a-kigali-pour-auditionner-des-temoins8749.html\" \/>\n<meta property=\"og:locale\" content=\"fr_FR\" \/>\n<meta property=\"og:type\" content=\"article\" \/>\n<meta property=\"og:title\" content=\"23.03.10 - RWANDA\/PAYS BAS - UNE COUR NEERLANDAISE A KIGALI POUR AUDITIONNER DES TEMOINS\" \/>\n<meta property=\"og:description\" content=\"Arusha, 23 mars 2010 (FH) -&nbsp; La cour d&#039;appel de La Haye, aux Pays-Bas, si&egrave;ge &agrave; Kigali depuis la semaine derni&egrave;re pour l&#039;audition de t&eacute;moins dans le cadre du proc&egrave;s de Joseph Mpambara, un Rwandais condamn&eacute; &agrave; 20 ans de prison par un tribunal n&eacute;erlandais pour des crimes commis pendant le g&eacute;nocide de 1994, a-t-on [&hellip;]\" \/>\n<meta property=\"og:url\" content=\"https:\/\/www.justiceinfo.net\/fr\/11941-230310-rwandapays-bas-une-cour-neerlandaise-a-kigali-pour-auditionner-des-temoins8749.html\" \/>\n<meta property=\"og:site_name\" content=\"JusticeInfo.net\" \/>\n<meta property=\"article:publisher\" content=\"https:\/\/www.facebook.com\/JusticeInfo\/\" \/>\n<meta property=\"article:published_time\" content=\"2010-03-22T23:00:00+00:00\" \/>\n<meta property=\"og:image\" content=\"https:\/\/www.justiceinfo.net\/wp-content\/uploads\/JusticeInfoNet_logo_1200x630px.jpg\" \/>\n\t<meta property=\"og:image:width\" content=\"1200\" \/>\n\t<meta property=\"og:image:height\" content=\"630\" \/>\n\t<meta property=\"og:image:type\" content=\"image\/jpeg\" \/>\n<meta name=\"author\" content=\"solivri\" \/>\n<meta name=\"twitter:card\" content=\"summary_large_image\" \/>\n<meta name=\"twitter:creator\" content=\"@justiceinfonet\" \/>\n<meta name=\"twitter:site\" content=\"@justiceinfonet\" \/>\n<meta name=\"twitter:label1\" content=\"\u00c9crit par\" \/>\n\t<meta name=\"twitter:data1\" content=\"solivri\" \/>\n\t<meta name=\"twitter:label2\" content=\"Dur\u00e9e de lecture estim\u00e9e\" \/>\n\t<meta name=\"twitter:data2\" content=\"2 minutes\" \/>\n<script type=\"application\/ld+json\" class=\"yoast-schema-graph\">{\"@context\":\"https:\/\/schema.org\",\"@graph\":[{\"@type\":\"NewsArticle\",\"@id\":\"https:\/\/www.justiceinfo.net\/fr\/11941-230310-rwandapays-bas-une-cour-neerlandaise-a-kigali-pour-auditionner-des-temoins8749.html#article\",\"isPartOf\":{\"@id\":\"https:\/\/www.justiceinfo.net\/fr\/11941-230310-rwandapays-bas-une-cour-neerlandaise-a-kigali-pour-auditionner-des-temoins8749.html\"},\"author\":{\"name\":\"solivri\",\"@id\":\"https:\/\/www.justiceinfo.net\/fr#\/schema\/person\/6e53cba1629e2e66f3fc1821d3091865\"},\"headline\":\"23.03.10 - RWANDA\/PAYS BAS - UNE COUR NEERLANDAISE A KIGALI POUR AUDITIONNER DES TEMOINS\",\"datePublished\":\"2010-03-22T23:00:00+00:00\",\"mainEntityOfPage\":{\"@id\":\"https:\/\/www.justiceinfo.net\/fr\/11941-230310-rwandapays-bas-une-cour-neerlandaise-a-kigali-pour-auditionner-des-temoins8749.html\"},\"wordCount\":478,\"commentCount\":0,\"publisher\":{\"@id\":\"https:\/\/www.justiceinfo.net\/fr#organization\"},\"articleSection\":[\"Hirondelle News\"],\"inLanguage\":\"fr-FR\",\"potentialAction\":[{\"@type\":\"CommentAction\",\"name\":\"Comment\",\"target\":[\"https:\/\/www.justiceinfo.net\/fr\/11941-230310-rwandapays-bas-une-cour-neerlandaise-a-kigali-pour-auditionner-des-temoins8749.html#respond\"]}]},{\"@type\":\"WebPage\",\"@id\":\"https:\/\/www.justiceinfo.net\/fr\/11941-230310-rwandapays-bas-une-cour-neerlandaise-a-kigali-pour-auditionner-des-temoins8749.html\",\"url\":\"https:\/\/www.justiceinfo.net\/fr\/11941-230310-rwandapays-bas-une-cour-neerlandaise-a-kigali-pour-auditionner-des-temoins8749.html\",\"name\":\"23.03.10 - RWANDA\/PAYS BAS - UNE COUR NEERLANDAISE A KIGALI POUR AUDITIONNER DES TEMOINS - JusticeInfo.net\",\"isPartOf\":{\"@id\":\"https:\/\/www.justiceinfo.net\/fr#website\"},\"datePublished\":\"2010-03-22T23:00:00+00:00\",\"breadcrumb\":{\"@id\":\"https:\/\/www.justiceinfo.net\/fr\/11941-230310-rwandapays-bas-une-cour-neerlandaise-a-kigali-pour-auditionner-des-temoins8749.html#breadcrumb\"},\"inLanguage\":\"fr-FR\",\"potentialAction\":[{\"@type\":\"ReadAction\",\"target\":[\"https:\/\/www.justiceinfo.net\/fr\/11941-230310-rwandapays-bas-une-cour-neerlandaise-a-kigali-pour-auditionner-des-temoins8749.html\"]}]},{\"@type\":\"BreadcrumbList\",\"@id\":\"https:\/\/www.justiceinfo.net\/fr\/11941-230310-rwandapays-bas-une-cour-neerlandaise-a-kigali-pour-auditionner-des-temoins8749.html#breadcrumb\",\"itemListElement\":[{\"@type\":\"ListItem\",\"position\":1,\"name\":\"Home\",\"item\":\"https:\/\/www.justiceinfo.net\/fr\"},{\"@type\":\"ListItem\",\"position\":2,\"name\":\"23.03.10 - RWANDA\/PAYS BAS - UNE COUR NEERLANDAISE A KIGALI POUR AUDITIONNER DES TEMOINS\"}]},{\"@type\":\"WebSite\",\"@id\":\"https:\/\/www.justiceinfo.net\/fr#website\",\"url\":\"https:\/\/www.justiceinfo.net\/fr\",\"name\":\"JusticeInfo.net\",\"description\":\"La justice doit \u00eatre vue pour \u00eatre rendue\",\"publisher\":{\"@id\":\"https:\/\/www.justiceinfo.net\/fr#organization\"},\"potentialAction\":[{\"@type\":\"SearchAction\",\"target\":{\"@type\":\"EntryPoint\",\"urlTemplate\":\"https:\/\/www.justiceinfo.net\/fr?s={search_term_string}\"},\"query-input\":{\"@type\":\"PropertyValueSpecification\",\"valueRequired\":true,\"valueName\":\"search_term_string\"}}],\"inLanguage\":\"fr-FR\"},{\"@type\":\"Organization\",\"@id\":\"https:\/\/www.justiceinfo.net\/fr#organization\",\"name\":\"Justice Info\",\"url\":\"https:\/\/www.justiceinfo.net\/fr\",\"logo\":{\"@type\":\"ImageObject\",\"inLanguage\":\"fr-FR\",\"@id\":\"https:\/\/www.justiceinfo.net\/fr#\/schema\/logo\/image\/\",\"url\":\"https:\/\/www.justiceinfo.net\/wp-content\/uploads\/justiceinfo_logo-trans_1200x1200px.png\",\"contentUrl\":\"https:\/\/www.justiceinfo.net\/wp-content\/uploads\/justiceinfo_logo-trans_1200x1200px.png\",\"width\":1199,\"height\":1200,\"caption\":\"Justice Info\"},\"image\":{\"@id\":\"https:\/\/www.justiceinfo.net\/fr#\/schema\/logo\/image\/\"},\"sameAs\":[\"https:\/\/www.facebook.com\/JusticeInfo\/\",\"https:\/\/x.com\/justiceinfonet\",\"https:\/\/www.linkedin.com\/company\/justice-info\",\"https:\/\/www.youtube.com\/channel\/UCyCEsARodyuWtkWyhn-e7pA\"]},{\"@type\":\"Person\",\"name\":\"solivri\",\"url\":\"\/fr\/?s=solivri\"}]}<\/script>\n<!-- \/ Yoast SEO Premium plugin. -->","yoast_head_json":{"title":"23.03.10 - RWANDA\/PAYS BAS - UNE COUR NEERLANDAISE A KIGALI POUR AUDITIONNER DES TEMOINS - JusticeInfo.net","robots":{"index":"index","follow":"follow","max-snippet":"max-snippet:-1","max-image-preview":"max-image-preview:large","max-video-preview":"max-video-preview:-1"},"canonical":"https:\/\/www.justiceinfo.net\/fr\/11941-230310-rwandapays-bas-une-cour-neerlandaise-a-kigali-pour-auditionner-des-temoins8749.html","og_locale":"fr_FR","og_type":"article","og_title":"23.03.10 - RWANDA\/PAYS BAS - UNE COUR NEERLANDAISE A KIGALI POUR AUDITIONNER DES TEMOINS","og_description":"Arusha, 23 mars 2010 (FH) -&nbsp; La cour d'appel de La Haye, aux Pays-Bas, si&egrave;ge &agrave; Kigali depuis la semaine derni&egrave;re pour l'audition de t&eacute;moins dans le cadre du proc&egrave;s de Joseph Mpambara, un Rwandais condamn&eacute; &agrave; 20 ans de prison par un tribunal n&eacute;erlandais pour des crimes commis pendant le g&eacute;nocide de 1994, a-t-on [&hellip;]","og_url":"https:\/\/www.justiceinfo.net\/fr\/11941-230310-rwandapays-bas-une-cour-neerlandaise-a-kigali-pour-auditionner-des-temoins8749.html","og_site_name":"JusticeInfo.net","article_publisher":"https:\/\/www.facebook.com\/JusticeInfo\/","article_published_time":"2010-03-22T23:00:00+00:00","og_image":[{"width":1200,"height":630,"url":"https:\/\/www.justiceinfo.net\/wp-content\/uploads\/JusticeInfoNet_logo_1200x630px.jpg","type":"image\/jpeg"}],"author":"solivri","twitter_card":"summary_large_image","twitter_creator":"@justiceinfonet","twitter_site":"@justiceinfonet","twitter_misc":{"\u00c9crit par":"solivri","Dur\u00e9e de lecture estim\u00e9e":"2 minutes"},"schema":{"@context":"https:\/\/schema.org","@graph":[{"@type":"NewsArticle","@id":"https:\/\/www.justiceinfo.net\/fr\/11941-230310-rwandapays-bas-une-cour-neerlandaise-a-kigali-pour-auditionner-des-temoins8749.html#article","isPartOf":{"@id":"https:\/\/www.justiceinfo.net\/fr\/11941-230310-rwandapays-bas-une-cour-neerlandaise-a-kigali-pour-auditionner-des-temoins8749.html"},"author":{"name":"solivri","@id":"https:\/\/www.justiceinfo.net\/fr#\/schema\/person\/6e53cba1629e2e66f3fc1821d3091865"},"headline":"23.03.10 - RWANDA\/PAYS BAS - UNE COUR NEERLANDAISE A KIGALI POUR AUDITIONNER DES TEMOINS","datePublished":"2010-03-22T23:00:00+00:00","mainEntityOfPage":{"@id":"https:\/\/www.justiceinfo.net\/fr\/11941-230310-rwandapays-bas-une-cour-neerlandaise-a-kigali-pour-auditionner-des-temoins8749.html"},"wordCount":478,"commentCount":0,"publisher":{"@id":"https:\/\/www.justiceinfo.net\/fr#organization"},"articleSection":["Hirondelle News"],"inLanguage":"fr-FR","potentialAction":[{"@type":"CommentAction","name":"Comment","target":["https:\/\/www.justiceinfo.net\/fr\/11941-230310-rwandapays-bas-une-cour-neerlandaise-a-kigali-pour-auditionner-des-temoins8749.html#respond"]}]},{"@type":"WebPage","@id":"https:\/\/www.justiceinfo.net\/fr\/11941-230310-rwandapays-bas-une-cour-neerlandaise-a-kigali-pour-auditionner-des-temoins8749.html","url":"https:\/\/www.justiceinfo.net\/fr\/11941-230310-rwandapays-bas-une-cour-neerlandaise-a-kigali-pour-auditionner-des-temoins8749.html","name":"23.03.10 - RWANDA\/PAYS BAS - UNE COUR NEERLANDAISE A KIGALI POUR AUDITIONNER DES TEMOINS - JusticeInfo.net","isPartOf":{"@id":"https:\/\/www.justiceinfo.net\/fr#website"},"datePublished":"2010-03-22T23:00:00+00:00","breadcrumb":{"@id":"https:\/\/www.justiceinfo.net\/fr\/11941-230310-rwandapays-bas-une-cour-neerlandaise-a-kigali-pour-auditionner-des-temoins8749.html#breadcrumb"},"inLanguage":"fr-FR","potentialAction":[{"@type":"ReadAction","target":["https:\/\/www.justiceinfo.net\/fr\/11941-230310-rwandapays-bas-une-cour-neerlandaise-a-kigali-pour-auditionner-des-temoins8749.html"]}]},{"@type":"BreadcrumbList","@id":"https:\/\/www.justiceinfo.net\/fr\/11941-230310-rwandapays-bas-une-cour-neerlandaise-a-kigali-pour-auditionner-des-temoins8749.html#breadcrumb","itemListElement":[{"@type":"ListItem","position":1,"name":"Home","item":"https:\/\/www.justiceinfo.net\/fr"},{"@type":"ListItem","position":2,"name":"23.03.10 - RWANDA\/PAYS BAS - UNE COUR NEERLANDAISE A KIGALI POUR AUDITIONNER DES TEMOINS"}]},{"@type":"WebSite","@id":"https:\/\/www.justiceinfo.net\/fr#website","url":"https:\/\/www.justiceinfo.net\/fr","name":"JusticeInfo.net","description":"La justice doit \u00eatre vue pour \u00eatre rendue","publisher":{"@id":"https:\/\/www.justiceinfo.net\/fr#organization"},"potentialAction":[{"@type":"SearchAction","target":{"@type":"EntryPoint","urlTemplate":"https:\/\/www.justiceinfo.net\/fr?s={search_term_string}"},"query-input":{"@type":"PropertyValueSpecification","valueRequired":true,"valueName":"search_term_string"}}],"inLanguage":"fr-FR"},{"@type":"Organization","@id":"https:\/\/www.justiceinfo.net\/fr#organization","name":"Justice Info","url":"https:\/\/www.justiceinfo.net\/fr","logo":{"@type":"ImageObject","inLanguage":"fr-FR","@id":"https:\/\/www.justiceinfo.net\/fr#\/schema\/logo\/image\/","url":"https:\/\/www.justiceinfo.net\/wp-content\/uploads\/justiceinfo_logo-trans_1200x1200px.png","contentUrl":"https:\/\/www.justiceinfo.net\/wp-content\/uploads\/justiceinfo_logo-trans_1200x1200px.png","width":1199,"height":1200,"caption":"Justice Info"},"image":{"@id":"https:\/\/www.justiceinfo.net\/fr#\/schema\/logo\/image\/"},"sameAs":["https:\/\/www.facebook.com\/JusticeInfo\/","https:\/\/x.com\/justiceinfonet","https:\/\/www.linkedin.com\/company\/justice-info","https:\/\/www.youtube.com\/channel\/UCyCEsARodyuWtkWyhn-e7pA"]},{"@type":"Person","name":"solivri","url":"\/fr\/?s=solivri"}]}},"_links":{"self":[{"href":"https:\/\/www.justiceinfo.net\/fr\/wp-json\/wp\/v2\/posts\/11941","targetHints":{"allow":["GET"]}}],"collection":[{"href":"https:\/\/www.justiceinfo.net\/fr\/wp-json\/wp\/v2\/posts"}],"about":[{"href":"https:\/\/www.justiceinfo.net\/fr\/wp-json\/wp\/v2\/types\/post"}],"author":[{"embeddable":true,"href":"https:\/\/www.justiceinfo.net\/fr\/wp-json\/wp\/v2\/users\/64"}],"replies":[{"embeddable":true,"href":"https:\/\/www.justiceinfo.net\/fr\/wp-json\/wp\/v2\/comments?post=11941"}],"version-history":[{"count":0,"href":"https:\/\/www.justiceinfo.net\/fr\/wp-json\/wp\/v2\/posts\/11941\/revisions"}],"wp:attachment":[{"href":"https:\/\/www.justiceinfo.net\/fr\/wp-json\/wp\/v2\/media?parent=11941"}],"wp:term":[{"taxonomy":"category","embeddable":true,"href":"https:\/\/www.justiceinfo.net\/fr\/wp-json\/wp\/v2\/categories?post=11941"},{"taxonomy":"post_tag","embeddable":true,"href":"https:\/\/www.justiceinfo.net\/fr\/wp-json\/wp\/v2\/tags?post=11941"},{"taxonomy":"ji_location","embeddable":true,"href":"https:\/\/www.justiceinfo.net\/fr\/wp-json\/wp\/v2\/ji_location?post=11941"}],"curies":[{"name":"wp","href":"https:\/\/api.w.org\/{rel}","templated":true}]}}