{"id":11945,"date":"2010-03-23T00:00:00","date_gmt":"2010-03-22T23:00:00","guid":{"rendered":"https:\/\/www.justiceinfo.net\/11945-230310-rwandarescapes-assassinats-de-rescapes-du-genocide-ibuka-saisit-le-parlement8753.html"},"modified":"2010-03-23T00:00:00","modified_gmt":"2010-03-22T23:00:00","slug":"230310-rwandarescapes-assassinats-de-rescapes-du-genocide-ibuka-saisit-le-parlement8753","status":"publish","type":"post","link":"https:\/\/www.justiceinfo.net\/fr\/11945-230310-rwandarescapes-assassinats-de-rescapes-du-genocide-ibuka-saisit-le-parlement8753.html","title":{"rendered":"23.03.10 - RWANDA\/RESCAPES - ASSASSINATS DE RESCAPES DU GENOCIDE : IBUKA SAISIT LE PARLEMENT"},"content":{"rendered":"<p >\nKigali, 23 mars 2010 (FH) - Ibuka, la principale organisation de survivants du g&eacute;nocide perp&eacute;tr&eacute; contre les Tutsis en 1994, a annonc&eacute; mardi avoir saisi la chambre des d&eacute;put&eacute;s et le s&eacute;nat rwandais de la question des assassinats visant ces rescap&eacute;s.\n<\/p>\n<p><!--more--><\/p>\n<p >\n<p >\nSelon des rapports compil&eacute;s par ce collectif, 24 survivants ont &eacute;t&eacute; assassin&eacute;s l'ann&eacute;e derni&egrave;re tandis que 6 ont &eacute;chapp&eacute; &agrave; des tentatives d'assassinats.\n<\/p>\n<p >\n&laquo; Nous nous sommes trouv&eacute;s dans l'obligation de soumettre la question aux deux chambres pour qu'elles prennent les mesures qui s'imposent &raquo;, a indiqu&eacute; mardi &agrave; l'agence Hirondelle, le pr&eacute;sident d'Ibuka (souviens-toi, en langue rwandaise), Th&eacute;odore Simburudali.\n<\/p>\n<p >\n&laquo; Nous avons &eacute;crit le 6 mars ; nous attendons des actions concr&egrave;tes de la part du parlement qui a d&eacute;j&agrave; pris acte de nos dol&eacute;ances &raquo;, a-t-il poursuivi.\n<\/p>\n<p >\nLes menaces visant les rescap&eacute;s du g&eacute;nocide ont par ailleurs &eacute;t&eacute; au centre du onzi&egrave;me congr&egrave;s ordinaire d'Ibuka qui s'est tenu dimanche &agrave; Kigali.\n<\/p>\n<p >\nSelon le pr&eacute;sident de l'organisation, les personnes vis&eacute;es avaient, pour la plupart d'entre elles, t&eacute;moign&eacute; &agrave; charge ou si&eacute;g&eacute; comme juges dans les proc&egrave;s gacacas.\n<\/p>\n<p >\nInspir&eacute;es de la tradition rwandaise, les juridictions gacacas (prononcer gatchatcha) sont charg&eacute;es de juger la presque totalit&eacute; les auteurs pr&eacute;sum&eacute;s du g&eacute;nocide.\n<\/p>\n<p >\nLes assassinats de rescap&eacute;s sont, selon M.Simburudali, la cons&eacute;quence de &laquo; la&nbsp; haine contre les Tutsis enseign&eacute;e depuis les ann&eacute;es 1959, de l'id&eacute;ologie du g&eacute;nocide trop ancr&eacute;e dans certains esprits, et des propagandes orchestr&eacute;es de l'ext&eacute;rieur par des g&eacute;nocidaires, comme les Forces d&eacute;mocratiques de lib&eacute;ration du Rwanda (FDLR) bas&eacute;es dans l'est de la R&eacute;publique d&eacute;mocratique du Congo &raquo;.\n<\/p>\n<p >\nLes assises d'Ibuka ont &eacute;galement planch&eacute; sur le bilan des gacacas qui doivent clore leurs travaux &agrave; la fin du mois. Pour cette organisation, le contentieux du g&eacute;nocide est loin d'&ecirc;tre vid&eacute;, car plusieurs g&eacute;nocidaires circulent toujours impun&eacute;ment.\n<\/p>\n<p >\nIbuka rel&egrave;ve par ailleurs que plusieurs milliers de condamn&eacute;s aux Travaux d'int&eacute;r&ecirc;t g&eacute;n&eacute;ral&nbsp; (TIG) se sont volatilis&eacute;s dans la nature et ne purgent donc pas leur peine.\n<\/p>\n<p >\nLe congr&egrave;s a &eacute;galement d&eacute;plor&eacute; &laquo;des acquittements de g&eacute;nocidaires notoires, des proc&egrave;s de r&egrave;glement de compte contre des rescap&eacute;s du g&eacute;nocide, la non ex&eacute;cution de certains jugements li&eacute;s aux pillages ou aux biens d&eacute;truits, la corruption de certains juges gacacas et de certains t&eacute;moins, m&ecirc;me parmi les survivants &raquo;.\n<\/p>\n<p >\nLes d&eacute;l&eacute;gu&eacute;s ont aussi fait remarquer que beaucoup de rescap&eacute;s restent sans logement, sans soins m&eacute;dicaux, ou sans frais de scolarit&eacute;, 16 ans apr&egrave;s le g&eacute;nocide, en d&eacute;pit de l'existence du Fonds d'assistance aux rescap&eacute;s du g&eacute;nocide les plus d&eacute;munis (FARG) mis en place par le gouvernement.\n<\/p>\n<p >\n&laquo; Le nombre des b&eacute;n&eacute;ficiaires cro&icirc;t chaque ann&eacute;e au lieu de d&eacute;cro&icirc;tre, parce que m&ecirc;me des non rescap&eacute;s du g&eacute;nocide se font enregistrer sur nos listes&raquo;, s'est indign&eacute; Ildephonse Niyonsenga, secr&eacute;taire ex&eacute;cutif du fonds.\n<\/p>\n<p >\nEnfin, Ibuka a salu&eacute; la condamnation par Tribunal p&eacute;nal international pour le Rwanda (TPIR), du Premier ministre du gouvernement en place pendant le g&eacute;nocide, Jean Kambanda, une preuve, selon cette organisation, que le g&eacute;nocide des Tutsis a &eacute;t&eacute; planifi&eacute; par le pouvoir de l'&eacute;poque.\n<\/p>\n<p >\nSRE\/ER\/GF\n<\/p>\n<p>\n&copy; Agence Hirondelle<\/p>\n","protected":false},"excerpt":{"rendered":"<p>Kigali, 23 mars 2010 (FH) - Ibuka, la principale organisation de survivants du g&eacute;nocide perp&eacute;tr&eacute; contre les Tutsis en 1994, a annonc&eacute; mardi avoir saisi la chambre des d&eacute;put&eacute;s et le s&eacute;nat rwandais de la question des assassinats visant ces rescap&eacute;s.<\/p>\n","protected":false},"author":64,"featured_media":0,"comment_status":"open","ping_status":"closed","sticky":false,"template":"","format":"standard","meta":{"_acf_changed":false,"footnotes":""},"categories":[554],"tags":[],"ji_location":[],"class_list":["post-11945","post","type-post","status-publish","format-standard","hentry","category-hirondellenews"],"acf":[],"yoast_head":"<!-- This site is optimized with the Yoast SEO Premium plugin v25.3.1 (Yoast SEO v25.3.1) - https:\/\/yoast.com\/wordpress\/plugins\/seo\/ -->\n<title>23.03.10 - RWANDA\/RESCAPES - ASSASSINATS DE RESCAPES DU GENOCIDE : IBUKA SAISIT LE PARLEMENT - JusticeInfo.net<\/title>\n<meta name=\"robots\" content=\"index, follow, max-snippet:-1, max-image-preview:large, max-video-preview:-1\" \/>\n<link rel=\"canonical\" href=\"https:\/\/www.justiceinfo.net\/fr\/11945-230310-rwandarescapes-assassinats-de-rescapes-du-genocide-ibuka-saisit-le-parlement8753.html\" \/>\n<meta property=\"og:locale\" content=\"fr_FR\" \/>\n<meta property=\"og:type\" content=\"article\" \/>\n<meta property=\"og:title\" content=\"23.03.10 - RWANDA\/RESCAPES - ASSASSINATS DE RESCAPES DU GENOCIDE : IBUKA SAISIT LE PARLEMENT\" \/>\n<meta property=\"og:description\" content=\"Kigali, 23 mars 2010 (FH) - Ibuka, la principale organisation de survivants du g&eacute;nocide perp&eacute;tr&eacute; contre les Tutsis en 1994, a annonc&eacute; mardi avoir saisi la chambre des d&eacute;put&eacute;s et le s&eacute;nat rwandais de la question des assassinats visant ces rescap&eacute;s.\" \/>\n<meta property=\"og:url\" content=\"https:\/\/www.justiceinfo.net\/fr\/11945-230310-rwandarescapes-assassinats-de-rescapes-du-genocide-ibuka-saisit-le-parlement8753.html\" \/>\n<meta property=\"og:site_name\" content=\"JusticeInfo.net\" \/>\n<meta property=\"article:publisher\" content=\"https:\/\/www.facebook.com\/JusticeInfo\/\" \/>\n<meta property=\"article:published_time\" content=\"2010-03-22T23:00:00+00:00\" \/>\n<meta property=\"og:image\" content=\"https:\/\/www.justiceinfo.net\/wp-content\/uploads\/JusticeInfoNet_logo_1200x630px.jpg\" \/>\n\t<meta property=\"og:image:width\" content=\"1200\" \/>\n\t<meta property=\"og:image:height\" content=\"630\" \/>\n\t<meta property=\"og:image:type\" content=\"image\/jpeg\" \/>\n<meta name=\"author\" content=\"solivri\" \/>\n<meta name=\"twitter:card\" content=\"summary_large_image\" \/>\n<meta name=\"twitter:creator\" content=\"@justiceinfonet\" \/>\n<meta name=\"twitter:site\" content=\"@justiceinfonet\" \/>\n<meta name=\"twitter:label1\" content=\"\u00c9crit par\" \/>\n\t<meta name=\"twitter:data1\" content=\"solivri\" \/>\n\t<meta name=\"twitter:label2\" content=\"Dur\u00e9e de lecture estim\u00e9e\" \/>\n\t<meta name=\"twitter:data2\" content=\"4 minutes\" \/>\n<script type=\"application\/ld+json\" class=\"yoast-schema-graph\">{\"@context\":\"https:\/\/schema.org\",\"@graph\":[{\"@type\":\"NewsArticle\",\"@id\":\"https:\/\/www.justiceinfo.net\/fr\/11945-230310-rwandarescapes-assassinats-de-rescapes-du-genocide-ibuka-saisit-le-parlement8753.html#article\",\"isPartOf\":{\"@id\":\"https:\/\/www.justiceinfo.net\/fr\/11945-230310-rwandarescapes-assassinats-de-rescapes-du-genocide-ibuka-saisit-le-parlement8753.html\"},\"author\":{\"name\":\"solivri\",\"@id\":\"https:\/\/www.justiceinfo.net\/fr#\/schema\/person\/6e53cba1629e2e66f3fc1821d3091865\"},\"headline\":\"23.03.10 - RWANDA\/RESCAPES - ASSASSINATS DE RESCAPES DU GENOCIDE : IBUKA SAISIT LE PARLEMENT\",\"datePublished\":\"2010-03-22T23:00:00+00:00\",\"mainEntityOfPage\":{\"@id\":\"https:\/\/www.justiceinfo.net\/fr\/11945-230310-rwandarescapes-assassinats-de-rescapes-du-genocide-ibuka-saisit-le-parlement8753.html\"},\"wordCount\":745,\"commentCount\":0,\"publisher\":{\"@id\":\"https:\/\/www.justiceinfo.net\/fr#organization\"},\"articleSection\":[\"Hirondelle News\"],\"inLanguage\":\"fr-FR\",\"potentialAction\":[{\"@type\":\"CommentAction\",\"name\":\"Comment\",\"target\":[\"https:\/\/www.justiceinfo.net\/fr\/11945-230310-rwandarescapes-assassinats-de-rescapes-du-genocide-ibuka-saisit-le-parlement8753.html#respond\"]}]},{\"@type\":\"WebPage\",\"@id\":\"https:\/\/www.justiceinfo.net\/fr\/11945-230310-rwandarescapes-assassinats-de-rescapes-du-genocide-ibuka-saisit-le-parlement8753.html\",\"url\":\"https:\/\/www.justiceinfo.net\/fr\/11945-230310-rwandarescapes-assassinats-de-rescapes-du-genocide-ibuka-saisit-le-parlement8753.html\",\"name\":\"23.03.10 - RWANDA\/RESCAPES - ASSASSINATS DE RESCAPES DU GENOCIDE : IBUKA SAISIT LE PARLEMENT - JusticeInfo.net\",\"isPartOf\":{\"@id\":\"https:\/\/www.justiceinfo.net\/fr#website\"},\"datePublished\":\"2010-03-22T23:00:00+00:00\",\"breadcrumb\":{\"@id\":\"https:\/\/www.justiceinfo.net\/fr\/11945-230310-rwandarescapes-assassinats-de-rescapes-du-genocide-ibuka-saisit-le-parlement8753.html#breadcrumb\"},\"inLanguage\":\"fr-FR\",\"potentialAction\":[{\"@type\":\"ReadAction\",\"target\":[\"https:\/\/www.justiceinfo.net\/fr\/11945-230310-rwandarescapes-assassinats-de-rescapes-du-genocide-ibuka-saisit-le-parlement8753.html\"]}]},{\"@type\":\"BreadcrumbList\",\"@id\":\"https:\/\/www.justiceinfo.net\/fr\/11945-230310-rwandarescapes-assassinats-de-rescapes-du-genocide-ibuka-saisit-le-parlement8753.html#breadcrumb\",\"itemListElement\":[{\"@type\":\"ListItem\",\"position\":1,\"name\":\"Home\",\"item\":\"https:\/\/www.justiceinfo.net\/fr\"},{\"@type\":\"ListItem\",\"position\":2,\"name\":\"23.03.10 - RWANDA\/RESCAPES - ASSASSINATS DE RESCAPES DU GENOCIDE : IBUKA SAISIT LE PARLEMENT\"}]},{\"@type\":\"WebSite\",\"@id\":\"https:\/\/www.justiceinfo.net\/fr#website\",\"url\":\"https:\/\/www.justiceinfo.net\/fr\",\"name\":\"JusticeInfo.net\",\"description\":\"La justice doit \u00eatre vue pour \u00eatre rendue\",\"publisher\":{\"@id\":\"https:\/\/www.justiceinfo.net\/fr#organization\"},\"potentialAction\":[{\"@type\":\"SearchAction\",\"target\":{\"@type\":\"EntryPoint\",\"urlTemplate\":\"https:\/\/www.justiceinfo.net\/fr?s={search_term_string}\"},\"query-input\":{\"@type\":\"PropertyValueSpecification\",\"valueRequired\":true,\"valueName\":\"search_term_string\"}}],\"inLanguage\":\"fr-FR\"},{\"@type\":\"Organization\",\"@id\":\"https:\/\/www.justiceinfo.net\/fr#organization\",\"name\":\"Justice Info\",\"url\":\"https:\/\/www.justiceinfo.net\/fr\",\"logo\":{\"@type\":\"ImageObject\",\"inLanguage\":\"fr-FR\",\"@id\":\"https:\/\/www.justiceinfo.net\/fr#\/schema\/logo\/image\/\",\"url\":\"https:\/\/www.justiceinfo.net\/wp-content\/uploads\/justiceinfo_logo-trans_1200x1200px.png\",\"contentUrl\":\"https:\/\/www.justiceinfo.net\/wp-content\/uploads\/justiceinfo_logo-trans_1200x1200px.png\",\"width\":1199,\"height\":1200,\"caption\":\"Justice Info\"},\"image\":{\"@id\":\"https:\/\/www.justiceinfo.net\/fr#\/schema\/logo\/image\/\"},\"sameAs\":[\"https:\/\/www.facebook.com\/JusticeInfo\/\",\"https:\/\/x.com\/justiceinfonet\",\"https:\/\/www.linkedin.com\/company\/justice-info\",\"https:\/\/www.youtube.com\/channel\/UCyCEsARodyuWtkWyhn-e7pA\"]},{\"@type\":\"Person\",\"name\":\"solivri\",\"url\":\"\/fr\/?s=solivri\"}]}<\/script>\n<!-- \/ Yoast SEO Premium plugin. -->","yoast_head_json":{"title":"23.03.10 - RWANDA\/RESCAPES - ASSASSINATS DE RESCAPES DU GENOCIDE : IBUKA SAISIT LE PARLEMENT - JusticeInfo.net","robots":{"index":"index","follow":"follow","max-snippet":"max-snippet:-1","max-image-preview":"max-image-preview:large","max-video-preview":"max-video-preview:-1"},"canonical":"https:\/\/www.justiceinfo.net\/fr\/11945-230310-rwandarescapes-assassinats-de-rescapes-du-genocide-ibuka-saisit-le-parlement8753.html","og_locale":"fr_FR","og_type":"article","og_title":"23.03.10 - RWANDA\/RESCAPES - ASSASSINATS DE RESCAPES DU GENOCIDE : IBUKA SAISIT LE PARLEMENT","og_description":"Kigali, 23 mars 2010 (FH) - Ibuka, la principale organisation de survivants du g&eacute;nocide perp&eacute;tr&eacute; contre les Tutsis en 1994, a annonc&eacute; mardi avoir saisi la chambre des d&eacute;put&eacute;s et le s&eacute;nat rwandais de la question des assassinats visant ces rescap&eacute;s.","og_url":"https:\/\/www.justiceinfo.net\/fr\/11945-230310-rwandarescapes-assassinats-de-rescapes-du-genocide-ibuka-saisit-le-parlement8753.html","og_site_name":"JusticeInfo.net","article_publisher":"https:\/\/www.facebook.com\/JusticeInfo\/","article_published_time":"2010-03-22T23:00:00+00:00","og_image":[{"width":1200,"height":630,"url":"https:\/\/www.justiceinfo.net\/wp-content\/uploads\/JusticeInfoNet_logo_1200x630px.jpg","type":"image\/jpeg"}],"author":"solivri","twitter_card":"summary_large_image","twitter_creator":"@justiceinfonet","twitter_site":"@justiceinfonet","twitter_misc":{"\u00c9crit par":"solivri","Dur\u00e9e de lecture estim\u00e9e":"4 minutes"},"schema":{"@context":"https:\/\/schema.org","@graph":[{"@type":"NewsArticle","@id":"https:\/\/www.justiceinfo.net\/fr\/11945-230310-rwandarescapes-assassinats-de-rescapes-du-genocide-ibuka-saisit-le-parlement8753.html#article","isPartOf":{"@id":"https:\/\/www.justiceinfo.net\/fr\/11945-230310-rwandarescapes-assassinats-de-rescapes-du-genocide-ibuka-saisit-le-parlement8753.html"},"author":{"name":"solivri","@id":"https:\/\/www.justiceinfo.net\/fr#\/schema\/person\/6e53cba1629e2e66f3fc1821d3091865"},"headline":"23.03.10 - RWANDA\/RESCAPES - ASSASSINATS DE RESCAPES DU GENOCIDE : IBUKA SAISIT LE PARLEMENT","datePublished":"2010-03-22T23:00:00+00:00","mainEntityOfPage":{"@id":"https:\/\/www.justiceinfo.net\/fr\/11945-230310-rwandarescapes-assassinats-de-rescapes-du-genocide-ibuka-saisit-le-parlement8753.html"},"wordCount":745,"commentCount":0,"publisher":{"@id":"https:\/\/www.justiceinfo.net\/fr#organization"},"articleSection":["Hirondelle News"],"inLanguage":"fr-FR","potentialAction":[{"@type":"CommentAction","name":"Comment","target":["https:\/\/www.justiceinfo.net\/fr\/11945-230310-rwandarescapes-assassinats-de-rescapes-du-genocide-ibuka-saisit-le-parlement8753.html#respond"]}]},{"@type":"WebPage","@id":"https:\/\/www.justiceinfo.net\/fr\/11945-230310-rwandarescapes-assassinats-de-rescapes-du-genocide-ibuka-saisit-le-parlement8753.html","url":"https:\/\/www.justiceinfo.net\/fr\/11945-230310-rwandarescapes-assassinats-de-rescapes-du-genocide-ibuka-saisit-le-parlement8753.html","name":"23.03.10 - RWANDA\/RESCAPES - ASSASSINATS DE RESCAPES DU GENOCIDE : IBUKA SAISIT LE PARLEMENT - JusticeInfo.net","isPartOf":{"@id":"https:\/\/www.justiceinfo.net\/fr#website"},"datePublished":"2010-03-22T23:00:00+00:00","breadcrumb":{"@id":"https:\/\/www.justiceinfo.net\/fr\/11945-230310-rwandarescapes-assassinats-de-rescapes-du-genocide-ibuka-saisit-le-parlement8753.html#breadcrumb"},"inLanguage":"fr-FR","potentialAction":[{"@type":"ReadAction","target":["https:\/\/www.justiceinfo.net\/fr\/11945-230310-rwandarescapes-assassinats-de-rescapes-du-genocide-ibuka-saisit-le-parlement8753.html"]}]},{"@type":"BreadcrumbList","@id":"https:\/\/www.justiceinfo.net\/fr\/11945-230310-rwandarescapes-assassinats-de-rescapes-du-genocide-ibuka-saisit-le-parlement8753.html#breadcrumb","itemListElement":[{"@type":"ListItem","position":1,"name":"Home","item":"https:\/\/www.justiceinfo.net\/fr"},{"@type":"ListItem","position":2,"name":"23.03.10 - RWANDA\/RESCAPES - ASSASSINATS DE RESCAPES DU GENOCIDE : IBUKA SAISIT LE PARLEMENT"}]},{"@type":"WebSite","@id":"https:\/\/www.justiceinfo.net\/fr#website","url":"https:\/\/www.justiceinfo.net\/fr","name":"JusticeInfo.net","description":"La justice doit \u00eatre vue pour \u00eatre rendue","publisher":{"@id":"https:\/\/www.justiceinfo.net\/fr#organization"},"potentialAction":[{"@type":"SearchAction","target":{"@type":"EntryPoint","urlTemplate":"https:\/\/www.justiceinfo.net\/fr?s={search_term_string}"},"query-input":{"@type":"PropertyValueSpecification","valueRequired":true,"valueName":"search_term_string"}}],"inLanguage":"fr-FR"},{"@type":"Organization","@id":"https:\/\/www.justiceinfo.net\/fr#organization","name":"Justice Info","url":"https:\/\/www.justiceinfo.net\/fr","logo":{"@type":"ImageObject","inLanguage":"fr-FR","@id":"https:\/\/www.justiceinfo.net\/fr#\/schema\/logo\/image\/","url":"https:\/\/www.justiceinfo.net\/wp-content\/uploads\/justiceinfo_logo-trans_1200x1200px.png","contentUrl":"https:\/\/www.justiceinfo.net\/wp-content\/uploads\/justiceinfo_logo-trans_1200x1200px.png","width":1199,"height":1200,"caption":"Justice Info"},"image":{"@id":"https:\/\/www.justiceinfo.net\/fr#\/schema\/logo\/image\/"},"sameAs":["https:\/\/www.facebook.com\/JusticeInfo\/","https:\/\/x.com\/justiceinfonet","https:\/\/www.linkedin.com\/company\/justice-info","https:\/\/www.youtube.com\/channel\/UCyCEsARodyuWtkWyhn-e7pA"]},{"@type":"Person","name":"solivri","url":"\/fr\/?s=solivri"}]}},"_links":{"self":[{"href":"https:\/\/www.justiceinfo.net\/fr\/wp-json\/wp\/v2\/posts\/11945","targetHints":{"allow":["GET"]}}],"collection":[{"href":"https:\/\/www.justiceinfo.net\/fr\/wp-json\/wp\/v2\/posts"}],"about":[{"href":"https:\/\/www.justiceinfo.net\/fr\/wp-json\/wp\/v2\/types\/post"}],"author":[{"embeddable":true,"href":"https:\/\/www.justiceinfo.net\/fr\/wp-json\/wp\/v2\/users\/64"}],"replies":[{"embeddable":true,"href":"https:\/\/www.justiceinfo.net\/fr\/wp-json\/wp\/v2\/comments?post=11945"}],"version-history":[{"count":0,"href":"https:\/\/www.justiceinfo.net\/fr\/wp-json\/wp\/v2\/posts\/11945\/revisions"}],"wp:attachment":[{"href":"https:\/\/www.justiceinfo.net\/fr\/wp-json\/wp\/v2\/media?parent=11945"}],"wp:term":[{"taxonomy":"category","embeddable":true,"href":"https:\/\/www.justiceinfo.net\/fr\/wp-json\/wp\/v2\/categories?post=11945"},{"taxonomy":"post_tag","embeddable":true,"href":"https:\/\/www.justiceinfo.net\/fr\/wp-json\/wp\/v2\/tags?post=11945"},{"taxonomy":"ji_location","embeddable":true,"href":"https:\/\/www.justiceinfo.net\/fr\/wp-json\/wp\/v2\/ji_location?post=11945"}],"curies":[{"name":"wp","href":"https:\/\/api.w.org\/{rel}","templated":true}]}}