{"id":119676,"date":"2023-07-21T11:01:01","date_gmt":"2023-07-21T09:01:01","guid":{"rendered":"https:\/\/www.justiceinfo.net\/?p=119676"},"modified":"2024-01-29T16:58:15","modified_gmt":"2024-01-29T15:58:15","slug":"suisse-decoloniser-pays-sans-colonies","status":"publish","type":"post","link":"https:\/\/www.justiceinfo.net\/fr\/119676-suisse-decoloniser-pays-sans-colonies.html","title":{"rendered":"Suisse\u00a0: l\u2019art de d\u00e9coloniser un pays sans\u00a0colonies"},"content":{"rendered":"\n<p><strong>Pourquoi la Suisse, un pays qui n\u2019a jamais eu de colonies, d\u00e9tient des objets h\u00e9rit\u00e9s d\u2019une conqu\u00eate violente&nbsp;? Et comment ce pays et ses mus\u00e9es, \u00e0 travers sa participation aux restitutions de biens culturels, prend conscience de sa participation \u00e0 l\u2019\u00e9conomie et \u00e0 l\u2019\u00e9tiologie de la <a href=\"https:\/\/www.justiceinfo.net\/fr\/78723-humanite-heure-du-crime-colonial.html\">colonisation<\/a>&nbsp;? Des questions qui d\u00e9rangent dans une Suisse qui se per\u00e7oit comme neutre, d\u00e9mocratique et toujours du c\u00f4t\u00e9 du bien, pointe l\u2019auteure de cet article.<\/strong><\/p>\n\n\n\n<!--more-->\n\n\n\n<p>\u00ab&nbsp;Et j\u2019ai dit \u00e0 Monsieur et Madame la Ministre&nbsp;: je suis contente que la Suisse n\u2019ait jamais particip\u00e9 ni \u00e0 ces histoires d\u2019esclavage ni \u00e0 la colonisation.&nbsp;\u00bb<\/p>\n\n\n\n<p>Quatre ans apr\u00e8s cette <a href=\"https:\/\/www.parlament.ch\/fr\/ratsbetrieb\/suche-curia-vista\/geschaeft?AffairId=20184067\">d\u00e9claration<\/a> de l\u2019ancienne Conseill\u00e8re f\u00e9d\u00e9rale Doris Leuthard, huit mus\u00e9es suisses ont rejoint l\u2019<a href=\"https:\/\/rietberg.ch\/fr\/recherche\/initiative-benin\">Initiative B\u00e9nin Suisse<\/a>. Celle-ci s\u2019inscrit dans le processus de d\u00e9colonisation des mus\u00e9es. \u00c0 travers cette initiative, les mus\u00e9es suisses ont d\u00e9couvert que, parmi les 97 objets de la collection originaire du <a href=\"https:\/\/theconversation.com\/restitution-des-bronzes-du-benin-par-lallemagne-pourquoi-cest-loin-detre-suffisant-167419\">Royaume du B\u00e9nin<\/a>, <a href=\"https:\/\/www.letemps.ch\/culture\/decolonisation-musees\">40&nbsp;%<\/a> proviennent de la <a href=\"https:\/\/theconversation.com\/le-retour-des-objets-pilles-pendant-la-periode-coloniale-un-enjeu-de-taille-au-nigeria-107242\">p\u00e9riode coloniale<\/a>.<\/p>\n\n\n\n<p>Si on demandait aux Suisses ce qu\u2019ils pensent de leur histoire coloniale, la plupart r\u00e9pondraient qu\u2019elle n\u2019existe pas. Des chercheurs ont n\u00e9anmoins prouv\u00e9 l\u2019implication coloniale de la Suisse, ou plut\u00f4t de certains Suisses. Par exemple, le commerce triangulaire fonctionnait aussi gr\u00e2ce aux investissements des <a href=\"https:\/\/academic.oup.com\/ahr\/article-abstract\/100\/5\/1535\/91686\">banques suisses<\/a> et 40&nbsp;% de la \u00ab&nbsp;traite des Noirs&nbsp;\u00bb \u00e9tait couverte par des <a href=\"https:\/\/www.antipodes.ch\/produit\/la-suisse-et-lesclavage\/\">assurances suisses<\/a>. La famille du fondateur du <a href=\"https:\/\/theconversation.com\/credit-suisse-les-lecons-dune-lente-descente-aux-enfers-202363\">Cr\u00e9dit Suisse<\/a>, Alfred Escher, poss\u00e9dait des <a href=\"http:\/\/institutions.ville-geneve.ch\/fr\/bm\/interroge\/questions-recentes\/questions\/detail\/quel-role-la-suisse-a-t-elle-joue-dans-le-commerce-des-esclaves-vers-lamerique-et-quels-avantage\/\">plantations esclavagistes de caf\u00e9 \u00e0 Cuba<\/a>.<\/p>\n\n\n\n<p>Quelle est la relation entre ce pass\u00e9 colonial et les mus\u00e9es&nbsp;? Depuis le XIX<sup>e<\/sup>&nbsp;si\u00e8cle, les \u00ab&nbsp;savants&nbsp;\u00bb ont utilis\u00e9 ces lieux pour divulguer leurs id\u00e9es \u00e0 travers des expositions. Au XIX<sup>e<\/sup>&nbsp;et au d\u00e9but du XX<sup>e<\/sup>&nbsp;si\u00e8cle, des objets appartenant aux communaut\u00e9s indig\u00e8nes ainsi que des collections de <a href=\"https:\/\/www.ville-ge.ch\/meg\/sql\/totem\/totem58.pdf\">restes humains<\/a> devinrent des articles d\u2019exposition. Ni les intellectuels ni les responsables des mus\u00e9es n\u2019avaient la moindre consid\u00e9ration pour le caract\u00e8re religieux ou sacr\u00e9 de ces objets. L\u2019essor des th\u00e9ories racistes fa\u00e7onnait alors la pens\u00e9e acad\u00e9mique des \u00e9lites et, in\u00e9vitablement, des mus\u00e9es ethnologiques suisses.<\/p>\n\n\n\n<p>Avec le mouvement de <a href=\"https:\/\/theconversation.com\/retour-des-tresors-dabomey-au-benin-lavenement-dune-logistique-memorielle-172830\">restitution<\/a>, l\u2019appr\u00e9hension de ces objets et de leur histoire a chang\u00e9. Ce processus est parfois con\u00e7u en accord avec ces cultures. En est un exemple le cas d\u2019un masque sacr\u00e9 d\u2019origine Haudenosaunee, qui, jusqu\u2019il y a peu se trouvait au Mus\u00e9e Ethnographique de Gen\u00e8ve (MEG). Ce n\u2019est que le 7&nbsp;f\u00e9vrier 2023 que le MEG a proc\u00e9d\u00e9 \u00e0 sa <a href=\"https:\/\/www.meg.ch\/fr\/programme-dactivites\/ceremonie-retour-objets-sacres-haudenosaunee\">restitution<\/a>. La c\u00e9r\u00e9monie qui a suivi d\u00e9montre le changement d\u2019attitude&nbsp;: en signe de respect pour sa sacralit\u00e9, lors de l\u2019\u00e9v\u00e8nement, le masque a \u00e9t\u00e9 enferm\u00e9 dans une bo\u00eete et le rituel pour accueillir son retour n\u2019a pas \u00e9t\u00e9 film\u00e9.<\/p>\n\n\n\n<h2 class=\"wp-block-heading\">Qu\u2019appelle-t-on \u00ab&nbsp;d\u00e9colonisation&nbsp;\u00bb&nbsp;?<\/h2>\n\n\n\n<p>Il n\u2019existe pas de d\u00e9finition partag\u00e9e de ce que signifie d\u00e9coloniser. Selon l\u2019<a href=\"https:\/\/provenienzforschung.ch\/fr\/schweizerischer-arbeitskreis-provenienzforschung-francais\/\">Association Suisse de recherche en provenance<\/a>, d\u00e9coloniser implique l\u2019acte de d\u00e9noncer l\u2019id\u00e9ologie coloniale qui persiste dans nos soci\u00e9t\u00e9s. Pour l\u2019\u00e9crivaine <a href=\"https:\/\/www.museumnext.com\/article\/what-does-it-mean-to-decolonize-a-museum\/\">Elisa Schoenberger<\/a>, d\u00e9coloniser signifie s\u2019opposer \u00e0 la domination blanche qui continue \u00e0 structurer silencieusement nos soci\u00e9t\u00e9s et la violence latente (ou non) dans les rapports entre les communaut\u00e9s occidentales et non occidentales dans le monde. Ce qui fait consensus, c\u2019est que ces relations de pouvoir in\u00e9gales se manifestent dans la culture, la langue et les relations sociales et \u00e9conomiques. Elles persistent un peu partout dans notre soci\u00e9t\u00e9&nbsp;; les mus\u00e9es ne font pas exception.<\/p>\n\n\n\n<p>Le <a href=\"https:\/\/www.sciencedirect.com\/science\/article\/pii\/S2212682116300361\">Mus\u00e9e ethnographique<\/a> est n\u00e9 avec les <a href=\"https:\/\/journals.openedition.org\/iss\/355?lang=en\">premi\u00e8res campagnes de pillage<\/a> du continent am\u00e9ricain au XVI<sup>e<\/sup>&nbsp;si\u00e8cle. Vers la fin du XVIII<sup>e<\/sup>&nbsp;et le d\u00e9but du XIX<sup>e<\/sup>&nbsp;si\u00e8cle, le mus\u00e9e devient un des instruments de la politique imp\u00e9riale europ\u00e9enne. Il permet de <a href=\"https:\/\/www.tandfonline.com\/doi\/full\/10.1080\/09528822.2019.1653065\">diffuser, d\u2019affirmer et d\u2019asseoir \u00e0 travers des images et des objets la pr\u00e9tendue sup\u00e9riorit\u00e9 de l\u2019Occident sur le \u00ab&nbsp;sauvage&nbsp;\u00bb<\/a>. Les mus\u00e9es incarnent l\u2019autorit\u00e9 du savoir et v\u00e9hiculent un certain r\u00e9cit de l\u2019histoire nationale&nbsp;: une \u00e9pop\u00e9e glorificatrice et h\u00e9ro\u00efque. C\u2019est aussi le cas en Suisse, o\u00f9 le silence sur le pass\u00e9 colonial reste envelopp\u00e9 dans un brouillard \u00e9pais.<\/p>\n\n\n\n<h2 class=\"wp-block-heading\">Les mus\u00e9es suisses se d\u00e9colonisent<\/h2>\n\n\n\n<p>Depuis une vingtaine d\u2019ann\u00e9es, les curateurs de mus\u00e9es suisses prennent conscience de cette opacit\u00e9. En mars 2002, le mus\u00e9e ethnographique de Neuch\u00e2tel inaugure l\u2019exposition <a href=\"https:\/\/www.men.ch\/fr\/expositions\/anciennes-expositions\/black-box-depuis-1981\/le-musee-cannibale\">\u00ab&nbsp;Mus\u00e9e cannibale&nbsp;\u00bb<\/a>. Cette d\u00e9marche pionni\u00e8re ouvre la voie \u00e0 la d\u00e9colonisation des mus\u00e9es suisses. En 2010, compte tenu de l\u2019importante collection provenant du royaume de Bamoun, le mus\u00e9e Rietberg de Z\u00fcrich lance un <a href=\"https:\/\/rietberg.ch\/fr\/interconnecte\/fumban_fr\">projet de coop\u00e9ration et de restauration<\/a> avec le Cameroun. En 2019, le Mus\u00e9e ethnographique de Gen\u00e8ve inclut dans ses plans strat\u00e9giques la n\u00e9cessit\u00e9 de <a href=\"https:\/\/www.ville-ge.ch\/meg\/pdf\/MEG_PS_2020_2024.pdf\">\u00ab&nbsp;rendre visible l\u2019histoire violente et in\u00e9gale des collections coloniales et n\u00e9ocoloniales&nbsp;\u00bb<\/a>.<\/p>\n\n\n\n<p>Le mouvement <a href=\"https:\/\/theconversation.com\/nouveaux-mouvements-antiracistes-importation-americaine-ou-modele-europeen-146315\"><em>Black Lives Matter<\/em><\/a> a permis une <a href=\"https:\/\/www.chahut.ch\/decoloniserlaville\/episode\/7978b8dc\/5-peut-on-decoloniser-les-musees\">acc\u00e9l\u00e9ration<\/a> de ce processus. Selon le professeur d\u2019histoire et de politique internationale Davide Rodogno, plusieurs <a href=\"https:\/\/www.chahut.ch\/decoloniserlaville\/episode\/7978b8dc\/5-peut-on-decoloniser-les-musees\">directrices de mus\u00e9es suisses ont pris conscience<\/a> que reconna\u00eetre la violence subie par les peuples colonis\u00e9s et les repr\u00e9sentations st\u00e9r\u00e9otyp\u00e9es et inf\u00e9riorisantes des peuples non europ\u00e9ens dans les mus\u00e9es est un pas crucial vers le d\u00e9mant\u00e8lement des relations in\u00e9gales.<\/p>\n\n\n\n<p>L\u2019exposition du Mus\u00e9e national suisse en 2024 sera consacr\u00e9e au pass\u00e9 colonial suisse. Sa directrice, Denise Tonella, <a href=\"https:\/\/youtu.be\/qQJnj5Ys1ug\">souligne<\/a> que l\u2019existence d\u2019une histoire coloniale helv\u00e9tique surprend encore la plupart des Suisses. Pour cette raison, elle pr\u00e9conise de commencer par reconna\u00eetre l\u2019existence de ce pass\u00e9 en le racontant.<\/p>\n\n\n\n<h2 class=\"wp-block-heading\">L\u2019identit\u00e9 suisse au c\u0153ur du d\u00e9bat<\/h2>\n\n\n\n<p><a href=\"https:\/\/www.bilan.ch\/story\/le-meg-va-restituer-des-objets-sacres-aux-iroquois-772424249796\">Plusieurs prises de position<\/a> contre les d\u00e9marches de d\u00e9colonisation des mus\u00e9es <a href=\"https:\/\/www.tdg.ch\/le-musee-dethnographie-de-geneve-na-jamais-ete-colonialiste-790856259454\">illustrent<\/a> les controverses qui accompagnent ce sujet. Ces efforts de la part des directeurs de mus\u00e9es contrastent avec certaines r\u00e9actions du grand public suisse. Certains rejettent, nient, ou sont ouvertement oppos\u00e9s \u00e0 l\u2019id\u00e9e d\u2019une Suisse coloniale ainsi qu\u2019\u00e0 ces initiatives.<\/p>\n\n\n\n<p><a href=\"https:\/\/www.chahut.ch\/decoloniserlaville\/episode\/7978b8dc\/5-peut-on-decoloniser-les-musees\">Pour la directrice du Ch\u00e2teau de Prangins<\/a>, Helen Bieri Thomson, \u00ab&nbsp;la Suisse a un probl\u00e8me avec son image, elle se voit volontiers comme neutre, d\u00e9mocratique, humanitaire et donc irr\u00e9prochable, toujours du c\u00f4t\u00e9 du bien. C\u2019est difficile d\u2019aborder des th\u00e8mes moins glorieux du pass\u00e9 et l\u2019amn\u00e9sie qui concerne la Suisse&nbsp;\u00bb.<\/p>\n\n\n\n<p>Le processus de d\u00e9colonisation des mus\u00e9es suisses implique des enjeux identitaires et ouvre la voie \u00e0 des r\u00e9flexions plus profondes&nbsp;: ces diff\u00e9rents projets mettent-ils en lumi\u00e8re une dangereuse crise de la Conf\u00e9d\u00e9ration&nbsp;? Parler de l\u2019histoire coloniale suisse remettrait-il en question le mythe du <a href=\"https:\/\/hls-dhs-dss.ch\/fr\/articles\/049556\/2012-12-20\/\">\u00ab&nbsp;Sonderfall&nbsp;\u00bb<\/a>, l\u2019exceptionnalisme suisse&nbsp;? Le cas \u00e9ch\u00e9ant, pourquoi et pour qui d\u00e9stabiliser l\u2019histoire nationale (construite autour d\u2019un r\u00e9cit de neutralit\u00e9 et de tradition humanitaire) en insistant sur des questions coloniales qui n\u2019appartiennent pas aux Suisses&nbsp;? Et si la Suisse se d\u00e9colonise pour satisfaire un besoin propre, dans quelle mesure la d\u00e9marche prendra-t-elle en compte les communaut\u00e9s colonis\u00e9es&nbsp;? Pour que le processus de d\u00e9colonisation soit bien accueilli par la population suisse, ces sensibilit\u00e9s devraient \u00eatre prises en compte et adress\u00e9es dans la continuation de la d\u00e9marche d\u00e9colonisatrice suisse.<\/p>\n\n\n\n<h2 class=\"wp-block-heading\" id=\"h-vers-la-fin-des-musees-ethnographiques\">Vers la fin des mus\u00e9es ethnographiques&nbsp;?<\/h2>\n\n\n\n<p>Gr\u00e2ce au processus de d\u00e9colonisation, les propri\u00e9t\u00e9s, objets, ou encore les restes humains pill\u00e9s et expos\u00e9s dans les mus\u00e9es ont commenc\u00e9 \u00e0 \u00eatre reconnus pour leur valeur et leur histoire. Ce premier pas permet d\u2019entamer des discussions concernant le retour des objets, comme dans le cas du MEG. Les communaut\u00e9s anciennement colonis\u00e9es peuvent faire reconna\u00eetre \u00ab&nbsp;leur version de l\u2019histoire&nbsp;\u00bb.<\/p>\n\n\n\n<p>Afin de briser ces dynamiques in\u00e9gales, les mus\u00e9es doivent \u00eatre plus ambitieux. Le professeur d\u2019histoire et de politique internationale Mohamed Mahmoud Mohamedou est cat\u00e9gorique \u00e0 cet \u00e9gard&nbsp;: <a href=\"https:\/\/www.chahut.ch\/decoloniserlaville\/episode\/7978b8dc\/5-peut-on-decoloniser-les-musees\">la d\u00e9colonisation des mus\u00e9es passe par la d\u00e9colonisation de l\u2019esprit<\/a>. Les mus\u00e9es ethnographiques et d\u2019histoire, comme d\u2019autres institutions publiques, pourraient commencer par rendre public ce qu\u2019ils ont omis de dire sur le pass\u00e9. Ils devraient adopter une approche critique envers eux-m\u00eames. Il s\u2019agirait alors de faire conna\u00eetre l\u2019histoire du mus\u00e9e, ses implications coloniales, son financement et la provenance de ses objets.<\/p>\n\n\n\n<p>Cette d\u00e9marche fait surgir des questions plus profondes. Elles touchent la nature m\u00eame du mus\u00e9e. En effet, si le mus\u00e9e ethnographique est un produit de la colonisation, une d\u00e9colonisation r\u00e9ussie n\u2019impliquerait-elle pas son \u00ab&nbsp;annulation&nbsp;\u00bb, sa fermeture d\u00e9finitive&nbsp;? Autrement dit, si, comme soutenu par le professeur d\u2019anthropologie sociale Fabien Van Geert, la repr\u00e9sentation de l\u2019Autre est la <a href=\"https:\/\/journals.openedition.org\/iss\/355?lang=en\">raison d\u2019\u00eatre<\/a> du mus\u00e9e ethnographique, son existence a-t-elle toujours un sens&nbsp;?<\/p>\n\n\n\n<div style=\"height:5px\" aria-hidden=\"true\" class=\"wp-block-spacer\"><\/div>\n\n\n\n<hr class=\"wp-block-separator has-alpha-channel-opacity\"\/>\n\n\n\n<div style=\"height:15px\" aria-hidden=\"true\" class=\"wp-block-spacer\"><\/div>\n\n\n\n<p><em>Cet article, l\u00e9g\u00e8rement modifi\u00e9 par Justice Info, est republi\u00e9 \u00e0 partir de <a href=\"https:\/\/theconversation.com\/fr\" target=\"_blank\" rel=\"noreferrer noopener\">The Conversation France<\/a> sous licence Creative Commons. Lire <a href=\"https:\/\/theconversation.com\/lart-de-decoloniser-un-pays-sans-colonies-200770\" target=\"_blank\" rel=\"noreferrer noopener\">l\u2019article original<\/a>.<\/em><\/p>\n\n\n<div class=\"articleLink articleLink--editorRecommanded articleLink--textInImage articleLink--textTop\" style=\"\">\r\n\t\t\t\t\t\r\n\t\t\t<div class=\"articleLinkSurTitle\">Recommand\u00e9 par la r\u00e9daction<\/div>\r\n\t\t\t<a class=\"articleLinkImageLink\" href=\"https:\/\/www.justiceinfo.net\/fr\/115264-crimes-coloniaux-mouvement-reparations-pietine-europe.html\"><div class=\"articleLinkImageContainer \"><img loading=\"lazy\" decoding=\"async\" width=\"540\" height=\"360\" src=\"https:\/\/www.justiceinfo.net\/wp-content\/uploads\/Burkina-Faso_France-Emmanuel-Macron_@Ludovic-Marin-Pool-AFP-540x360.jpg\" class=\"articleLinkImage backgroundImageTag w-100 wp-post-image\" alt=\"R\u00e9paration des crimes coloniaux - Emmanuel Macron au Burkina Faso\" srcset=\"https:\/\/www.justiceinfo.net\/wp-content\/uploads\/Burkina-Faso_France-Emmanuel-Macron_@Ludovic-Marin-Pool-AFP-540x360.jpg 540w, https:\/\/www.justiceinfo.net\/wp-content\/uploads\/Burkina-Faso_France-Emmanuel-Macron_@Ludovic-Marin-Pool-AFP-730x487.jpg 730w, https:\/\/www.justiceinfo.net\/wp-content\/uploads\/Burkina-Faso_France-Emmanuel-Macron_@Ludovic-Marin-Pool-AFP-1110x740.jpg 1110w, https:\/\/www.justiceinfo.net\/wp-content\/uploads\/Burkina-Faso_France-Emmanuel-Macron_@Ludovic-Marin-Pool-AFP.jpg 1200w\" sizes=\"auto, (max-width: 540px) 100vw, 540px\" \/><\/div><\/a>\r\n\t\t\t<a href=\"https:\/\/www.justiceinfo.net\/fr\/115264-crimes-coloniaux-mouvement-reparations-pietine-europe.html\" class=\"articleLinkTitle articleLinkTitle--default\">\r\n\t\t\tCrimes coloniaux : le mouvement des r\u00e9parations pi\u00e9tine en Europe\r\n\t\t<\/a>\r\n\t\t\r\n\t\t\t\t<\/div>\n\n\n<div class=\"content-encadre\">\n<p><strong><img loading=\"lazy\" decoding=\"async\" class=\" wp-image-119695 alignleft\" src=\"https:\/\/www.justiceinfo.net\/wp-content\/uploads\/Letizia-Gaja-Pinoja.jpg\" alt=\"Letizia Gaja Pinoja\" width=\"200\" height=\"200\" srcset=\"https:\/\/www.justiceinfo.net\/wp-content\/uploads\/Letizia-Gaja-Pinoja.jpg 238w, https:\/\/www.justiceinfo.net\/wp-content\/uploads\/Letizia-Gaja-Pinoja-150x150.jpg 150w\" sizes=\"auto, (max-width: 200px) 100vw, 200px\" \/>LETIZIA GAJA PINOJA<\/strong><\/p>\n<p>Doctorante en Histoire et Politique Internationale au Geneva Graduate Institute, <a href=\"_wp_link_placeholder\" data-wplink-edit=\"true\">Letizia Gaja Pinoja<\/a> effectue des recherches sur l'histoire coloniale et post-coloniale suisse.<\/p>\n<p><\/p>\n<\/div>","protected":false},"excerpt":{"rendered":"<p>Pourquoi la Suisse, un pays qui n\u2019a jamais eu de colonies, d\u00e9tient des objets h\u00e9rit\u00e9s d\u2019une conqu\u00eate violente&nbsp;? Et comment ce pays et ses mus\u00e9es, \u00e0 travers sa participation aux restitutions de biens culturels, prend conscience de sa participation \u00e0 l\u2019\u00e9conomie et \u00e0 l\u2019\u00e9tiologie de la colonisation&nbsp;? Des questions qui d\u00e9rangent dans une Suisse qui [&hellip;]<\/p>\n","protected":false},"author":64,"featured_media":119683,"comment_status":"open","ping_status":"closed","sticky":false,"template":"","format":"standard","meta":{"_acf_changed":false,"footnotes":""},"categories":[575,550],"tags":[2646,2891],"ji_location":[2496],"class_list":["post-119676","post","type-post","status-publish","format-standard","has-post-thumbnail","hentry","category-opinions","category-reparations","tag-colonisation","tag-restitutions","ji_location-suisse"],"acf":[],"yoast_head":"<!-- This site is optimized with the Yoast SEO Premium plugin v25.3.1 (Yoast SEO v25.3.1) - https:\/\/yoast.com\/wordpress\/plugins\/seo\/ -->\n<title>Peut-on parler de d\u00e9colonisation en Suisse ?<\/title>\n<meta name=\"description\" content=\"Pourquoi la Suisse, un pays qui n\u2019a jamais eu de colonies, commence \u00e0 parler de colonialisme et de d\u00e9colonisation ? Les Suisses sont-ils pr\u00eats \u00e0 l&#039;entendre ?\" \/>\n<meta name=\"robots\" content=\"index, follow, max-snippet:-1, max-image-preview:large, max-video-preview:-1\" \/>\n<link rel=\"canonical\" href=\"https:\/\/www.justiceinfo.net\/fr\/119676-suisse-decoloniser-pays-sans-colonies.html\" \/>\n<meta property=\"og:locale\" content=\"fr_FR\" \/>\n<meta property=\"og:type\" content=\"article\" \/>\n<meta property=\"og:title\" content=\"Suisse\u00a0: l\u2019art de d\u00e9coloniser un pays sans\u00a0colonies\" \/>\n<meta property=\"og:description\" content=\"Pourquoi la Suisse, un pays qui n\u2019a jamais eu de colonies, commence \u00e0 parler de colonialisme et de d\u00e9colonisation ? Les Suisses sont-ils pr\u00eats \u00e0 l&#039;entendre ?\" \/>\n<meta property=\"og:url\" content=\"https:\/\/www.justiceinfo.net\/fr\/119676-suisse-decoloniser-pays-sans-colonies.html\" \/>\n<meta property=\"og:site_name\" content=\"JusticeInfo.net\" \/>\n<meta property=\"article:publisher\" content=\"https:\/\/www.facebook.com\/JusticeInfo\/\" \/>\n<meta property=\"article:published_time\" content=\"2023-07-21T09:01:01+00:00\" \/>\n<meta property=\"article:modified_time\" content=\"2024-01-29T15:58:15+00:00\" \/>\n<meta property=\"og:image\" content=\"https:\/\/www.justiceinfo.net\/wp-content\/uploads\/Suisse_Hans-Himmelheber-masques_@Musee-Rietberg-Zurich.jpg\" \/>\n\t<meta property=\"og:image:width\" content=\"1146\" \/>\n\t<meta property=\"og:image:height\" content=\"765\" \/>\n\t<meta property=\"og:image:type\" content=\"image\/jpeg\" \/>\n<meta name=\"author\" content=\"Letizia Gaja Pinoja\" \/>\n<meta name=\"twitter:card\" content=\"summary_large_image\" \/>\n<meta name=\"twitter:creator\" content=\"@justiceinfonet\" \/>\n<meta name=\"twitter:site\" content=\"@justiceinfonet\" \/>\n<meta name=\"twitter:label1\" content=\"\u00c9crit par\" \/>\n\t<meta name=\"twitter:data1\" content=\"Letizia Gaja Pinoja\" \/>\n\t<meta name=\"twitter:label2\" content=\"Dur\u00e9e de lecture estim\u00e9e\" \/>\n\t<meta name=\"twitter:data2\" content=\"8 minutes\" \/>\n<script type=\"application\/ld+json\" class=\"yoast-schema-graph\">{\"@context\":\"https:\/\/schema.org\",\"@graph\":[{\"@type\":\"NewsArticle\",\"@id\":\"https:\/\/www.justiceinfo.net\/fr\/119676-suisse-decoloniser-pays-sans-colonies.html#article\",\"isPartOf\":{\"@id\":\"https:\/\/www.justiceinfo.net\/fr\/119676-suisse-decoloniser-pays-sans-colonies.html\"},\"author\":{\"name\":\"solivri\",\"@id\":\"https:\/\/www.justiceinfo.net\/fr#\/schema\/person\/6e53cba1629e2e66f3fc1821d3091865\"},\"headline\":\"Suisse\u00a0: l\u2019art de d\u00e9coloniser un pays sans\u00a0colonies\",\"datePublished\":\"2023-07-21T09:01:01+00:00\",\"dateModified\":\"2024-01-29T15:58:15+00:00\",\"mainEntityOfPage\":{\"@id\":\"https:\/\/www.justiceinfo.net\/fr\/119676-suisse-decoloniser-pays-sans-colonies.html\"},\"wordCount\":1639,\"commentCount\":0,\"publisher\":{\"@id\":\"https:\/\/www.justiceinfo.net\/fr#organization\"},\"image\":{\"@id\":\"https:\/\/www.justiceinfo.net\/fr\/119676-suisse-decoloniser-pays-sans-colonies.html#primaryimage\"},\"thumbnailUrl\":\"https:\/\/www.justiceinfo.net\/wp-content\/uploads\/Suisse_Hans-Himmelheber-masques_@Musee-Rietberg-Zurich.jpg\",\"keywords\":[\"colonisation\",\"restitutions\"],\"articleSection\":[\"Opinions\",\"R\u00e9parations\"],\"inLanguage\":\"fr-FR\",\"potentialAction\":[{\"@type\":\"CommentAction\",\"name\":\"Comment\",\"target\":[\"https:\/\/www.justiceinfo.net\/fr\/119676-suisse-decoloniser-pays-sans-colonies.html#respond\"]}]},{\"@type\":\"WebPage\",\"@id\":\"https:\/\/www.justiceinfo.net\/fr\/119676-suisse-decoloniser-pays-sans-colonies.html\",\"url\":\"https:\/\/www.justiceinfo.net\/fr\/119676-suisse-decoloniser-pays-sans-colonies.html\",\"name\":\"Peut-on parler de d\u00e9colonisation en Suisse ?\",\"isPartOf\":{\"@id\":\"https:\/\/www.justiceinfo.net\/fr#website\"},\"primaryImageOfPage\":{\"@id\":\"https:\/\/www.justiceinfo.net\/fr\/119676-suisse-decoloniser-pays-sans-colonies.html#primaryimage\"},\"image\":{\"@id\":\"https:\/\/www.justiceinfo.net\/fr\/119676-suisse-decoloniser-pays-sans-colonies.html#primaryimage\"},\"thumbnailUrl\":\"https:\/\/www.justiceinfo.net\/wp-content\/uploads\/Suisse_Hans-Himmelheber-masques_@Musee-Rietberg-Zurich.jpg\",\"datePublished\":\"2023-07-21T09:01:01+00:00\",\"dateModified\":\"2024-01-29T15:58:15+00:00\",\"description\":\"Pourquoi la Suisse, un pays qui n\u2019a jamais eu de colonies, commence \u00e0 parler de colonialisme et de d\u00e9colonisation ? Les Suisses sont-ils pr\u00eats \u00e0 l'entendre ?\",\"breadcrumb\":{\"@id\":\"https:\/\/www.justiceinfo.net\/fr\/119676-suisse-decoloniser-pays-sans-colonies.html#breadcrumb\"},\"inLanguage\":\"fr-FR\",\"potentialAction\":[{\"@type\":\"ReadAction\",\"target\":[\"https:\/\/www.justiceinfo.net\/fr\/119676-suisse-decoloniser-pays-sans-colonies.html\"]}]},{\"@type\":\"ImageObject\",\"inLanguage\":\"fr-FR\",\"@id\":\"https:\/\/www.justiceinfo.net\/fr\/119676-suisse-decoloniser-pays-sans-colonies.html#primaryimage\",\"url\":\"https:\/\/www.justiceinfo.net\/wp-content\/uploads\/Suisse_Hans-Himmelheber-masques_@Musee-Rietberg-Zurich.jpg\",\"contentUrl\":\"https:\/\/www.justiceinfo.net\/wp-content\/uploads\/Suisse_Hans-Himmelheber-masques_@Musee-Rietberg-Zurich.jpg\",\"width\":1146,\"height\":765,\"caption\":\"L'ethnologue, marchand et collectionneur suisse de renom, Hans Himmelheber, photographi\u00e9 en 1971 avec ses masques. \u00a9 Mus\u00e9e Rietberg, Zurich\"},{\"@type\":\"BreadcrumbList\",\"@id\":\"https:\/\/www.justiceinfo.net\/fr\/119676-suisse-decoloniser-pays-sans-colonies.html#breadcrumb\",\"itemListElement\":[{\"@type\":\"ListItem\",\"position\":1,\"name\":\"Home\",\"item\":\"https:\/\/www.justiceinfo.net\/fr\"},{\"@type\":\"ListItem\",\"position\":2,\"name\":\"Suisse\u00a0: l\u2019art de d\u00e9coloniser un pays sans\u00a0colonies\"}]},{\"@type\":\"WebSite\",\"@id\":\"https:\/\/www.justiceinfo.net\/fr#website\",\"url\":\"https:\/\/www.justiceinfo.net\/fr\",\"name\":\"JusticeInfo.net\",\"description\":\"La justice doit \u00eatre vue pour \u00eatre rendue\",\"publisher\":{\"@id\":\"https:\/\/www.justiceinfo.net\/fr#organization\"},\"potentialAction\":[{\"@type\":\"SearchAction\",\"target\":{\"@type\":\"EntryPoint\",\"urlTemplate\":\"https:\/\/www.justiceinfo.net\/fr?s={search_term_string}\"},\"query-input\":{\"@type\":\"PropertyValueSpecification\",\"valueRequired\":true,\"valueName\":\"search_term_string\"}}],\"inLanguage\":\"fr-FR\"},{\"@type\":\"Organization\",\"@id\":\"https:\/\/www.justiceinfo.net\/fr#organization\",\"name\":\"Justice Info\",\"url\":\"https:\/\/www.justiceinfo.net\/fr\",\"logo\":{\"@type\":\"ImageObject\",\"inLanguage\":\"fr-FR\",\"@id\":\"https:\/\/www.justiceinfo.net\/fr#\/schema\/logo\/image\/\",\"url\":\"https:\/\/www.justiceinfo.net\/wp-content\/uploads\/justiceinfo_logo-trans_1200x1200px.png\",\"contentUrl\":\"https:\/\/www.justiceinfo.net\/wp-content\/uploads\/justiceinfo_logo-trans_1200x1200px.png\",\"width\":1199,\"height\":1200,\"caption\":\"Justice Info\"},\"image\":{\"@id\":\"https:\/\/www.justiceinfo.net\/fr#\/schema\/logo\/image\/\"},\"sameAs\":[\"https:\/\/www.facebook.com\/JusticeInfo\/\",\"https:\/\/x.com\/justiceinfonet\",\"https:\/\/www.linkedin.com\/company\/justice-info\",\"https:\/\/www.youtube.com\/channel\/UCyCEsARodyuWtkWyhn-e7pA\"]},{\"@type\":\"Person\",\"name\":\"Letizia Gaja Pinoja\",\"url\":\"\/fr\/?s=Letizia Gaja Pinoja\"}]}<\/script>\n<!-- \/ Yoast SEO Premium plugin. -->","yoast_head_json":{"title":"Peut-on parler de d\u00e9colonisation en Suisse ?","description":"Pourquoi la Suisse, un pays qui n\u2019a jamais eu de colonies, commence \u00e0 parler de colonialisme et de d\u00e9colonisation ? Les Suisses sont-ils pr\u00eats \u00e0 l'entendre ?","robots":{"index":"index","follow":"follow","max-snippet":"max-snippet:-1","max-image-preview":"max-image-preview:large","max-video-preview":"max-video-preview:-1"},"canonical":"https:\/\/www.justiceinfo.net\/fr\/119676-suisse-decoloniser-pays-sans-colonies.html","og_locale":"fr_FR","og_type":"article","og_title":"Suisse\u00a0: l\u2019art de d\u00e9coloniser un pays sans\u00a0colonies","og_description":"Pourquoi la Suisse, un pays qui n\u2019a jamais eu de colonies, commence \u00e0 parler de colonialisme et de d\u00e9colonisation ? Les Suisses sont-ils pr\u00eats \u00e0 l'entendre ?","og_url":"https:\/\/www.justiceinfo.net\/fr\/119676-suisse-decoloniser-pays-sans-colonies.html","og_site_name":"JusticeInfo.net","article_publisher":"https:\/\/www.facebook.com\/JusticeInfo\/","article_published_time":"2023-07-21T09:01:01+00:00","article_modified_time":"2024-01-29T15:58:15+00:00","og_image":[{"width":1146,"height":765,"url":"https:\/\/www.justiceinfo.net\/wp-content\/uploads\/Suisse_Hans-Himmelheber-masques_@Musee-Rietberg-Zurich.jpg","type":"image\/jpeg"}],"author":"Letizia Gaja Pinoja","twitter_card":"summary_large_image","twitter_creator":"@justiceinfonet","twitter_site":"@justiceinfonet","twitter_misc":{"\u00c9crit par":"Letizia Gaja Pinoja","Dur\u00e9e de lecture estim\u00e9e":"8 minutes"},"schema":{"@context":"https:\/\/schema.org","@graph":[{"@type":"NewsArticle","@id":"https:\/\/www.justiceinfo.net\/fr\/119676-suisse-decoloniser-pays-sans-colonies.html#article","isPartOf":{"@id":"https:\/\/www.justiceinfo.net\/fr\/119676-suisse-decoloniser-pays-sans-colonies.html"},"author":{"name":"solivri","@id":"https:\/\/www.justiceinfo.net\/fr#\/schema\/person\/6e53cba1629e2e66f3fc1821d3091865"},"headline":"Suisse\u00a0: l\u2019art de d\u00e9coloniser un pays sans\u00a0colonies","datePublished":"2023-07-21T09:01:01+00:00","dateModified":"2024-01-29T15:58:15+00:00","mainEntityOfPage":{"@id":"https:\/\/www.justiceinfo.net\/fr\/119676-suisse-decoloniser-pays-sans-colonies.html"},"wordCount":1639,"commentCount":0,"publisher":{"@id":"https:\/\/www.justiceinfo.net\/fr#organization"},"image":{"@id":"https:\/\/www.justiceinfo.net\/fr\/119676-suisse-decoloniser-pays-sans-colonies.html#primaryimage"},"thumbnailUrl":"https:\/\/www.justiceinfo.net\/wp-content\/uploads\/Suisse_Hans-Himmelheber-masques_@Musee-Rietberg-Zurich.jpg","keywords":["colonisation","restitutions"],"articleSection":["Opinions","R\u00e9parations"],"inLanguage":"fr-FR","potentialAction":[{"@type":"CommentAction","name":"Comment","target":["https:\/\/www.justiceinfo.net\/fr\/119676-suisse-decoloniser-pays-sans-colonies.html#respond"]}]},{"@type":"WebPage","@id":"https:\/\/www.justiceinfo.net\/fr\/119676-suisse-decoloniser-pays-sans-colonies.html","url":"https:\/\/www.justiceinfo.net\/fr\/119676-suisse-decoloniser-pays-sans-colonies.html","name":"Peut-on parler de d\u00e9colonisation en Suisse ?","isPartOf":{"@id":"https:\/\/www.justiceinfo.net\/fr#website"},"primaryImageOfPage":{"@id":"https:\/\/www.justiceinfo.net\/fr\/119676-suisse-decoloniser-pays-sans-colonies.html#primaryimage"},"image":{"@id":"https:\/\/www.justiceinfo.net\/fr\/119676-suisse-decoloniser-pays-sans-colonies.html#primaryimage"},"thumbnailUrl":"https:\/\/www.justiceinfo.net\/wp-content\/uploads\/Suisse_Hans-Himmelheber-masques_@Musee-Rietberg-Zurich.jpg","datePublished":"2023-07-21T09:01:01+00:00","dateModified":"2024-01-29T15:58:15+00:00","description":"Pourquoi la Suisse, un pays qui n\u2019a jamais eu de colonies, commence \u00e0 parler de colonialisme et de d\u00e9colonisation ? Les Suisses sont-ils pr\u00eats \u00e0 l'entendre ?","breadcrumb":{"@id":"https:\/\/www.justiceinfo.net\/fr\/119676-suisse-decoloniser-pays-sans-colonies.html#breadcrumb"},"inLanguage":"fr-FR","potentialAction":[{"@type":"ReadAction","target":["https:\/\/www.justiceinfo.net\/fr\/119676-suisse-decoloniser-pays-sans-colonies.html"]}]},{"@type":"ImageObject","inLanguage":"fr-FR","@id":"https:\/\/www.justiceinfo.net\/fr\/119676-suisse-decoloniser-pays-sans-colonies.html#primaryimage","url":"https:\/\/www.justiceinfo.net\/wp-content\/uploads\/Suisse_Hans-Himmelheber-masques_@Musee-Rietberg-Zurich.jpg","contentUrl":"https:\/\/www.justiceinfo.net\/wp-content\/uploads\/Suisse_Hans-Himmelheber-masques_@Musee-Rietberg-Zurich.jpg","width":1146,"height":765,"caption":"L'ethnologue, marchand et collectionneur suisse de renom, Hans Himmelheber, photographi\u00e9 en 1971 avec ses masques. \u00a9 Mus\u00e9e Rietberg, Zurich"},{"@type":"BreadcrumbList","@id":"https:\/\/www.justiceinfo.net\/fr\/119676-suisse-decoloniser-pays-sans-colonies.html#breadcrumb","itemListElement":[{"@type":"ListItem","position":1,"name":"Home","item":"https:\/\/www.justiceinfo.net\/fr"},{"@type":"ListItem","position":2,"name":"Suisse\u00a0: l\u2019art de d\u00e9coloniser un pays sans\u00a0colonies"}]},{"@type":"WebSite","@id":"https:\/\/www.justiceinfo.net\/fr#website","url":"https:\/\/www.justiceinfo.net\/fr","name":"JusticeInfo.net","description":"La justice doit \u00eatre vue pour \u00eatre rendue","publisher":{"@id":"https:\/\/www.justiceinfo.net\/fr#organization"},"potentialAction":[{"@type":"SearchAction","target":{"@type":"EntryPoint","urlTemplate":"https:\/\/www.justiceinfo.net\/fr?s={search_term_string}"},"query-input":{"@type":"PropertyValueSpecification","valueRequired":true,"valueName":"search_term_string"}}],"inLanguage":"fr-FR"},{"@type":"Organization","@id":"https:\/\/www.justiceinfo.net\/fr#organization","name":"Justice Info","url":"https:\/\/www.justiceinfo.net\/fr","logo":{"@type":"ImageObject","inLanguage":"fr-FR","@id":"https:\/\/www.justiceinfo.net\/fr#\/schema\/logo\/image\/","url":"https:\/\/www.justiceinfo.net\/wp-content\/uploads\/justiceinfo_logo-trans_1200x1200px.png","contentUrl":"https:\/\/www.justiceinfo.net\/wp-content\/uploads\/justiceinfo_logo-trans_1200x1200px.png","width":1199,"height":1200,"caption":"Justice Info"},"image":{"@id":"https:\/\/www.justiceinfo.net\/fr#\/schema\/logo\/image\/"},"sameAs":["https:\/\/www.facebook.com\/JusticeInfo\/","https:\/\/x.com\/justiceinfonet","https:\/\/www.linkedin.com\/company\/justice-info","https:\/\/www.youtube.com\/channel\/UCyCEsARodyuWtkWyhn-e7pA"]},{"@type":"Person","name":"Letizia Gaja Pinoja","url":"\/fr\/?s=Letizia Gaja Pinoja"}]}},"_links":{"self":[{"href":"https:\/\/www.justiceinfo.net\/fr\/wp-json\/wp\/v2\/posts\/119676","targetHints":{"allow":["GET"]}}],"collection":[{"href":"https:\/\/www.justiceinfo.net\/fr\/wp-json\/wp\/v2\/posts"}],"about":[{"href":"https:\/\/www.justiceinfo.net\/fr\/wp-json\/wp\/v2\/types\/post"}],"author":[{"embeddable":true,"href":"https:\/\/www.justiceinfo.net\/fr\/wp-json\/wp\/v2\/users\/64"}],"replies":[{"embeddable":true,"href":"https:\/\/www.justiceinfo.net\/fr\/wp-json\/wp\/v2\/comments?post=119676"}],"version-history":[{"count":17,"href":"https:\/\/www.justiceinfo.net\/fr\/wp-json\/wp\/v2\/posts\/119676\/revisions"}],"predecessor-version":[{"id":119708,"href":"https:\/\/www.justiceinfo.net\/fr\/wp-json\/wp\/v2\/posts\/119676\/revisions\/119708"}],"wp:featuredmedia":[{"embeddable":true,"href":"https:\/\/www.justiceinfo.net\/fr\/wp-json\/wp\/v2\/media\/119683"}],"wp:attachment":[{"href":"https:\/\/www.justiceinfo.net\/fr\/wp-json\/wp\/v2\/media?parent=119676"}],"wp:term":[{"taxonomy":"category","embeddable":true,"href":"https:\/\/www.justiceinfo.net\/fr\/wp-json\/wp\/v2\/categories?post=119676"},{"taxonomy":"post_tag","embeddable":true,"href":"https:\/\/www.justiceinfo.net\/fr\/wp-json\/wp\/v2\/tags?post=119676"},{"taxonomy":"ji_location","embeddable":true,"href":"https:\/\/www.justiceinfo.net\/fr\/wp-json\/wp\/v2\/ji_location?post=119676"}],"curies":[{"name":"wp","href":"https:\/\/api.w.org\/{rel}","templated":true}]}}