{"id":11986,"date":"2010-04-08T00:00:00","date_gmt":"2010-04-07T22:00:00","guid":{"rendered":"https:\/\/www.justiceinfo.net\/11986-080410-rwandagenocide-quatre-ambassadeurs-africains-allument-des-flambeaux-de-lespoir8794.html"},"modified":"2010-04-08T00:00:00","modified_gmt":"2010-04-07T22:00:00","slug":"080410-rwandagenocide-quatre-ambassadeurs-africains-allument-des-flambeaux-de-lespoir8794","status":"publish","type":"post","link":"https:\/\/www.justiceinfo.net\/fr\/11986-080410-rwandagenocide-quatre-ambassadeurs-africains-allument-des-flambeaux-de-lespoir8794.html","title":{"rendered":"08.04.10 - RWANDA\/GENOCIDE - QUATRE AMBASSADEURS AFRICAINS ALLUMENT DES FLAMBEAUX DE L\u2019ESPOIR"},"content":{"rendered":"<p>Kigali, 8 avril 2010 (FH) - Les ambassadeurs des quatre pays qui forment avec le Rwanda la Communaut&eacute; d'Afrique de l'Est (EAC), ont allum&eacute;&nbsp; quatre flambeaux symboliques de l'espoir au cours d'une veill&eacute;e dans la nuit de mercredi &agrave; jeudi, &agrave; Kigali, dans le cadre de la 16&egrave;me&nbsp;comm&eacute;moration du g&eacute;nocide des Tutsis, a constat&eacute; l'agence Hirondelle.<br \/>\n<!--more--><\/p>\n<p >\n<p >\nRichard Kabonero, repr&eacute;sentant de l'Ouganda, a expliqu&eacute; au nom de ses coll&egrave;gues du Burundi, de la Tanzanie et du Kenya, que ces flambeaux constituaient le symbole de la pr&eacute;vention du g&eacute;nocide au sein de ce bloc r&eacute;gional.\n<\/p>\n<p >\nPlusieurs hautes personnalit&eacute;s rwandaises, dont la pr&eacute;sidente de la Cour supr&ecirc;me, Aloysie Cyanzayire, et le Premier ministre, Bernard Makuza, ont particip&eacute; &agrave; cette veill&eacute;e.\n<\/p>\n<p >\nPar ailleurs, les noms de cent personnes tu&eacute;es pendant le g&eacute;nocide ont &eacute;t&eacute; lus &agrave; haute voix. &laquo;Cent noms de victimes pour les 100 jours qu'a dur&eacute; le g&eacute;nocide des Tutsis &raquo;, a expliqu&eacute; le ma&icirc;tre des c&eacute;r&eacute;monies. Les 100 noms, d&eacute;clam&eacute;s par 25 jeunes, sont ceux de &laquo; 30 enfants innocents, 40 jeunes qui commen&ccedil;aient &agrave; prendre go&ucirc;t &agrave; la vie,&nbsp; 10 vieilles personnes garantes de la sagesse et de la culture, et les 20&nbsp; autres, des gens de m&eacute;tiers divers dont le d&eacute;part sans retour est cruellement ressenti aujourd'hui dans leurs anciens milieux&quot;.\n<\/p>\n<p >\nLa semaine officielle de deuil national, qui se poursuivra jusqu'au 13 avril, a d&eacute;but&eacute; mercredi au stade national &agrave; Kigali par un discours du pr&eacute;sident Paul Kagame. Le chef de l'Etat a appel&eacute; ses concitoyens &agrave; rester debout pour b&acirc;tir un avenir meilleur, apr&egrave;s le g&eacute;nocide.\n<\/p>\n<p >\nDes conf&eacute;rences-d&eacute;bats sur le g&eacute;nocide se tiendront tous les apr&egrave;s- midi dans tous les districts du pays.\n<\/p>\n<p >\nLe 11, une c&eacute;r&eacute;monie sp&eacute;ciale sera organis&eacute;e au m&eacute;morial de Nyanza, dans la ville de Kigali, o&ugrave; reposent des milliers de Tutsis.&nbsp;&nbsp;\n<\/p>\n<p >\nSRE\/ER\n<\/p>\n<p>\n&copy; Agence Hirondelle<\/p>\n","protected":false},"excerpt":{"rendered":"<p>Kigali, 8 avril 2010 (FH) - Les ambassadeurs des quatre pays qui forment avec le Rwanda la Communaut&eacute; d'Afrique de l'Est (EAC), ont allum&eacute;&nbsp; quatre flambeaux symboliques de l'espoir au cours d'une veill&eacute;e dans la nuit de mercredi &agrave; jeudi, &agrave; Kigali, dans le cadre de la 16&egrave;me&nbsp;comm&eacute;moration du g&eacute;nocide des Tutsis, a constat&eacute; l'agence [&hellip;]<\/p>\n","protected":false},"author":64,"featured_media":0,"comment_status":"open","ping_status":"closed","sticky":false,"template":"","format":"standard","meta":{"_acf_changed":false,"footnotes":""},"categories":[554],"tags":[],"ji_location":[],"class_list":["post-11986","post","type-post","status-publish","format-standard","hentry","category-hirondellenews"],"acf":[],"yoast_head":"<!-- This site is optimized with the Yoast SEO Premium plugin v25.3.1 (Yoast SEO v25.3.1) - https:\/\/yoast.com\/wordpress\/plugins\/seo\/ -->\n<title>08.04.10 - RWANDA\/GENOCIDE - QUATRE AMBASSADEURS AFRICAINS ALLUMENT DES FLAMBEAUX DE L\u2019ESPOIR - JusticeInfo.net<\/title>\n<meta name=\"robots\" content=\"index, follow, max-snippet:-1, max-image-preview:large, max-video-preview:-1\" \/>\n<link rel=\"canonical\" href=\"https:\/\/www.justiceinfo.net\/fr\/11986-080410-rwandagenocide-quatre-ambassadeurs-africains-allument-des-flambeaux-de-lespoir8794.html\" \/>\n<meta property=\"og:locale\" content=\"fr_FR\" \/>\n<meta property=\"og:type\" content=\"article\" \/>\n<meta property=\"og:title\" content=\"08.04.10 - RWANDA\/GENOCIDE - QUATRE AMBASSADEURS AFRICAINS ALLUMENT DES FLAMBEAUX DE L\u2019ESPOIR\" \/>\n<meta property=\"og:description\" content=\"Kigali, 8 avril 2010 (FH) - Les ambassadeurs des quatre pays qui forment avec le Rwanda la Communaut&eacute; d&#039;Afrique de l&#039;Est (EAC), ont allum&eacute;&nbsp; quatre flambeaux symboliques de l&#039;espoir au cours d&#039;une veill&eacute;e dans la nuit de mercredi &agrave; jeudi, &agrave; Kigali, dans le cadre de la 16&egrave;me&nbsp;comm&eacute;moration du g&eacute;nocide des Tutsis, a constat&eacute; l&#039;agence [&hellip;]\" \/>\n<meta property=\"og:url\" content=\"https:\/\/www.justiceinfo.net\/fr\/11986-080410-rwandagenocide-quatre-ambassadeurs-africains-allument-des-flambeaux-de-lespoir8794.html\" \/>\n<meta property=\"og:site_name\" content=\"JusticeInfo.net\" \/>\n<meta property=\"article:publisher\" content=\"https:\/\/www.facebook.com\/JusticeInfo\/\" \/>\n<meta property=\"article:published_time\" content=\"2010-04-07T22:00:00+00:00\" \/>\n<meta property=\"og:image\" content=\"https:\/\/www.justiceinfo.net\/wp-content\/uploads\/JusticeInfoNet_logo_1200x630px.jpg\" \/>\n\t<meta property=\"og:image:width\" content=\"1200\" \/>\n\t<meta property=\"og:image:height\" content=\"630\" \/>\n\t<meta property=\"og:image:type\" content=\"image\/jpeg\" \/>\n<meta name=\"author\" content=\"solivri\" \/>\n<meta name=\"twitter:card\" content=\"summary_large_image\" \/>\n<meta name=\"twitter:creator\" content=\"@justiceinfonet\" \/>\n<meta name=\"twitter:site\" content=\"@justiceinfonet\" \/>\n<meta name=\"twitter:label1\" content=\"\u00c9crit par\" \/>\n\t<meta name=\"twitter:data1\" content=\"solivri\" \/>\n\t<meta name=\"twitter:label2\" content=\"Dur\u00e9e de lecture estim\u00e9e\" \/>\n\t<meta name=\"twitter:data2\" content=\"2 minutes\" \/>\n<script type=\"application\/ld+json\" class=\"yoast-schema-graph\">{\"@context\":\"https:\/\/schema.org\",\"@graph\":[{\"@type\":\"NewsArticle\",\"@id\":\"https:\/\/www.justiceinfo.net\/fr\/11986-080410-rwandagenocide-quatre-ambassadeurs-africains-allument-des-flambeaux-de-lespoir8794.html#article\",\"isPartOf\":{\"@id\":\"https:\/\/www.justiceinfo.net\/fr\/11986-080410-rwandagenocide-quatre-ambassadeurs-africains-allument-des-flambeaux-de-lespoir8794.html\"},\"author\":{\"name\":\"solivri\",\"@id\":\"https:\/\/www.justiceinfo.net\/fr#\/schema\/person\/6e53cba1629e2e66f3fc1821d3091865\"},\"headline\":\"08.04.10 - RWANDA\/GENOCIDE - QUATRE AMBASSADEURS AFRICAINS ALLUMENT DES FLAMBEAUX DE L\u2019ESPOIR\",\"datePublished\":\"2010-04-07T22:00:00+00:00\",\"mainEntityOfPage\":{\"@id\":\"https:\/\/www.justiceinfo.net\/fr\/11986-080410-rwandagenocide-quatre-ambassadeurs-africains-allument-des-flambeaux-de-lespoir8794.html\"},\"wordCount\":412,\"commentCount\":0,\"publisher\":{\"@id\":\"https:\/\/www.justiceinfo.net\/fr#organization\"},\"articleSection\":[\"Hirondelle News\"],\"inLanguage\":\"fr-FR\",\"potentialAction\":[{\"@type\":\"CommentAction\",\"name\":\"Comment\",\"target\":[\"https:\/\/www.justiceinfo.net\/fr\/11986-080410-rwandagenocide-quatre-ambassadeurs-africains-allument-des-flambeaux-de-lespoir8794.html#respond\"]}]},{\"@type\":\"WebPage\",\"@id\":\"https:\/\/www.justiceinfo.net\/fr\/11986-080410-rwandagenocide-quatre-ambassadeurs-africains-allument-des-flambeaux-de-lespoir8794.html\",\"url\":\"https:\/\/www.justiceinfo.net\/fr\/11986-080410-rwandagenocide-quatre-ambassadeurs-africains-allument-des-flambeaux-de-lespoir8794.html\",\"name\":\"08.04.10 - RWANDA\/GENOCIDE - QUATRE AMBASSADEURS AFRICAINS ALLUMENT DES FLAMBEAUX DE L\u2019ESPOIR - JusticeInfo.net\",\"isPartOf\":{\"@id\":\"https:\/\/www.justiceinfo.net\/fr#website\"},\"datePublished\":\"2010-04-07T22:00:00+00:00\",\"breadcrumb\":{\"@id\":\"https:\/\/www.justiceinfo.net\/fr\/11986-080410-rwandagenocide-quatre-ambassadeurs-africains-allument-des-flambeaux-de-lespoir8794.html#breadcrumb\"},\"inLanguage\":\"fr-FR\",\"potentialAction\":[{\"@type\":\"ReadAction\",\"target\":[\"https:\/\/www.justiceinfo.net\/fr\/11986-080410-rwandagenocide-quatre-ambassadeurs-africains-allument-des-flambeaux-de-lespoir8794.html\"]}]},{\"@type\":\"BreadcrumbList\",\"@id\":\"https:\/\/www.justiceinfo.net\/fr\/11986-080410-rwandagenocide-quatre-ambassadeurs-africains-allument-des-flambeaux-de-lespoir8794.html#breadcrumb\",\"itemListElement\":[{\"@type\":\"ListItem\",\"position\":1,\"name\":\"Home\",\"item\":\"https:\/\/www.justiceinfo.net\/fr\"},{\"@type\":\"ListItem\",\"position\":2,\"name\":\"08.04.10 - RWANDA\/GENOCIDE - QUATRE AMBASSADEURS AFRICAINS ALLUMENT DES FLAMBEAUX DE L\u2019ESPOIR\"}]},{\"@type\":\"WebSite\",\"@id\":\"https:\/\/www.justiceinfo.net\/fr#website\",\"url\":\"https:\/\/www.justiceinfo.net\/fr\",\"name\":\"JusticeInfo.net\",\"description\":\"La justice doit \u00eatre vue pour \u00eatre rendue\",\"publisher\":{\"@id\":\"https:\/\/www.justiceinfo.net\/fr#organization\"},\"potentialAction\":[{\"@type\":\"SearchAction\",\"target\":{\"@type\":\"EntryPoint\",\"urlTemplate\":\"https:\/\/www.justiceinfo.net\/fr?s={search_term_string}\"},\"query-input\":{\"@type\":\"PropertyValueSpecification\",\"valueRequired\":true,\"valueName\":\"search_term_string\"}}],\"inLanguage\":\"fr-FR\"},{\"@type\":\"Organization\",\"@id\":\"https:\/\/www.justiceinfo.net\/fr#organization\",\"name\":\"Justice Info\",\"url\":\"https:\/\/www.justiceinfo.net\/fr\",\"logo\":{\"@type\":\"ImageObject\",\"inLanguage\":\"fr-FR\",\"@id\":\"https:\/\/www.justiceinfo.net\/fr#\/schema\/logo\/image\/\",\"url\":\"https:\/\/www.justiceinfo.net\/wp-content\/uploads\/justiceinfo_logo-trans_1200x1200px.png\",\"contentUrl\":\"https:\/\/www.justiceinfo.net\/wp-content\/uploads\/justiceinfo_logo-trans_1200x1200px.png\",\"width\":1199,\"height\":1200,\"caption\":\"Justice Info\"},\"image\":{\"@id\":\"https:\/\/www.justiceinfo.net\/fr#\/schema\/logo\/image\/\"},\"sameAs\":[\"https:\/\/www.facebook.com\/JusticeInfo\/\",\"https:\/\/x.com\/justiceinfonet\",\"https:\/\/www.linkedin.com\/company\/justice-info\",\"https:\/\/www.youtube.com\/channel\/UCyCEsARodyuWtkWyhn-e7pA\"]},{\"@type\":\"Person\",\"name\":\"solivri\",\"url\":\"\/fr\/?s=solivri\"}]}<\/script>\n<!-- \/ Yoast SEO Premium plugin. -->","yoast_head_json":{"title":"08.04.10 - RWANDA\/GENOCIDE - QUATRE AMBASSADEURS AFRICAINS ALLUMENT DES FLAMBEAUX DE L\u2019ESPOIR - JusticeInfo.net","robots":{"index":"index","follow":"follow","max-snippet":"max-snippet:-1","max-image-preview":"max-image-preview:large","max-video-preview":"max-video-preview:-1"},"canonical":"https:\/\/www.justiceinfo.net\/fr\/11986-080410-rwandagenocide-quatre-ambassadeurs-africains-allument-des-flambeaux-de-lespoir8794.html","og_locale":"fr_FR","og_type":"article","og_title":"08.04.10 - RWANDA\/GENOCIDE - QUATRE AMBASSADEURS AFRICAINS ALLUMENT DES FLAMBEAUX DE L\u2019ESPOIR","og_description":"Kigali, 8 avril 2010 (FH) - Les ambassadeurs des quatre pays qui forment avec le Rwanda la Communaut&eacute; d'Afrique de l'Est (EAC), ont allum&eacute;&nbsp; quatre flambeaux symboliques de l'espoir au cours d'une veill&eacute;e dans la nuit de mercredi &agrave; jeudi, &agrave; Kigali, dans le cadre de la 16&egrave;me&nbsp;comm&eacute;moration du g&eacute;nocide des Tutsis, a constat&eacute; l'agence [&hellip;]","og_url":"https:\/\/www.justiceinfo.net\/fr\/11986-080410-rwandagenocide-quatre-ambassadeurs-africains-allument-des-flambeaux-de-lespoir8794.html","og_site_name":"JusticeInfo.net","article_publisher":"https:\/\/www.facebook.com\/JusticeInfo\/","article_published_time":"2010-04-07T22:00:00+00:00","og_image":[{"width":1200,"height":630,"url":"https:\/\/www.justiceinfo.net\/wp-content\/uploads\/JusticeInfoNet_logo_1200x630px.jpg","type":"image\/jpeg"}],"author":"solivri","twitter_card":"summary_large_image","twitter_creator":"@justiceinfonet","twitter_site":"@justiceinfonet","twitter_misc":{"\u00c9crit par":"solivri","Dur\u00e9e de lecture estim\u00e9e":"2 minutes"},"schema":{"@context":"https:\/\/schema.org","@graph":[{"@type":"NewsArticle","@id":"https:\/\/www.justiceinfo.net\/fr\/11986-080410-rwandagenocide-quatre-ambassadeurs-africains-allument-des-flambeaux-de-lespoir8794.html#article","isPartOf":{"@id":"https:\/\/www.justiceinfo.net\/fr\/11986-080410-rwandagenocide-quatre-ambassadeurs-africains-allument-des-flambeaux-de-lespoir8794.html"},"author":{"name":"solivri","@id":"https:\/\/www.justiceinfo.net\/fr#\/schema\/person\/6e53cba1629e2e66f3fc1821d3091865"},"headline":"08.04.10 - RWANDA\/GENOCIDE - QUATRE AMBASSADEURS AFRICAINS ALLUMENT DES FLAMBEAUX DE L\u2019ESPOIR","datePublished":"2010-04-07T22:00:00+00:00","mainEntityOfPage":{"@id":"https:\/\/www.justiceinfo.net\/fr\/11986-080410-rwandagenocide-quatre-ambassadeurs-africains-allument-des-flambeaux-de-lespoir8794.html"},"wordCount":412,"commentCount":0,"publisher":{"@id":"https:\/\/www.justiceinfo.net\/fr#organization"},"articleSection":["Hirondelle News"],"inLanguage":"fr-FR","potentialAction":[{"@type":"CommentAction","name":"Comment","target":["https:\/\/www.justiceinfo.net\/fr\/11986-080410-rwandagenocide-quatre-ambassadeurs-africains-allument-des-flambeaux-de-lespoir8794.html#respond"]}]},{"@type":"WebPage","@id":"https:\/\/www.justiceinfo.net\/fr\/11986-080410-rwandagenocide-quatre-ambassadeurs-africains-allument-des-flambeaux-de-lespoir8794.html","url":"https:\/\/www.justiceinfo.net\/fr\/11986-080410-rwandagenocide-quatre-ambassadeurs-africains-allument-des-flambeaux-de-lespoir8794.html","name":"08.04.10 - RWANDA\/GENOCIDE - QUATRE AMBASSADEURS AFRICAINS ALLUMENT DES FLAMBEAUX DE L\u2019ESPOIR - JusticeInfo.net","isPartOf":{"@id":"https:\/\/www.justiceinfo.net\/fr#website"},"datePublished":"2010-04-07T22:00:00+00:00","breadcrumb":{"@id":"https:\/\/www.justiceinfo.net\/fr\/11986-080410-rwandagenocide-quatre-ambassadeurs-africains-allument-des-flambeaux-de-lespoir8794.html#breadcrumb"},"inLanguage":"fr-FR","potentialAction":[{"@type":"ReadAction","target":["https:\/\/www.justiceinfo.net\/fr\/11986-080410-rwandagenocide-quatre-ambassadeurs-africains-allument-des-flambeaux-de-lespoir8794.html"]}]},{"@type":"BreadcrumbList","@id":"https:\/\/www.justiceinfo.net\/fr\/11986-080410-rwandagenocide-quatre-ambassadeurs-africains-allument-des-flambeaux-de-lespoir8794.html#breadcrumb","itemListElement":[{"@type":"ListItem","position":1,"name":"Home","item":"https:\/\/www.justiceinfo.net\/fr"},{"@type":"ListItem","position":2,"name":"08.04.10 - RWANDA\/GENOCIDE - QUATRE AMBASSADEURS AFRICAINS ALLUMENT DES FLAMBEAUX DE L\u2019ESPOIR"}]},{"@type":"WebSite","@id":"https:\/\/www.justiceinfo.net\/fr#website","url":"https:\/\/www.justiceinfo.net\/fr","name":"JusticeInfo.net","description":"La justice doit \u00eatre vue pour \u00eatre rendue","publisher":{"@id":"https:\/\/www.justiceinfo.net\/fr#organization"},"potentialAction":[{"@type":"SearchAction","target":{"@type":"EntryPoint","urlTemplate":"https:\/\/www.justiceinfo.net\/fr?s={search_term_string}"},"query-input":{"@type":"PropertyValueSpecification","valueRequired":true,"valueName":"search_term_string"}}],"inLanguage":"fr-FR"},{"@type":"Organization","@id":"https:\/\/www.justiceinfo.net\/fr#organization","name":"Justice Info","url":"https:\/\/www.justiceinfo.net\/fr","logo":{"@type":"ImageObject","inLanguage":"fr-FR","@id":"https:\/\/www.justiceinfo.net\/fr#\/schema\/logo\/image\/","url":"https:\/\/www.justiceinfo.net\/wp-content\/uploads\/justiceinfo_logo-trans_1200x1200px.png","contentUrl":"https:\/\/www.justiceinfo.net\/wp-content\/uploads\/justiceinfo_logo-trans_1200x1200px.png","width":1199,"height":1200,"caption":"Justice Info"},"image":{"@id":"https:\/\/www.justiceinfo.net\/fr#\/schema\/logo\/image\/"},"sameAs":["https:\/\/www.facebook.com\/JusticeInfo\/","https:\/\/x.com\/justiceinfonet","https:\/\/www.linkedin.com\/company\/justice-info","https:\/\/www.youtube.com\/channel\/UCyCEsARodyuWtkWyhn-e7pA"]},{"@type":"Person","name":"solivri","url":"\/fr\/?s=solivri"}]}},"_links":{"self":[{"href":"https:\/\/www.justiceinfo.net\/fr\/wp-json\/wp\/v2\/posts\/11986","targetHints":{"allow":["GET"]}}],"collection":[{"href":"https:\/\/www.justiceinfo.net\/fr\/wp-json\/wp\/v2\/posts"}],"about":[{"href":"https:\/\/www.justiceinfo.net\/fr\/wp-json\/wp\/v2\/types\/post"}],"author":[{"embeddable":true,"href":"https:\/\/www.justiceinfo.net\/fr\/wp-json\/wp\/v2\/users\/64"}],"replies":[{"embeddable":true,"href":"https:\/\/www.justiceinfo.net\/fr\/wp-json\/wp\/v2\/comments?post=11986"}],"version-history":[{"count":0,"href":"https:\/\/www.justiceinfo.net\/fr\/wp-json\/wp\/v2\/posts\/11986\/revisions"}],"wp:attachment":[{"href":"https:\/\/www.justiceinfo.net\/fr\/wp-json\/wp\/v2\/media?parent=11986"}],"wp:term":[{"taxonomy":"category","embeddable":true,"href":"https:\/\/www.justiceinfo.net\/fr\/wp-json\/wp\/v2\/categories?post=11986"},{"taxonomy":"post_tag","embeddable":true,"href":"https:\/\/www.justiceinfo.net\/fr\/wp-json\/wp\/v2\/tags?post=11986"},{"taxonomy":"ji_location","embeddable":true,"href":"https:\/\/www.justiceinfo.net\/fr\/wp-json\/wp\/v2\/ji_location?post=11986"}],"curies":[{"name":"wp","href":"https:\/\/api.w.org\/{rel}","templated":true}]}}