{"id":11994,"date":"2010-04-09T00:00:00","date_gmt":"2010-04-08T22:00:00","guid":{"rendered":"https:\/\/www.justiceinfo.net\/11994-090410-tpirsynthese-hebdomadaire-le-tpir-sest-joint-a-la-seizieme-commemoration8802.html"},"modified":"2010-04-09T00:00:00","modified_gmt":"2010-04-08T22:00:00","slug":"090410-tpirsynthese-hebdomadaire-le-tpir-sest-joint-a-la-seizieme-commemoration8802","status":"publish","type":"post","link":"https:\/\/www.justiceinfo.net\/fr\/11994-090410-tpirsynthese-hebdomadaire-le-tpir-sest-joint-a-la-seizieme-commemoration8802.html","title":{"rendered":"09.04.10 - TPIR\/SYNTHESE HEBDOMADAIRE - LE TPIR S'EST JOINT A LA SEIZIEME COMMEMORATION"},"content":{"rendered":"<p >\nArusha, 09 avril 2010 (FH) - Le personnel et les responsables du Tribunal p&eacute;nal international pour le Rwanda (TPIR) se sont joints mercredi au peuple rwandais et au reste de la plan&egrave;te pour comm&eacute;morer le seizi&egrave;me anniversaire du g&eacute;nocide des Tutsis.\n<\/p>\n<p><!--more--><\/p>\n<p >\n<p >\n<p >\nA l'issue d'une &laquo; marche de la m&eacute;moire &raquo; organis&eacute;e par la communaut&eacute; rwandaise d'Arusha et la jeunesse locale tanzanienne, le procureur en chef du TPIR, Hassan Bubacar Jallow, a appel&eacute; les pays de la r&eacute;gion des grands lacs africains, en particulier le Kenya, &agrave; coop&eacute;rer pour l'arrestation des 11 accus&eacute;s encore en fuite.\n<\/p>\n<p >\n<p >\nPour le magistrat gambien, le milliardaire Kabuga, pr&eacute;sent&eacute; comme l'argentier du g&eacute;nocide, continuerait de mener l'essentiel de son commerce au Kenya, tandis que les 10 autres fugitifs se cacheraient dans les autres pays de la r&eacute;gion.\n<\/p>\n<p >\n<p >\n&laquo; La traque et l'arrestation des 11 accus&eacute;s en fuite continuera d'&ecirc;tre une priorit&eacute; de premier plan et se poursuivra plus vigoureusement &raquo;, a-t-il assur&eacute;\n<\/p>\n<p >\n<p >\nApr&egrave;s avoir r&eacute;it&eacute;r&eacute; l'appel de Jallow, l'ancien repr&eacute;sentant du gouvernement rwandais aupr&egrave;s du TPIR, Aloys Mutabingwa, actuellement secr&eacute;taire g&eacute;n&eacute;ral adjoint de la Communaut&eacute; d'Afrique de l'Est (EAC), dont le si&egrave;ge se trouve &eacute;galement &agrave; Arusha, est revenu sur le traumatisme post-g&eacute;nocide qui hante la soci&eacute;t&eacute; rwandaise, en particulier les survivants.\n<\/p>\n<p >\n<p >\n<p >\n<p >\n<p >\n<p >\n&laquo; Nous pouvons agir ensemble pour rendre l'espoir &agrave; ces victimes qui ont perdu l'espoir de vivre une vie de qualit&eacute; &raquo;, a estim&eacute; le diplomate rwandais.\n<\/p>\n<p >\n<p >\nDans les salles d'audiences du tribunal, aucune audience n'a eu lieu cette semaine. Seule &eacute;tait pr&eacute;vue jeudi, l'audition des conclusions finales des parties dans le proc&egrave;s du lieutenant Ildephonse Hategekimana qui commandait un petit camp militaire dans le sud du Rwanda. Cette ultime audience de l'affaire a &eacute;t&eacute; report&eacute;e au 26 avril pour des raisons techniques.\n<\/p>\n<p >\n<p >\nLundi prochain, le proc&egrave;s des anciens dirigeants du MRND, l'un des plus importants de l'histoire du TPIR, reprendra avec la suite du d&eacute;fil&eacute; des t&eacute;moins de l'ex- secr&eacute;taire du parti, Joseph Nzirorera, deuxi&egrave;me &agrave; se d&eacute;fendre dans l'affaire. Nzirorera est jug&eacute; avec les anciens pr&eacute;sident et vice-pr&eacute;sident de l'ex-parti pr&eacute;sidentiel, Mathieu Ngirumpatse et Edouard Karemera.\n<\/p>\n<p >\n<p >\nER\/GF\n<\/p>\n<p>\n&copy; Agence Hirondelle<\/p>\n","protected":false},"excerpt":{"rendered":"<p>Arusha, 09 avril 2010 (FH) - Le personnel et les responsables du Tribunal p&eacute;nal international pour le Rwanda (TPIR) se sont joints mercredi au peuple rwandais et au reste de la plan&egrave;te pour comm&eacute;morer le seizi&egrave;me anniversaire du g&eacute;nocide des Tutsis.<\/p>\n","protected":false},"author":64,"featured_media":0,"comment_status":"open","ping_status":"closed","sticky":false,"template":"","format":"standard","meta":{"_acf_changed":false,"footnotes":""},"categories":[554],"tags":[],"ji_location":[],"class_list":["post-11994","post","type-post","status-publish","format-standard","hentry","category-hirondellenews"],"acf":[],"yoast_head":"<!-- This site is optimized with the Yoast SEO Premium plugin v25.3.1 (Yoast SEO v25.3.1) - https:\/\/yoast.com\/wordpress\/plugins\/seo\/ -->\n<title>09.04.10 - TPIR\/SYNTHESE HEBDOMADAIRE - LE TPIR S&#039;EST JOINT A LA SEIZIEME COMMEMORATION - JusticeInfo.net<\/title>\n<meta name=\"robots\" content=\"index, follow, max-snippet:-1, max-image-preview:large, max-video-preview:-1\" \/>\n<link rel=\"canonical\" href=\"https:\/\/www.justiceinfo.net\/fr\/11994-090410-tpirsynthese-hebdomadaire-le-tpir-sest-joint-a-la-seizieme-commemoration8802.html\" \/>\n<meta property=\"og:locale\" content=\"fr_FR\" \/>\n<meta property=\"og:type\" content=\"article\" \/>\n<meta property=\"og:title\" content=\"09.04.10 - TPIR\/SYNTHESE HEBDOMADAIRE - LE TPIR S&#039;EST JOINT A LA SEIZIEME COMMEMORATION\" \/>\n<meta property=\"og:description\" content=\"Arusha, 09 avril 2010 (FH) - Le personnel et les responsables du Tribunal p&eacute;nal international pour le Rwanda (TPIR) se sont joints mercredi au peuple rwandais et au reste de la plan&egrave;te pour comm&eacute;morer le seizi&egrave;me anniversaire du g&eacute;nocide des Tutsis.\" \/>\n<meta property=\"og:url\" content=\"https:\/\/www.justiceinfo.net\/fr\/11994-090410-tpirsynthese-hebdomadaire-le-tpir-sest-joint-a-la-seizieme-commemoration8802.html\" \/>\n<meta property=\"og:site_name\" content=\"JusticeInfo.net\" \/>\n<meta property=\"article:publisher\" content=\"https:\/\/www.facebook.com\/JusticeInfo\/\" \/>\n<meta property=\"article:published_time\" content=\"2010-04-08T22:00:00+00:00\" \/>\n<meta property=\"og:image\" content=\"https:\/\/www.justiceinfo.net\/wp-content\/uploads\/JusticeInfoNet_logo_1200x630px.jpg\" \/>\n\t<meta property=\"og:image:width\" content=\"1200\" \/>\n\t<meta property=\"og:image:height\" content=\"630\" \/>\n\t<meta property=\"og:image:type\" content=\"image\/jpeg\" \/>\n<meta name=\"author\" content=\"solivri\" \/>\n<meta name=\"twitter:card\" content=\"summary_large_image\" \/>\n<meta name=\"twitter:creator\" content=\"@justiceinfonet\" \/>\n<meta name=\"twitter:site\" content=\"@justiceinfonet\" \/>\n<meta name=\"twitter:label1\" content=\"\u00c9crit par\" \/>\n\t<meta name=\"twitter:data1\" content=\"solivri\" \/>\n\t<meta name=\"twitter:label2\" content=\"Dur\u00e9e de lecture estim\u00e9e\" \/>\n\t<meta name=\"twitter:data2\" content=\"2 minutes\" \/>\n<script type=\"application\/ld+json\" class=\"yoast-schema-graph\">{\"@context\":\"https:\/\/schema.org\",\"@graph\":[{\"@type\":\"NewsArticle\",\"@id\":\"https:\/\/www.justiceinfo.net\/fr\/11994-090410-tpirsynthese-hebdomadaire-le-tpir-sest-joint-a-la-seizieme-commemoration8802.html#article\",\"isPartOf\":{\"@id\":\"https:\/\/www.justiceinfo.net\/fr\/11994-090410-tpirsynthese-hebdomadaire-le-tpir-sest-joint-a-la-seizieme-commemoration8802.html\"},\"author\":{\"name\":\"solivri\",\"@id\":\"https:\/\/www.justiceinfo.net\/fr#\/schema\/person\/6e53cba1629e2e66f3fc1821d3091865\"},\"headline\":\"09.04.10 - TPIR\/SYNTHESE HEBDOMADAIRE - LE TPIR S'EST JOINT A LA SEIZIEME COMMEMORATION\",\"datePublished\":\"2010-04-08T22:00:00+00:00\",\"mainEntityOfPage\":{\"@id\":\"https:\/\/www.justiceinfo.net\/fr\/11994-090410-tpirsynthese-hebdomadaire-le-tpir-sest-joint-a-la-seizieme-commemoration8802.html\"},\"wordCount\":471,\"commentCount\":0,\"publisher\":{\"@id\":\"https:\/\/www.justiceinfo.net\/fr#organization\"},\"articleSection\":[\"Hirondelle News\"],\"inLanguage\":\"fr-FR\",\"potentialAction\":[{\"@type\":\"CommentAction\",\"name\":\"Comment\",\"target\":[\"https:\/\/www.justiceinfo.net\/fr\/11994-090410-tpirsynthese-hebdomadaire-le-tpir-sest-joint-a-la-seizieme-commemoration8802.html#respond\"]}]},{\"@type\":\"WebPage\",\"@id\":\"https:\/\/www.justiceinfo.net\/fr\/11994-090410-tpirsynthese-hebdomadaire-le-tpir-sest-joint-a-la-seizieme-commemoration8802.html\",\"url\":\"https:\/\/www.justiceinfo.net\/fr\/11994-090410-tpirsynthese-hebdomadaire-le-tpir-sest-joint-a-la-seizieme-commemoration8802.html\",\"name\":\"09.04.10 - TPIR\/SYNTHESE HEBDOMADAIRE - LE TPIR S'EST JOINT A LA SEIZIEME COMMEMORATION - JusticeInfo.net\",\"isPartOf\":{\"@id\":\"https:\/\/www.justiceinfo.net\/fr#website\"},\"datePublished\":\"2010-04-08T22:00:00+00:00\",\"breadcrumb\":{\"@id\":\"https:\/\/www.justiceinfo.net\/fr\/11994-090410-tpirsynthese-hebdomadaire-le-tpir-sest-joint-a-la-seizieme-commemoration8802.html#breadcrumb\"},\"inLanguage\":\"fr-FR\",\"potentialAction\":[{\"@type\":\"ReadAction\",\"target\":[\"https:\/\/www.justiceinfo.net\/fr\/11994-090410-tpirsynthese-hebdomadaire-le-tpir-sest-joint-a-la-seizieme-commemoration8802.html\"]}]},{\"@type\":\"BreadcrumbList\",\"@id\":\"https:\/\/www.justiceinfo.net\/fr\/11994-090410-tpirsynthese-hebdomadaire-le-tpir-sest-joint-a-la-seizieme-commemoration8802.html#breadcrumb\",\"itemListElement\":[{\"@type\":\"ListItem\",\"position\":1,\"name\":\"Home\",\"item\":\"https:\/\/www.justiceinfo.net\/fr\"},{\"@type\":\"ListItem\",\"position\":2,\"name\":\"09.04.10 - TPIR\/SYNTHESE HEBDOMADAIRE - LE TPIR S'EST JOINT A LA SEIZIEME COMMEMORATION\"}]},{\"@type\":\"WebSite\",\"@id\":\"https:\/\/www.justiceinfo.net\/fr#website\",\"url\":\"https:\/\/www.justiceinfo.net\/fr\",\"name\":\"JusticeInfo.net\",\"description\":\"La justice doit \u00eatre vue pour \u00eatre rendue\",\"publisher\":{\"@id\":\"https:\/\/www.justiceinfo.net\/fr#organization\"},\"potentialAction\":[{\"@type\":\"SearchAction\",\"target\":{\"@type\":\"EntryPoint\",\"urlTemplate\":\"https:\/\/www.justiceinfo.net\/fr?s={search_term_string}\"},\"query-input\":{\"@type\":\"PropertyValueSpecification\",\"valueRequired\":true,\"valueName\":\"search_term_string\"}}],\"inLanguage\":\"fr-FR\"},{\"@type\":\"Organization\",\"@id\":\"https:\/\/www.justiceinfo.net\/fr#organization\",\"name\":\"Justice Info\",\"url\":\"https:\/\/www.justiceinfo.net\/fr\",\"logo\":{\"@type\":\"ImageObject\",\"inLanguage\":\"fr-FR\",\"@id\":\"https:\/\/www.justiceinfo.net\/fr#\/schema\/logo\/image\/\",\"url\":\"https:\/\/www.justiceinfo.net\/wp-content\/uploads\/justiceinfo_logo-trans_1200x1200px.png\",\"contentUrl\":\"https:\/\/www.justiceinfo.net\/wp-content\/uploads\/justiceinfo_logo-trans_1200x1200px.png\",\"width\":1199,\"height\":1200,\"caption\":\"Justice Info\"},\"image\":{\"@id\":\"https:\/\/www.justiceinfo.net\/fr#\/schema\/logo\/image\/\"},\"sameAs\":[\"https:\/\/www.facebook.com\/JusticeInfo\/\",\"https:\/\/x.com\/justiceinfonet\",\"https:\/\/www.linkedin.com\/company\/justice-info\",\"https:\/\/www.youtube.com\/channel\/UCyCEsARodyuWtkWyhn-e7pA\"]},{\"@type\":\"Person\",\"name\":\"solivri\",\"url\":\"\/fr\/?s=solivri\"}]}<\/script>\n<!-- \/ Yoast SEO Premium plugin. -->","yoast_head_json":{"title":"09.04.10 - TPIR\/SYNTHESE HEBDOMADAIRE - LE TPIR S'EST JOINT A LA SEIZIEME COMMEMORATION - JusticeInfo.net","robots":{"index":"index","follow":"follow","max-snippet":"max-snippet:-1","max-image-preview":"max-image-preview:large","max-video-preview":"max-video-preview:-1"},"canonical":"https:\/\/www.justiceinfo.net\/fr\/11994-090410-tpirsynthese-hebdomadaire-le-tpir-sest-joint-a-la-seizieme-commemoration8802.html","og_locale":"fr_FR","og_type":"article","og_title":"09.04.10 - TPIR\/SYNTHESE HEBDOMADAIRE - LE TPIR S'EST JOINT A LA SEIZIEME COMMEMORATION","og_description":"Arusha, 09 avril 2010 (FH) - Le personnel et les responsables du Tribunal p&eacute;nal international pour le Rwanda (TPIR) se sont joints mercredi au peuple rwandais et au reste de la plan&egrave;te pour comm&eacute;morer le seizi&egrave;me anniversaire du g&eacute;nocide des Tutsis.","og_url":"https:\/\/www.justiceinfo.net\/fr\/11994-090410-tpirsynthese-hebdomadaire-le-tpir-sest-joint-a-la-seizieme-commemoration8802.html","og_site_name":"JusticeInfo.net","article_publisher":"https:\/\/www.facebook.com\/JusticeInfo\/","article_published_time":"2010-04-08T22:00:00+00:00","og_image":[{"width":1200,"height":630,"url":"https:\/\/www.justiceinfo.net\/wp-content\/uploads\/JusticeInfoNet_logo_1200x630px.jpg","type":"image\/jpeg"}],"author":"solivri","twitter_card":"summary_large_image","twitter_creator":"@justiceinfonet","twitter_site":"@justiceinfonet","twitter_misc":{"\u00c9crit par":"solivri","Dur\u00e9e de lecture estim\u00e9e":"2 minutes"},"schema":{"@context":"https:\/\/schema.org","@graph":[{"@type":"NewsArticle","@id":"https:\/\/www.justiceinfo.net\/fr\/11994-090410-tpirsynthese-hebdomadaire-le-tpir-sest-joint-a-la-seizieme-commemoration8802.html#article","isPartOf":{"@id":"https:\/\/www.justiceinfo.net\/fr\/11994-090410-tpirsynthese-hebdomadaire-le-tpir-sest-joint-a-la-seizieme-commemoration8802.html"},"author":{"name":"solivri","@id":"https:\/\/www.justiceinfo.net\/fr#\/schema\/person\/6e53cba1629e2e66f3fc1821d3091865"},"headline":"09.04.10 - TPIR\/SYNTHESE HEBDOMADAIRE - LE TPIR S'EST JOINT A LA SEIZIEME COMMEMORATION","datePublished":"2010-04-08T22:00:00+00:00","mainEntityOfPage":{"@id":"https:\/\/www.justiceinfo.net\/fr\/11994-090410-tpirsynthese-hebdomadaire-le-tpir-sest-joint-a-la-seizieme-commemoration8802.html"},"wordCount":471,"commentCount":0,"publisher":{"@id":"https:\/\/www.justiceinfo.net\/fr#organization"},"articleSection":["Hirondelle News"],"inLanguage":"fr-FR","potentialAction":[{"@type":"CommentAction","name":"Comment","target":["https:\/\/www.justiceinfo.net\/fr\/11994-090410-tpirsynthese-hebdomadaire-le-tpir-sest-joint-a-la-seizieme-commemoration8802.html#respond"]}]},{"@type":"WebPage","@id":"https:\/\/www.justiceinfo.net\/fr\/11994-090410-tpirsynthese-hebdomadaire-le-tpir-sest-joint-a-la-seizieme-commemoration8802.html","url":"https:\/\/www.justiceinfo.net\/fr\/11994-090410-tpirsynthese-hebdomadaire-le-tpir-sest-joint-a-la-seizieme-commemoration8802.html","name":"09.04.10 - TPIR\/SYNTHESE HEBDOMADAIRE - LE TPIR S'EST JOINT A LA SEIZIEME COMMEMORATION - JusticeInfo.net","isPartOf":{"@id":"https:\/\/www.justiceinfo.net\/fr#website"},"datePublished":"2010-04-08T22:00:00+00:00","breadcrumb":{"@id":"https:\/\/www.justiceinfo.net\/fr\/11994-090410-tpirsynthese-hebdomadaire-le-tpir-sest-joint-a-la-seizieme-commemoration8802.html#breadcrumb"},"inLanguage":"fr-FR","potentialAction":[{"@type":"ReadAction","target":["https:\/\/www.justiceinfo.net\/fr\/11994-090410-tpirsynthese-hebdomadaire-le-tpir-sest-joint-a-la-seizieme-commemoration8802.html"]}]},{"@type":"BreadcrumbList","@id":"https:\/\/www.justiceinfo.net\/fr\/11994-090410-tpirsynthese-hebdomadaire-le-tpir-sest-joint-a-la-seizieme-commemoration8802.html#breadcrumb","itemListElement":[{"@type":"ListItem","position":1,"name":"Home","item":"https:\/\/www.justiceinfo.net\/fr"},{"@type":"ListItem","position":2,"name":"09.04.10 - TPIR\/SYNTHESE HEBDOMADAIRE - LE TPIR S'EST JOINT A LA SEIZIEME COMMEMORATION"}]},{"@type":"WebSite","@id":"https:\/\/www.justiceinfo.net\/fr#website","url":"https:\/\/www.justiceinfo.net\/fr","name":"JusticeInfo.net","description":"La justice doit \u00eatre vue pour \u00eatre rendue","publisher":{"@id":"https:\/\/www.justiceinfo.net\/fr#organization"},"potentialAction":[{"@type":"SearchAction","target":{"@type":"EntryPoint","urlTemplate":"https:\/\/www.justiceinfo.net\/fr?s={search_term_string}"},"query-input":{"@type":"PropertyValueSpecification","valueRequired":true,"valueName":"search_term_string"}}],"inLanguage":"fr-FR"},{"@type":"Organization","@id":"https:\/\/www.justiceinfo.net\/fr#organization","name":"Justice Info","url":"https:\/\/www.justiceinfo.net\/fr","logo":{"@type":"ImageObject","inLanguage":"fr-FR","@id":"https:\/\/www.justiceinfo.net\/fr#\/schema\/logo\/image\/","url":"https:\/\/www.justiceinfo.net\/wp-content\/uploads\/justiceinfo_logo-trans_1200x1200px.png","contentUrl":"https:\/\/www.justiceinfo.net\/wp-content\/uploads\/justiceinfo_logo-trans_1200x1200px.png","width":1199,"height":1200,"caption":"Justice Info"},"image":{"@id":"https:\/\/www.justiceinfo.net\/fr#\/schema\/logo\/image\/"},"sameAs":["https:\/\/www.facebook.com\/JusticeInfo\/","https:\/\/x.com\/justiceinfonet","https:\/\/www.linkedin.com\/company\/justice-info","https:\/\/www.youtube.com\/channel\/UCyCEsARodyuWtkWyhn-e7pA"]},{"@type":"Person","name":"solivri","url":"\/fr\/?s=solivri"}]}},"_links":{"self":[{"href":"https:\/\/www.justiceinfo.net\/fr\/wp-json\/wp\/v2\/posts\/11994","targetHints":{"allow":["GET"]}}],"collection":[{"href":"https:\/\/www.justiceinfo.net\/fr\/wp-json\/wp\/v2\/posts"}],"about":[{"href":"https:\/\/www.justiceinfo.net\/fr\/wp-json\/wp\/v2\/types\/post"}],"author":[{"embeddable":true,"href":"https:\/\/www.justiceinfo.net\/fr\/wp-json\/wp\/v2\/users\/64"}],"replies":[{"embeddable":true,"href":"https:\/\/www.justiceinfo.net\/fr\/wp-json\/wp\/v2\/comments?post=11994"}],"version-history":[{"count":0,"href":"https:\/\/www.justiceinfo.net\/fr\/wp-json\/wp\/v2\/posts\/11994\/revisions"}],"wp:attachment":[{"href":"https:\/\/www.justiceinfo.net\/fr\/wp-json\/wp\/v2\/media?parent=11994"}],"wp:term":[{"taxonomy":"category","embeddable":true,"href":"https:\/\/www.justiceinfo.net\/fr\/wp-json\/wp\/v2\/categories?post=11994"},{"taxonomy":"post_tag","embeddable":true,"href":"https:\/\/www.justiceinfo.net\/fr\/wp-json\/wp\/v2\/tags?post=11994"},{"taxonomy":"ji_location","embeddable":true,"href":"https:\/\/www.justiceinfo.net\/fr\/wp-json\/wp\/v2\/ji_location?post=11994"}],"curies":[{"name":"wp","href":"https:\/\/api.w.org\/{rel}","templated":true}]}}