{"id":12016,"date":"2010-04-19T00:00:00","date_gmt":"2010-04-18T22:00:00","guid":{"rendered":"https:\/\/www.justiceinfo.net\/12016-190410-tpirnzabonimana-le-tpir-accuse-un-avocat-francais-de-propos-l-a-connotation-raciale-r8824.html"},"modified":"2010-04-19T00:00:00","modified_gmt":"2010-04-18T22:00:00","slug":"190410-tpirnzabonimana-le-tpir-accuse-un-avocat-francais-de-propos-l-a-connotation-raciale-r8824","status":"publish","type":"post","link":"https:\/\/www.justiceinfo.net\/fr\/12016-190410-tpirnzabonimana-le-tpir-accuse-un-avocat-francais-de-propos-l-a-connotation-raciale-r8824.html","title":{"rendered":"19.04.10 - TPIR\/NZABONIMANA - LE TPIR ACCUSE UN AVOCAT FRANCAIS DE PROPOS \u00ab A CONNOTATION RACIALE \u00bb"},"content":{"rendered":"<p >\nArusha, 19 avril 2010 (FH) - Un avocat fran&ccedil;ais plaidant au Tribunal p&eacute;nal international pour le Rwanda (TPIR), Vincent Courcelle-Labrousse, a &eacute;t&eacute; accus&eacute; lundi par la chambre de tenir un langage &agrave; &laquo; connotation raciale &raquo; et d'insulter les juges et la juridiction dans son ensemble.\n<\/p>\n<p><!--more--><\/p>\n<p >\n<p >\nMe Courcelle-Labrousse est l'avocat principal de l'ex-ministre de la Jeunesse, Callixte Nzabonimana, accus&eacute; de crimes de g&eacute;nocide et de crimes contre l'humanit&eacute;.\n<\/p>\n<p >\n&laquo; Pendant la pause, le conseil principal de la d&eacute;fense a tenu plusieurs propos qui peuvent &ecirc;tre consid&eacute;r&eacute;s comme un abus de langage &agrave; connotation raciale &raquo;, a d&eacute;clar&eacute; la pr&eacute;sidente ougandaise de la chambre, Salomy Balungi Bossa, &agrave; la reprise des d&eacute;bats au milieu de l'apr&egrave;s-midi.\n<\/p>\n<p >\nSelon elle, l'avocat fran&ccedil;ais a trait&eacute; la formation des trois juges de &laquo; chambre de Mongoliens&raquo; et qualifi&eacute; le tribunal de &laquo; r&eacute;publique banani&egrave;re &raquo;. Pour elle, il s'agit d'une &laquo; insulte &raquo; &agrave; la chambre et au tribunal dans son ensemble.\n<\/p>\n<p >\nInvit&eacute; &agrave; s'en expliquer, Me Courcelle-Labrousse a d&eacute;clar&eacute; qu'il n'avait &laquo; pas connaissance d'avoir tenu des propos pareils &raquo;. Quoi qu'il en soit, selon l'avocat, ce qui se passe &agrave; l'ext&eacute;rieur de la salle d'audience &laquo; est en dehors de la comp&eacute;tence de la chambre et du tribunal &raquo;.\n<\/p>\n<p >\n&laquo; La chambre va se saisir activement de la question et d&eacute;lib&eacute;rera conform&eacute;ment &agrave; l'&eacute;thique &raquo;, a indiqu&eacute; la juge Bossa avant de passer &agrave; l'audition d'un t&eacute;moin.\n<\/p>\n<p >\nOutre la pr&eacute;sidente qui est de nationalit&eacute; ougandaise, la chambre comprend le Russe Bakhtiyar Tuzmukhamedov et le Malgache Mparany Rajohnson\n<\/p>\n<p >\nER\/GF\n<\/p>\n<p>\n&copy; Agence Hirondelle<\/p>\n","protected":false},"excerpt":{"rendered":"<p>Arusha, 19 avril 2010 (FH) - Un avocat fran&ccedil;ais plaidant au Tribunal p&eacute;nal international pour le Rwanda (TPIR), Vincent Courcelle-Labrousse, a &eacute;t&eacute; accus&eacute; lundi par la chambre de tenir un langage &agrave; &laquo; connotation raciale &raquo; et d'insulter les juges et la juridiction dans son ensemble.<\/p>\n","protected":false},"author":64,"featured_media":0,"comment_status":"open","ping_status":"closed","sticky":false,"template":"","format":"standard","meta":{"_acf_changed":false,"footnotes":""},"categories":[554],"tags":[],"ji_location":[],"class_list":["post-12016","post","type-post","status-publish","format-standard","hentry","category-hirondellenews"],"acf":[],"yoast_head":"<!-- This site is optimized with the Yoast SEO Premium plugin v25.3.1 (Yoast SEO v25.3.1) - https:\/\/yoast.com\/wordpress\/plugins\/seo\/ -->\n<title>19.04.10 - TPIR\/NZABONIMANA - LE TPIR ACCUSE UN AVOCAT FRANCAIS DE PROPOS \u00ab A CONNOTATION RACIALE \u00bb - JusticeInfo.net<\/title>\n<meta name=\"robots\" content=\"index, follow, max-snippet:-1, max-image-preview:large, max-video-preview:-1\" \/>\n<link rel=\"canonical\" href=\"https:\/\/www.justiceinfo.net\/fr\/12016-190410-tpirnzabonimana-le-tpir-accuse-un-avocat-francais-de-propos-l-a-connotation-raciale-r8824.html\" \/>\n<meta property=\"og:locale\" content=\"fr_FR\" \/>\n<meta property=\"og:type\" content=\"article\" \/>\n<meta property=\"og:title\" content=\"19.04.10 - TPIR\/NZABONIMANA - LE TPIR ACCUSE UN AVOCAT FRANCAIS DE PROPOS \u00ab A CONNOTATION RACIALE \u00bb\" \/>\n<meta property=\"og:description\" content=\"Arusha, 19 avril 2010 (FH) - Un avocat fran&ccedil;ais plaidant au Tribunal p&eacute;nal international pour le Rwanda (TPIR), Vincent Courcelle-Labrousse, a &eacute;t&eacute; accus&eacute; lundi par la chambre de tenir un langage &agrave; &laquo; connotation raciale &raquo; et d&#039;insulter les juges et la juridiction dans son ensemble.\" \/>\n<meta property=\"og:url\" content=\"https:\/\/www.justiceinfo.net\/fr\/12016-190410-tpirnzabonimana-le-tpir-accuse-un-avocat-francais-de-propos-l-a-connotation-raciale-r8824.html\" \/>\n<meta property=\"og:site_name\" content=\"JusticeInfo.net\" \/>\n<meta property=\"article:publisher\" content=\"https:\/\/www.facebook.com\/JusticeInfo\/\" \/>\n<meta property=\"article:published_time\" content=\"2010-04-18T22:00:00+00:00\" \/>\n<meta property=\"og:image\" content=\"https:\/\/www.justiceinfo.net\/wp-content\/uploads\/JusticeInfoNet_logo_1200x630px.jpg\" \/>\n\t<meta property=\"og:image:width\" content=\"1200\" \/>\n\t<meta property=\"og:image:height\" content=\"630\" \/>\n\t<meta property=\"og:image:type\" content=\"image\/jpeg\" \/>\n<meta name=\"author\" content=\"solivri\" \/>\n<meta name=\"twitter:card\" content=\"summary_large_image\" \/>\n<meta name=\"twitter:creator\" content=\"@justiceinfonet\" \/>\n<meta name=\"twitter:site\" content=\"@justiceinfonet\" \/>\n<meta name=\"twitter:label1\" content=\"\u00c9crit par\" \/>\n\t<meta name=\"twitter:data1\" content=\"solivri\" \/>\n\t<meta name=\"twitter:label2\" content=\"Dur\u00e9e de lecture estim\u00e9e\" \/>\n\t<meta name=\"twitter:data2\" content=\"2 minutes\" \/>\n<script type=\"application\/ld+json\" class=\"yoast-schema-graph\">{\"@context\":\"https:\/\/schema.org\",\"@graph\":[{\"@type\":\"NewsArticle\",\"@id\":\"https:\/\/www.justiceinfo.net\/fr\/12016-190410-tpirnzabonimana-le-tpir-accuse-un-avocat-francais-de-propos-l-a-connotation-raciale-r8824.html#article\",\"isPartOf\":{\"@id\":\"https:\/\/www.justiceinfo.net\/fr\/12016-190410-tpirnzabonimana-le-tpir-accuse-un-avocat-francais-de-propos-l-a-connotation-raciale-r8824.html\"},\"author\":{\"name\":\"solivri\",\"@id\":\"https:\/\/www.justiceinfo.net\/fr#\/schema\/person\/6e53cba1629e2e66f3fc1821d3091865\"},\"headline\":\"19.04.10 - TPIR\/NZABONIMANA - LE TPIR ACCUSE UN AVOCAT FRANCAIS DE PROPOS \u00ab A CONNOTATION RACIALE \u00bb\",\"datePublished\":\"2010-04-18T22:00:00+00:00\",\"mainEntityOfPage\":{\"@id\":\"https:\/\/www.justiceinfo.net\/fr\/12016-190410-tpirnzabonimana-le-tpir-accuse-un-avocat-francais-de-propos-l-a-connotation-raciale-r8824.html\"},\"wordCount\":348,\"commentCount\":0,\"publisher\":{\"@id\":\"https:\/\/www.justiceinfo.net\/fr#organization\"},\"articleSection\":[\"Hirondelle News\"],\"inLanguage\":\"fr-FR\",\"potentialAction\":[{\"@type\":\"CommentAction\",\"name\":\"Comment\",\"target\":[\"https:\/\/www.justiceinfo.net\/fr\/12016-190410-tpirnzabonimana-le-tpir-accuse-un-avocat-francais-de-propos-l-a-connotation-raciale-r8824.html#respond\"]}]},{\"@type\":\"WebPage\",\"@id\":\"https:\/\/www.justiceinfo.net\/fr\/12016-190410-tpirnzabonimana-le-tpir-accuse-un-avocat-francais-de-propos-l-a-connotation-raciale-r8824.html\",\"url\":\"https:\/\/www.justiceinfo.net\/fr\/12016-190410-tpirnzabonimana-le-tpir-accuse-un-avocat-francais-de-propos-l-a-connotation-raciale-r8824.html\",\"name\":\"19.04.10 - TPIR\/NZABONIMANA - LE TPIR ACCUSE UN AVOCAT FRANCAIS DE PROPOS \u00ab A CONNOTATION RACIALE \u00bb - JusticeInfo.net\",\"isPartOf\":{\"@id\":\"https:\/\/www.justiceinfo.net\/fr#website\"},\"datePublished\":\"2010-04-18T22:00:00+00:00\",\"breadcrumb\":{\"@id\":\"https:\/\/www.justiceinfo.net\/fr\/12016-190410-tpirnzabonimana-le-tpir-accuse-un-avocat-francais-de-propos-l-a-connotation-raciale-r8824.html#breadcrumb\"},\"inLanguage\":\"fr-FR\",\"potentialAction\":[{\"@type\":\"ReadAction\",\"target\":[\"https:\/\/www.justiceinfo.net\/fr\/12016-190410-tpirnzabonimana-le-tpir-accuse-un-avocat-francais-de-propos-l-a-connotation-raciale-r8824.html\"]}]},{\"@type\":\"BreadcrumbList\",\"@id\":\"https:\/\/www.justiceinfo.net\/fr\/12016-190410-tpirnzabonimana-le-tpir-accuse-un-avocat-francais-de-propos-l-a-connotation-raciale-r8824.html#breadcrumb\",\"itemListElement\":[{\"@type\":\"ListItem\",\"position\":1,\"name\":\"Home\",\"item\":\"https:\/\/www.justiceinfo.net\/fr\"},{\"@type\":\"ListItem\",\"position\":2,\"name\":\"19.04.10 - TPIR\/NZABONIMANA - LE TPIR ACCUSE UN AVOCAT FRANCAIS DE PROPOS \u00ab A CONNOTATION RACIALE \u00bb\"}]},{\"@type\":\"WebSite\",\"@id\":\"https:\/\/www.justiceinfo.net\/fr#website\",\"url\":\"https:\/\/www.justiceinfo.net\/fr\",\"name\":\"JusticeInfo.net\",\"description\":\"La justice doit \u00eatre vue pour \u00eatre rendue\",\"publisher\":{\"@id\":\"https:\/\/www.justiceinfo.net\/fr#organization\"},\"potentialAction\":[{\"@type\":\"SearchAction\",\"target\":{\"@type\":\"EntryPoint\",\"urlTemplate\":\"https:\/\/www.justiceinfo.net\/fr?s={search_term_string}\"},\"query-input\":{\"@type\":\"PropertyValueSpecification\",\"valueRequired\":true,\"valueName\":\"search_term_string\"}}],\"inLanguage\":\"fr-FR\"},{\"@type\":\"Organization\",\"@id\":\"https:\/\/www.justiceinfo.net\/fr#organization\",\"name\":\"Justice Info\",\"url\":\"https:\/\/www.justiceinfo.net\/fr\",\"logo\":{\"@type\":\"ImageObject\",\"inLanguage\":\"fr-FR\",\"@id\":\"https:\/\/www.justiceinfo.net\/fr#\/schema\/logo\/image\/\",\"url\":\"https:\/\/www.justiceinfo.net\/wp-content\/uploads\/justiceinfo_logo-trans_1200x1200px.png\",\"contentUrl\":\"https:\/\/www.justiceinfo.net\/wp-content\/uploads\/justiceinfo_logo-trans_1200x1200px.png\",\"width\":1199,\"height\":1200,\"caption\":\"Justice Info\"},\"image\":{\"@id\":\"https:\/\/www.justiceinfo.net\/fr#\/schema\/logo\/image\/\"},\"sameAs\":[\"https:\/\/www.facebook.com\/JusticeInfo\/\",\"https:\/\/x.com\/justiceinfonet\",\"https:\/\/www.linkedin.com\/company\/justice-info\",\"https:\/\/www.youtube.com\/channel\/UCyCEsARodyuWtkWyhn-e7pA\"]},{\"@type\":\"Person\",\"name\":\"solivri\",\"url\":\"\/fr\/?s=solivri\"}]}<\/script>\n<!-- \/ Yoast SEO Premium plugin. -->","yoast_head_json":{"title":"19.04.10 - TPIR\/NZABONIMANA - LE TPIR ACCUSE UN AVOCAT FRANCAIS DE PROPOS \u00ab A CONNOTATION RACIALE \u00bb - JusticeInfo.net","robots":{"index":"index","follow":"follow","max-snippet":"max-snippet:-1","max-image-preview":"max-image-preview:large","max-video-preview":"max-video-preview:-1"},"canonical":"https:\/\/www.justiceinfo.net\/fr\/12016-190410-tpirnzabonimana-le-tpir-accuse-un-avocat-francais-de-propos-l-a-connotation-raciale-r8824.html","og_locale":"fr_FR","og_type":"article","og_title":"19.04.10 - TPIR\/NZABONIMANA - LE TPIR ACCUSE UN AVOCAT FRANCAIS DE PROPOS \u00ab A CONNOTATION RACIALE \u00bb","og_description":"Arusha, 19 avril 2010 (FH) - Un avocat fran&ccedil;ais plaidant au Tribunal p&eacute;nal international pour le Rwanda (TPIR), Vincent Courcelle-Labrousse, a &eacute;t&eacute; accus&eacute; lundi par la chambre de tenir un langage &agrave; &laquo; connotation raciale &raquo; et d'insulter les juges et la juridiction dans son ensemble.","og_url":"https:\/\/www.justiceinfo.net\/fr\/12016-190410-tpirnzabonimana-le-tpir-accuse-un-avocat-francais-de-propos-l-a-connotation-raciale-r8824.html","og_site_name":"JusticeInfo.net","article_publisher":"https:\/\/www.facebook.com\/JusticeInfo\/","article_published_time":"2010-04-18T22:00:00+00:00","og_image":[{"width":1200,"height":630,"url":"https:\/\/www.justiceinfo.net\/wp-content\/uploads\/JusticeInfoNet_logo_1200x630px.jpg","type":"image\/jpeg"}],"author":"solivri","twitter_card":"summary_large_image","twitter_creator":"@justiceinfonet","twitter_site":"@justiceinfonet","twitter_misc":{"\u00c9crit par":"solivri","Dur\u00e9e de lecture estim\u00e9e":"2 minutes"},"schema":{"@context":"https:\/\/schema.org","@graph":[{"@type":"NewsArticle","@id":"https:\/\/www.justiceinfo.net\/fr\/12016-190410-tpirnzabonimana-le-tpir-accuse-un-avocat-francais-de-propos-l-a-connotation-raciale-r8824.html#article","isPartOf":{"@id":"https:\/\/www.justiceinfo.net\/fr\/12016-190410-tpirnzabonimana-le-tpir-accuse-un-avocat-francais-de-propos-l-a-connotation-raciale-r8824.html"},"author":{"name":"solivri","@id":"https:\/\/www.justiceinfo.net\/fr#\/schema\/person\/6e53cba1629e2e66f3fc1821d3091865"},"headline":"19.04.10 - TPIR\/NZABONIMANA - LE TPIR ACCUSE UN AVOCAT FRANCAIS DE PROPOS \u00ab A CONNOTATION RACIALE \u00bb","datePublished":"2010-04-18T22:00:00+00:00","mainEntityOfPage":{"@id":"https:\/\/www.justiceinfo.net\/fr\/12016-190410-tpirnzabonimana-le-tpir-accuse-un-avocat-francais-de-propos-l-a-connotation-raciale-r8824.html"},"wordCount":348,"commentCount":0,"publisher":{"@id":"https:\/\/www.justiceinfo.net\/fr#organization"},"articleSection":["Hirondelle News"],"inLanguage":"fr-FR","potentialAction":[{"@type":"CommentAction","name":"Comment","target":["https:\/\/www.justiceinfo.net\/fr\/12016-190410-tpirnzabonimana-le-tpir-accuse-un-avocat-francais-de-propos-l-a-connotation-raciale-r8824.html#respond"]}]},{"@type":"WebPage","@id":"https:\/\/www.justiceinfo.net\/fr\/12016-190410-tpirnzabonimana-le-tpir-accuse-un-avocat-francais-de-propos-l-a-connotation-raciale-r8824.html","url":"https:\/\/www.justiceinfo.net\/fr\/12016-190410-tpirnzabonimana-le-tpir-accuse-un-avocat-francais-de-propos-l-a-connotation-raciale-r8824.html","name":"19.04.10 - TPIR\/NZABONIMANA - LE TPIR ACCUSE UN AVOCAT FRANCAIS DE PROPOS \u00ab A CONNOTATION RACIALE \u00bb - JusticeInfo.net","isPartOf":{"@id":"https:\/\/www.justiceinfo.net\/fr#website"},"datePublished":"2010-04-18T22:00:00+00:00","breadcrumb":{"@id":"https:\/\/www.justiceinfo.net\/fr\/12016-190410-tpirnzabonimana-le-tpir-accuse-un-avocat-francais-de-propos-l-a-connotation-raciale-r8824.html#breadcrumb"},"inLanguage":"fr-FR","potentialAction":[{"@type":"ReadAction","target":["https:\/\/www.justiceinfo.net\/fr\/12016-190410-tpirnzabonimana-le-tpir-accuse-un-avocat-francais-de-propos-l-a-connotation-raciale-r8824.html"]}]},{"@type":"BreadcrumbList","@id":"https:\/\/www.justiceinfo.net\/fr\/12016-190410-tpirnzabonimana-le-tpir-accuse-un-avocat-francais-de-propos-l-a-connotation-raciale-r8824.html#breadcrumb","itemListElement":[{"@type":"ListItem","position":1,"name":"Home","item":"https:\/\/www.justiceinfo.net\/fr"},{"@type":"ListItem","position":2,"name":"19.04.10 - TPIR\/NZABONIMANA - LE TPIR ACCUSE UN AVOCAT FRANCAIS DE PROPOS \u00ab A CONNOTATION RACIALE \u00bb"}]},{"@type":"WebSite","@id":"https:\/\/www.justiceinfo.net\/fr#website","url":"https:\/\/www.justiceinfo.net\/fr","name":"JusticeInfo.net","description":"La justice doit \u00eatre vue pour \u00eatre rendue","publisher":{"@id":"https:\/\/www.justiceinfo.net\/fr#organization"},"potentialAction":[{"@type":"SearchAction","target":{"@type":"EntryPoint","urlTemplate":"https:\/\/www.justiceinfo.net\/fr?s={search_term_string}"},"query-input":{"@type":"PropertyValueSpecification","valueRequired":true,"valueName":"search_term_string"}}],"inLanguage":"fr-FR"},{"@type":"Organization","@id":"https:\/\/www.justiceinfo.net\/fr#organization","name":"Justice Info","url":"https:\/\/www.justiceinfo.net\/fr","logo":{"@type":"ImageObject","inLanguage":"fr-FR","@id":"https:\/\/www.justiceinfo.net\/fr#\/schema\/logo\/image\/","url":"https:\/\/www.justiceinfo.net\/wp-content\/uploads\/justiceinfo_logo-trans_1200x1200px.png","contentUrl":"https:\/\/www.justiceinfo.net\/wp-content\/uploads\/justiceinfo_logo-trans_1200x1200px.png","width":1199,"height":1200,"caption":"Justice Info"},"image":{"@id":"https:\/\/www.justiceinfo.net\/fr#\/schema\/logo\/image\/"},"sameAs":["https:\/\/www.facebook.com\/JusticeInfo\/","https:\/\/x.com\/justiceinfonet","https:\/\/www.linkedin.com\/company\/justice-info","https:\/\/www.youtube.com\/channel\/UCyCEsARodyuWtkWyhn-e7pA"]},{"@type":"Person","name":"solivri","url":"\/fr\/?s=solivri"}]}},"_links":{"self":[{"href":"https:\/\/www.justiceinfo.net\/fr\/wp-json\/wp\/v2\/posts\/12016","targetHints":{"allow":["GET"]}}],"collection":[{"href":"https:\/\/www.justiceinfo.net\/fr\/wp-json\/wp\/v2\/posts"}],"about":[{"href":"https:\/\/www.justiceinfo.net\/fr\/wp-json\/wp\/v2\/types\/post"}],"author":[{"embeddable":true,"href":"https:\/\/www.justiceinfo.net\/fr\/wp-json\/wp\/v2\/users\/64"}],"replies":[{"embeddable":true,"href":"https:\/\/www.justiceinfo.net\/fr\/wp-json\/wp\/v2\/comments?post=12016"}],"version-history":[{"count":0,"href":"https:\/\/www.justiceinfo.net\/fr\/wp-json\/wp\/v2\/posts\/12016\/revisions"}],"wp:attachment":[{"href":"https:\/\/www.justiceinfo.net\/fr\/wp-json\/wp\/v2\/media?parent=12016"}],"wp:term":[{"taxonomy":"category","embeddable":true,"href":"https:\/\/www.justiceinfo.net\/fr\/wp-json\/wp\/v2\/categories?post=12016"},{"taxonomy":"post_tag","embeddable":true,"href":"https:\/\/www.justiceinfo.net\/fr\/wp-json\/wp\/v2\/tags?post=12016"},{"taxonomy":"ji_location","embeddable":true,"href":"https:\/\/www.justiceinfo.net\/fr\/wp-json\/wp\/v2\/ji_location?post=12016"}],"curies":[{"name":"wp","href":"https:\/\/api.w.org\/{rel}","templated":true}]}}