{"id":12032,"date":"2010-04-26T00:00:00","date_gmt":"2010-04-25T22:00:00","guid":{"rendered":"https:\/\/www.justiceinfo.net\/12032-260410-tpirmedias-deces-de-jean-bosco-barayagwiza-detenu-au-benin8840.html"},"modified":"2010-04-26T00:00:00","modified_gmt":"2010-04-25T22:00:00","slug":"260410-tpirmedias-deces-de-jean-bosco-barayagwiza-detenu-au-benin8840","status":"publish","type":"post","link":"https:\/\/www.justiceinfo.net\/fr\/12032-260410-tpirmedias-deces-de-jean-bosco-barayagwiza-detenu-au-benin8840.html","title":{"rendered":"26.04.10 - TPIR\/MEDIAS - DECES DE JEAN-BOSCO BARAYAGWIZA, DETENU AU BENIN"},"content":{"rendered":"<p >\nArusha, 26 avril 2010 (FH)- Jean Bosco Barayagwiza, 60 ans, est d&eacute;c&eacute;d&eacute; dimanche &agrave; Porto-Novo, au B&eacute;nin, o&ugrave; il purgeait une peine de 32 ans de prison apr&egrave;s avoir &eacute;t&eacute; condamn&eacute; pour g&eacute;nocide par le Tribunal p&eacute;nal international pour le Rwanda (TPIR).\n<\/p>\n<p><!--more--><\/p>\n<p >\n<p >\n&quot;Il est mort des suites d'une une longue maladie. Une autopsie dans les r&egrave;gles sera effectu&eacute;e par les autorit&eacute;s m&eacute;dicales b&eacute;ninoises qui d&eacute;termineront les causes exactes de ce d&eacute;c&egrave;s&quot;, a expliqu&eacute; le porte-parole du TPIR Roland Amoussouga.\n<\/p>\n<p >\nJean Bosco Barayagwiza s'est &eacute;teint au Centre Hospitalier D&eacute;partemental de l'Ou&eacute;m&eacute; o&ugrave; il avait &eacute;t&eacute; admis le 5 mars 2010.\n<\/p>\n<p >\n&quot;Le choix du lieu des fun&eacute;railles appartient &agrave; la famille&quot;, a pr&eacute;cis&eacute; Roland Amoussouga. &quot;Dans le cas o&ugrave; la famille ne pourrait prendre en charge les frais d'enterrement ou de cr&eacute;mation, le B&eacute;nin fera le n&eacute;cessaire en accord avec la famille&quot;.\n<\/p>\n<p >\nLe TPIR assumerait les co&ucirc;ts relatifs au transfert du corps et &agrave; son enterrement au B&eacute;nin ou dans le pays o&ugrave; r&eacute;side la famille.\n<\/p>\n<p >\nJean Bosco Barayagwiza fut l'un des fondateurs de la Radio T&eacute;l&eacute;vision Livre des mille collines (RTLM). Il avait &eacute;t&eacute; inculp&eacute; par le TPIR le 23 octobre 2000, en m&ecirc;me temps que l'historien Ferdinand Nahimana et que Hassan Ngeze,&nbsp; r&eacute;dacteur en chef du journal extr&eacute;miste Kangura en 1994.\n<\/p>\n<p >\nJean Bosco Barayagwiza avait cependant refus&eacute; d'assister &agrave; ce proc&egrave;s group&eacute;, surnomm&eacute; &quot;proc&egrave;s des m&eacute;dias&quot;, au motif que la justice n'&eacute;tait pas impartiale.\n<\/p>\n<p >\nIl&nbsp; se consid&eacute;rait comme un &quot;prisonnier politique&quot;.\n<\/p>\n<p >\nCondamn&eacute; le 3 d&eacute;cembre 2003 &agrave; 35 ans de prison, il avait fait appel de la sentence. Le 28 novembre 2007, la Cour d'appel avait n&eacute;anmoins confirm&eacute; le jugement de premi&egrave;re instance, reconnaissant le pr&eacute;venu coupable d'actes de g&eacute;nocide et de crimes contre l'humanit&eacute;.\n<\/p>\n<p >\nDepuis le 27 juin 2009, il purgeait sa peine - l&eacute;g&egrave;rement r&eacute;duite &agrave; 32 ans - dans la prison de Akpro Misserete.\n<\/p>\n<p >\nN&eacute; en 1950 dans la commune de Mutara, Barayagwizaavait re&ccedil;u une formation d'avocat. Il fut l'un des fondateurs de la Coalition pour la d&eacute;fense de la r&eacute;publique (CDR), un parti cr&eacute;&eacute; en 1992. Il occupait &eacute;galement, avant le g&eacute;nocide, les fonctions de directeur des affaires politiques au minist&egrave;re rwandais des affaires &eacute;trang&egrave;res.\n<\/p>\n<p >\nIl laisse quatre enfants qui vivent tous actuellement en Europe.\n<\/p>\n<p >\nBarayagwiza est le second condamn&eacute; pour g&eacute;nocide &agrave; d&eacute;c&eacute;der. Le pasteur adventiste Elizaphan Ntakirutimana, condamn&eacute; &agrave; dix ans de prison, s'&eacute;tait &eacute;teint &agrave; 83 ans un mois apr&egrave;s sa lib&eacute;ration&nbsp; le 6 d&eacute;cembre 2006.\n<\/p>\n<p >\nSC\/GF\n<\/p>\n<\/p>\n<p>\n&copy; Agence Hirondelle<\/p>\n","protected":false},"excerpt":{"rendered":"<p>Arusha, 26 avril 2010 (FH)- Jean Bosco Barayagwiza, 60 ans, est d&eacute;c&eacute;d&eacute; dimanche &agrave; Porto-Novo, au B&eacute;nin, o&ugrave; il purgeait une peine de 32 ans de prison apr&egrave;s avoir &eacute;t&eacute; condamn&eacute; pour g&eacute;nocide par le Tribunal p&eacute;nal international pour le Rwanda (TPIR).<\/p>\n","protected":false},"author":64,"featured_media":0,"comment_status":"open","ping_status":"closed","sticky":false,"template":"","format":"standard","meta":{"_acf_changed":false,"footnotes":""},"categories":[554],"tags":[],"ji_location":[],"class_list":["post-12032","post","type-post","status-publish","format-standard","hentry","category-hirondellenews"],"acf":[],"yoast_head":"<!-- This site is optimized with the Yoast SEO Premium plugin v25.3.1 (Yoast SEO v25.3.1) - https:\/\/yoast.com\/wordpress\/plugins\/seo\/ -->\n<title>26.04.10 - TPIR\/MEDIAS - DECES DE JEAN-BOSCO BARAYAGWIZA, DETENU AU BENIN - JusticeInfo.net<\/title>\n<meta name=\"robots\" content=\"index, follow, max-snippet:-1, max-image-preview:large, max-video-preview:-1\" \/>\n<link rel=\"canonical\" href=\"https:\/\/www.justiceinfo.net\/fr\/12032-260410-tpirmedias-deces-de-jean-bosco-barayagwiza-detenu-au-benin8840.html\" \/>\n<meta property=\"og:locale\" content=\"fr_FR\" \/>\n<meta property=\"og:type\" content=\"article\" \/>\n<meta property=\"og:title\" content=\"26.04.10 - TPIR\/MEDIAS - DECES DE JEAN-BOSCO BARAYAGWIZA, DETENU AU BENIN\" \/>\n<meta property=\"og:description\" content=\"Arusha, 26 avril 2010 (FH)- Jean Bosco Barayagwiza, 60 ans, est d&eacute;c&eacute;d&eacute; dimanche &agrave; Porto-Novo, au B&eacute;nin, o&ugrave; il purgeait une peine de 32 ans de prison apr&egrave;s avoir &eacute;t&eacute; condamn&eacute; pour g&eacute;nocide par le Tribunal p&eacute;nal international pour le Rwanda (TPIR).\" \/>\n<meta property=\"og:url\" content=\"https:\/\/www.justiceinfo.net\/fr\/12032-260410-tpirmedias-deces-de-jean-bosco-barayagwiza-detenu-au-benin8840.html\" \/>\n<meta property=\"og:site_name\" content=\"JusticeInfo.net\" \/>\n<meta property=\"article:publisher\" content=\"https:\/\/www.facebook.com\/JusticeInfo\/\" \/>\n<meta property=\"article:published_time\" content=\"2010-04-25T22:00:00+00:00\" \/>\n<meta property=\"og:image\" content=\"https:\/\/www.justiceinfo.net\/wp-content\/uploads\/JusticeInfoNet_logo_1200x630px.jpg\" \/>\n\t<meta property=\"og:image:width\" content=\"1200\" \/>\n\t<meta property=\"og:image:height\" content=\"630\" \/>\n\t<meta property=\"og:image:type\" content=\"image\/jpeg\" \/>\n<meta name=\"author\" content=\"solivri\" \/>\n<meta name=\"twitter:card\" content=\"summary_large_image\" \/>\n<meta name=\"twitter:creator\" content=\"@justiceinfonet\" \/>\n<meta name=\"twitter:site\" content=\"@justiceinfonet\" \/>\n<meta name=\"twitter:label1\" content=\"\u00c9crit par\" \/>\n\t<meta name=\"twitter:data1\" content=\"solivri\" \/>\n\t<meta name=\"twitter:label2\" content=\"Dur\u00e9e de lecture estim\u00e9e\" \/>\n\t<meta name=\"twitter:data2\" content=\"3 minutes\" \/>\n<script type=\"application\/ld+json\" class=\"yoast-schema-graph\">{\"@context\":\"https:\/\/schema.org\",\"@graph\":[{\"@type\":\"NewsArticle\",\"@id\":\"https:\/\/www.justiceinfo.net\/fr\/12032-260410-tpirmedias-deces-de-jean-bosco-barayagwiza-detenu-au-benin8840.html#article\",\"isPartOf\":{\"@id\":\"https:\/\/www.justiceinfo.net\/fr\/12032-260410-tpirmedias-deces-de-jean-bosco-barayagwiza-detenu-au-benin8840.html\"},\"author\":{\"name\":\"solivri\",\"@id\":\"https:\/\/www.justiceinfo.net\/fr#\/schema\/person\/6e53cba1629e2e66f3fc1821d3091865\"},\"headline\":\"26.04.10 - TPIR\/MEDIAS - DECES DE JEAN-BOSCO BARAYAGWIZA, DETENU AU BENIN\",\"datePublished\":\"2010-04-25T22:00:00+00:00\",\"mainEntityOfPage\":{\"@id\":\"https:\/\/www.justiceinfo.net\/fr\/12032-260410-tpirmedias-deces-de-jean-bosco-barayagwiza-detenu-au-benin8840.html\"},\"wordCount\":564,\"commentCount\":0,\"publisher\":{\"@id\":\"https:\/\/www.justiceinfo.net\/fr#organization\"},\"articleSection\":[\"Hirondelle News\"],\"inLanguage\":\"fr-FR\",\"potentialAction\":[{\"@type\":\"CommentAction\",\"name\":\"Comment\",\"target\":[\"https:\/\/www.justiceinfo.net\/fr\/12032-260410-tpirmedias-deces-de-jean-bosco-barayagwiza-detenu-au-benin8840.html#respond\"]}]},{\"@type\":\"WebPage\",\"@id\":\"https:\/\/www.justiceinfo.net\/fr\/12032-260410-tpirmedias-deces-de-jean-bosco-barayagwiza-detenu-au-benin8840.html\",\"url\":\"https:\/\/www.justiceinfo.net\/fr\/12032-260410-tpirmedias-deces-de-jean-bosco-barayagwiza-detenu-au-benin8840.html\",\"name\":\"26.04.10 - TPIR\/MEDIAS - DECES DE JEAN-BOSCO BARAYAGWIZA, DETENU AU BENIN - JusticeInfo.net\",\"isPartOf\":{\"@id\":\"https:\/\/www.justiceinfo.net\/fr#website\"},\"datePublished\":\"2010-04-25T22:00:00+00:00\",\"breadcrumb\":{\"@id\":\"https:\/\/www.justiceinfo.net\/fr\/12032-260410-tpirmedias-deces-de-jean-bosco-barayagwiza-detenu-au-benin8840.html#breadcrumb\"},\"inLanguage\":\"fr-FR\",\"potentialAction\":[{\"@type\":\"ReadAction\",\"target\":[\"https:\/\/www.justiceinfo.net\/fr\/12032-260410-tpirmedias-deces-de-jean-bosco-barayagwiza-detenu-au-benin8840.html\"]}]},{\"@type\":\"BreadcrumbList\",\"@id\":\"https:\/\/www.justiceinfo.net\/fr\/12032-260410-tpirmedias-deces-de-jean-bosco-barayagwiza-detenu-au-benin8840.html#breadcrumb\",\"itemListElement\":[{\"@type\":\"ListItem\",\"position\":1,\"name\":\"Home\",\"item\":\"https:\/\/www.justiceinfo.net\/fr\"},{\"@type\":\"ListItem\",\"position\":2,\"name\":\"26.04.10 - TPIR\/MEDIAS - DECES DE JEAN-BOSCO BARAYAGWIZA, DETENU AU BENIN\"}]},{\"@type\":\"WebSite\",\"@id\":\"https:\/\/www.justiceinfo.net\/fr#website\",\"url\":\"https:\/\/www.justiceinfo.net\/fr\",\"name\":\"JusticeInfo.net\",\"description\":\"La justice doit \u00eatre vue pour \u00eatre rendue\",\"publisher\":{\"@id\":\"https:\/\/www.justiceinfo.net\/fr#organization\"},\"potentialAction\":[{\"@type\":\"SearchAction\",\"target\":{\"@type\":\"EntryPoint\",\"urlTemplate\":\"https:\/\/www.justiceinfo.net\/fr?s={search_term_string}\"},\"query-input\":{\"@type\":\"PropertyValueSpecification\",\"valueRequired\":true,\"valueName\":\"search_term_string\"}}],\"inLanguage\":\"fr-FR\"},{\"@type\":\"Organization\",\"@id\":\"https:\/\/www.justiceinfo.net\/fr#organization\",\"name\":\"Justice Info\",\"url\":\"https:\/\/www.justiceinfo.net\/fr\",\"logo\":{\"@type\":\"ImageObject\",\"inLanguage\":\"fr-FR\",\"@id\":\"https:\/\/www.justiceinfo.net\/fr#\/schema\/logo\/image\/\",\"url\":\"https:\/\/www.justiceinfo.net\/wp-content\/uploads\/justiceinfo_logo-trans_1200x1200px.png\",\"contentUrl\":\"https:\/\/www.justiceinfo.net\/wp-content\/uploads\/justiceinfo_logo-trans_1200x1200px.png\",\"width\":1199,\"height\":1200,\"caption\":\"Justice Info\"},\"image\":{\"@id\":\"https:\/\/www.justiceinfo.net\/fr#\/schema\/logo\/image\/\"},\"sameAs\":[\"https:\/\/www.facebook.com\/JusticeInfo\/\",\"https:\/\/x.com\/justiceinfonet\",\"https:\/\/www.linkedin.com\/company\/justice-info\",\"https:\/\/www.youtube.com\/channel\/UCyCEsARodyuWtkWyhn-e7pA\"]},{\"@type\":\"Person\",\"name\":\"solivri\",\"url\":\"\/fr\/?s=solivri\"}]}<\/script>\n<!-- \/ Yoast SEO Premium plugin. -->","yoast_head_json":{"title":"26.04.10 - TPIR\/MEDIAS - DECES DE JEAN-BOSCO BARAYAGWIZA, DETENU AU BENIN - JusticeInfo.net","robots":{"index":"index","follow":"follow","max-snippet":"max-snippet:-1","max-image-preview":"max-image-preview:large","max-video-preview":"max-video-preview:-1"},"canonical":"https:\/\/www.justiceinfo.net\/fr\/12032-260410-tpirmedias-deces-de-jean-bosco-barayagwiza-detenu-au-benin8840.html","og_locale":"fr_FR","og_type":"article","og_title":"26.04.10 - TPIR\/MEDIAS - DECES DE JEAN-BOSCO BARAYAGWIZA, DETENU AU BENIN","og_description":"Arusha, 26 avril 2010 (FH)- Jean Bosco Barayagwiza, 60 ans, est d&eacute;c&eacute;d&eacute; dimanche &agrave; Porto-Novo, au B&eacute;nin, o&ugrave; il purgeait une peine de 32 ans de prison apr&egrave;s avoir &eacute;t&eacute; condamn&eacute; pour g&eacute;nocide par le Tribunal p&eacute;nal international pour le Rwanda (TPIR).","og_url":"https:\/\/www.justiceinfo.net\/fr\/12032-260410-tpirmedias-deces-de-jean-bosco-barayagwiza-detenu-au-benin8840.html","og_site_name":"JusticeInfo.net","article_publisher":"https:\/\/www.facebook.com\/JusticeInfo\/","article_published_time":"2010-04-25T22:00:00+00:00","og_image":[{"width":1200,"height":630,"url":"https:\/\/www.justiceinfo.net\/wp-content\/uploads\/JusticeInfoNet_logo_1200x630px.jpg","type":"image\/jpeg"}],"author":"solivri","twitter_card":"summary_large_image","twitter_creator":"@justiceinfonet","twitter_site":"@justiceinfonet","twitter_misc":{"\u00c9crit par":"solivri","Dur\u00e9e de lecture estim\u00e9e":"3 minutes"},"schema":{"@context":"https:\/\/schema.org","@graph":[{"@type":"NewsArticle","@id":"https:\/\/www.justiceinfo.net\/fr\/12032-260410-tpirmedias-deces-de-jean-bosco-barayagwiza-detenu-au-benin8840.html#article","isPartOf":{"@id":"https:\/\/www.justiceinfo.net\/fr\/12032-260410-tpirmedias-deces-de-jean-bosco-barayagwiza-detenu-au-benin8840.html"},"author":{"name":"solivri","@id":"https:\/\/www.justiceinfo.net\/fr#\/schema\/person\/6e53cba1629e2e66f3fc1821d3091865"},"headline":"26.04.10 - TPIR\/MEDIAS - DECES DE JEAN-BOSCO BARAYAGWIZA, DETENU AU BENIN","datePublished":"2010-04-25T22:00:00+00:00","mainEntityOfPage":{"@id":"https:\/\/www.justiceinfo.net\/fr\/12032-260410-tpirmedias-deces-de-jean-bosco-barayagwiza-detenu-au-benin8840.html"},"wordCount":564,"commentCount":0,"publisher":{"@id":"https:\/\/www.justiceinfo.net\/fr#organization"},"articleSection":["Hirondelle News"],"inLanguage":"fr-FR","potentialAction":[{"@type":"CommentAction","name":"Comment","target":["https:\/\/www.justiceinfo.net\/fr\/12032-260410-tpirmedias-deces-de-jean-bosco-barayagwiza-detenu-au-benin8840.html#respond"]}]},{"@type":"WebPage","@id":"https:\/\/www.justiceinfo.net\/fr\/12032-260410-tpirmedias-deces-de-jean-bosco-barayagwiza-detenu-au-benin8840.html","url":"https:\/\/www.justiceinfo.net\/fr\/12032-260410-tpirmedias-deces-de-jean-bosco-barayagwiza-detenu-au-benin8840.html","name":"26.04.10 - TPIR\/MEDIAS - DECES DE JEAN-BOSCO BARAYAGWIZA, DETENU AU BENIN - JusticeInfo.net","isPartOf":{"@id":"https:\/\/www.justiceinfo.net\/fr#website"},"datePublished":"2010-04-25T22:00:00+00:00","breadcrumb":{"@id":"https:\/\/www.justiceinfo.net\/fr\/12032-260410-tpirmedias-deces-de-jean-bosco-barayagwiza-detenu-au-benin8840.html#breadcrumb"},"inLanguage":"fr-FR","potentialAction":[{"@type":"ReadAction","target":["https:\/\/www.justiceinfo.net\/fr\/12032-260410-tpirmedias-deces-de-jean-bosco-barayagwiza-detenu-au-benin8840.html"]}]},{"@type":"BreadcrumbList","@id":"https:\/\/www.justiceinfo.net\/fr\/12032-260410-tpirmedias-deces-de-jean-bosco-barayagwiza-detenu-au-benin8840.html#breadcrumb","itemListElement":[{"@type":"ListItem","position":1,"name":"Home","item":"https:\/\/www.justiceinfo.net\/fr"},{"@type":"ListItem","position":2,"name":"26.04.10 - TPIR\/MEDIAS - DECES DE JEAN-BOSCO BARAYAGWIZA, DETENU AU BENIN"}]},{"@type":"WebSite","@id":"https:\/\/www.justiceinfo.net\/fr#website","url":"https:\/\/www.justiceinfo.net\/fr","name":"JusticeInfo.net","description":"La justice doit \u00eatre vue pour \u00eatre rendue","publisher":{"@id":"https:\/\/www.justiceinfo.net\/fr#organization"},"potentialAction":[{"@type":"SearchAction","target":{"@type":"EntryPoint","urlTemplate":"https:\/\/www.justiceinfo.net\/fr?s={search_term_string}"},"query-input":{"@type":"PropertyValueSpecification","valueRequired":true,"valueName":"search_term_string"}}],"inLanguage":"fr-FR"},{"@type":"Organization","@id":"https:\/\/www.justiceinfo.net\/fr#organization","name":"Justice Info","url":"https:\/\/www.justiceinfo.net\/fr","logo":{"@type":"ImageObject","inLanguage":"fr-FR","@id":"https:\/\/www.justiceinfo.net\/fr#\/schema\/logo\/image\/","url":"https:\/\/www.justiceinfo.net\/wp-content\/uploads\/justiceinfo_logo-trans_1200x1200px.png","contentUrl":"https:\/\/www.justiceinfo.net\/wp-content\/uploads\/justiceinfo_logo-trans_1200x1200px.png","width":1199,"height":1200,"caption":"Justice Info"},"image":{"@id":"https:\/\/www.justiceinfo.net\/fr#\/schema\/logo\/image\/"},"sameAs":["https:\/\/www.facebook.com\/JusticeInfo\/","https:\/\/x.com\/justiceinfonet","https:\/\/www.linkedin.com\/company\/justice-info","https:\/\/www.youtube.com\/channel\/UCyCEsARodyuWtkWyhn-e7pA"]},{"@type":"Person","name":"solivri","url":"\/fr\/?s=solivri"}]}},"_links":{"self":[{"href":"https:\/\/www.justiceinfo.net\/fr\/wp-json\/wp\/v2\/posts\/12032","targetHints":{"allow":["GET"]}}],"collection":[{"href":"https:\/\/www.justiceinfo.net\/fr\/wp-json\/wp\/v2\/posts"}],"about":[{"href":"https:\/\/www.justiceinfo.net\/fr\/wp-json\/wp\/v2\/types\/post"}],"author":[{"embeddable":true,"href":"https:\/\/www.justiceinfo.net\/fr\/wp-json\/wp\/v2\/users\/64"}],"replies":[{"embeddable":true,"href":"https:\/\/www.justiceinfo.net\/fr\/wp-json\/wp\/v2\/comments?post=12032"}],"version-history":[{"count":0,"href":"https:\/\/www.justiceinfo.net\/fr\/wp-json\/wp\/v2\/posts\/12032\/revisions"}],"wp:attachment":[{"href":"https:\/\/www.justiceinfo.net\/fr\/wp-json\/wp\/v2\/media?parent=12032"}],"wp:term":[{"taxonomy":"category","embeddable":true,"href":"https:\/\/www.justiceinfo.net\/fr\/wp-json\/wp\/v2\/categories?post=12032"},{"taxonomy":"post_tag","embeddable":true,"href":"https:\/\/www.justiceinfo.net\/fr\/wp-json\/wp\/v2\/tags?post=12032"},{"taxonomy":"ji_location","embeddable":true,"href":"https:\/\/www.justiceinfo.net\/fr\/wp-json\/wp\/v2\/ji_location?post=12032"}],"curies":[{"name":"wp","href":"https:\/\/api.w.org\/{rel}","templated":true}]}}