{"id":12054,"date":"2010-05-04T00:00:00","date_gmt":"2010-05-03T22:00:00","guid":{"rendered":"https:\/\/www.justiceinfo.net\/12054-040510-tpiravocats-la-vitesse-actuelle-du-tpir-l-coupe-le-souffle-r8862.html"},"modified":"2010-05-04T00:00:00","modified_gmt":"2010-05-03T22:00:00","slug":"040510-tpiravocats-la-vitesse-actuelle-du-tpir-l-coupe-le-souffle-r8862","status":"publish","type":"post","link":"https:\/\/www.justiceinfo.net\/fr\/12054-040510-tpiravocats-la-vitesse-actuelle-du-tpir-l-coupe-le-souffle-r8862.html","title":{"rendered":"04.05.10 - TPIR\/AVOCATS - LA VITESSE ACTUELLE DU TPIR \u00ab COUPE LE SOUFFLE \u00bb"},"content":{"rendered":"<p>Professeur de droit &agrave; l'universit&eacute; de Dar-e- Salaam, Jwani Mwaikusa fait autorit&eacute; dans son domaine en Tanzanie. Il est depuis trois ans l'avocat principal de Yussuf Munyakazi, inculp&eacute; de g&eacute;nocide devant le Tribunal p&eacute;nal international pour le Rwanda (TPIR) et &agrave; 74 ans le plus vieux d&eacute;tenu du tribunal. Dans un entretien avec l'Agence Hirondelle, ma&icirc;tre Mwaikusa partage ses vues sur le travail accompli par l'institution onusienne. <\/p>\n<p >\n<p >\nQ. Quelle a &eacute;t&eacute; votre premi&egrave;re impression du TPIR quand vous avez pris vos fonctions d'avocat de la d&eacute;fense, il y a trois ans ?\n<\/p>\n<p >\n<p >\nR. Avant de prendre mes fonctions, j'avais rencontr&eacute; des avocats et d'autres employ&eacute;s du TPIR. Je savais donc ce qu'ils faisaient. J'ai par ailleurs enseign&eacute; et pratiqu&eacute; le droit en Tanzanie pendant de longues ann&eacute;es. Je ne suis donc pas arriv&eacute; dans une institution &agrave; laquelle je ne connaissais rien.\n<\/p>\n<p >\n<p >\nQ. Votre client vous a-t-il facilement accept&eacute; comme avocat principal ?\n<\/p>\n<p >\n<p >\nR. Je ne lui ai pas &eacute;t&eacute; impos&eacute;. A l'en croire, il a appr&eacute;ci&eacute; le fait que nous puissions nous parler en kiswahili. Il ne parle que le kinyarwanda et le kiswahili, et il ne souhaitait pas utiliser un interpr&egrave;te pour &eacute;changer avec son avocat. Sa confiance en moi s'est accrue au fur et &agrave; mesure que nous travaillions ensemble, en particulier apr&egrave;s notre opposition, couronn&eacute;e de succ&egrave;s, au transfert de son dossier au Rwanda.\n<\/p>\n<p >\n<p >\nQ. Vous avez effectivement bataill&eacute; pied &agrave; pied pour que Munyakazi ne soit pas transf&eacute;r&eacute; au Rwanda afin d'y &ecirc;tre jug&eacute;, au motif qu'il n'aurait pas b&eacute;n&eacute;fici&eacute; d'un proc&egrave;s &eacute;quitable. Pensez-vous que cet argument serait toujours valable aujourd'hui, alors que le Rwanda a aboli la peine de mort et que le gouvernement revendique des r&eacute;formes de son syst&egrave;me judiciaire ?\n<\/p>\n<p >\n<p >\nR. La peine de mort avait d&eacute;j&agrave; &eacute;t&eacute; abolie quand nous nous sommes oppos&eacute;s au transfert du dossier Munyakazi. Nous avions d'autres motifs pour refuser ce transfert, et je pense qu'ils &eacute;taient largement fond&eacute;s.\n<\/p>\n<p >\n<p >\nLa question du transfert m&eacute;rite cependant d'&ecirc;tre pos&eacute;e pour d'autres cas que celui de mon client. Et je dois dire, &agrave; cet &eacute;gard, que je n'ai aucun doute sur le fait que le Rwanda ait entrepris des r&eacute;formes drastiques afin de remplir les conditions requises par le TPIR pour que des transferts d'affaires puissent avoir lieu. Cependant, &agrave; ces r&eacute;formes&nbsp; doit s'ajouter un changement du comportement des Rwandais eux-m&ecirc;mes. Actuellement, un des gros probl&egrave;mes des &eacute;quipes de d&eacute;fense est de r&eacute;ussir &agrave; faire venir du Rwanda des t&eacute;moins acceptant de t&eacute;moigner pour l'accus&eacute;. La plupart ont peur, redoutant les r&eacute;actions de leurs proches, de leurs voisins...\n<\/p>\n<p >\nLoin de moi l'id&eacute;e de dire que le gouvernement&nbsp; fait &eacute;galement peur aux t&eacute;moins potentiels. Mais il ne suffit pas de r&eacute;former les lois, il faut aussi r&eacute;former les gens, y compris &eacute;ventuellement&nbsp; certains membres du gouvernement.\n<\/p>\n<p >\n<p >\nQ. Le TPIR doit clore ses travaux de premi&egrave;re instance avant la fin 2010. Pensez-vous d&eacute;cent de fixer des dead-lines &agrave; une cour internationale de justice ?\n<\/p>\n<p >\n<p >\nR. Absolument, c'est parfaitement l&eacute;gitime. Le TPIR est un tribunal ad-hoc qui a &eacute;t&eacute; cr&eacute;&eacute; dans le but pr&eacute;cis de juger les responsables du g&eacute;nocide rwandais. Il est donc normal qu'un dead-line soit fix&eacute; et que le tribunal quitte la sc&egrave;ne de lui-m&ecirc;me.\n<\/p>\n<p >\n<p >\nLe probl&egrave;me, c'est qu'au d&eacute;marrage du TPIR les &eacute;ch&eacute;ances n'ont pas &eacute;t&eacute; fix&eacute;es de mani&egrave;re claire, ou bien n'ont pas &eacute;t&eacute; prises en compte s&eacute;rieusement. Au d&eacute;but, les affaires &eacute;taient trait&eacute;es avec une grande lenteur, jusqu'&agrave; ce que soudain il soit rappel&eacute; que tout cela devait bient&ocirc;t s'achever et qu'il fallait &eacute;laborer une strat&eacute;gie de sortie.\n<\/p>\n<p >\n<p >\nDepuis un an ou deux, la vitesse &agrave; laquelle les affaires sont trait&eacute;es coupe le souffle. Nous esp&eacute;rons que la justice ne sera pas menac&eacute;e par cette obligation de respect des dead-lines.\n<\/p>\n<p >\n<p >\nQ. Pensez-vous que le TPIR a contribu&eacute; au processus de r&eacute;conciliation au Rwanda ?\n<\/p>\n<p >\n<p >\nR. Le succ&egrave;s ou l'&eacute;chec du TPIR dans ce domaine doit &ecirc;tre mesur&eacute; &agrave; l'aune de son mandat et de ses r&egrave;gles. Quelque soit le jugement que l'on porte sur l'action du TPIR, il y aura toujours une h&eacute;ritage &agrave; en tirer, et des le&ccedil;ons &agrave; retenir de cette exp&eacute;rience.\n<\/p>\n<p >\n<p >\nQ. Tous les accus&eacute;s jug&eacute;s par le TPIR, &agrave; l'exception du belgo-italien Georges Ruggiu, sont des Hutus. Qu'en pensez-vous ?\n<\/p>\n<p >\n<p >\nR. Cela ne me pla&icirc;t pas, c'est certain. En vertu de son mandat, le TPIR devrait poursuivre tous ceux qui sont soup&ccedil;onn&eacute;s de crimes commis au cours de la p&eacute;riode consid&eacute;r&eacute;e par le tribunal. Il y a eu de s&eacute;rieuses protestations, de mani&egrave;re r&eacute;p&eacute;t&eacute;e, pour dire que des personnes qui n'&eacute;taient pas Hutus devaient &eacute;galement r&eacute;pondre de leurs crimes devant la justice internationale mais les d&eacute;marches pour les mettre en accusation n'ont pas &eacute;t&eacute; faites, ou bien elles ont &eacute;chou&eacute;.\n<\/p>\n<p >\n<p >\nIl faut &ecirc;tre bien conscient que ces omissions ou ces &eacute;checs &agrave; juger d'autres suspects que les Hutus ne font pas avancer la r&eacute;conciliation au Rwanda. En r&eacute;alit&eacute;, cela mine ce processus.\n<\/p>\n<p >\n<p >\nQ. Qu'aurait pu faire le TPIR pour mieux rendre justice aux victimes ?\n<\/p>\n<p >\n<p >\nR. J'h&eacute;site &agrave; dire que le TPIR n'en a pas fait assez, autrement dit qu'il pourrait faire mieux pour les victimes du g&eacute;nocide. Tel qu'il existe, le droit p&eacute;nal, local ou international, a toujours tendance &agrave; minorer l'int&eacute;r&ecirc;t de la victime au profit de l'int&eacute;r&ecirc;t public pris comme un tout.\n<\/p>\n<p >\n<p >\nIl est toujours dans l'int&eacute;r&ecirc;t du public que les responsables d'un crime soient inculp&eacute;s et jug&eacute;s par un tribunal impartial, puis punis conform&eacute;ment &agrave; la loi s' ils sont reconnus coupables. Je pense qu'il est triste et malheureux que la loi comme la pratique montrent si peu d'int&eacute;r&ecirc;t envers la question des r&eacute;parations - financi&egrave;res ou autres - pour les victimes.\n<\/p>\n<p >\n<p >\nNI\/SC\/GF\n<\/p>\n<p >\n<p >\n&nbsp;&nbsp;\n<\/p>\n<p>\n&copy; Agence Hirondelle\n<\/p>\n<p><!--more--><\/p>\n<p >\n<p >\n<p >\nQ. Quelle a &eacute;t&eacute; votre premi&egrave;re impression du TPIR quand vous avez pris vos fonctions d'avocat de la d&eacute;fense, il y a trois ans ?\n<\/p>\n<p >\n<p >\nR. Avant de prendre mes fonctions, j'avais rencontr&eacute; des avocats et d'autres employ&eacute;s du TPIR. Je savais donc ce qu'ils faisaient. J'ai par ailleurs enseign&eacute; et pratiqu&eacute; le droit en Tanzanie pendant de longues ann&eacute;es. Je ne suis donc pas arriv&eacute; dans une institution &agrave; laquelle je ne connaissais rien.\n<\/p>\n<p >\n<p >\nQ. Votre client vous a-t-il facilement accept&eacute; comme avocat principal ?\n<\/p>\n<p >\n<p >\nR. Je ne lui ai pas &eacute;t&eacute; impos&eacute;. A l'en croire, il a appr&eacute;ci&eacute; le fait que nous puissions nous parler en kiswahili. Il ne parle que le kinyarwanda et le kiswahili, et il ne souhaitait pas utiliser un interpr&egrave;te pour &eacute;changer avec son avocat. Sa confiance en moi s'est accrue au fur et &agrave; mesure que nous travaillions ensemble, en particulier apr&egrave;s notre opposition, couronn&eacute;e de succ&egrave;s, au transfert de son dossier au Rwanda.\n<\/p>\n<p >\n<p >\nQ. Vous avez effectivement bataill&eacute; pied &agrave; pied pour que Munyakazi ne soit pas transf&eacute;r&eacute; au Rwanda afin d'y &ecirc;tre jug&eacute;, au motif qu'il n'aurait pas b&eacute;n&eacute;fici&eacute; d'un proc&egrave;s &eacute;quitable. Pensez-vous que cet argument serait toujours valable aujourd'hui, alors que le Rwanda a aboli la peine de mort et que le gouvernement revendique des r&eacute;formes de son syst&egrave;me judiciaire ?\n<\/p>\n<p >\n<p >\nR. La peine de mort avait d&eacute;j&agrave; &eacute;t&eacute; abolie quand nous nous sommes oppos&eacute;s au transfert du dossier Munyakazi. Nous avions d'autres motifs pour refuser ce transfert, et je pense qu'ils &eacute;taient largement fond&eacute;s.\n<\/p>\n<p >\n<p >\nLa question du transfert m&eacute;rite cependant d'&ecirc;tre pos&eacute;e pour d'autres cas que celui de mon client. Et je dois dire, &agrave; cet &eacute;gard, que je n'ai aucun doute sur le fait que le Rwanda ait entrepris des r&eacute;formes drastiques afin de remplir les conditions requises par le TPIR pour que des transferts d'affaires puissent avoir lieu. Cependant, &agrave; ces r&eacute;formes&nbsp; doit s'ajouter un changement du comportement des Rwandais eux-m&ecirc;mes. Actuellement, un des gros probl&egrave;mes des &eacute;quipes de d&eacute;fense est de r&eacute;ussir &agrave; faire venir du Rwanda des t&eacute;moins acceptant de t&eacute;moigner pour l'accus&eacute;. La plupart ont peur, redoutant les r&eacute;actions de leurs proches, de leurs voisins...\n<\/p>\n<p >\nLoin de moi l'id&eacute;e de dire que le gouvernement&nbsp; fait &eacute;galement peur aux t&eacute;moins potentiels. Mais il ne suffit pas de r&eacute;former les lois, il faut aussi r&eacute;former les gens, y compris &eacute;ventuellement&nbsp; certains membres du gouvernement.\n<\/p>\n<p >\n<p >\nQ. Le TPIR doit clore ses travaux de premi&egrave;re instance avant la fin 2010. Pensez-vous d&eacute;cent de fixer des dead-lines &agrave; une cour internationale de justice ?\n<\/p>\n<p >\n<p >\nR. Absolument, c'est parfaitement l&eacute;gitime. Le TPIR est un tribunal ad-hoc qui a &eacute;t&eacute; cr&eacute;&eacute; dans le but pr&eacute;cis de juger les responsables du g&eacute;nocide rwandais. Il est donc normal qu'un dead-line soit fix&eacute; et que le tribunal quitte la sc&egrave;ne de lui-m&ecirc;me.\n<\/p>\n<p >\n<p >\nLe probl&egrave;me, c'est qu'au d&eacute;marrage du TPIR les &eacute;ch&eacute;ances n'ont pas &eacute;t&eacute; fix&eacute;es de mani&egrave;re claire, ou bien n'ont pas &eacute;t&eacute; prises en compte s&eacute;rieusement. Au d&eacute;but, les affaires &eacute;taient trait&eacute;es avec une grande lenteur, jusqu'&agrave; ce que soudain il soit rappel&eacute; que tout cela devait bient&ocirc;t s'achever et qu'il fallait &eacute;laborer une strat&eacute;gie de sortie.\n<\/p>\n<p >\n<p >\nDepuis un an ou deux, la vitesse &agrave; laquelle les affaires sont trait&eacute;es coupe le souffle. Nous esp&eacute;rons que la justice ne sera pas menac&eacute;e par cette obligation de respect des dead-lines.\n<\/p>\n<p >\n<p >\nQ. Pensez-vous que le TPIR a contribu&eacute; au processus de r&eacute;conciliation au Rwanda ?\n<\/p>\n<p >\n<p >\nR. Le succ&egrave;s ou l'&eacute;chec du TPIR dans ce domaine doit &ecirc;tre mesur&eacute; &agrave; l'aune de son mandat et de ses r&egrave;gles. Quelque soit le jugement que l'on porte sur l'action du TPIR, il y aura toujours une h&eacute;ritage &agrave; en tirer, et des le&ccedil;ons &agrave; retenir de cette exp&eacute;rience.\n<\/p>\n<p >\n<p >\nQ. Tous les accus&eacute;s jug&eacute;s par le TPIR, &agrave; l'exception du belgo-italien Georges Ruggiu, sont des Hutus. Qu'en pensez-vous ?\n<\/p>\n<p >\n<p >\nR. Cela ne me pla&icirc;t pas, c'est certain. En vertu de son mandat, le TPIR devrait poursuivre tous ceux qui sont soup&ccedil;onn&eacute;s de crimes commis au cours de la p&eacute;riode consid&eacute;r&eacute;e par le tribunal. Il y a eu de s&eacute;rieuses protestations, de mani&egrave;re r&eacute;p&eacute;t&eacute;e, pour dire que des personnes qui n'&eacute;taient pas Hutus devaient &eacute;galement r&eacute;pondre de leurs crimes devant la justice internationale mais les d&eacute;marches pour les mettre en accusation n'ont pas &eacute;t&eacute; faites, ou bien elles ont &eacute;chou&eacute;.\n<\/p>\n<p >\n<p >\nIl faut &ecirc;tre bien conscient que ces omissions ou ces &eacute;checs &agrave; juger d'autres suspects que les Hutus ne font pas avancer la r&eacute;conciliation au Rwanda. En r&eacute;alit&eacute;, cela mine ce processus.\n<\/p>\n<p >\n<p >\nQ. Qu'aurait pu faire le TPIR pour mieux rendre justice aux victimes ?\n<\/p>\n<p >\n<p >\nR. J'h&eacute;site &agrave; dire que le TPIR n'en a pas fait assez, autrement dit qu'il pourrait faire mieux pour les victimes du g&eacute;nocide. Tel qu'il existe, le droit p&eacute;nal, local ou international, a toujours tendance &agrave; minorer l'int&eacute;r&ecirc;t de la victime au profit de l'int&eacute;r&ecirc;t public pris comme un tout.\n<\/p>\n<p >\n<p >\nIl est toujours dans l'int&eacute;r&ecirc;t du public que les responsables d'un crime soient inculp&eacute;s et jug&eacute;s par un tribunal impartial, puis punis conform&eacute;ment &agrave; la loi s' ils sont reconnus coupables. Je pense qu'il est triste et malheureux que la loi comme la pratique montrent si peu d'int&eacute;r&ecirc;t envers la question des r&eacute;parations - financi&egrave;res ou autres - pour les victimes.\n<\/p>\n<p >\n<p >\nNI\/SC\/GF\n<\/p>\n<p>\n&copy; Agence Hirondelle<\/p>\n","protected":false},"excerpt":{"rendered":"<p>Professeur de droit &agrave; l'universit&eacute; de Dar-e- Salaam, Jwani Mwaikusa fait autorit&eacute; dans son domaine en Tanzanie. Il est depuis trois ans l'avocat principal de Yussuf Munyakazi, inculp&eacute; de g&eacute;nocide devant le Tribunal p&eacute;nal international pour le Rwanda (TPIR) et &agrave; 74 ans le plus vieux d&eacute;tenu du tribunal. Dans un entretien avec l'Agence Hirondelle, [&hellip;]<\/p>\n","protected":false},"author":64,"featured_media":0,"comment_status":"open","ping_status":"closed","sticky":false,"template":"","format":"standard","meta":{"_acf_changed":false,"footnotes":""},"categories":[554],"tags":[],"ji_location":[],"class_list":["post-12054","post","type-post","status-publish","format-standard","hentry","category-hirondellenews"],"acf":[],"yoast_head":"<!-- This site is optimized with the Yoast SEO Premium plugin v25.3.1 (Yoast SEO v25.3.1) - https:\/\/yoast.com\/wordpress\/plugins\/seo\/ -->\n<title>04.05.10 - TPIR\/AVOCATS - LA VITESSE ACTUELLE DU TPIR \u00ab COUPE LE SOUFFLE \u00bb - JusticeInfo.net<\/title>\n<meta name=\"robots\" content=\"index, follow, max-snippet:-1, max-image-preview:large, max-video-preview:-1\" \/>\n<link rel=\"canonical\" href=\"https:\/\/www.justiceinfo.net\/fr\/12054-040510-tpiravocats-la-vitesse-actuelle-du-tpir-l-coupe-le-souffle-r8862.html\" \/>\n<meta property=\"og:locale\" content=\"fr_FR\" \/>\n<meta property=\"og:type\" content=\"article\" \/>\n<meta property=\"og:title\" content=\"04.05.10 - TPIR\/AVOCATS - LA VITESSE ACTUELLE DU TPIR \u00ab COUPE LE SOUFFLE \u00bb\" \/>\n<meta property=\"og:description\" content=\"Professeur de droit &agrave; l&#039;universit&eacute; de Dar-e- Salaam, Jwani Mwaikusa fait autorit&eacute; dans son domaine en Tanzanie. Il est depuis trois ans l&#039;avocat principal de Yussuf Munyakazi, inculp&eacute; de g&eacute;nocide devant le Tribunal p&eacute;nal international pour le Rwanda (TPIR) et &agrave; 74 ans le plus vieux d&eacute;tenu du tribunal. Dans un entretien avec l&#039;Agence Hirondelle, [&hellip;]\" \/>\n<meta property=\"og:url\" content=\"https:\/\/www.justiceinfo.net\/fr\/12054-040510-tpiravocats-la-vitesse-actuelle-du-tpir-l-coupe-le-souffle-r8862.html\" \/>\n<meta property=\"og:site_name\" content=\"JusticeInfo.net\" \/>\n<meta property=\"article:publisher\" content=\"https:\/\/www.facebook.com\/JusticeInfo\/\" \/>\n<meta property=\"article:published_time\" content=\"2010-05-03T22:00:00+00:00\" \/>\n<meta property=\"og:image\" content=\"https:\/\/www.justiceinfo.net\/wp-content\/uploads\/JusticeInfoNet_logo_1200x630px.jpg\" \/>\n\t<meta property=\"og:image:width\" content=\"1200\" \/>\n\t<meta property=\"og:image:height\" content=\"630\" \/>\n\t<meta property=\"og:image:type\" content=\"image\/jpeg\" \/>\n<meta name=\"author\" content=\"solivri\" \/>\n<meta name=\"twitter:card\" content=\"summary_large_image\" \/>\n<meta name=\"twitter:creator\" content=\"@justiceinfonet\" \/>\n<meta name=\"twitter:site\" content=\"@justiceinfonet\" \/>\n<meta name=\"twitter:label1\" content=\"\u00c9crit par\" \/>\n\t<meta name=\"twitter:data1\" content=\"solivri\" \/>\n\t<meta name=\"twitter:label2\" content=\"Dur\u00e9e de lecture estim\u00e9e\" \/>\n\t<meta name=\"twitter:data2\" content=\"12 minutes\" \/>\n<script type=\"application\/ld+json\" class=\"yoast-schema-graph\">{\"@context\":\"https:\/\/schema.org\",\"@graph\":[{\"@type\":\"NewsArticle\",\"@id\":\"https:\/\/www.justiceinfo.net\/fr\/12054-040510-tpiravocats-la-vitesse-actuelle-du-tpir-l-coupe-le-souffle-r8862.html#article\",\"isPartOf\":{\"@id\":\"https:\/\/www.justiceinfo.net\/fr\/12054-040510-tpiravocats-la-vitesse-actuelle-du-tpir-l-coupe-le-souffle-r8862.html\"},\"author\":{\"name\":\"solivri\",\"@id\":\"https:\/\/www.justiceinfo.net\/fr#\/schema\/person\/6e53cba1629e2e66f3fc1821d3091865\"},\"headline\":\"04.05.10 - TPIR\/AVOCATS - LA VITESSE ACTUELLE DU TPIR \u00ab COUPE LE SOUFFLE \u00bb\",\"datePublished\":\"2010-05-03T22:00:00+00:00\",\"mainEntityOfPage\":{\"@id\":\"https:\/\/www.justiceinfo.net\/fr\/12054-040510-tpiravocats-la-vitesse-actuelle-du-tpir-l-coupe-le-souffle-r8862.html\"},\"wordCount\":2427,\"commentCount\":0,\"publisher\":{\"@id\":\"https:\/\/www.justiceinfo.net\/fr#organization\"},\"articleSection\":[\"Hirondelle News\"],\"inLanguage\":\"fr-FR\",\"potentialAction\":[{\"@type\":\"CommentAction\",\"name\":\"Comment\",\"target\":[\"https:\/\/www.justiceinfo.net\/fr\/12054-040510-tpiravocats-la-vitesse-actuelle-du-tpir-l-coupe-le-souffle-r8862.html#respond\"]}]},{\"@type\":\"WebPage\",\"@id\":\"https:\/\/www.justiceinfo.net\/fr\/12054-040510-tpiravocats-la-vitesse-actuelle-du-tpir-l-coupe-le-souffle-r8862.html\",\"url\":\"https:\/\/www.justiceinfo.net\/fr\/12054-040510-tpiravocats-la-vitesse-actuelle-du-tpir-l-coupe-le-souffle-r8862.html\",\"name\":\"04.05.10 - TPIR\/AVOCATS - LA VITESSE ACTUELLE DU TPIR \u00ab COUPE LE SOUFFLE \u00bb - JusticeInfo.net\",\"isPartOf\":{\"@id\":\"https:\/\/www.justiceinfo.net\/fr#website\"},\"datePublished\":\"2010-05-03T22:00:00+00:00\",\"breadcrumb\":{\"@id\":\"https:\/\/www.justiceinfo.net\/fr\/12054-040510-tpiravocats-la-vitesse-actuelle-du-tpir-l-coupe-le-souffle-r8862.html#breadcrumb\"},\"inLanguage\":\"fr-FR\",\"potentialAction\":[{\"@type\":\"ReadAction\",\"target\":[\"https:\/\/www.justiceinfo.net\/fr\/12054-040510-tpiravocats-la-vitesse-actuelle-du-tpir-l-coupe-le-souffle-r8862.html\"]}]},{\"@type\":\"BreadcrumbList\",\"@id\":\"https:\/\/www.justiceinfo.net\/fr\/12054-040510-tpiravocats-la-vitesse-actuelle-du-tpir-l-coupe-le-souffle-r8862.html#breadcrumb\",\"itemListElement\":[{\"@type\":\"ListItem\",\"position\":1,\"name\":\"Home\",\"item\":\"https:\/\/www.justiceinfo.net\/fr\"},{\"@type\":\"ListItem\",\"position\":2,\"name\":\"04.05.10 - TPIR\/AVOCATS - LA VITESSE ACTUELLE DU TPIR \u00ab COUPE LE SOUFFLE \u00bb\"}]},{\"@type\":\"WebSite\",\"@id\":\"https:\/\/www.justiceinfo.net\/fr#website\",\"url\":\"https:\/\/www.justiceinfo.net\/fr\",\"name\":\"JusticeInfo.net\",\"description\":\"La justice doit \u00eatre vue pour \u00eatre rendue\",\"publisher\":{\"@id\":\"https:\/\/www.justiceinfo.net\/fr#organization\"},\"potentialAction\":[{\"@type\":\"SearchAction\",\"target\":{\"@type\":\"EntryPoint\",\"urlTemplate\":\"https:\/\/www.justiceinfo.net\/fr?s={search_term_string}\"},\"query-input\":{\"@type\":\"PropertyValueSpecification\",\"valueRequired\":true,\"valueName\":\"search_term_string\"}}],\"inLanguage\":\"fr-FR\"},{\"@type\":\"Organization\",\"@id\":\"https:\/\/www.justiceinfo.net\/fr#organization\",\"name\":\"Justice Info\",\"url\":\"https:\/\/www.justiceinfo.net\/fr\",\"logo\":{\"@type\":\"ImageObject\",\"inLanguage\":\"fr-FR\",\"@id\":\"https:\/\/www.justiceinfo.net\/fr#\/schema\/logo\/image\/\",\"url\":\"https:\/\/www.justiceinfo.net\/wp-content\/uploads\/justiceinfo_logo-trans_1200x1200px.png\",\"contentUrl\":\"https:\/\/www.justiceinfo.net\/wp-content\/uploads\/justiceinfo_logo-trans_1200x1200px.png\",\"width\":1199,\"height\":1200,\"caption\":\"Justice Info\"},\"image\":{\"@id\":\"https:\/\/www.justiceinfo.net\/fr#\/schema\/logo\/image\/\"},\"sameAs\":[\"https:\/\/www.facebook.com\/JusticeInfo\/\",\"https:\/\/x.com\/justiceinfonet\",\"https:\/\/www.linkedin.com\/company\/justice-info\",\"https:\/\/www.youtube.com\/channel\/UCyCEsARodyuWtkWyhn-e7pA\"]},{\"@type\":\"Person\",\"name\":\"solivri\",\"url\":\"\/fr\/?s=solivri\"}]}<\/script>\n<!-- \/ Yoast SEO Premium plugin. -->","yoast_head_json":{"title":"04.05.10 - TPIR\/AVOCATS - LA VITESSE ACTUELLE DU TPIR \u00ab COUPE LE SOUFFLE \u00bb - JusticeInfo.net","robots":{"index":"index","follow":"follow","max-snippet":"max-snippet:-1","max-image-preview":"max-image-preview:large","max-video-preview":"max-video-preview:-1"},"canonical":"https:\/\/www.justiceinfo.net\/fr\/12054-040510-tpiravocats-la-vitesse-actuelle-du-tpir-l-coupe-le-souffle-r8862.html","og_locale":"fr_FR","og_type":"article","og_title":"04.05.10 - TPIR\/AVOCATS - LA VITESSE ACTUELLE DU TPIR \u00ab COUPE LE SOUFFLE \u00bb","og_description":"Professeur de droit &agrave; l'universit&eacute; de Dar-e- Salaam, Jwani Mwaikusa fait autorit&eacute; dans son domaine en Tanzanie. Il est depuis trois ans l'avocat principal de Yussuf Munyakazi, inculp&eacute; de g&eacute;nocide devant le Tribunal p&eacute;nal international pour le Rwanda (TPIR) et &agrave; 74 ans le plus vieux d&eacute;tenu du tribunal. Dans un entretien avec l'Agence Hirondelle, [&hellip;]","og_url":"https:\/\/www.justiceinfo.net\/fr\/12054-040510-tpiravocats-la-vitesse-actuelle-du-tpir-l-coupe-le-souffle-r8862.html","og_site_name":"JusticeInfo.net","article_publisher":"https:\/\/www.facebook.com\/JusticeInfo\/","article_published_time":"2010-05-03T22:00:00+00:00","og_image":[{"width":1200,"height":630,"url":"https:\/\/www.justiceinfo.net\/wp-content\/uploads\/JusticeInfoNet_logo_1200x630px.jpg","type":"image\/jpeg"}],"author":"solivri","twitter_card":"summary_large_image","twitter_creator":"@justiceinfonet","twitter_site":"@justiceinfonet","twitter_misc":{"\u00c9crit par":"solivri","Dur\u00e9e de lecture estim\u00e9e":"12 minutes"},"schema":{"@context":"https:\/\/schema.org","@graph":[{"@type":"NewsArticle","@id":"https:\/\/www.justiceinfo.net\/fr\/12054-040510-tpiravocats-la-vitesse-actuelle-du-tpir-l-coupe-le-souffle-r8862.html#article","isPartOf":{"@id":"https:\/\/www.justiceinfo.net\/fr\/12054-040510-tpiravocats-la-vitesse-actuelle-du-tpir-l-coupe-le-souffle-r8862.html"},"author":{"name":"solivri","@id":"https:\/\/www.justiceinfo.net\/fr#\/schema\/person\/6e53cba1629e2e66f3fc1821d3091865"},"headline":"04.05.10 - TPIR\/AVOCATS - LA VITESSE ACTUELLE DU TPIR \u00ab COUPE LE SOUFFLE \u00bb","datePublished":"2010-05-03T22:00:00+00:00","mainEntityOfPage":{"@id":"https:\/\/www.justiceinfo.net\/fr\/12054-040510-tpiravocats-la-vitesse-actuelle-du-tpir-l-coupe-le-souffle-r8862.html"},"wordCount":2427,"commentCount":0,"publisher":{"@id":"https:\/\/www.justiceinfo.net\/fr#organization"},"articleSection":["Hirondelle News"],"inLanguage":"fr-FR","potentialAction":[{"@type":"CommentAction","name":"Comment","target":["https:\/\/www.justiceinfo.net\/fr\/12054-040510-tpiravocats-la-vitesse-actuelle-du-tpir-l-coupe-le-souffle-r8862.html#respond"]}]},{"@type":"WebPage","@id":"https:\/\/www.justiceinfo.net\/fr\/12054-040510-tpiravocats-la-vitesse-actuelle-du-tpir-l-coupe-le-souffle-r8862.html","url":"https:\/\/www.justiceinfo.net\/fr\/12054-040510-tpiravocats-la-vitesse-actuelle-du-tpir-l-coupe-le-souffle-r8862.html","name":"04.05.10 - TPIR\/AVOCATS - LA VITESSE ACTUELLE DU TPIR \u00ab COUPE LE SOUFFLE \u00bb - JusticeInfo.net","isPartOf":{"@id":"https:\/\/www.justiceinfo.net\/fr#website"},"datePublished":"2010-05-03T22:00:00+00:00","breadcrumb":{"@id":"https:\/\/www.justiceinfo.net\/fr\/12054-040510-tpiravocats-la-vitesse-actuelle-du-tpir-l-coupe-le-souffle-r8862.html#breadcrumb"},"inLanguage":"fr-FR","potentialAction":[{"@type":"ReadAction","target":["https:\/\/www.justiceinfo.net\/fr\/12054-040510-tpiravocats-la-vitesse-actuelle-du-tpir-l-coupe-le-souffle-r8862.html"]}]},{"@type":"BreadcrumbList","@id":"https:\/\/www.justiceinfo.net\/fr\/12054-040510-tpiravocats-la-vitesse-actuelle-du-tpir-l-coupe-le-souffle-r8862.html#breadcrumb","itemListElement":[{"@type":"ListItem","position":1,"name":"Home","item":"https:\/\/www.justiceinfo.net\/fr"},{"@type":"ListItem","position":2,"name":"04.05.10 - TPIR\/AVOCATS - LA VITESSE ACTUELLE DU TPIR \u00ab COUPE LE SOUFFLE \u00bb"}]},{"@type":"WebSite","@id":"https:\/\/www.justiceinfo.net\/fr#website","url":"https:\/\/www.justiceinfo.net\/fr","name":"JusticeInfo.net","description":"La justice doit \u00eatre vue pour \u00eatre rendue","publisher":{"@id":"https:\/\/www.justiceinfo.net\/fr#organization"},"potentialAction":[{"@type":"SearchAction","target":{"@type":"EntryPoint","urlTemplate":"https:\/\/www.justiceinfo.net\/fr?s={search_term_string}"},"query-input":{"@type":"PropertyValueSpecification","valueRequired":true,"valueName":"search_term_string"}}],"inLanguage":"fr-FR"},{"@type":"Organization","@id":"https:\/\/www.justiceinfo.net\/fr#organization","name":"Justice Info","url":"https:\/\/www.justiceinfo.net\/fr","logo":{"@type":"ImageObject","inLanguage":"fr-FR","@id":"https:\/\/www.justiceinfo.net\/fr#\/schema\/logo\/image\/","url":"https:\/\/www.justiceinfo.net\/wp-content\/uploads\/justiceinfo_logo-trans_1200x1200px.png","contentUrl":"https:\/\/www.justiceinfo.net\/wp-content\/uploads\/justiceinfo_logo-trans_1200x1200px.png","width":1199,"height":1200,"caption":"Justice Info"},"image":{"@id":"https:\/\/www.justiceinfo.net\/fr#\/schema\/logo\/image\/"},"sameAs":["https:\/\/www.facebook.com\/JusticeInfo\/","https:\/\/x.com\/justiceinfonet","https:\/\/www.linkedin.com\/company\/justice-info","https:\/\/www.youtube.com\/channel\/UCyCEsARodyuWtkWyhn-e7pA"]},{"@type":"Person","name":"solivri","url":"\/fr\/?s=solivri"}]}},"_links":{"self":[{"href":"https:\/\/www.justiceinfo.net\/fr\/wp-json\/wp\/v2\/posts\/12054","targetHints":{"allow":["GET"]}}],"collection":[{"href":"https:\/\/www.justiceinfo.net\/fr\/wp-json\/wp\/v2\/posts"}],"about":[{"href":"https:\/\/www.justiceinfo.net\/fr\/wp-json\/wp\/v2\/types\/post"}],"author":[{"embeddable":true,"href":"https:\/\/www.justiceinfo.net\/fr\/wp-json\/wp\/v2\/users\/64"}],"replies":[{"embeddable":true,"href":"https:\/\/www.justiceinfo.net\/fr\/wp-json\/wp\/v2\/comments?post=12054"}],"version-history":[{"count":0,"href":"https:\/\/www.justiceinfo.net\/fr\/wp-json\/wp\/v2\/posts\/12054\/revisions"}],"wp:attachment":[{"href":"https:\/\/www.justiceinfo.net\/fr\/wp-json\/wp\/v2\/media?parent=12054"}],"wp:term":[{"taxonomy":"category","embeddable":true,"href":"https:\/\/www.justiceinfo.net\/fr\/wp-json\/wp\/v2\/categories?post=12054"},{"taxonomy":"post_tag","embeddable":true,"href":"https:\/\/www.justiceinfo.net\/fr\/wp-json\/wp\/v2\/tags?post=12054"},{"taxonomy":"ji_location","embeddable":true,"href":"https:\/\/www.justiceinfo.net\/fr\/wp-json\/wp\/v2\/ji_location?post=12054"}],"curies":[{"name":"wp","href":"https:\/\/api.w.org\/{rel}","templated":true}]}}