{"id":12063,"date":"2010-05-05T00:00:00","date_gmt":"2010-05-04T22:00:00","guid":{"rendered":"https:\/\/www.justiceinfo.net\/12063-050510-rwandagenocide-un-ministre-convoque-les-responsables-dibuka-relaches8871.html"},"modified":"2010-05-05T00:00:00","modified_gmt":"2010-05-04T22:00:00","slug":"050510-rwandagenocide-un-ministre-convoque-les-responsables-dibuka-relaches8871","status":"publish","type":"post","link":"https:\/\/www.justiceinfo.net\/fr\/12063-050510-rwandagenocide-un-ministre-convoque-les-responsables-dibuka-relaches8871.html","title":{"rendered":"05.05.10 - RWANDA\/GENOCIDE - UN MINISTRE CONVOQU\u00c9, LES RESPONSABLES D'IBUKA RELACH\u00c9S"},"content":{"rendered":"<p >\nKigali, 05 mai 2010 (FH) - Le S&eacute;nat rwandais a d&eacute;cid&eacute; mardi de convoquer l'ancien ministre de l'Administration locale, Protais Musoni, pour qu'il donne des explications sur la mauvaise gestion, en son temps, du Fonds d'assistance aux rescap&eacute;s du g&eacute;nocide les plus d&eacute;munis (FARG).\n<\/p>\n<p><!--more--><\/p>\n<p >\n<p >\n<p >\nCertaines maisons construites pour des survivants se sont &eacute;croul&eacute;es avant m&ecirc;me d'avoir &eacute;t&eacute; achev&eacute;es &agrave; cause de l'inad&eacute;quation du mat&eacute;riel, d&eacute;nonce la chambre haute dans un communiqu&eacute; en langue rwandaise.\n<\/p>\n<p >\n<p >\nLe S&eacute;nat reproche par ailleurs au FARG d'avoir parfois ignor&eacute; les r&egrave;gles d'octroi de march&eacute;s pour des activit&eacute;s destin&eacute;es &agrave; venir en aide &agrave; ces rescap&eacute;s.\n<\/p>\n<p >\n<p >\nProtais Musoni, qui est actuellement ministre charg&eacute; des Affaires gouvernementales (cabinet affairs), devra se pr&eacute;senter devant les s&eacute;nateurs dans un d&eacute;lai ne d&eacute;passant pas une semaine.\n<\/p>\n<p >\n<p >\nCe communiqu&eacute; &eacute;pingle &eacute;galement le secr&eacute;taire permanent au minist&egrave;re de l'Administration locale, Eug&egrave;ne Balikana, en lui reprochant de ne pas avoir fourni toutes les informations demand&eacute;es sur ce dossier.\n<\/p>\n<p >\n<p >\nToujours en rapport avec l'assistance aux survivants du g&eacute;nocide, le tribunal de grande instance de Nyarugenge, dans la ville de Kigali, a ordonn&eacute; mardi la remise en libert&eacute;, faute d'indices s&eacute;rieux de culpabilit&eacute;, de deux responsables d'Ibuka qui &eacute;taient accus&eacute;s de malversation des fonds de cette association de rescap&eacute;s.\n<\/p>\n<p >\n<p >\nLe vice-pr&eacute;sident d'Ibuka, Eug&egrave;ne Gashugi et le secr&eacute;taire g&eacute;n&eacute;ral de l'organisation, Freddy Mutanguha,&nbsp; ont ainsi recouvr&eacute; leur libert&eacute;.\n<\/p>\n<p >\n<p >\nLe m&ecirc;me tribunal a plac&eacute; sous contr&ocirc;le judiciaire le secr&eacute;taire ex&eacute;cutif d'Ibuka, Beno&icirc;t Kaboyi, et deux autres agents du collectif. Ils devront se pr&eacute;senter r&eacute;guli&egrave;rement devant le tribunal car le juge a estim&eacute; qu'il y avait des bases justifiant des poursuites judiciaires contre eux.\n<\/p>\n<p >\n<p >\nSRE-ER\/GF\n<\/p>\n<p >\n<p>\n&copy; Agence Hirondelle<\/p>\n","protected":false},"excerpt":{"rendered":"<p>Kigali, 05 mai 2010 (FH) - Le S&eacute;nat rwandais a d&eacute;cid&eacute; mardi de convoquer l'ancien ministre de l'Administration locale, Protais Musoni, pour qu'il donne des explications sur la mauvaise gestion, en son temps, du Fonds d'assistance aux rescap&eacute;s du g&eacute;nocide les plus d&eacute;munis (FARG).<\/p>\n","protected":false},"author":64,"featured_media":0,"comment_status":"open","ping_status":"closed","sticky":false,"template":"","format":"standard","meta":{"_acf_changed":false,"footnotes":""},"categories":[554],"tags":[],"ji_location":[],"class_list":["post-12063","post","type-post","status-publish","format-standard","hentry","category-hirondellenews"],"acf":[],"yoast_head":"<!-- This site is optimized with the Yoast SEO Premium plugin v25.3.1 (Yoast SEO v25.3.1) - https:\/\/yoast.com\/wordpress\/plugins\/seo\/ -->\n<title>05.05.10 - RWANDA\/GENOCIDE - UN MINISTRE CONVOQU\u00c9, LES RESPONSABLES D&#039;IBUKA RELACH\u00c9S - JusticeInfo.net<\/title>\n<meta name=\"robots\" content=\"index, follow, max-snippet:-1, max-image-preview:large, max-video-preview:-1\" \/>\n<link rel=\"canonical\" href=\"https:\/\/www.justiceinfo.net\/fr\/12063-050510-rwandagenocide-un-ministre-convoque-les-responsables-dibuka-relaches8871.html\" \/>\n<meta property=\"og:locale\" content=\"fr_FR\" \/>\n<meta property=\"og:type\" content=\"article\" \/>\n<meta property=\"og:title\" content=\"05.05.10 - RWANDA\/GENOCIDE - UN MINISTRE CONVOQU\u00c9, LES RESPONSABLES D&#039;IBUKA RELACH\u00c9S\" \/>\n<meta property=\"og:description\" content=\"Kigali, 05 mai 2010 (FH) - Le S&eacute;nat rwandais a d&eacute;cid&eacute; mardi de convoquer l&#039;ancien ministre de l&#039;Administration locale, Protais Musoni, pour qu&#039;il donne des explications sur la mauvaise gestion, en son temps, du Fonds d&#039;assistance aux rescap&eacute;s du g&eacute;nocide les plus d&eacute;munis (FARG).\" \/>\n<meta property=\"og:url\" content=\"https:\/\/www.justiceinfo.net\/fr\/12063-050510-rwandagenocide-un-ministre-convoque-les-responsables-dibuka-relaches8871.html\" \/>\n<meta property=\"og:site_name\" content=\"JusticeInfo.net\" \/>\n<meta property=\"article:publisher\" content=\"https:\/\/www.facebook.com\/JusticeInfo\/\" \/>\n<meta property=\"article:published_time\" content=\"2010-05-04T22:00:00+00:00\" \/>\n<meta property=\"og:image\" content=\"https:\/\/www.justiceinfo.net\/wp-content\/uploads\/JusticeInfoNet_logo_1200x630px.jpg\" \/>\n\t<meta property=\"og:image:width\" content=\"1200\" \/>\n\t<meta property=\"og:image:height\" content=\"630\" \/>\n\t<meta property=\"og:image:type\" content=\"image\/jpeg\" \/>\n<meta name=\"author\" content=\"solivri\" \/>\n<meta name=\"twitter:card\" content=\"summary_large_image\" \/>\n<meta name=\"twitter:creator\" content=\"@justiceinfonet\" \/>\n<meta name=\"twitter:site\" content=\"@justiceinfonet\" \/>\n<meta name=\"twitter:label1\" content=\"\u00c9crit par\" \/>\n\t<meta name=\"twitter:data1\" content=\"solivri\" \/>\n\t<meta name=\"twitter:label2\" content=\"Dur\u00e9e de lecture estim\u00e9e\" \/>\n\t<meta name=\"twitter:data2\" content=\"2 minutes\" \/>\n<script type=\"application\/ld+json\" class=\"yoast-schema-graph\">{\"@context\":\"https:\/\/schema.org\",\"@graph\":[{\"@type\":\"NewsArticle\",\"@id\":\"https:\/\/www.justiceinfo.net\/fr\/12063-050510-rwandagenocide-un-ministre-convoque-les-responsables-dibuka-relaches8871.html#article\",\"isPartOf\":{\"@id\":\"https:\/\/www.justiceinfo.net\/fr\/12063-050510-rwandagenocide-un-ministre-convoque-les-responsables-dibuka-relaches8871.html\"},\"author\":{\"name\":\"solivri\",\"@id\":\"https:\/\/www.justiceinfo.net\/fr#\/schema\/person\/6e53cba1629e2e66f3fc1821d3091865\"},\"headline\":\"05.05.10 - RWANDA\/GENOCIDE - UN MINISTRE CONVOQU\u00c9, LES RESPONSABLES D'IBUKA RELACH\u00c9S\",\"datePublished\":\"2010-05-04T22:00:00+00:00\",\"mainEntityOfPage\":{\"@id\":\"https:\/\/www.justiceinfo.net\/fr\/12063-050510-rwandagenocide-un-ministre-convoque-les-responsables-dibuka-relaches8871.html\"},\"wordCount\":401,\"commentCount\":0,\"publisher\":{\"@id\":\"https:\/\/www.justiceinfo.net\/fr#organization\"},\"articleSection\":[\"Hirondelle News\"],\"inLanguage\":\"fr-FR\",\"potentialAction\":[{\"@type\":\"CommentAction\",\"name\":\"Comment\",\"target\":[\"https:\/\/www.justiceinfo.net\/fr\/12063-050510-rwandagenocide-un-ministre-convoque-les-responsables-dibuka-relaches8871.html#respond\"]}]},{\"@type\":\"WebPage\",\"@id\":\"https:\/\/www.justiceinfo.net\/fr\/12063-050510-rwandagenocide-un-ministre-convoque-les-responsables-dibuka-relaches8871.html\",\"url\":\"https:\/\/www.justiceinfo.net\/fr\/12063-050510-rwandagenocide-un-ministre-convoque-les-responsables-dibuka-relaches8871.html\",\"name\":\"05.05.10 - RWANDA\/GENOCIDE - UN MINISTRE CONVOQU\u00c9, LES RESPONSABLES D'IBUKA RELACH\u00c9S - JusticeInfo.net\",\"isPartOf\":{\"@id\":\"https:\/\/www.justiceinfo.net\/fr#website\"},\"datePublished\":\"2010-05-04T22:00:00+00:00\",\"breadcrumb\":{\"@id\":\"https:\/\/www.justiceinfo.net\/fr\/12063-050510-rwandagenocide-un-ministre-convoque-les-responsables-dibuka-relaches8871.html#breadcrumb\"},\"inLanguage\":\"fr-FR\",\"potentialAction\":[{\"@type\":\"ReadAction\",\"target\":[\"https:\/\/www.justiceinfo.net\/fr\/12063-050510-rwandagenocide-un-ministre-convoque-les-responsables-dibuka-relaches8871.html\"]}]},{\"@type\":\"BreadcrumbList\",\"@id\":\"https:\/\/www.justiceinfo.net\/fr\/12063-050510-rwandagenocide-un-ministre-convoque-les-responsables-dibuka-relaches8871.html#breadcrumb\",\"itemListElement\":[{\"@type\":\"ListItem\",\"position\":1,\"name\":\"Home\",\"item\":\"https:\/\/www.justiceinfo.net\/fr\"},{\"@type\":\"ListItem\",\"position\":2,\"name\":\"05.05.10 - RWANDA\/GENOCIDE - UN MINISTRE CONVOQU\u00c9, LES RESPONSABLES D'IBUKA RELACH\u00c9S\"}]},{\"@type\":\"WebSite\",\"@id\":\"https:\/\/www.justiceinfo.net\/fr#website\",\"url\":\"https:\/\/www.justiceinfo.net\/fr\",\"name\":\"JusticeInfo.net\",\"description\":\"La justice doit \u00eatre vue pour \u00eatre rendue\",\"publisher\":{\"@id\":\"https:\/\/www.justiceinfo.net\/fr#organization\"},\"potentialAction\":[{\"@type\":\"SearchAction\",\"target\":{\"@type\":\"EntryPoint\",\"urlTemplate\":\"https:\/\/www.justiceinfo.net\/fr?s={search_term_string}\"},\"query-input\":{\"@type\":\"PropertyValueSpecification\",\"valueRequired\":true,\"valueName\":\"search_term_string\"}}],\"inLanguage\":\"fr-FR\"},{\"@type\":\"Organization\",\"@id\":\"https:\/\/www.justiceinfo.net\/fr#organization\",\"name\":\"Justice Info\",\"url\":\"https:\/\/www.justiceinfo.net\/fr\",\"logo\":{\"@type\":\"ImageObject\",\"inLanguage\":\"fr-FR\",\"@id\":\"https:\/\/www.justiceinfo.net\/fr#\/schema\/logo\/image\/\",\"url\":\"https:\/\/www.justiceinfo.net\/wp-content\/uploads\/justiceinfo_logo-trans_1200x1200px.png\",\"contentUrl\":\"https:\/\/www.justiceinfo.net\/wp-content\/uploads\/justiceinfo_logo-trans_1200x1200px.png\",\"width\":1199,\"height\":1200,\"caption\":\"Justice Info\"},\"image\":{\"@id\":\"https:\/\/www.justiceinfo.net\/fr#\/schema\/logo\/image\/\"},\"sameAs\":[\"https:\/\/www.facebook.com\/JusticeInfo\/\",\"https:\/\/x.com\/justiceinfonet\",\"https:\/\/www.linkedin.com\/company\/justice-info\",\"https:\/\/www.youtube.com\/channel\/UCyCEsARodyuWtkWyhn-e7pA\"]},{\"@type\":\"Person\",\"name\":\"solivri\",\"url\":\"\/fr\/?s=solivri\"}]}<\/script>\n<!-- \/ Yoast SEO Premium plugin. -->","yoast_head_json":{"title":"05.05.10 - RWANDA\/GENOCIDE - UN MINISTRE CONVOQU\u00c9, LES RESPONSABLES D'IBUKA RELACH\u00c9S - JusticeInfo.net","robots":{"index":"index","follow":"follow","max-snippet":"max-snippet:-1","max-image-preview":"max-image-preview:large","max-video-preview":"max-video-preview:-1"},"canonical":"https:\/\/www.justiceinfo.net\/fr\/12063-050510-rwandagenocide-un-ministre-convoque-les-responsables-dibuka-relaches8871.html","og_locale":"fr_FR","og_type":"article","og_title":"05.05.10 - RWANDA\/GENOCIDE - UN MINISTRE CONVOQU\u00c9, LES RESPONSABLES D'IBUKA RELACH\u00c9S","og_description":"Kigali, 05 mai 2010 (FH) - Le S&eacute;nat rwandais a d&eacute;cid&eacute; mardi de convoquer l'ancien ministre de l'Administration locale, Protais Musoni, pour qu'il donne des explications sur la mauvaise gestion, en son temps, du Fonds d'assistance aux rescap&eacute;s du g&eacute;nocide les plus d&eacute;munis (FARG).","og_url":"https:\/\/www.justiceinfo.net\/fr\/12063-050510-rwandagenocide-un-ministre-convoque-les-responsables-dibuka-relaches8871.html","og_site_name":"JusticeInfo.net","article_publisher":"https:\/\/www.facebook.com\/JusticeInfo\/","article_published_time":"2010-05-04T22:00:00+00:00","og_image":[{"width":1200,"height":630,"url":"https:\/\/www.justiceinfo.net\/wp-content\/uploads\/JusticeInfoNet_logo_1200x630px.jpg","type":"image\/jpeg"}],"author":"solivri","twitter_card":"summary_large_image","twitter_creator":"@justiceinfonet","twitter_site":"@justiceinfonet","twitter_misc":{"\u00c9crit par":"solivri","Dur\u00e9e de lecture estim\u00e9e":"2 minutes"},"schema":{"@context":"https:\/\/schema.org","@graph":[{"@type":"NewsArticle","@id":"https:\/\/www.justiceinfo.net\/fr\/12063-050510-rwandagenocide-un-ministre-convoque-les-responsables-dibuka-relaches8871.html#article","isPartOf":{"@id":"https:\/\/www.justiceinfo.net\/fr\/12063-050510-rwandagenocide-un-ministre-convoque-les-responsables-dibuka-relaches8871.html"},"author":{"name":"solivri","@id":"https:\/\/www.justiceinfo.net\/fr#\/schema\/person\/6e53cba1629e2e66f3fc1821d3091865"},"headline":"05.05.10 - RWANDA\/GENOCIDE - UN MINISTRE CONVOQU\u00c9, LES RESPONSABLES D'IBUKA RELACH\u00c9S","datePublished":"2010-05-04T22:00:00+00:00","mainEntityOfPage":{"@id":"https:\/\/www.justiceinfo.net\/fr\/12063-050510-rwandagenocide-un-ministre-convoque-les-responsables-dibuka-relaches8871.html"},"wordCount":401,"commentCount":0,"publisher":{"@id":"https:\/\/www.justiceinfo.net\/fr#organization"},"articleSection":["Hirondelle News"],"inLanguage":"fr-FR","potentialAction":[{"@type":"CommentAction","name":"Comment","target":["https:\/\/www.justiceinfo.net\/fr\/12063-050510-rwandagenocide-un-ministre-convoque-les-responsables-dibuka-relaches8871.html#respond"]}]},{"@type":"WebPage","@id":"https:\/\/www.justiceinfo.net\/fr\/12063-050510-rwandagenocide-un-ministre-convoque-les-responsables-dibuka-relaches8871.html","url":"https:\/\/www.justiceinfo.net\/fr\/12063-050510-rwandagenocide-un-ministre-convoque-les-responsables-dibuka-relaches8871.html","name":"05.05.10 - RWANDA\/GENOCIDE - UN MINISTRE CONVOQU\u00c9, LES RESPONSABLES D'IBUKA RELACH\u00c9S - JusticeInfo.net","isPartOf":{"@id":"https:\/\/www.justiceinfo.net\/fr#website"},"datePublished":"2010-05-04T22:00:00+00:00","breadcrumb":{"@id":"https:\/\/www.justiceinfo.net\/fr\/12063-050510-rwandagenocide-un-ministre-convoque-les-responsables-dibuka-relaches8871.html#breadcrumb"},"inLanguage":"fr-FR","potentialAction":[{"@type":"ReadAction","target":["https:\/\/www.justiceinfo.net\/fr\/12063-050510-rwandagenocide-un-ministre-convoque-les-responsables-dibuka-relaches8871.html"]}]},{"@type":"BreadcrumbList","@id":"https:\/\/www.justiceinfo.net\/fr\/12063-050510-rwandagenocide-un-ministre-convoque-les-responsables-dibuka-relaches8871.html#breadcrumb","itemListElement":[{"@type":"ListItem","position":1,"name":"Home","item":"https:\/\/www.justiceinfo.net\/fr"},{"@type":"ListItem","position":2,"name":"05.05.10 - RWANDA\/GENOCIDE - UN MINISTRE CONVOQU\u00c9, LES RESPONSABLES D'IBUKA RELACH\u00c9S"}]},{"@type":"WebSite","@id":"https:\/\/www.justiceinfo.net\/fr#website","url":"https:\/\/www.justiceinfo.net\/fr","name":"JusticeInfo.net","description":"La justice doit \u00eatre vue pour \u00eatre rendue","publisher":{"@id":"https:\/\/www.justiceinfo.net\/fr#organization"},"potentialAction":[{"@type":"SearchAction","target":{"@type":"EntryPoint","urlTemplate":"https:\/\/www.justiceinfo.net\/fr?s={search_term_string}"},"query-input":{"@type":"PropertyValueSpecification","valueRequired":true,"valueName":"search_term_string"}}],"inLanguage":"fr-FR"},{"@type":"Organization","@id":"https:\/\/www.justiceinfo.net\/fr#organization","name":"Justice Info","url":"https:\/\/www.justiceinfo.net\/fr","logo":{"@type":"ImageObject","inLanguage":"fr-FR","@id":"https:\/\/www.justiceinfo.net\/fr#\/schema\/logo\/image\/","url":"https:\/\/www.justiceinfo.net\/wp-content\/uploads\/justiceinfo_logo-trans_1200x1200px.png","contentUrl":"https:\/\/www.justiceinfo.net\/wp-content\/uploads\/justiceinfo_logo-trans_1200x1200px.png","width":1199,"height":1200,"caption":"Justice Info"},"image":{"@id":"https:\/\/www.justiceinfo.net\/fr#\/schema\/logo\/image\/"},"sameAs":["https:\/\/www.facebook.com\/JusticeInfo\/","https:\/\/x.com\/justiceinfonet","https:\/\/www.linkedin.com\/company\/justice-info","https:\/\/www.youtube.com\/channel\/UCyCEsARodyuWtkWyhn-e7pA"]},{"@type":"Person","name":"solivri","url":"\/fr\/?s=solivri"}]}},"_links":{"self":[{"href":"https:\/\/www.justiceinfo.net\/fr\/wp-json\/wp\/v2\/posts\/12063","targetHints":{"allow":["GET"]}}],"collection":[{"href":"https:\/\/www.justiceinfo.net\/fr\/wp-json\/wp\/v2\/posts"}],"about":[{"href":"https:\/\/www.justiceinfo.net\/fr\/wp-json\/wp\/v2\/types\/post"}],"author":[{"embeddable":true,"href":"https:\/\/www.justiceinfo.net\/fr\/wp-json\/wp\/v2\/users\/64"}],"replies":[{"embeddable":true,"href":"https:\/\/www.justiceinfo.net\/fr\/wp-json\/wp\/v2\/comments?post=12063"}],"version-history":[{"count":0,"href":"https:\/\/www.justiceinfo.net\/fr\/wp-json\/wp\/v2\/posts\/12063\/revisions"}],"wp:attachment":[{"href":"https:\/\/www.justiceinfo.net\/fr\/wp-json\/wp\/v2\/media?parent=12063"}],"wp:term":[{"taxonomy":"category","embeddable":true,"href":"https:\/\/www.justiceinfo.net\/fr\/wp-json\/wp\/v2\/categories?post=12063"},{"taxonomy":"post_tag","embeddable":true,"href":"https:\/\/www.justiceinfo.net\/fr\/wp-json\/wp\/v2\/tags?post=12063"},{"taxonomy":"ji_location","embeddable":true,"href":"https:\/\/www.justiceinfo.net\/fr\/wp-json\/wp\/v2\/ji_location?post=12063"}],"curies":[{"name":"wp","href":"https:\/\/api.w.org\/{rel}","templated":true}]}}