{"id":12065,"date":"2010-05-05T00:00:00","date_gmt":"2010-05-04T22:00:00","guid":{"rendered":"https:\/\/www.justiceinfo.net\/12065-050510-tpirkaremera-laudition-du-colonel-bagosora-reportee-a-lundi-prochain8873.html"},"modified":"2010-05-05T00:00:00","modified_gmt":"2010-05-04T22:00:00","slug":"050510-tpirkaremera-laudition-du-colonel-bagosora-reportee-a-lundi-prochain8873","status":"publish","type":"post","link":"https:\/\/www.justiceinfo.net\/fr\/12065-050510-tpirkaremera-laudition-du-colonel-bagosora-reportee-a-lundi-prochain8873.html","title":{"rendered":"05.05.10 - TPIR\/KAREMERA - L'AUDITION DU COLONEL BAGOSORA REPORTEE A LUNDI PROCHAIN"},"content":{"rendered":"<p >\nArusha, 05 mai 2010 (FH) - L'audition du colonel Th&eacute;oneste Bagosora, qui &eacute;tait attendu &agrave; la barre mercredi comme t&eacute;moin de la d&eacute;fense dans le proc&egrave;s de trois anciens dirigeants du MRND poursuivis devant le Tribunal p&eacute;nal international pour le Rwanda (TPIR), a &eacute;t&eacute; report&eacute;e &agrave; lundi prochain.\n<\/p>\n<p><!--more--><\/p>\n<p >\n<p >\nLe t&eacute;moignage de Bagosora a &eacute;t&eacute; demand&eacute; par Joseph Nzirorera, ancien secr&eacute;taire g&eacute;n&eacute;ral du MRND.\n<\/p>\n<p >\n&laquo; Notre prochain t&eacute;moin devait &ecirc;tre le colonel Bagosora mais son avocat (Rapha&euml;l Constant, France) n'est pas encore ici. Il sera dans la ville lundi &raquo;, a expliqu&eacute; &agrave; la chambre Patrick Nimy Mayidika, l'un des avocats de Nzirorera.\n<\/p>\n<p >\nBagsora, qui est le plus c&eacute;l&egrave;bre des d&eacute;tenus du TPIR, a &eacute;t&eacute; condamn&eacute; &agrave; la prison &agrave; vie en d&eacute;cembre 2008 apr&egrave;s avoir &eacute;t&eacute; reconnu coupable de crimes de g&eacute;nocide, de crimes contre l'humanit&eacute; et de crimes de guerre.\n<\/p>\n<p >\nLe colonel, qui attend son proc&egrave;s en appel, a &eacute;t&eacute;, en revanche, acquitt&eacute; du chef d'entente en vue de commettre le g&eacute;nocide alors que le procureur l'avait pr&eacute;sent&eacute; comme &laquo; le cerveau &raquo; du g&eacute;nocide.\n<\/p>\n<p >\nApr&egrave;s ces explications de Me Mayidika, la chambre pr&eacute;sid&eacute;e par le juge Dennis Byron, a suspendu les d&eacute;bats, en attendant l'arriv&eacute;e de Me Constant, d'autant plus qu'aucun autre t&eacute;moin de Nzirorera n'&eacute;tait pr&eacute;sent &agrave; Arusha.\n<\/p>\n<p >\nDe lundi &agrave; mercredi, l'ancien secr&eacute;taire g&eacute;n&eacute;ral du MRND a cit&eacute; pour sa d&eacute;fense l'ex-ministre de la Famille, Pauline Nyiramasuhuko, seule femme &agrave; avoir &eacute;t&eacute; inculp&eacute;e par le TPIR, le colonel Ephrem Setako et le lieutenant Samuel Imanishimwe.\n<\/p>\n<p >\nNyiramasuhuko attend le verdict, Setako a &eacute;t&eacute; condamn&eacute; &agrave; 25 ans de prison en f&eacute;vrier dernier tandis qu'Imanishimwe a d&eacute;j&agrave; purg&eacute; la totalit&eacute; de sa peine de 12 ans de r&eacute;clusion.\n<\/p>\n<p >\nNizorera est jug&eacute; avec Mathieu Ngirumpatse et Edouard Karemera, respectivement ancien pr&eacute;sident et ancien vice-pr&eacute;sident du MRND. Inculp&eacute;s de crimes de g&eacute;nocide et de crimes contre l'humanit&eacute;, les trois hommes clament leur innocence.\n<\/p>\n<p >\nPoursuivis principalement pour des crimes commis par des membres de leur parti, surtout les jeunes, les accus&eacute;s nient l'existence de liens de subordination entre eux et les auteurs des ces crimes, fussent-ils membres du MRND.\n<\/p>\n<p >\nFK-ER\/GF\n<\/p>\n<p>\n&copy; Agence Hirondelle<\/p>\n","protected":false},"excerpt":{"rendered":"<p>Arusha, 05 mai 2010 (FH) - L'audition du colonel Th&eacute;oneste Bagosora, qui &eacute;tait attendu &agrave; la barre mercredi comme t&eacute;moin de la d&eacute;fense dans le proc&egrave;s de trois anciens dirigeants du MRND poursuivis devant le Tribunal p&eacute;nal international pour le Rwanda (TPIR), a &eacute;t&eacute; report&eacute;e &agrave; lundi prochain.<\/p>\n","protected":false},"author":64,"featured_media":0,"comment_status":"open","ping_status":"closed","sticky":false,"template":"","format":"standard","meta":{"_acf_changed":false,"footnotes":""},"categories":[554],"tags":[],"ji_location":[],"class_list":["post-12065","post","type-post","status-publish","format-standard","hentry","category-hirondellenews"],"acf":[],"yoast_head":"<!-- This site is optimized with the Yoast SEO Premium plugin v25.3.1 (Yoast SEO v25.3.1) - https:\/\/yoast.com\/wordpress\/plugins\/seo\/ -->\n<title>05.05.10 - TPIR\/KAREMERA - L&#039;AUDITION DU COLONEL BAGOSORA REPORTEE A LUNDI PROCHAIN - JusticeInfo.net<\/title>\n<meta name=\"robots\" content=\"index, follow, max-snippet:-1, max-image-preview:large, max-video-preview:-1\" \/>\n<link rel=\"canonical\" href=\"https:\/\/www.justiceinfo.net\/fr\/12065-050510-tpirkaremera-laudition-du-colonel-bagosora-reportee-a-lundi-prochain8873.html\" \/>\n<meta property=\"og:locale\" content=\"fr_FR\" \/>\n<meta property=\"og:type\" content=\"article\" \/>\n<meta property=\"og:title\" content=\"05.05.10 - TPIR\/KAREMERA - L&#039;AUDITION DU COLONEL BAGOSORA REPORTEE A LUNDI PROCHAIN\" \/>\n<meta property=\"og:description\" content=\"Arusha, 05 mai 2010 (FH) - L&#039;audition du colonel Th&eacute;oneste Bagosora, qui &eacute;tait attendu &agrave; la barre mercredi comme t&eacute;moin de la d&eacute;fense dans le proc&egrave;s de trois anciens dirigeants du MRND poursuivis devant le Tribunal p&eacute;nal international pour le Rwanda (TPIR), a &eacute;t&eacute; report&eacute;e &agrave; lundi prochain.\" \/>\n<meta property=\"og:url\" content=\"https:\/\/www.justiceinfo.net\/fr\/12065-050510-tpirkaremera-laudition-du-colonel-bagosora-reportee-a-lundi-prochain8873.html\" \/>\n<meta property=\"og:site_name\" content=\"JusticeInfo.net\" \/>\n<meta property=\"article:publisher\" content=\"https:\/\/www.facebook.com\/JusticeInfo\/\" \/>\n<meta property=\"article:published_time\" content=\"2010-05-04T22:00:00+00:00\" \/>\n<meta property=\"og:image\" content=\"https:\/\/www.justiceinfo.net\/wp-content\/uploads\/JusticeInfoNet_logo_1200x630px.jpg\" \/>\n\t<meta property=\"og:image:width\" content=\"1200\" \/>\n\t<meta property=\"og:image:height\" content=\"630\" \/>\n\t<meta property=\"og:image:type\" content=\"image\/jpeg\" \/>\n<meta name=\"author\" content=\"solivri\" \/>\n<meta name=\"twitter:card\" content=\"summary_large_image\" \/>\n<meta name=\"twitter:creator\" content=\"@justiceinfonet\" \/>\n<meta name=\"twitter:site\" content=\"@justiceinfonet\" \/>\n<meta name=\"twitter:label1\" content=\"\u00c9crit par\" \/>\n\t<meta name=\"twitter:data1\" content=\"solivri\" \/>\n\t<meta name=\"twitter:label2\" content=\"Dur\u00e9e de lecture estim\u00e9e\" \/>\n\t<meta name=\"twitter:data2\" content=\"2 minutes\" \/>\n<script type=\"application\/ld+json\" class=\"yoast-schema-graph\">{\"@context\":\"https:\/\/schema.org\",\"@graph\":[{\"@type\":\"NewsArticle\",\"@id\":\"https:\/\/www.justiceinfo.net\/fr\/12065-050510-tpirkaremera-laudition-du-colonel-bagosora-reportee-a-lundi-prochain8873.html#article\",\"isPartOf\":{\"@id\":\"https:\/\/www.justiceinfo.net\/fr\/12065-050510-tpirkaremera-laudition-du-colonel-bagosora-reportee-a-lundi-prochain8873.html\"},\"author\":{\"name\":\"solivri\",\"@id\":\"https:\/\/www.justiceinfo.net\/fr#\/schema\/person\/6e53cba1629e2e66f3fc1821d3091865\"},\"headline\":\"05.05.10 - TPIR\/KAREMERA - L'AUDITION DU COLONEL BAGOSORA REPORTEE A LUNDI PROCHAIN\",\"datePublished\":\"2010-05-04T22:00:00+00:00\",\"mainEntityOfPage\":{\"@id\":\"https:\/\/www.justiceinfo.net\/fr\/12065-050510-tpirkaremera-laudition-du-colonel-bagosora-reportee-a-lundi-prochain8873.html\"},\"wordCount\":490,\"commentCount\":0,\"publisher\":{\"@id\":\"https:\/\/www.justiceinfo.net\/fr#organization\"},\"articleSection\":[\"Hirondelle News\"],\"inLanguage\":\"fr-FR\",\"potentialAction\":[{\"@type\":\"CommentAction\",\"name\":\"Comment\",\"target\":[\"https:\/\/www.justiceinfo.net\/fr\/12065-050510-tpirkaremera-laudition-du-colonel-bagosora-reportee-a-lundi-prochain8873.html#respond\"]}]},{\"@type\":\"WebPage\",\"@id\":\"https:\/\/www.justiceinfo.net\/fr\/12065-050510-tpirkaremera-laudition-du-colonel-bagosora-reportee-a-lundi-prochain8873.html\",\"url\":\"https:\/\/www.justiceinfo.net\/fr\/12065-050510-tpirkaremera-laudition-du-colonel-bagosora-reportee-a-lundi-prochain8873.html\",\"name\":\"05.05.10 - TPIR\/KAREMERA - L'AUDITION DU COLONEL BAGOSORA REPORTEE A LUNDI PROCHAIN - JusticeInfo.net\",\"isPartOf\":{\"@id\":\"https:\/\/www.justiceinfo.net\/fr#website\"},\"datePublished\":\"2010-05-04T22:00:00+00:00\",\"breadcrumb\":{\"@id\":\"https:\/\/www.justiceinfo.net\/fr\/12065-050510-tpirkaremera-laudition-du-colonel-bagosora-reportee-a-lundi-prochain8873.html#breadcrumb\"},\"inLanguage\":\"fr-FR\",\"potentialAction\":[{\"@type\":\"ReadAction\",\"target\":[\"https:\/\/www.justiceinfo.net\/fr\/12065-050510-tpirkaremera-laudition-du-colonel-bagosora-reportee-a-lundi-prochain8873.html\"]}]},{\"@type\":\"BreadcrumbList\",\"@id\":\"https:\/\/www.justiceinfo.net\/fr\/12065-050510-tpirkaremera-laudition-du-colonel-bagosora-reportee-a-lundi-prochain8873.html#breadcrumb\",\"itemListElement\":[{\"@type\":\"ListItem\",\"position\":1,\"name\":\"Home\",\"item\":\"https:\/\/www.justiceinfo.net\/fr\"},{\"@type\":\"ListItem\",\"position\":2,\"name\":\"05.05.10 - TPIR\/KAREMERA - L'AUDITION DU COLONEL BAGOSORA REPORTEE A LUNDI PROCHAIN\"}]},{\"@type\":\"WebSite\",\"@id\":\"https:\/\/www.justiceinfo.net\/fr#website\",\"url\":\"https:\/\/www.justiceinfo.net\/fr\",\"name\":\"JusticeInfo.net\",\"description\":\"La justice doit \u00eatre vue pour \u00eatre rendue\",\"publisher\":{\"@id\":\"https:\/\/www.justiceinfo.net\/fr#organization\"},\"potentialAction\":[{\"@type\":\"SearchAction\",\"target\":{\"@type\":\"EntryPoint\",\"urlTemplate\":\"https:\/\/www.justiceinfo.net\/fr?s={search_term_string}\"},\"query-input\":{\"@type\":\"PropertyValueSpecification\",\"valueRequired\":true,\"valueName\":\"search_term_string\"}}],\"inLanguage\":\"fr-FR\"},{\"@type\":\"Organization\",\"@id\":\"https:\/\/www.justiceinfo.net\/fr#organization\",\"name\":\"Justice Info\",\"url\":\"https:\/\/www.justiceinfo.net\/fr\",\"logo\":{\"@type\":\"ImageObject\",\"inLanguage\":\"fr-FR\",\"@id\":\"https:\/\/www.justiceinfo.net\/fr#\/schema\/logo\/image\/\",\"url\":\"https:\/\/www.justiceinfo.net\/wp-content\/uploads\/justiceinfo_logo-trans_1200x1200px.png\",\"contentUrl\":\"https:\/\/www.justiceinfo.net\/wp-content\/uploads\/justiceinfo_logo-trans_1200x1200px.png\",\"width\":1199,\"height\":1200,\"caption\":\"Justice Info\"},\"image\":{\"@id\":\"https:\/\/www.justiceinfo.net\/fr#\/schema\/logo\/image\/\"},\"sameAs\":[\"https:\/\/www.facebook.com\/JusticeInfo\/\",\"https:\/\/x.com\/justiceinfonet\",\"https:\/\/www.linkedin.com\/company\/justice-info\",\"https:\/\/www.youtube.com\/channel\/UCyCEsARodyuWtkWyhn-e7pA\"]},{\"@type\":\"Person\",\"name\":\"solivri\",\"url\":\"\/fr\/?s=solivri\"}]}<\/script>\n<!-- \/ Yoast SEO Premium plugin. -->","yoast_head_json":{"title":"05.05.10 - TPIR\/KAREMERA - L'AUDITION DU COLONEL BAGOSORA REPORTEE A LUNDI PROCHAIN - JusticeInfo.net","robots":{"index":"index","follow":"follow","max-snippet":"max-snippet:-1","max-image-preview":"max-image-preview:large","max-video-preview":"max-video-preview:-1"},"canonical":"https:\/\/www.justiceinfo.net\/fr\/12065-050510-tpirkaremera-laudition-du-colonel-bagosora-reportee-a-lundi-prochain8873.html","og_locale":"fr_FR","og_type":"article","og_title":"05.05.10 - TPIR\/KAREMERA - L'AUDITION DU COLONEL BAGOSORA REPORTEE A LUNDI PROCHAIN","og_description":"Arusha, 05 mai 2010 (FH) - L'audition du colonel Th&eacute;oneste Bagosora, qui &eacute;tait attendu &agrave; la barre mercredi comme t&eacute;moin de la d&eacute;fense dans le proc&egrave;s de trois anciens dirigeants du MRND poursuivis devant le Tribunal p&eacute;nal international pour le Rwanda (TPIR), a &eacute;t&eacute; report&eacute;e &agrave; lundi prochain.","og_url":"https:\/\/www.justiceinfo.net\/fr\/12065-050510-tpirkaremera-laudition-du-colonel-bagosora-reportee-a-lundi-prochain8873.html","og_site_name":"JusticeInfo.net","article_publisher":"https:\/\/www.facebook.com\/JusticeInfo\/","article_published_time":"2010-05-04T22:00:00+00:00","og_image":[{"width":1200,"height":630,"url":"https:\/\/www.justiceinfo.net\/wp-content\/uploads\/JusticeInfoNet_logo_1200x630px.jpg","type":"image\/jpeg"}],"author":"solivri","twitter_card":"summary_large_image","twitter_creator":"@justiceinfonet","twitter_site":"@justiceinfonet","twitter_misc":{"\u00c9crit par":"solivri","Dur\u00e9e de lecture estim\u00e9e":"2 minutes"},"schema":{"@context":"https:\/\/schema.org","@graph":[{"@type":"NewsArticle","@id":"https:\/\/www.justiceinfo.net\/fr\/12065-050510-tpirkaremera-laudition-du-colonel-bagosora-reportee-a-lundi-prochain8873.html#article","isPartOf":{"@id":"https:\/\/www.justiceinfo.net\/fr\/12065-050510-tpirkaremera-laudition-du-colonel-bagosora-reportee-a-lundi-prochain8873.html"},"author":{"name":"solivri","@id":"https:\/\/www.justiceinfo.net\/fr#\/schema\/person\/6e53cba1629e2e66f3fc1821d3091865"},"headline":"05.05.10 - TPIR\/KAREMERA - L'AUDITION DU COLONEL BAGOSORA REPORTEE A LUNDI PROCHAIN","datePublished":"2010-05-04T22:00:00+00:00","mainEntityOfPage":{"@id":"https:\/\/www.justiceinfo.net\/fr\/12065-050510-tpirkaremera-laudition-du-colonel-bagosora-reportee-a-lundi-prochain8873.html"},"wordCount":490,"commentCount":0,"publisher":{"@id":"https:\/\/www.justiceinfo.net\/fr#organization"},"articleSection":["Hirondelle News"],"inLanguage":"fr-FR","potentialAction":[{"@type":"CommentAction","name":"Comment","target":["https:\/\/www.justiceinfo.net\/fr\/12065-050510-tpirkaremera-laudition-du-colonel-bagosora-reportee-a-lundi-prochain8873.html#respond"]}]},{"@type":"WebPage","@id":"https:\/\/www.justiceinfo.net\/fr\/12065-050510-tpirkaremera-laudition-du-colonel-bagosora-reportee-a-lundi-prochain8873.html","url":"https:\/\/www.justiceinfo.net\/fr\/12065-050510-tpirkaremera-laudition-du-colonel-bagosora-reportee-a-lundi-prochain8873.html","name":"05.05.10 - TPIR\/KAREMERA - L'AUDITION DU COLONEL BAGOSORA REPORTEE A LUNDI PROCHAIN - JusticeInfo.net","isPartOf":{"@id":"https:\/\/www.justiceinfo.net\/fr#website"},"datePublished":"2010-05-04T22:00:00+00:00","breadcrumb":{"@id":"https:\/\/www.justiceinfo.net\/fr\/12065-050510-tpirkaremera-laudition-du-colonel-bagosora-reportee-a-lundi-prochain8873.html#breadcrumb"},"inLanguage":"fr-FR","potentialAction":[{"@type":"ReadAction","target":["https:\/\/www.justiceinfo.net\/fr\/12065-050510-tpirkaremera-laudition-du-colonel-bagosora-reportee-a-lundi-prochain8873.html"]}]},{"@type":"BreadcrumbList","@id":"https:\/\/www.justiceinfo.net\/fr\/12065-050510-tpirkaremera-laudition-du-colonel-bagosora-reportee-a-lundi-prochain8873.html#breadcrumb","itemListElement":[{"@type":"ListItem","position":1,"name":"Home","item":"https:\/\/www.justiceinfo.net\/fr"},{"@type":"ListItem","position":2,"name":"05.05.10 - TPIR\/KAREMERA - L'AUDITION DU COLONEL BAGOSORA REPORTEE A LUNDI PROCHAIN"}]},{"@type":"WebSite","@id":"https:\/\/www.justiceinfo.net\/fr#website","url":"https:\/\/www.justiceinfo.net\/fr","name":"JusticeInfo.net","description":"La justice doit \u00eatre vue pour \u00eatre rendue","publisher":{"@id":"https:\/\/www.justiceinfo.net\/fr#organization"},"potentialAction":[{"@type":"SearchAction","target":{"@type":"EntryPoint","urlTemplate":"https:\/\/www.justiceinfo.net\/fr?s={search_term_string}"},"query-input":{"@type":"PropertyValueSpecification","valueRequired":true,"valueName":"search_term_string"}}],"inLanguage":"fr-FR"},{"@type":"Organization","@id":"https:\/\/www.justiceinfo.net\/fr#organization","name":"Justice Info","url":"https:\/\/www.justiceinfo.net\/fr","logo":{"@type":"ImageObject","inLanguage":"fr-FR","@id":"https:\/\/www.justiceinfo.net\/fr#\/schema\/logo\/image\/","url":"https:\/\/www.justiceinfo.net\/wp-content\/uploads\/justiceinfo_logo-trans_1200x1200px.png","contentUrl":"https:\/\/www.justiceinfo.net\/wp-content\/uploads\/justiceinfo_logo-trans_1200x1200px.png","width":1199,"height":1200,"caption":"Justice Info"},"image":{"@id":"https:\/\/www.justiceinfo.net\/fr#\/schema\/logo\/image\/"},"sameAs":["https:\/\/www.facebook.com\/JusticeInfo\/","https:\/\/x.com\/justiceinfonet","https:\/\/www.linkedin.com\/company\/justice-info","https:\/\/www.youtube.com\/channel\/UCyCEsARodyuWtkWyhn-e7pA"]},{"@type":"Person","name":"solivri","url":"\/fr\/?s=solivri"}]}},"_links":{"self":[{"href":"https:\/\/www.justiceinfo.net\/fr\/wp-json\/wp\/v2\/posts\/12065","targetHints":{"allow":["GET"]}}],"collection":[{"href":"https:\/\/www.justiceinfo.net\/fr\/wp-json\/wp\/v2\/posts"}],"about":[{"href":"https:\/\/www.justiceinfo.net\/fr\/wp-json\/wp\/v2\/types\/post"}],"author":[{"embeddable":true,"href":"https:\/\/www.justiceinfo.net\/fr\/wp-json\/wp\/v2\/users\/64"}],"replies":[{"embeddable":true,"href":"https:\/\/www.justiceinfo.net\/fr\/wp-json\/wp\/v2\/comments?post=12065"}],"version-history":[{"count":0,"href":"https:\/\/www.justiceinfo.net\/fr\/wp-json\/wp\/v2\/posts\/12065\/revisions"}],"wp:attachment":[{"href":"https:\/\/www.justiceinfo.net\/fr\/wp-json\/wp\/v2\/media?parent=12065"}],"wp:term":[{"taxonomy":"category","embeddable":true,"href":"https:\/\/www.justiceinfo.net\/fr\/wp-json\/wp\/v2\/categories?post=12065"},{"taxonomy":"post_tag","embeddable":true,"href":"https:\/\/www.justiceinfo.net\/fr\/wp-json\/wp\/v2\/tags?post=12065"},{"taxonomy":"ji_location","embeddable":true,"href":"https:\/\/www.justiceinfo.net\/fr\/wp-json\/wp\/v2\/ji_location?post=12065"}],"curies":[{"name":"wp","href":"https:\/\/api.w.org\/{rel}","templated":true}]}}