{"id":12076,"date":"2010-05-07T00:00:00","date_gmt":"2010-05-06T22:00:00","guid":{"rendered":"https:\/\/www.justiceinfo.net\/12076-070510-rwandagenocide-le-major-habyarabatuma-defendu-par-deux-generaux8884.html"},"modified":"2010-05-07T00:00:00","modified_gmt":"2010-05-06T22:00:00","slug":"070510-rwandagenocide-le-major-habyarabatuma-defendu-par-deux-generaux8884","status":"publish","type":"post","link":"https:\/\/www.justiceinfo.net\/fr\/12076-070510-rwandagenocide-le-major-habyarabatuma-defendu-par-deux-generaux8884.html","title":{"rendered":"07.05.10 - RWANDA\/GENOCIDE - LE MAJOR HABYARABATUMA DEFENDU PAR DEUX GENERAUX"},"content":{"rendered":"<p >\nKigali, 07 mai 2010 (FH) - Le proc&egrave;s pour g&eacute;nocide du major Cyriaque Habyarabatuma, qui commandait la gendarmerie nationale rwandaise au niveau de la pr&eacute;fecture de Butare (Sud) en 1994, s'est poursuivi jeudi avec l'audition des g&eacute;n&eacute;raux Marcel Gatsinzi et Paul Rwarakabije, a rapport&eacute; vendredi Radio Rwanda.\n<\/p>\n<p><!--more--><\/p>\n<p >\n<p >\nIssus des anciennes Forces arm&eacute;es rwandaises (FAR) qui comprenaient l'arm&eacute;e et la gendarmerie, les deux hommes ont affirm&eacute; que l'accus&eacute; &eacute;tait soup&ccedil;onn&eacute; par sa hi&eacute;rarchie d'&ecirc;tre proche de l'ancienne r&eacute;bellion tutsie du Front patriotique rwandais (FPR), actuellement au pouvoir.\n<\/p>\n<p >\nIls ont cependant indiqu&eacute; qu'ils ne pouvaient se prononcer sur le comportement du major pendant le g&eacute;nocide parce qu'ils n'&eacute;taient pas &agrave; Butare au moment des faits qui lui sont reproch&eacute;s, selon cette radio.\n<\/p>\n<p >\nLe proc&egrave;s se poursuit.\n<\/p>\n<p >\nLe major Habyarabatuma est notamment accus&eacute; d'avoir distribu&eacute; des armes et ordonn&eacute; des massacres de Tutsis en diff&eacute;rents endroits de la pr&eacute;fecture de Butare.\n<\/p>\n<p >\nAlors commandant de l'Ecole des sous-officiers (ESO) de Butare, le g&eacute;n&eacute;ral Gatsinzi fut nomm&eacute; chef d'Etat-major int&eacute;rimaire de l'arm&eacute;e le 7 avril 1994, un poste dont il fut d&eacute;mis une dizaine de jours plus tard au profit du g&eacute;n&eacute;ral Augustin Bizimungu, en proc&egrave;s au Tribunal p&eacute;nal international pour le Rwanda (TPIR).\n<\/p>\n<p >\nMinistre de la D&eacute;fense jusqu'au mois dernier, il d&eacute;tient actuellement le tout nouveau portefeuille des R&eacute;fugi&eacute;s et des catastrophes.\n<\/p>\n<p >\nRwarakabije, pour sa part, travaillait &agrave; l'Etat-major de la gendarmerie pendant le g&eacute;nocide.\n<\/p>\n<p >\nA la d&eacute;faite des FAR en juillet 1994, il s'&eacute;tait r&eacute;fugi&eacute; dans l'ex-Za&iuml;re, o&ugrave; il fut commandant des rebelles hutus des Forces d&eacute;mocratiques de lib&eacute;ration du Rwanda (FDLR), qu'il d&eacute;serta en 2003 pour rejoindre la nouvelle arm&eacute;e rwandaise.\n<\/p>\n<p >\nIl est actuellement membre de la Commission nationale de d&eacute;mobilisation et de r&eacute;int&eacute;gration.\n<\/p>\n<p >\n<p >\nSRE-ER\/GF\n<\/p>\n<p>\n&copy; Agence Hirondelle<\/p>\n","protected":false},"excerpt":{"rendered":"<p>Kigali, 07 mai 2010 (FH) - Le proc&egrave;s pour g&eacute;nocide du major Cyriaque Habyarabatuma, qui commandait la gendarmerie nationale rwandaise au niveau de la pr&eacute;fecture de Butare (Sud) en 1994, s'est poursuivi jeudi avec l'audition des g&eacute;n&eacute;raux Marcel Gatsinzi et Paul Rwarakabije, a rapport&eacute; vendredi Radio Rwanda.<\/p>\n","protected":false},"author":64,"featured_media":0,"comment_status":"open","ping_status":"closed","sticky":false,"template":"","format":"standard","meta":{"_acf_changed":false,"footnotes":""},"categories":[554],"tags":[],"ji_location":[],"class_list":["post-12076","post","type-post","status-publish","format-standard","hentry","category-hirondellenews"],"acf":[],"yoast_head":"<!-- This site is optimized with the Yoast SEO Premium plugin v25.3.1 (Yoast SEO v25.3.1) - https:\/\/yoast.com\/wordpress\/plugins\/seo\/ -->\n<title>07.05.10 - RWANDA\/GENOCIDE - LE MAJOR HABYARABATUMA DEFENDU PAR DEUX GENERAUX - JusticeInfo.net<\/title>\n<meta name=\"robots\" content=\"index, follow, max-snippet:-1, max-image-preview:large, max-video-preview:-1\" \/>\n<link rel=\"canonical\" href=\"https:\/\/www.justiceinfo.net\/fr\/12076-070510-rwandagenocide-le-major-habyarabatuma-defendu-par-deux-generaux8884.html\" \/>\n<meta property=\"og:locale\" content=\"fr_FR\" \/>\n<meta property=\"og:type\" content=\"article\" \/>\n<meta property=\"og:title\" content=\"07.05.10 - RWANDA\/GENOCIDE - LE MAJOR HABYARABATUMA DEFENDU PAR DEUX GENERAUX\" \/>\n<meta property=\"og:description\" content=\"Kigali, 07 mai 2010 (FH) - Le proc&egrave;s pour g&eacute;nocide du major Cyriaque Habyarabatuma, qui commandait la gendarmerie nationale rwandaise au niveau de la pr&eacute;fecture de Butare (Sud) en 1994, s&#039;est poursuivi jeudi avec l&#039;audition des g&eacute;n&eacute;raux Marcel Gatsinzi et Paul Rwarakabije, a rapport&eacute; vendredi Radio Rwanda.\" \/>\n<meta property=\"og:url\" content=\"https:\/\/www.justiceinfo.net\/fr\/12076-070510-rwandagenocide-le-major-habyarabatuma-defendu-par-deux-generaux8884.html\" \/>\n<meta property=\"og:site_name\" content=\"JusticeInfo.net\" \/>\n<meta property=\"article:publisher\" content=\"https:\/\/www.facebook.com\/JusticeInfo\/\" \/>\n<meta property=\"article:published_time\" content=\"2010-05-06T22:00:00+00:00\" \/>\n<meta property=\"og:image\" content=\"https:\/\/www.justiceinfo.net\/wp-content\/uploads\/JusticeInfoNet_logo_1200x630px.jpg\" \/>\n\t<meta property=\"og:image:width\" content=\"1200\" \/>\n\t<meta property=\"og:image:height\" content=\"630\" \/>\n\t<meta property=\"og:image:type\" content=\"image\/jpeg\" \/>\n<meta name=\"author\" content=\"solivri\" \/>\n<meta name=\"twitter:card\" content=\"summary_large_image\" \/>\n<meta name=\"twitter:creator\" content=\"@justiceinfonet\" \/>\n<meta name=\"twitter:site\" content=\"@justiceinfonet\" \/>\n<meta name=\"twitter:label1\" content=\"\u00c9crit par\" \/>\n\t<meta name=\"twitter:data1\" content=\"solivri\" \/>\n\t<meta name=\"twitter:label2\" content=\"Dur\u00e9e de lecture estim\u00e9e\" \/>\n\t<meta name=\"twitter:data2\" content=\"2 minutes\" \/>\n<script type=\"application\/ld+json\" class=\"yoast-schema-graph\">{\"@context\":\"https:\/\/schema.org\",\"@graph\":[{\"@type\":\"NewsArticle\",\"@id\":\"https:\/\/www.justiceinfo.net\/fr\/12076-070510-rwandagenocide-le-major-habyarabatuma-defendu-par-deux-generaux8884.html#article\",\"isPartOf\":{\"@id\":\"https:\/\/www.justiceinfo.net\/fr\/12076-070510-rwandagenocide-le-major-habyarabatuma-defendu-par-deux-generaux8884.html\"},\"author\":{\"name\":\"solivri\",\"@id\":\"https:\/\/www.justiceinfo.net\/fr#\/schema\/person\/6e53cba1629e2e66f3fc1821d3091865\"},\"headline\":\"07.05.10 - RWANDA\/GENOCIDE - LE MAJOR HABYARABATUMA DEFENDU PAR DEUX GENERAUX\",\"datePublished\":\"2010-05-06T22:00:00+00:00\",\"mainEntityOfPage\":{\"@id\":\"https:\/\/www.justiceinfo.net\/fr\/12076-070510-rwandagenocide-le-major-habyarabatuma-defendu-par-deux-generaux8884.html\"},\"wordCount\":402,\"commentCount\":0,\"publisher\":{\"@id\":\"https:\/\/www.justiceinfo.net\/fr#organization\"},\"articleSection\":[\"Hirondelle News\"],\"inLanguage\":\"fr-FR\",\"potentialAction\":[{\"@type\":\"CommentAction\",\"name\":\"Comment\",\"target\":[\"https:\/\/www.justiceinfo.net\/fr\/12076-070510-rwandagenocide-le-major-habyarabatuma-defendu-par-deux-generaux8884.html#respond\"]}]},{\"@type\":\"WebPage\",\"@id\":\"https:\/\/www.justiceinfo.net\/fr\/12076-070510-rwandagenocide-le-major-habyarabatuma-defendu-par-deux-generaux8884.html\",\"url\":\"https:\/\/www.justiceinfo.net\/fr\/12076-070510-rwandagenocide-le-major-habyarabatuma-defendu-par-deux-generaux8884.html\",\"name\":\"07.05.10 - RWANDA\/GENOCIDE - LE MAJOR HABYARABATUMA DEFENDU PAR DEUX GENERAUX - JusticeInfo.net\",\"isPartOf\":{\"@id\":\"https:\/\/www.justiceinfo.net\/fr#website\"},\"datePublished\":\"2010-05-06T22:00:00+00:00\",\"breadcrumb\":{\"@id\":\"https:\/\/www.justiceinfo.net\/fr\/12076-070510-rwandagenocide-le-major-habyarabatuma-defendu-par-deux-generaux8884.html#breadcrumb\"},\"inLanguage\":\"fr-FR\",\"potentialAction\":[{\"@type\":\"ReadAction\",\"target\":[\"https:\/\/www.justiceinfo.net\/fr\/12076-070510-rwandagenocide-le-major-habyarabatuma-defendu-par-deux-generaux8884.html\"]}]},{\"@type\":\"BreadcrumbList\",\"@id\":\"https:\/\/www.justiceinfo.net\/fr\/12076-070510-rwandagenocide-le-major-habyarabatuma-defendu-par-deux-generaux8884.html#breadcrumb\",\"itemListElement\":[{\"@type\":\"ListItem\",\"position\":1,\"name\":\"Home\",\"item\":\"https:\/\/www.justiceinfo.net\/fr\"},{\"@type\":\"ListItem\",\"position\":2,\"name\":\"07.05.10 - RWANDA\/GENOCIDE - LE MAJOR HABYARABATUMA DEFENDU PAR DEUX GENERAUX\"}]},{\"@type\":\"WebSite\",\"@id\":\"https:\/\/www.justiceinfo.net\/fr#website\",\"url\":\"https:\/\/www.justiceinfo.net\/fr\",\"name\":\"JusticeInfo.net\",\"description\":\"La justice doit \u00eatre vue pour \u00eatre rendue\",\"publisher\":{\"@id\":\"https:\/\/www.justiceinfo.net\/fr#organization\"},\"potentialAction\":[{\"@type\":\"SearchAction\",\"target\":{\"@type\":\"EntryPoint\",\"urlTemplate\":\"https:\/\/www.justiceinfo.net\/fr?s={search_term_string}\"},\"query-input\":{\"@type\":\"PropertyValueSpecification\",\"valueRequired\":true,\"valueName\":\"search_term_string\"}}],\"inLanguage\":\"fr-FR\"},{\"@type\":\"Organization\",\"@id\":\"https:\/\/www.justiceinfo.net\/fr#organization\",\"name\":\"Justice Info\",\"url\":\"https:\/\/www.justiceinfo.net\/fr\",\"logo\":{\"@type\":\"ImageObject\",\"inLanguage\":\"fr-FR\",\"@id\":\"https:\/\/www.justiceinfo.net\/fr#\/schema\/logo\/image\/\",\"url\":\"https:\/\/www.justiceinfo.net\/wp-content\/uploads\/justiceinfo_logo-trans_1200x1200px.png\",\"contentUrl\":\"https:\/\/www.justiceinfo.net\/wp-content\/uploads\/justiceinfo_logo-trans_1200x1200px.png\",\"width\":1199,\"height\":1200,\"caption\":\"Justice Info\"},\"image\":{\"@id\":\"https:\/\/www.justiceinfo.net\/fr#\/schema\/logo\/image\/\"},\"sameAs\":[\"https:\/\/www.facebook.com\/JusticeInfo\/\",\"https:\/\/x.com\/justiceinfonet\",\"https:\/\/www.linkedin.com\/company\/justice-info\",\"https:\/\/www.youtube.com\/channel\/UCyCEsARodyuWtkWyhn-e7pA\"]},{\"@type\":\"Person\",\"name\":\"solivri\",\"url\":\"\/fr\/?s=solivri\"}]}<\/script>\n<!-- \/ Yoast SEO Premium plugin. -->","yoast_head_json":{"title":"07.05.10 - RWANDA\/GENOCIDE - LE MAJOR HABYARABATUMA DEFENDU PAR DEUX GENERAUX - JusticeInfo.net","robots":{"index":"index","follow":"follow","max-snippet":"max-snippet:-1","max-image-preview":"max-image-preview:large","max-video-preview":"max-video-preview:-1"},"canonical":"https:\/\/www.justiceinfo.net\/fr\/12076-070510-rwandagenocide-le-major-habyarabatuma-defendu-par-deux-generaux8884.html","og_locale":"fr_FR","og_type":"article","og_title":"07.05.10 - RWANDA\/GENOCIDE - LE MAJOR HABYARABATUMA DEFENDU PAR DEUX GENERAUX","og_description":"Kigali, 07 mai 2010 (FH) - Le proc&egrave;s pour g&eacute;nocide du major Cyriaque Habyarabatuma, qui commandait la gendarmerie nationale rwandaise au niveau de la pr&eacute;fecture de Butare (Sud) en 1994, s'est poursuivi jeudi avec l'audition des g&eacute;n&eacute;raux Marcel Gatsinzi et Paul Rwarakabije, a rapport&eacute; vendredi Radio Rwanda.","og_url":"https:\/\/www.justiceinfo.net\/fr\/12076-070510-rwandagenocide-le-major-habyarabatuma-defendu-par-deux-generaux8884.html","og_site_name":"JusticeInfo.net","article_publisher":"https:\/\/www.facebook.com\/JusticeInfo\/","article_published_time":"2010-05-06T22:00:00+00:00","og_image":[{"width":1200,"height":630,"url":"https:\/\/www.justiceinfo.net\/wp-content\/uploads\/JusticeInfoNet_logo_1200x630px.jpg","type":"image\/jpeg"}],"author":"solivri","twitter_card":"summary_large_image","twitter_creator":"@justiceinfonet","twitter_site":"@justiceinfonet","twitter_misc":{"\u00c9crit par":"solivri","Dur\u00e9e de lecture estim\u00e9e":"2 minutes"},"schema":{"@context":"https:\/\/schema.org","@graph":[{"@type":"NewsArticle","@id":"https:\/\/www.justiceinfo.net\/fr\/12076-070510-rwandagenocide-le-major-habyarabatuma-defendu-par-deux-generaux8884.html#article","isPartOf":{"@id":"https:\/\/www.justiceinfo.net\/fr\/12076-070510-rwandagenocide-le-major-habyarabatuma-defendu-par-deux-generaux8884.html"},"author":{"name":"solivri","@id":"https:\/\/www.justiceinfo.net\/fr#\/schema\/person\/6e53cba1629e2e66f3fc1821d3091865"},"headline":"07.05.10 - RWANDA\/GENOCIDE - LE MAJOR HABYARABATUMA DEFENDU PAR DEUX GENERAUX","datePublished":"2010-05-06T22:00:00+00:00","mainEntityOfPage":{"@id":"https:\/\/www.justiceinfo.net\/fr\/12076-070510-rwandagenocide-le-major-habyarabatuma-defendu-par-deux-generaux8884.html"},"wordCount":402,"commentCount":0,"publisher":{"@id":"https:\/\/www.justiceinfo.net\/fr#organization"},"articleSection":["Hirondelle News"],"inLanguage":"fr-FR","potentialAction":[{"@type":"CommentAction","name":"Comment","target":["https:\/\/www.justiceinfo.net\/fr\/12076-070510-rwandagenocide-le-major-habyarabatuma-defendu-par-deux-generaux8884.html#respond"]}]},{"@type":"WebPage","@id":"https:\/\/www.justiceinfo.net\/fr\/12076-070510-rwandagenocide-le-major-habyarabatuma-defendu-par-deux-generaux8884.html","url":"https:\/\/www.justiceinfo.net\/fr\/12076-070510-rwandagenocide-le-major-habyarabatuma-defendu-par-deux-generaux8884.html","name":"07.05.10 - RWANDA\/GENOCIDE - LE MAJOR HABYARABATUMA DEFENDU PAR DEUX GENERAUX - JusticeInfo.net","isPartOf":{"@id":"https:\/\/www.justiceinfo.net\/fr#website"},"datePublished":"2010-05-06T22:00:00+00:00","breadcrumb":{"@id":"https:\/\/www.justiceinfo.net\/fr\/12076-070510-rwandagenocide-le-major-habyarabatuma-defendu-par-deux-generaux8884.html#breadcrumb"},"inLanguage":"fr-FR","potentialAction":[{"@type":"ReadAction","target":["https:\/\/www.justiceinfo.net\/fr\/12076-070510-rwandagenocide-le-major-habyarabatuma-defendu-par-deux-generaux8884.html"]}]},{"@type":"BreadcrumbList","@id":"https:\/\/www.justiceinfo.net\/fr\/12076-070510-rwandagenocide-le-major-habyarabatuma-defendu-par-deux-generaux8884.html#breadcrumb","itemListElement":[{"@type":"ListItem","position":1,"name":"Home","item":"https:\/\/www.justiceinfo.net\/fr"},{"@type":"ListItem","position":2,"name":"07.05.10 - RWANDA\/GENOCIDE - LE MAJOR HABYARABATUMA DEFENDU PAR DEUX GENERAUX"}]},{"@type":"WebSite","@id":"https:\/\/www.justiceinfo.net\/fr#website","url":"https:\/\/www.justiceinfo.net\/fr","name":"JusticeInfo.net","description":"La justice doit \u00eatre vue pour \u00eatre rendue","publisher":{"@id":"https:\/\/www.justiceinfo.net\/fr#organization"},"potentialAction":[{"@type":"SearchAction","target":{"@type":"EntryPoint","urlTemplate":"https:\/\/www.justiceinfo.net\/fr?s={search_term_string}"},"query-input":{"@type":"PropertyValueSpecification","valueRequired":true,"valueName":"search_term_string"}}],"inLanguage":"fr-FR"},{"@type":"Organization","@id":"https:\/\/www.justiceinfo.net\/fr#organization","name":"Justice Info","url":"https:\/\/www.justiceinfo.net\/fr","logo":{"@type":"ImageObject","inLanguage":"fr-FR","@id":"https:\/\/www.justiceinfo.net\/fr#\/schema\/logo\/image\/","url":"https:\/\/www.justiceinfo.net\/wp-content\/uploads\/justiceinfo_logo-trans_1200x1200px.png","contentUrl":"https:\/\/www.justiceinfo.net\/wp-content\/uploads\/justiceinfo_logo-trans_1200x1200px.png","width":1199,"height":1200,"caption":"Justice Info"},"image":{"@id":"https:\/\/www.justiceinfo.net\/fr#\/schema\/logo\/image\/"},"sameAs":["https:\/\/www.facebook.com\/JusticeInfo\/","https:\/\/x.com\/justiceinfonet","https:\/\/www.linkedin.com\/company\/justice-info","https:\/\/www.youtube.com\/channel\/UCyCEsARodyuWtkWyhn-e7pA"]},{"@type":"Person","name":"solivri","url":"\/fr\/?s=solivri"}]}},"_links":{"self":[{"href":"https:\/\/www.justiceinfo.net\/fr\/wp-json\/wp\/v2\/posts\/12076","targetHints":{"allow":["GET"]}}],"collection":[{"href":"https:\/\/www.justiceinfo.net\/fr\/wp-json\/wp\/v2\/posts"}],"about":[{"href":"https:\/\/www.justiceinfo.net\/fr\/wp-json\/wp\/v2\/types\/post"}],"author":[{"embeddable":true,"href":"https:\/\/www.justiceinfo.net\/fr\/wp-json\/wp\/v2\/users\/64"}],"replies":[{"embeddable":true,"href":"https:\/\/www.justiceinfo.net\/fr\/wp-json\/wp\/v2\/comments?post=12076"}],"version-history":[{"count":0,"href":"https:\/\/www.justiceinfo.net\/fr\/wp-json\/wp\/v2\/posts\/12076\/revisions"}],"wp:attachment":[{"href":"https:\/\/www.justiceinfo.net\/fr\/wp-json\/wp\/v2\/media?parent=12076"}],"wp:term":[{"taxonomy":"category","embeddable":true,"href":"https:\/\/www.justiceinfo.net\/fr\/wp-json\/wp\/v2\/categories?post=12076"},{"taxonomy":"post_tag","embeddable":true,"href":"https:\/\/www.justiceinfo.net\/fr\/wp-json\/wp\/v2\/tags?post=12076"},{"taxonomy":"ji_location","embeddable":true,"href":"https:\/\/www.justiceinfo.net\/fr\/wp-json\/wp\/v2\/ji_location?post=12076"}],"curies":[{"name":"wp","href":"https:\/\/api.w.org\/{rel}","templated":true}]}}