{"id":12078,"date":"2010-05-07T00:00:00","date_gmt":"2010-05-06T22:00:00","guid":{"rendered":"https:\/\/www.justiceinfo.net\/12078-070510-tpirsynthese-nzirorera-continue-de-citer-pour-sa-defense-dautres-detenus-du-tpir8886.html"},"modified":"2010-05-07T00:00:00","modified_gmt":"2010-05-06T22:00:00","slug":"070510-tpirsynthese-nzirorera-continue-de-citer-pour-sa-defense-dautres-detenus-du-tpir8886","status":"publish","type":"post","link":"https:\/\/www.justiceinfo.net\/fr\/12078-070510-tpirsynthese-nzirorera-continue-de-citer-pour-sa-defense-dautres-detenus-du-tpir8886.html","title":{"rendered":"07.05.10 - TPIR\/SYNTHESE - NZIRORERA CONTINUE DE CITER POUR SA DEFENSE D'AUTRES DETENUS DU TPIR"},"content":{"rendered":"<p >\nArusha, 7 mai 2010 (FH) - Deux proc&egrave;s, celui des anciens dirigeants du MRND et celui de l'ex-ministre de la Jeunesse, Callixte Nzabonimana, se sont poursuivis cette semaine au Tribunal p&eacute;nal international pour le Rwanda (TPIR).\n<\/p>\n<p><!--more--><\/p>\n<p >\n<p >\nDans la premi&egrave;re affaire, l'ancien secr&eacute;taire g&eacute;n&eacute;ral du MRND, Joseph Nzirorera, a poursuivi sa d&eacute;fense avec sa s&eacute;rie de t&eacute;moins d&eacute;tenus ou condamn&eacute;s par le TPIR. L'ex-ministre de la Famille, Pauline Nyiramasuhuko, seule femme &agrave; avoir &eacute;t&eacute; inculp&eacute;e par le TPIR, le colonel Ephrem Setako et le lieutenant Samuel Imanishimwe ont &eacute;t&eacute; entendus.\n<\/p>\n<p >\n<p >\nNyiramasuhuko attend le verdict, Setako a &eacute;t&eacute; condamn&eacute; &agrave; 25 ans de prison en f&eacute;vrier dernier tandis qu'Imanishimwe a d&eacute;j&agrave; purg&eacute; la totalit&eacute; de sa peine de 12 ans de r&eacute;clusion.\n<\/p>\n<p >\nPauline Nyiramasuhuko a affirm&eacute; que le MRND, dont elle &eacute;tait l'un des principaux responsables dans le sud du pays, n'avait jamais appel&eacute; au g&eacute;nocide.\n<\/p>\n<p >\nLe proc&egrave;s se poursuivra lundi prochain avec l'audition du plus c&eacute;l&egrave;bre d&eacute;tenu du TPIR, l'ex-directeur de cabinet au minist&egrave;re de la D&eacute;fense, le colonel Th&eacute;oneste Bagosora, condamn&eacute; &agrave; la prison &agrave; vie en d&eacute;cembre 2008 apr&egrave;s avoir &eacute;t&eacute; reconnu coupable de crimes de g&eacute;nocide, de crimes contre l'humanit&eacute; et de crimes de guerre.\n<\/p>\n<p >\n<p >\nLe colonel, qui attend son proc&egrave;s en appel, a &eacute;t&eacute;, en revanche, acquitt&eacute; du chef d'entente en vue de commettre le g&eacute;nocide alors que le procureur l'avait pr&eacute;sent&eacute; comme &laquo; le cerveau &raquo; de l'&eacute;limination des Tutsis.\n<\/p>\n<p >\n<p >\nDans une autre salle d'audience, Nzabonimana a continu&eacute; sa d&eacute;fense, faisant compara&icirc;tre ses t&eacute;moins &agrave; huis pour la quatri&egrave;me semaine cons&eacute;cutive. Sur la trentaine de t&eacute;moins &agrave; d&eacute;charge pr&eacute;vus, huit ont &eacute;t&eacute; d&eacute;j&agrave; entendus. Le proc&egrave;s se poursuivra lundi prochain.&nbsp;\n<\/p>\n<p >\n<p >\nER\/GF\n<\/p>\n<p >\n<p >\n&copy; Agence Hirondelle\n<\/p><\/p>\n","protected":false},"excerpt":{"rendered":"<p>Arusha, 7 mai 2010 (FH) - Deux proc&egrave;s, celui des anciens dirigeants du MRND et celui de l'ex-ministre de la Jeunesse, Callixte Nzabonimana, se sont poursuivis cette semaine au Tribunal p&eacute;nal international pour le Rwanda (TPIR).<\/p>\n","protected":false},"author":64,"featured_media":0,"comment_status":"open","ping_status":"closed","sticky":false,"template":"","format":"standard","meta":{"_acf_changed":false,"footnotes":""},"categories":[554],"tags":[],"ji_location":[],"class_list":["post-12078","post","type-post","status-publish","format-standard","hentry","category-hirondellenews"],"acf":[],"yoast_head":"<!-- This site is optimized with the Yoast SEO Premium plugin v25.3.1 (Yoast SEO v25.3.1) - https:\/\/yoast.com\/wordpress\/plugins\/seo\/ -->\n<title>07.05.10 - TPIR\/SYNTHESE - NZIRORERA CONTINUE DE CITER POUR SA DEFENSE D&#039;AUTRES DETENUS DU TPIR - JusticeInfo.net<\/title>\n<meta name=\"robots\" content=\"index, follow, max-snippet:-1, max-image-preview:large, max-video-preview:-1\" \/>\n<link rel=\"canonical\" href=\"https:\/\/www.justiceinfo.net\/fr\/12078-070510-tpirsynthese-nzirorera-continue-de-citer-pour-sa-defense-dautres-detenus-du-tpir8886.html\" \/>\n<meta property=\"og:locale\" content=\"fr_FR\" \/>\n<meta property=\"og:type\" content=\"article\" \/>\n<meta property=\"og:title\" content=\"07.05.10 - TPIR\/SYNTHESE - NZIRORERA CONTINUE DE CITER POUR SA DEFENSE D&#039;AUTRES DETENUS DU TPIR\" \/>\n<meta property=\"og:description\" content=\"Arusha, 7 mai 2010 (FH) - Deux proc&egrave;s, celui des anciens dirigeants du MRND et celui de l&#039;ex-ministre de la Jeunesse, Callixte Nzabonimana, se sont poursuivis cette semaine au Tribunal p&eacute;nal international pour le Rwanda (TPIR).\" \/>\n<meta property=\"og:url\" content=\"https:\/\/www.justiceinfo.net\/fr\/12078-070510-tpirsynthese-nzirorera-continue-de-citer-pour-sa-defense-dautres-detenus-du-tpir8886.html\" \/>\n<meta property=\"og:site_name\" content=\"JusticeInfo.net\" \/>\n<meta property=\"article:publisher\" content=\"https:\/\/www.facebook.com\/JusticeInfo\/\" \/>\n<meta property=\"article:published_time\" content=\"2010-05-06T22:00:00+00:00\" \/>\n<meta property=\"og:image\" content=\"https:\/\/www.justiceinfo.net\/wp-content\/uploads\/JusticeInfoNet_logo_1200x630px.jpg\" \/>\n\t<meta property=\"og:image:width\" content=\"1200\" \/>\n\t<meta property=\"og:image:height\" content=\"630\" \/>\n\t<meta property=\"og:image:type\" content=\"image\/jpeg\" \/>\n<meta name=\"author\" content=\"solivri\" \/>\n<meta name=\"twitter:card\" content=\"summary_large_image\" \/>\n<meta name=\"twitter:creator\" content=\"@justiceinfonet\" \/>\n<meta name=\"twitter:site\" content=\"@justiceinfonet\" \/>\n<meta name=\"twitter:label1\" content=\"\u00c9crit par\" \/>\n\t<meta name=\"twitter:data1\" content=\"solivri\" \/>\n\t<meta name=\"twitter:label2\" content=\"Dur\u00e9e de lecture estim\u00e9e\" \/>\n\t<meta name=\"twitter:data2\" content=\"2 minutes\" \/>\n<script type=\"application\/ld+json\" class=\"yoast-schema-graph\">{\"@context\":\"https:\/\/schema.org\",\"@graph\":[{\"@type\":\"NewsArticle\",\"@id\":\"https:\/\/www.justiceinfo.net\/fr\/12078-070510-tpirsynthese-nzirorera-continue-de-citer-pour-sa-defense-dautres-detenus-du-tpir8886.html#article\",\"isPartOf\":{\"@id\":\"https:\/\/www.justiceinfo.net\/fr\/12078-070510-tpirsynthese-nzirorera-continue-de-citer-pour-sa-defense-dautres-detenus-du-tpir8886.html\"},\"author\":{\"name\":\"solivri\",\"@id\":\"https:\/\/www.justiceinfo.net\/fr#\/schema\/person\/6e53cba1629e2e66f3fc1821d3091865\"},\"headline\":\"07.05.10 - TPIR\/SYNTHESE - NZIRORERA CONTINUE DE CITER POUR SA DEFENSE D'AUTRES DETENUS DU TPIR\",\"datePublished\":\"2010-05-06T22:00:00+00:00\",\"mainEntityOfPage\":{\"@id\":\"https:\/\/www.justiceinfo.net\/fr\/12078-070510-tpirsynthese-nzirorera-continue-de-citer-pour-sa-defense-dautres-detenus-du-tpir8886.html\"},\"wordCount\":408,\"commentCount\":0,\"publisher\":{\"@id\":\"https:\/\/www.justiceinfo.net\/fr#organization\"},\"articleSection\":[\"Hirondelle News\"],\"inLanguage\":\"fr-FR\",\"potentialAction\":[{\"@type\":\"CommentAction\",\"name\":\"Comment\",\"target\":[\"https:\/\/www.justiceinfo.net\/fr\/12078-070510-tpirsynthese-nzirorera-continue-de-citer-pour-sa-defense-dautres-detenus-du-tpir8886.html#respond\"]}]},{\"@type\":\"WebPage\",\"@id\":\"https:\/\/www.justiceinfo.net\/fr\/12078-070510-tpirsynthese-nzirorera-continue-de-citer-pour-sa-defense-dautres-detenus-du-tpir8886.html\",\"url\":\"https:\/\/www.justiceinfo.net\/fr\/12078-070510-tpirsynthese-nzirorera-continue-de-citer-pour-sa-defense-dautres-detenus-du-tpir8886.html\",\"name\":\"07.05.10 - TPIR\/SYNTHESE - NZIRORERA CONTINUE DE CITER POUR SA DEFENSE D'AUTRES DETENUS DU TPIR - JusticeInfo.net\",\"isPartOf\":{\"@id\":\"https:\/\/www.justiceinfo.net\/fr#website\"},\"datePublished\":\"2010-05-06T22:00:00+00:00\",\"breadcrumb\":{\"@id\":\"https:\/\/www.justiceinfo.net\/fr\/12078-070510-tpirsynthese-nzirorera-continue-de-citer-pour-sa-defense-dautres-detenus-du-tpir8886.html#breadcrumb\"},\"inLanguage\":\"fr-FR\",\"potentialAction\":[{\"@type\":\"ReadAction\",\"target\":[\"https:\/\/www.justiceinfo.net\/fr\/12078-070510-tpirsynthese-nzirorera-continue-de-citer-pour-sa-defense-dautres-detenus-du-tpir8886.html\"]}]},{\"@type\":\"BreadcrumbList\",\"@id\":\"https:\/\/www.justiceinfo.net\/fr\/12078-070510-tpirsynthese-nzirorera-continue-de-citer-pour-sa-defense-dautres-detenus-du-tpir8886.html#breadcrumb\",\"itemListElement\":[{\"@type\":\"ListItem\",\"position\":1,\"name\":\"Home\",\"item\":\"https:\/\/www.justiceinfo.net\/fr\"},{\"@type\":\"ListItem\",\"position\":2,\"name\":\"07.05.10 - TPIR\/SYNTHESE - NZIRORERA CONTINUE DE CITER POUR SA DEFENSE D'AUTRES DETENUS DU TPIR\"}]},{\"@type\":\"WebSite\",\"@id\":\"https:\/\/www.justiceinfo.net\/fr#website\",\"url\":\"https:\/\/www.justiceinfo.net\/fr\",\"name\":\"JusticeInfo.net\",\"description\":\"La justice doit \u00eatre vue pour \u00eatre rendue\",\"publisher\":{\"@id\":\"https:\/\/www.justiceinfo.net\/fr#organization\"},\"potentialAction\":[{\"@type\":\"SearchAction\",\"target\":{\"@type\":\"EntryPoint\",\"urlTemplate\":\"https:\/\/www.justiceinfo.net\/fr?s={search_term_string}\"},\"query-input\":{\"@type\":\"PropertyValueSpecification\",\"valueRequired\":true,\"valueName\":\"search_term_string\"}}],\"inLanguage\":\"fr-FR\"},{\"@type\":\"Organization\",\"@id\":\"https:\/\/www.justiceinfo.net\/fr#organization\",\"name\":\"Justice Info\",\"url\":\"https:\/\/www.justiceinfo.net\/fr\",\"logo\":{\"@type\":\"ImageObject\",\"inLanguage\":\"fr-FR\",\"@id\":\"https:\/\/www.justiceinfo.net\/fr#\/schema\/logo\/image\/\",\"url\":\"https:\/\/www.justiceinfo.net\/wp-content\/uploads\/justiceinfo_logo-trans_1200x1200px.png\",\"contentUrl\":\"https:\/\/www.justiceinfo.net\/wp-content\/uploads\/justiceinfo_logo-trans_1200x1200px.png\",\"width\":1199,\"height\":1200,\"caption\":\"Justice Info\"},\"image\":{\"@id\":\"https:\/\/www.justiceinfo.net\/fr#\/schema\/logo\/image\/\"},\"sameAs\":[\"https:\/\/www.facebook.com\/JusticeInfo\/\",\"https:\/\/x.com\/justiceinfonet\",\"https:\/\/www.linkedin.com\/company\/justice-info\",\"https:\/\/www.youtube.com\/channel\/UCyCEsARodyuWtkWyhn-e7pA\"]},{\"@type\":\"Person\",\"name\":\"solivri\",\"url\":\"\/fr\/?s=solivri\"}]}<\/script>\n<!-- \/ Yoast SEO Premium plugin. -->","yoast_head_json":{"title":"07.05.10 - TPIR\/SYNTHESE - NZIRORERA CONTINUE DE CITER POUR SA DEFENSE D'AUTRES DETENUS DU TPIR - JusticeInfo.net","robots":{"index":"index","follow":"follow","max-snippet":"max-snippet:-1","max-image-preview":"max-image-preview:large","max-video-preview":"max-video-preview:-1"},"canonical":"https:\/\/www.justiceinfo.net\/fr\/12078-070510-tpirsynthese-nzirorera-continue-de-citer-pour-sa-defense-dautres-detenus-du-tpir8886.html","og_locale":"fr_FR","og_type":"article","og_title":"07.05.10 - TPIR\/SYNTHESE - NZIRORERA CONTINUE DE CITER POUR SA DEFENSE D'AUTRES DETENUS DU TPIR","og_description":"Arusha, 7 mai 2010 (FH) - Deux proc&egrave;s, celui des anciens dirigeants du MRND et celui de l'ex-ministre de la Jeunesse, Callixte Nzabonimana, se sont poursuivis cette semaine au Tribunal p&eacute;nal international pour le Rwanda (TPIR).","og_url":"https:\/\/www.justiceinfo.net\/fr\/12078-070510-tpirsynthese-nzirorera-continue-de-citer-pour-sa-defense-dautres-detenus-du-tpir8886.html","og_site_name":"JusticeInfo.net","article_publisher":"https:\/\/www.facebook.com\/JusticeInfo\/","article_published_time":"2010-05-06T22:00:00+00:00","og_image":[{"width":1200,"height":630,"url":"https:\/\/www.justiceinfo.net\/wp-content\/uploads\/JusticeInfoNet_logo_1200x630px.jpg","type":"image\/jpeg"}],"author":"solivri","twitter_card":"summary_large_image","twitter_creator":"@justiceinfonet","twitter_site":"@justiceinfonet","twitter_misc":{"\u00c9crit par":"solivri","Dur\u00e9e de lecture estim\u00e9e":"2 minutes"},"schema":{"@context":"https:\/\/schema.org","@graph":[{"@type":"NewsArticle","@id":"https:\/\/www.justiceinfo.net\/fr\/12078-070510-tpirsynthese-nzirorera-continue-de-citer-pour-sa-defense-dautres-detenus-du-tpir8886.html#article","isPartOf":{"@id":"https:\/\/www.justiceinfo.net\/fr\/12078-070510-tpirsynthese-nzirorera-continue-de-citer-pour-sa-defense-dautres-detenus-du-tpir8886.html"},"author":{"name":"solivri","@id":"https:\/\/www.justiceinfo.net\/fr#\/schema\/person\/6e53cba1629e2e66f3fc1821d3091865"},"headline":"07.05.10 - TPIR\/SYNTHESE - NZIRORERA CONTINUE DE CITER POUR SA DEFENSE D'AUTRES DETENUS DU TPIR","datePublished":"2010-05-06T22:00:00+00:00","mainEntityOfPage":{"@id":"https:\/\/www.justiceinfo.net\/fr\/12078-070510-tpirsynthese-nzirorera-continue-de-citer-pour-sa-defense-dautres-detenus-du-tpir8886.html"},"wordCount":408,"commentCount":0,"publisher":{"@id":"https:\/\/www.justiceinfo.net\/fr#organization"},"articleSection":["Hirondelle News"],"inLanguage":"fr-FR","potentialAction":[{"@type":"CommentAction","name":"Comment","target":["https:\/\/www.justiceinfo.net\/fr\/12078-070510-tpirsynthese-nzirorera-continue-de-citer-pour-sa-defense-dautres-detenus-du-tpir8886.html#respond"]}]},{"@type":"WebPage","@id":"https:\/\/www.justiceinfo.net\/fr\/12078-070510-tpirsynthese-nzirorera-continue-de-citer-pour-sa-defense-dautres-detenus-du-tpir8886.html","url":"https:\/\/www.justiceinfo.net\/fr\/12078-070510-tpirsynthese-nzirorera-continue-de-citer-pour-sa-defense-dautres-detenus-du-tpir8886.html","name":"07.05.10 - TPIR\/SYNTHESE - NZIRORERA CONTINUE DE CITER POUR SA DEFENSE D'AUTRES DETENUS DU TPIR - JusticeInfo.net","isPartOf":{"@id":"https:\/\/www.justiceinfo.net\/fr#website"},"datePublished":"2010-05-06T22:00:00+00:00","breadcrumb":{"@id":"https:\/\/www.justiceinfo.net\/fr\/12078-070510-tpirsynthese-nzirorera-continue-de-citer-pour-sa-defense-dautres-detenus-du-tpir8886.html#breadcrumb"},"inLanguage":"fr-FR","potentialAction":[{"@type":"ReadAction","target":["https:\/\/www.justiceinfo.net\/fr\/12078-070510-tpirsynthese-nzirorera-continue-de-citer-pour-sa-defense-dautres-detenus-du-tpir8886.html"]}]},{"@type":"BreadcrumbList","@id":"https:\/\/www.justiceinfo.net\/fr\/12078-070510-tpirsynthese-nzirorera-continue-de-citer-pour-sa-defense-dautres-detenus-du-tpir8886.html#breadcrumb","itemListElement":[{"@type":"ListItem","position":1,"name":"Home","item":"https:\/\/www.justiceinfo.net\/fr"},{"@type":"ListItem","position":2,"name":"07.05.10 - TPIR\/SYNTHESE - NZIRORERA CONTINUE DE CITER POUR SA DEFENSE D'AUTRES DETENUS DU TPIR"}]},{"@type":"WebSite","@id":"https:\/\/www.justiceinfo.net\/fr#website","url":"https:\/\/www.justiceinfo.net\/fr","name":"JusticeInfo.net","description":"La justice doit \u00eatre vue pour \u00eatre rendue","publisher":{"@id":"https:\/\/www.justiceinfo.net\/fr#organization"},"potentialAction":[{"@type":"SearchAction","target":{"@type":"EntryPoint","urlTemplate":"https:\/\/www.justiceinfo.net\/fr?s={search_term_string}"},"query-input":{"@type":"PropertyValueSpecification","valueRequired":true,"valueName":"search_term_string"}}],"inLanguage":"fr-FR"},{"@type":"Organization","@id":"https:\/\/www.justiceinfo.net\/fr#organization","name":"Justice Info","url":"https:\/\/www.justiceinfo.net\/fr","logo":{"@type":"ImageObject","inLanguage":"fr-FR","@id":"https:\/\/www.justiceinfo.net\/fr#\/schema\/logo\/image\/","url":"https:\/\/www.justiceinfo.net\/wp-content\/uploads\/justiceinfo_logo-trans_1200x1200px.png","contentUrl":"https:\/\/www.justiceinfo.net\/wp-content\/uploads\/justiceinfo_logo-trans_1200x1200px.png","width":1199,"height":1200,"caption":"Justice Info"},"image":{"@id":"https:\/\/www.justiceinfo.net\/fr#\/schema\/logo\/image\/"},"sameAs":["https:\/\/www.facebook.com\/JusticeInfo\/","https:\/\/x.com\/justiceinfonet","https:\/\/www.linkedin.com\/company\/justice-info","https:\/\/www.youtube.com\/channel\/UCyCEsARodyuWtkWyhn-e7pA"]},{"@type":"Person","name":"solivri","url":"\/fr\/?s=solivri"}]}},"_links":{"self":[{"href":"https:\/\/www.justiceinfo.net\/fr\/wp-json\/wp\/v2\/posts\/12078","targetHints":{"allow":["GET"]}}],"collection":[{"href":"https:\/\/www.justiceinfo.net\/fr\/wp-json\/wp\/v2\/posts"}],"about":[{"href":"https:\/\/www.justiceinfo.net\/fr\/wp-json\/wp\/v2\/types\/post"}],"author":[{"embeddable":true,"href":"https:\/\/www.justiceinfo.net\/fr\/wp-json\/wp\/v2\/users\/64"}],"replies":[{"embeddable":true,"href":"https:\/\/www.justiceinfo.net\/fr\/wp-json\/wp\/v2\/comments?post=12078"}],"version-history":[{"count":0,"href":"https:\/\/www.justiceinfo.net\/fr\/wp-json\/wp\/v2\/posts\/12078\/revisions"}],"wp:attachment":[{"href":"https:\/\/www.justiceinfo.net\/fr\/wp-json\/wp\/v2\/media?parent=12078"}],"wp:term":[{"taxonomy":"category","embeddable":true,"href":"https:\/\/www.justiceinfo.net\/fr\/wp-json\/wp\/v2\/categories?post=12078"},{"taxonomy":"post_tag","embeddable":true,"href":"https:\/\/www.justiceinfo.net\/fr\/wp-json\/wp\/v2\/tags?post=12078"},{"taxonomy":"ji_location","embeddable":true,"href":"https:\/\/www.justiceinfo.net\/fr\/wp-json\/wp\/v2\/ji_location?post=12078"}],"curies":[{"name":"wp","href":"https:\/\/api.w.org\/{rel}","templated":true}]}}