{"id":12086,"date":"2010-05-11T00:00:00","date_gmt":"2010-05-10T22:00:00","guid":{"rendered":"https:\/\/www.justiceinfo.net\/12086-110510-rwandafrance-des-juges-francais-au-rwanda-pour-enqueter-sur-le-cas-dun-capitaine8894.html"},"modified":"2010-05-11T00:00:00","modified_gmt":"2010-05-10T22:00:00","slug":"110510-rwandafrance-des-juges-francais-au-rwanda-pour-enqueter-sur-le-cas-dun-capitaine8894","status":"publish","type":"post","link":"https:\/\/www.justiceinfo.net\/fr\/12086-110510-rwandafrance-des-juges-francais-au-rwanda-pour-enqueter-sur-le-cas-dun-capitaine8894.html","title":{"rendered":"11.05.10 - RWANDA\/FRANCE - DES JUGES FRANCAIS AU RWANDA POUR ENQUETER SUR LE CAS D`UN CAPITAINE"},"content":{"rendered":"<p >\nArusha, 11 mai 2010 (FH) - Des magistrats fran&ccedil;ais, dont deux juges d'instruction, m&egrave;nent actuellement des enqu&ecirc;tes au Rwanda sur le r&ocirc;le pr&eacute;sum&eacute; du capitaine Pascal Simbikangwa dans le g&eacute;nocide des Tutsis en 1994, a-t-on appris mardi de source judiciaire rwandaise.\n<\/p>\n<p><!--more--><\/p>\n<p >\n&laquo; Ils sont arriv&eacute;s le 8 mai pour deux semaines d'investigations &raquo;, a indiqu&eacute; &agrave; l'agence Hirondelle le porte-parole du parquet g&eacute;n&eacute;ral du Rwanda, Augustin Nkusi, joint au t&eacute;l&eacute;phone &agrave; Kigali depuis Arusha.\n<\/p>\n<p >\nLe capitaine, qui se d&eacute;place en chaise roulante, &eacute;tait, en 1994, chef des renseignements militaires et de la criminologie &agrave; la pr&eacute;sidence.\n<\/p>\n<p >\nIl est accus&eacute; par le Rwanda d'avoir particip&eacute; &agrave; la confection de listes de Tutsis &agrave; tuer et de s'&ecirc;tre illustr&eacute; dans des massacres dans la capitale.\n<\/p>\n<p >\n<p >\nCet ancien capitaine des Forces arm&eacute;es rwandaises (FAR), d'abord install&eacute; &agrave; Mayotte, une &icirc;le fran&ccedil;aise de l'Oc&eacute;an indien, est vis&eacute; depuis 2009 par une plainte du Collectif des parties civiles pour le Rwanda (CPCR), une association cr&eacute;&eacute;e en France.\n<\/p>\n<p >\nIl a &eacute;t&eacute; interpell&eacute; en octobre 2008 &agrave; Mayotte dans une affaire de faux papiers, puis identifi&eacute; comme &eacute;tant recherch&eacute; par Interpol pour son implication pr&eacute;sum&eacute;e dans le g&eacute;nocide. Il a &eacute;t&eacute; inculp&eacute; en avril 2009, puis incarc&eacute;r&eacute; &agrave; Paris.\n<\/p>\n<p >\nDepuis 1995, la justice fran&ccedil;aise a ouvert quinze enqu&ecirc;tes visant des Rwandais r&eacute;fugi&eacute;s en France et accus&eacute;s par des rescap&eacute;s d'avoir particip&eacute; au g&eacute;nocide de 1994. Aucun proc&egrave;s n'a cependant encore eu lieu.&nbsp;&nbsp;&nbsp;&nbsp;&nbsp;&nbsp;\n<\/p>\n<p >\nCette commission rogatoire fran&ccedil;aise n'est pas la seule actuellement pr&eacute;sente au Rwanda car une autre est arriv&eacute;e de Norv&egrave;ge le 29 avril pour des enqu&ecirc;tes dans le dossier d'un autre Rwandais soup&ccedil;onn&eacute; de participation au g&eacute;nocide, Sadi Bugingo, qui vit dans ce pays scandinave, selon Nkusi. L'&eacute;quipe norv&eacute;gienne devrait terminer sa mission jeudi, a ajout&eacute; la source.\n<\/p>\n<p >\nER\/GF\n<\/p>\n<p>\n&copy; Agence Hirondelle<\/p>\n","protected":false},"excerpt":{"rendered":"<p>Arusha, 11 mai 2010 (FH) - Des magistrats fran&ccedil;ais, dont deux juges d'instruction, m&egrave;nent actuellement des enqu&ecirc;tes au Rwanda sur le r&ocirc;le pr&eacute;sum&eacute; du capitaine Pascal Simbikangwa dans le g&eacute;nocide des Tutsis en 1994, a-t-on appris mardi de source judiciaire rwandaise.<\/p>\n","protected":false},"author":64,"featured_media":0,"comment_status":"open","ping_status":"closed","sticky":false,"template":"","format":"standard","meta":{"_acf_changed":false,"footnotes":""},"categories":[554],"tags":[],"ji_location":[],"class_list":["post-12086","post","type-post","status-publish","format-standard","hentry","category-hirondellenews"],"acf":[],"yoast_head":"<!-- This site is optimized with the Yoast SEO Premium plugin v25.3.1 (Yoast SEO v25.3.1) - https:\/\/yoast.com\/wordpress\/plugins\/seo\/ -->\n<title>11.05.10 - RWANDA\/FRANCE - DES JUGES FRANCAIS AU RWANDA POUR ENQUETER SUR LE CAS D`UN CAPITAINE - JusticeInfo.net<\/title>\n<meta name=\"robots\" content=\"index, follow, max-snippet:-1, max-image-preview:large, max-video-preview:-1\" \/>\n<link rel=\"canonical\" href=\"https:\/\/www.justiceinfo.net\/fr\/12086-110510-rwandafrance-des-juges-francais-au-rwanda-pour-enqueter-sur-le-cas-dun-capitaine8894.html\" \/>\n<meta property=\"og:locale\" content=\"fr_FR\" \/>\n<meta property=\"og:type\" content=\"article\" \/>\n<meta property=\"og:title\" content=\"11.05.10 - RWANDA\/FRANCE - DES JUGES FRANCAIS AU RWANDA POUR ENQUETER SUR LE CAS D`UN CAPITAINE\" \/>\n<meta property=\"og:description\" content=\"Arusha, 11 mai 2010 (FH) - Des magistrats fran&ccedil;ais, dont deux juges d&#039;instruction, m&egrave;nent actuellement des enqu&ecirc;tes au Rwanda sur le r&ocirc;le pr&eacute;sum&eacute; du capitaine Pascal Simbikangwa dans le g&eacute;nocide des Tutsis en 1994, a-t-on appris mardi de source judiciaire rwandaise.\" \/>\n<meta property=\"og:url\" content=\"https:\/\/www.justiceinfo.net\/fr\/12086-110510-rwandafrance-des-juges-francais-au-rwanda-pour-enqueter-sur-le-cas-dun-capitaine8894.html\" \/>\n<meta property=\"og:site_name\" content=\"JusticeInfo.net\" \/>\n<meta property=\"article:publisher\" content=\"https:\/\/www.facebook.com\/JusticeInfo\/\" \/>\n<meta property=\"article:published_time\" content=\"2010-05-10T22:00:00+00:00\" \/>\n<meta property=\"og:image\" content=\"https:\/\/www.justiceinfo.net\/wp-content\/uploads\/JusticeInfoNet_logo_1200x630px.jpg\" \/>\n\t<meta property=\"og:image:width\" content=\"1200\" \/>\n\t<meta property=\"og:image:height\" content=\"630\" \/>\n\t<meta property=\"og:image:type\" content=\"image\/jpeg\" \/>\n<meta name=\"author\" content=\"solivri\" \/>\n<meta name=\"twitter:card\" content=\"summary_large_image\" \/>\n<meta name=\"twitter:creator\" content=\"@justiceinfonet\" \/>\n<meta name=\"twitter:site\" content=\"@justiceinfonet\" \/>\n<meta name=\"twitter:label1\" content=\"\u00c9crit par\" \/>\n\t<meta name=\"twitter:data1\" content=\"solivri\" \/>\n\t<meta name=\"twitter:label2\" content=\"Dur\u00e9e de lecture estim\u00e9e\" \/>\n\t<meta name=\"twitter:data2\" content=\"2 minutes\" \/>\n<script type=\"application\/ld+json\" class=\"yoast-schema-graph\">{\"@context\":\"https:\/\/schema.org\",\"@graph\":[{\"@type\":\"NewsArticle\",\"@id\":\"https:\/\/www.justiceinfo.net\/fr\/12086-110510-rwandafrance-des-juges-francais-au-rwanda-pour-enqueter-sur-le-cas-dun-capitaine8894.html#article\",\"isPartOf\":{\"@id\":\"https:\/\/www.justiceinfo.net\/fr\/12086-110510-rwandafrance-des-juges-francais-au-rwanda-pour-enqueter-sur-le-cas-dun-capitaine8894.html\"},\"author\":{\"name\":\"solivri\",\"@id\":\"https:\/\/www.justiceinfo.net\/fr#\/schema\/person\/6e53cba1629e2e66f3fc1821d3091865\"},\"headline\":\"11.05.10 - RWANDA\/FRANCE - DES JUGES FRANCAIS AU RWANDA POUR ENQUETER SUR LE CAS D`UN CAPITAINE\",\"datePublished\":\"2010-05-10T22:00:00+00:00\",\"mainEntityOfPage\":{\"@id\":\"https:\/\/www.justiceinfo.net\/fr\/12086-110510-rwandafrance-des-juges-francais-au-rwanda-pour-enqueter-sur-le-cas-dun-capitaine8894.html\"},\"wordCount\":420,\"commentCount\":0,\"publisher\":{\"@id\":\"https:\/\/www.justiceinfo.net\/fr#organization\"},\"articleSection\":[\"Hirondelle News\"],\"inLanguage\":\"fr-FR\",\"potentialAction\":[{\"@type\":\"CommentAction\",\"name\":\"Comment\",\"target\":[\"https:\/\/www.justiceinfo.net\/fr\/12086-110510-rwandafrance-des-juges-francais-au-rwanda-pour-enqueter-sur-le-cas-dun-capitaine8894.html#respond\"]}]},{\"@type\":\"WebPage\",\"@id\":\"https:\/\/www.justiceinfo.net\/fr\/12086-110510-rwandafrance-des-juges-francais-au-rwanda-pour-enqueter-sur-le-cas-dun-capitaine8894.html\",\"url\":\"https:\/\/www.justiceinfo.net\/fr\/12086-110510-rwandafrance-des-juges-francais-au-rwanda-pour-enqueter-sur-le-cas-dun-capitaine8894.html\",\"name\":\"11.05.10 - RWANDA\/FRANCE - DES JUGES FRANCAIS AU RWANDA POUR ENQUETER SUR LE CAS D`UN CAPITAINE - JusticeInfo.net\",\"isPartOf\":{\"@id\":\"https:\/\/www.justiceinfo.net\/fr#website\"},\"datePublished\":\"2010-05-10T22:00:00+00:00\",\"breadcrumb\":{\"@id\":\"https:\/\/www.justiceinfo.net\/fr\/12086-110510-rwandafrance-des-juges-francais-au-rwanda-pour-enqueter-sur-le-cas-dun-capitaine8894.html#breadcrumb\"},\"inLanguage\":\"fr-FR\",\"potentialAction\":[{\"@type\":\"ReadAction\",\"target\":[\"https:\/\/www.justiceinfo.net\/fr\/12086-110510-rwandafrance-des-juges-francais-au-rwanda-pour-enqueter-sur-le-cas-dun-capitaine8894.html\"]}]},{\"@type\":\"BreadcrumbList\",\"@id\":\"https:\/\/www.justiceinfo.net\/fr\/12086-110510-rwandafrance-des-juges-francais-au-rwanda-pour-enqueter-sur-le-cas-dun-capitaine8894.html#breadcrumb\",\"itemListElement\":[{\"@type\":\"ListItem\",\"position\":1,\"name\":\"Home\",\"item\":\"https:\/\/www.justiceinfo.net\/fr\"},{\"@type\":\"ListItem\",\"position\":2,\"name\":\"11.05.10 - RWANDA\/FRANCE - DES JUGES FRANCAIS AU RWANDA POUR ENQUETER SUR LE CAS D`UN CAPITAINE\"}]},{\"@type\":\"WebSite\",\"@id\":\"https:\/\/www.justiceinfo.net\/fr#website\",\"url\":\"https:\/\/www.justiceinfo.net\/fr\",\"name\":\"JusticeInfo.net\",\"description\":\"La justice doit \u00eatre vue pour \u00eatre rendue\",\"publisher\":{\"@id\":\"https:\/\/www.justiceinfo.net\/fr#organization\"},\"potentialAction\":[{\"@type\":\"SearchAction\",\"target\":{\"@type\":\"EntryPoint\",\"urlTemplate\":\"https:\/\/www.justiceinfo.net\/fr?s={search_term_string}\"},\"query-input\":{\"@type\":\"PropertyValueSpecification\",\"valueRequired\":true,\"valueName\":\"search_term_string\"}}],\"inLanguage\":\"fr-FR\"},{\"@type\":\"Organization\",\"@id\":\"https:\/\/www.justiceinfo.net\/fr#organization\",\"name\":\"Justice Info\",\"url\":\"https:\/\/www.justiceinfo.net\/fr\",\"logo\":{\"@type\":\"ImageObject\",\"inLanguage\":\"fr-FR\",\"@id\":\"https:\/\/www.justiceinfo.net\/fr#\/schema\/logo\/image\/\",\"url\":\"https:\/\/www.justiceinfo.net\/wp-content\/uploads\/justiceinfo_logo-trans_1200x1200px.png\",\"contentUrl\":\"https:\/\/www.justiceinfo.net\/wp-content\/uploads\/justiceinfo_logo-trans_1200x1200px.png\",\"width\":1199,\"height\":1200,\"caption\":\"Justice Info\"},\"image\":{\"@id\":\"https:\/\/www.justiceinfo.net\/fr#\/schema\/logo\/image\/\"},\"sameAs\":[\"https:\/\/www.facebook.com\/JusticeInfo\/\",\"https:\/\/x.com\/justiceinfonet\",\"https:\/\/www.linkedin.com\/company\/justice-info\",\"https:\/\/www.youtube.com\/channel\/UCyCEsARodyuWtkWyhn-e7pA\"]},{\"@type\":\"Person\",\"name\":\"solivri\",\"url\":\"\/fr\/?s=solivri\"}]}<\/script>\n<!-- \/ Yoast SEO Premium plugin. -->","yoast_head_json":{"title":"11.05.10 - RWANDA\/FRANCE - DES JUGES FRANCAIS AU RWANDA POUR ENQUETER SUR LE CAS D`UN CAPITAINE - JusticeInfo.net","robots":{"index":"index","follow":"follow","max-snippet":"max-snippet:-1","max-image-preview":"max-image-preview:large","max-video-preview":"max-video-preview:-1"},"canonical":"https:\/\/www.justiceinfo.net\/fr\/12086-110510-rwandafrance-des-juges-francais-au-rwanda-pour-enqueter-sur-le-cas-dun-capitaine8894.html","og_locale":"fr_FR","og_type":"article","og_title":"11.05.10 - RWANDA\/FRANCE - DES JUGES FRANCAIS AU RWANDA POUR ENQUETER SUR LE CAS D`UN CAPITAINE","og_description":"Arusha, 11 mai 2010 (FH) - Des magistrats fran&ccedil;ais, dont deux juges d'instruction, m&egrave;nent actuellement des enqu&ecirc;tes au Rwanda sur le r&ocirc;le pr&eacute;sum&eacute; du capitaine Pascal Simbikangwa dans le g&eacute;nocide des Tutsis en 1994, a-t-on appris mardi de source judiciaire rwandaise.","og_url":"https:\/\/www.justiceinfo.net\/fr\/12086-110510-rwandafrance-des-juges-francais-au-rwanda-pour-enqueter-sur-le-cas-dun-capitaine8894.html","og_site_name":"JusticeInfo.net","article_publisher":"https:\/\/www.facebook.com\/JusticeInfo\/","article_published_time":"2010-05-10T22:00:00+00:00","og_image":[{"width":1200,"height":630,"url":"https:\/\/www.justiceinfo.net\/wp-content\/uploads\/JusticeInfoNet_logo_1200x630px.jpg","type":"image\/jpeg"}],"author":"solivri","twitter_card":"summary_large_image","twitter_creator":"@justiceinfonet","twitter_site":"@justiceinfonet","twitter_misc":{"\u00c9crit par":"solivri","Dur\u00e9e de lecture estim\u00e9e":"2 minutes"},"schema":{"@context":"https:\/\/schema.org","@graph":[{"@type":"NewsArticle","@id":"https:\/\/www.justiceinfo.net\/fr\/12086-110510-rwandafrance-des-juges-francais-au-rwanda-pour-enqueter-sur-le-cas-dun-capitaine8894.html#article","isPartOf":{"@id":"https:\/\/www.justiceinfo.net\/fr\/12086-110510-rwandafrance-des-juges-francais-au-rwanda-pour-enqueter-sur-le-cas-dun-capitaine8894.html"},"author":{"name":"solivri","@id":"https:\/\/www.justiceinfo.net\/fr#\/schema\/person\/6e53cba1629e2e66f3fc1821d3091865"},"headline":"11.05.10 - RWANDA\/FRANCE - DES JUGES FRANCAIS AU RWANDA POUR ENQUETER SUR LE CAS D`UN CAPITAINE","datePublished":"2010-05-10T22:00:00+00:00","mainEntityOfPage":{"@id":"https:\/\/www.justiceinfo.net\/fr\/12086-110510-rwandafrance-des-juges-francais-au-rwanda-pour-enqueter-sur-le-cas-dun-capitaine8894.html"},"wordCount":420,"commentCount":0,"publisher":{"@id":"https:\/\/www.justiceinfo.net\/fr#organization"},"articleSection":["Hirondelle News"],"inLanguage":"fr-FR","potentialAction":[{"@type":"CommentAction","name":"Comment","target":["https:\/\/www.justiceinfo.net\/fr\/12086-110510-rwandafrance-des-juges-francais-au-rwanda-pour-enqueter-sur-le-cas-dun-capitaine8894.html#respond"]}]},{"@type":"WebPage","@id":"https:\/\/www.justiceinfo.net\/fr\/12086-110510-rwandafrance-des-juges-francais-au-rwanda-pour-enqueter-sur-le-cas-dun-capitaine8894.html","url":"https:\/\/www.justiceinfo.net\/fr\/12086-110510-rwandafrance-des-juges-francais-au-rwanda-pour-enqueter-sur-le-cas-dun-capitaine8894.html","name":"11.05.10 - RWANDA\/FRANCE - DES JUGES FRANCAIS AU RWANDA POUR ENQUETER SUR LE CAS D`UN CAPITAINE - JusticeInfo.net","isPartOf":{"@id":"https:\/\/www.justiceinfo.net\/fr#website"},"datePublished":"2010-05-10T22:00:00+00:00","breadcrumb":{"@id":"https:\/\/www.justiceinfo.net\/fr\/12086-110510-rwandafrance-des-juges-francais-au-rwanda-pour-enqueter-sur-le-cas-dun-capitaine8894.html#breadcrumb"},"inLanguage":"fr-FR","potentialAction":[{"@type":"ReadAction","target":["https:\/\/www.justiceinfo.net\/fr\/12086-110510-rwandafrance-des-juges-francais-au-rwanda-pour-enqueter-sur-le-cas-dun-capitaine8894.html"]}]},{"@type":"BreadcrumbList","@id":"https:\/\/www.justiceinfo.net\/fr\/12086-110510-rwandafrance-des-juges-francais-au-rwanda-pour-enqueter-sur-le-cas-dun-capitaine8894.html#breadcrumb","itemListElement":[{"@type":"ListItem","position":1,"name":"Home","item":"https:\/\/www.justiceinfo.net\/fr"},{"@type":"ListItem","position":2,"name":"11.05.10 - RWANDA\/FRANCE - DES JUGES FRANCAIS AU RWANDA POUR ENQUETER SUR LE CAS D`UN CAPITAINE"}]},{"@type":"WebSite","@id":"https:\/\/www.justiceinfo.net\/fr#website","url":"https:\/\/www.justiceinfo.net\/fr","name":"JusticeInfo.net","description":"La justice doit \u00eatre vue pour \u00eatre rendue","publisher":{"@id":"https:\/\/www.justiceinfo.net\/fr#organization"},"potentialAction":[{"@type":"SearchAction","target":{"@type":"EntryPoint","urlTemplate":"https:\/\/www.justiceinfo.net\/fr?s={search_term_string}"},"query-input":{"@type":"PropertyValueSpecification","valueRequired":true,"valueName":"search_term_string"}}],"inLanguage":"fr-FR"},{"@type":"Organization","@id":"https:\/\/www.justiceinfo.net\/fr#organization","name":"Justice Info","url":"https:\/\/www.justiceinfo.net\/fr","logo":{"@type":"ImageObject","inLanguage":"fr-FR","@id":"https:\/\/www.justiceinfo.net\/fr#\/schema\/logo\/image\/","url":"https:\/\/www.justiceinfo.net\/wp-content\/uploads\/justiceinfo_logo-trans_1200x1200px.png","contentUrl":"https:\/\/www.justiceinfo.net\/wp-content\/uploads\/justiceinfo_logo-trans_1200x1200px.png","width":1199,"height":1200,"caption":"Justice Info"},"image":{"@id":"https:\/\/www.justiceinfo.net\/fr#\/schema\/logo\/image\/"},"sameAs":["https:\/\/www.facebook.com\/JusticeInfo\/","https:\/\/x.com\/justiceinfonet","https:\/\/www.linkedin.com\/company\/justice-info","https:\/\/www.youtube.com\/channel\/UCyCEsARodyuWtkWyhn-e7pA"]},{"@type":"Person","name":"solivri","url":"\/fr\/?s=solivri"}]}},"_links":{"self":[{"href":"https:\/\/www.justiceinfo.net\/fr\/wp-json\/wp\/v2\/posts\/12086","targetHints":{"allow":["GET"]}}],"collection":[{"href":"https:\/\/www.justiceinfo.net\/fr\/wp-json\/wp\/v2\/posts"}],"about":[{"href":"https:\/\/www.justiceinfo.net\/fr\/wp-json\/wp\/v2\/types\/post"}],"author":[{"embeddable":true,"href":"https:\/\/www.justiceinfo.net\/fr\/wp-json\/wp\/v2\/users\/64"}],"replies":[{"embeddable":true,"href":"https:\/\/www.justiceinfo.net\/fr\/wp-json\/wp\/v2\/comments?post=12086"}],"version-history":[{"count":0,"href":"https:\/\/www.justiceinfo.net\/fr\/wp-json\/wp\/v2\/posts\/12086\/revisions"}],"wp:attachment":[{"href":"https:\/\/www.justiceinfo.net\/fr\/wp-json\/wp\/v2\/media?parent=12086"}],"wp:term":[{"taxonomy":"category","embeddable":true,"href":"https:\/\/www.justiceinfo.net\/fr\/wp-json\/wp\/v2\/categories?post=12086"},{"taxonomy":"post_tag","embeddable":true,"href":"https:\/\/www.justiceinfo.net\/fr\/wp-json\/wp\/v2\/tags?post=12086"},{"taxonomy":"ji_location","embeddable":true,"href":"https:\/\/www.justiceinfo.net\/fr\/wp-json\/wp\/v2\/ji_location?post=12086"}],"curies":[{"name":"wp","href":"https:\/\/api.w.org\/{rel}","templated":true}]}}