{"id":12100,"date":"2010-05-17T00:00:00","date_gmt":"2010-05-16T22:00:00","guid":{"rendered":"https:\/\/www.justiceinfo.net\/12100-170510-rwandapays-bas-entretien-rwando-neerlandais-en-juin-sur-les-dossiers-de-genocide8908.html"},"modified":"2010-05-17T00:00:00","modified_gmt":"2010-05-16T22:00:00","slug":"170510-rwandapays-bas-entretien-rwando-neerlandais-en-juin-sur-les-dossiers-de-genocide8908","status":"publish","type":"post","link":"https:\/\/www.justiceinfo.net\/fr\/12100-170510-rwandapays-bas-entretien-rwando-neerlandais-en-juin-sur-les-dossiers-de-genocide8908.html","title":{"rendered":"17.05.10 - RWANDA\/PAYS-BAS - ENTRETIEN RWANDO-NEERLANDAIS EN JUIN SUR LES DOSSIERS DE GENOCIDE"},"content":{"rendered":"<p>Arusha, 17 mai 2010 (FH) - Le Rwanda et les Pays-Bas auront le mois prochain &agrave; Kigali des entretiens concernant les poursuites judiciaires contre les pr&eacute;sum&eacute;s g&eacute;nocidaires r&eacute;sidant sur le territoire n&eacute;erlandais, a annonc&eacute; lundi la partie rwandaise. <\/p>\n<p><!--more--><\/p>\n<p >\n<p >\n&laquo; Le ministre n&eacute;erlandais de la Justice effectuera au Rwanda, du 19 au 21 juin, une visite au cours de laquelle seront &eacute;voqu&eacute;es les poursuites contre les g&eacute;nocidaires vivant aux Pays-Bas &raquo;, indique un communiqu&eacute; du gouvernement rwandais.\n<\/p>\n<p >\nLes Pays-Bas sont dot&eacute;s d'une loi de &quot;comp&eacute;tence universelle&quot;, permettant &agrave; leurs cours et tribunaux de poursuivre des individus suspect&eacute;s de crimes de guerre commis &agrave; l'&eacute;tranger, mais &agrave; condition que les suspects r&eacute;sident sur le territoire n&eacute;erlandais.\n<\/p>\n<p >\nEn application de cette loi, Joseph Mpambara, 41 ans, fils d'un riche commer&ccedil;ant de Mugonero, dans l'ancienne pr&eacute;fecture de Kibuye (ouest), a &eacute;t&eacute; reconnu coupable, en mars 2009, par un tribunal de La Haye, de tortures ayant entra&icirc;n&eacute; la mort de deux m&egrave;res tutsies et de leurs quatre enfants, et condamn&eacute; &agrave; 20 ans de prison.\n<\/p>\n<p >\nEn mars dernier, une plus haute instance n&eacute;erlandaise &eacute;tait au Rwanda pour l'audition de t&eacute;moins dans le cadre de l'appel interjet&eacute; par le condamn&eacute;.\n<\/p>\n<p >\n<p >\nLe fr&egrave;re de Joseph Mpambara, Obed Ruzindana, a &eacute;t&eacute; condamn&eacute; en 2001 &agrave; 25 ans de prison pour crimes contre l'humanit&eacute; par le Tribunal p&eacute;nal international pour le Rwanda (TPIR) bas&eacute; &agrave; Arusha, en Tanzanie.\n<\/p>\n<p >\n<p >\nER\/GF\n<\/p>\n<p>\n&copy; Agence Hirondelle<\/p>\n","protected":false},"excerpt":{"rendered":"<p>Arusha, 17 mai 2010 (FH) - Le Rwanda et les Pays-Bas auront le mois prochain &agrave; Kigali des entretiens concernant les poursuites judiciaires contre les pr&eacute;sum&eacute;s g&eacute;nocidaires r&eacute;sidant sur le territoire n&eacute;erlandais, a annonc&eacute; lundi la partie rwandaise.<\/p>\n","protected":false},"author":64,"featured_media":0,"comment_status":"open","ping_status":"closed","sticky":false,"template":"","format":"standard","meta":{"_acf_changed":false,"footnotes":""},"categories":[554],"tags":[],"ji_location":[],"class_list":["post-12100","post","type-post","status-publish","format-standard","hentry","category-hirondellenews"],"acf":[],"yoast_head":"<!-- This site is optimized with the Yoast SEO Premium plugin v25.3.1 (Yoast SEO v25.3.1) - https:\/\/yoast.com\/wordpress\/plugins\/seo\/ -->\n<title>17.05.10 - RWANDA\/PAYS-BAS - ENTRETIEN RWANDO-NEERLANDAIS EN JUIN SUR LES DOSSIERS DE GENOCIDE - JusticeInfo.net<\/title>\n<meta name=\"robots\" content=\"index, follow, max-snippet:-1, max-image-preview:large, max-video-preview:-1\" \/>\n<link rel=\"canonical\" href=\"https:\/\/www.justiceinfo.net\/fr\/12100-170510-rwandapays-bas-entretien-rwando-neerlandais-en-juin-sur-les-dossiers-de-genocide8908.html\" \/>\n<meta property=\"og:locale\" content=\"fr_FR\" \/>\n<meta property=\"og:type\" content=\"article\" \/>\n<meta property=\"og:title\" content=\"17.05.10 - RWANDA\/PAYS-BAS - ENTRETIEN RWANDO-NEERLANDAIS EN JUIN SUR LES DOSSIERS DE GENOCIDE\" \/>\n<meta property=\"og:description\" content=\"Arusha, 17 mai 2010 (FH) - Le Rwanda et les Pays-Bas auront le mois prochain &agrave; Kigali des entretiens concernant les poursuites judiciaires contre les pr&eacute;sum&eacute;s g&eacute;nocidaires r&eacute;sidant sur le territoire n&eacute;erlandais, a annonc&eacute; lundi la partie rwandaise.\" \/>\n<meta property=\"og:url\" content=\"https:\/\/www.justiceinfo.net\/fr\/12100-170510-rwandapays-bas-entretien-rwando-neerlandais-en-juin-sur-les-dossiers-de-genocide8908.html\" \/>\n<meta property=\"og:site_name\" content=\"JusticeInfo.net\" \/>\n<meta property=\"article:publisher\" content=\"https:\/\/www.facebook.com\/JusticeInfo\/\" \/>\n<meta property=\"article:published_time\" content=\"2010-05-16T22:00:00+00:00\" \/>\n<meta property=\"og:image\" content=\"https:\/\/www.justiceinfo.net\/wp-content\/uploads\/JusticeInfoNet_logo_1200x630px.jpg\" \/>\n\t<meta property=\"og:image:width\" content=\"1200\" \/>\n\t<meta property=\"og:image:height\" content=\"630\" \/>\n\t<meta property=\"og:image:type\" content=\"image\/jpeg\" \/>\n<meta name=\"author\" content=\"solivri\" \/>\n<meta name=\"twitter:card\" content=\"summary_large_image\" \/>\n<meta name=\"twitter:creator\" content=\"@justiceinfonet\" \/>\n<meta name=\"twitter:site\" content=\"@justiceinfonet\" \/>\n<meta name=\"twitter:label1\" content=\"\u00c9crit par\" \/>\n\t<meta name=\"twitter:data1\" content=\"solivri\" \/>\n\t<meta name=\"twitter:label2\" content=\"Dur\u00e9e de lecture estim\u00e9e\" \/>\n\t<meta name=\"twitter:data2\" content=\"1 minute\" \/>\n<script type=\"application\/ld+json\" class=\"yoast-schema-graph\">{\"@context\":\"https:\/\/schema.org\",\"@graph\":[{\"@type\":\"NewsArticle\",\"@id\":\"https:\/\/www.justiceinfo.net\/fr\/12100-170510-rwandapays-bas-entretien-rwando-neerlandais-en-juin-sur-les-dossiers-de-genocide8908.html#article\",\"isPartOf\":{\"@id\":\"https:\/\/www.justiceinfo.net\/fr\/12100-170510-rwandapays-bas-entretien-rwando-neerlandais-en-juin-sur-les-dossiers-de-genocide8908.html\"},\"author\":{\"name\":\"solivri\",\"@id\":\"https:\/\/www.justiceinfo.net\/fr#\/schema\/person\/6e53cba1629e2e66f3fc1821d3091865\"},\"headline\":\"17.05.10 - RWANDA\/PAYS-BAS - ENTRETIEN RWANDO-NEERLANDAIS EN JUIN SUR LES DOSSIERS DE GENOCIDE\",\"datePublished\":\"2010-05-16T22:00:00+00:00\",\"mainEntityOfPage\":{\"@id\":\"https:\/\/www.justiceinfo.net\/fr\/12100-170510-rwandapays-bas-entretien-rwando-neerlandais-en-juin-sur-les-dossiers-de-genocide8908.html\"},\"wordCount\":305,\"commentCount\":0,\"publisher\":{\"@id\":\"https:\/\/www.justiceinfo.net\/fr#organization\"},\"articleSection\":[\"Hirondelle News\"],\"inLanguage\":\"fr-FR\",\"potentialAction\":[{\"@type\":\"CommentAction\",\"name\":\"Comment\",\"target\":[\"https:\/\/www.justiceinfo.net\/fr\/12100-170510-rwandapays-bas-entretien-rwando-neerlandais-en-juin-sur-les-dossiers-de-genocide8908.html#respond\"]}]},{\"@type\":\"WebPage\",\"@id\":\"https:\/\/www.justiceinfo.net\/fr\/12100-170510-rwandapays-bas-entretien-rwando-neerlandais-en-juin-sur-les-dossiers-de-genocide8908.html\",\"url\":\"https:\/\/www.justiceinfo.net\/fr\/12100-170510-rwandapays-bas-entretien-rwando-neerlandais-en-juin-sur-les-dossiers-de-genocide8908.html\",\"name\":\"17.05.10 - RWANDA\/PAYS-BAS - ENTRETIEN RWANDO-NEERLANDAIS EN JUIN SUR LES DOSSIERS DE GENOCIDE - JusticeInfo.net\",\"isPartOf\":{\"@id\":\"https:\/\/www.justiceinfo.net\/fr#website\"},\"datePublished\":\"2010-05-16T22:00:00+00:00\",\"breadcrumb\":{\"@id\":\"https:\/\/www.justiceinfo.net\/fr\/12100-170510-rwandapays-bas-entretien-rwando-neerlandais-en-juin-sur-les-dossiers-de-genocide8908.html#breadcrumb\"},\"inLanguage\":\"fr-FR\",\"potentialAction\":[{\"@type\":\"ReadAction\",\"target\":[\"https:\/\/www.justiceinfo.net\/fr\/12100-170510-rwandapays-bas-entretien-rwando-neerlandais-en-juin-sur-les-dossiers-de-genocide8908.html\"]}]},{\"@type\":\"BreadcrumbList\",\"@id\":\"https:\/\/www.justiceinfo.net\/fr\/12100-170510-rwandapays-bas-entretien-rwando-neerlandais-en-juin-sur-les-dossiers-de-genocide8908.html#breadcrumb\",\"itemListElement\":[{\"@type\":\"ListItem\",\"position\":1,\"name\":\"Home\",\"item\":\"https:\/\/www.justiceinfo.net\/fr\"},{\"@type\":\"ListItem\",\"position\":2,\"name\":\"17.05.10 - RWANDA\/PAYS-BAS - ENTRETIEN RWANDO-NEERLANDAIS EN JUIN SUR LES DOSSIERS DE GENOCIDE\"}]},{\"@type\":\"WebSite\",\"@id\":\"https:\/\/www.justiceinfo.net\/fr#website\",\"url\":\"https:\/\/www.justiceinfo.net\/fr\",\"name\":\"JusticeInfo.net\",\"description\":\"La justice doit \u00eatre vue pour \u00eatre rendue\",\"publisher\":{\"@id\":\"https:\/\/www.justiceinfo.net\/fr#organization\"},\"potentialAction\":[{\"@type\":\"SearchAction\",\"target\":{\"@type\":\"EntryPoint\",\"urlTemplate\":\"https:\/\/www.justiceinfo.net\/fr?s={search_term_string}\"},\"query-input\":{\"@type\":\"PropertyValueSpecification\",\"valueRequired\":true,\"valueName\":\"search_term_string\"}}],\"inLanguage\":\"fr-FR\"},{\"@type\":\"Organization\",\"@id\":\"https:\/\/www.justiceinfo.net\/fr#organization\",\"name\":\"Justice Info\",\"url\":\"https:\/\/www.justiceinfo.net\/fr\",\"logo\":{\"@type\":\"ImageObject\",\"inLanguage\":\"fr-FR\",\"@id\":\"https:\/\/www.justiceinfo.net\/fr#\/schema\/logo\/image\/\",\"url\":\"https:\/\/www.justiceinfo.net\/wp-content\/uploads\/justiceinfo_logo-trans_1200x1200px.png\",\"contentUrl\":\"https:\/\/www.justiceinfo.net\/wp-content\/uploads\/justiceinfo_logo-trans_1200x1200px.png\",\"width\":1199,\"height\":1200,\"caption\":\"Justice Info\"},\"image\":{\"@id\":\"https:\/\/www.justiceinfo.net\/fr#\/schema\/logo\/image\/\"},\"sameAs\":[\"https:\/\/www.facebook.com\/JusticeInfo\/\",\"https:\/\/x.com\/justiceinfonet\",\"https:\/\/www.linkedin.com\/company\/justice-info\",\"https:\/\/www.youtube.com\/channel\/UCyCEsARodyuWtkWyhn-e7pA\"]},{\"@type\":\"Person\",\"name\":\"solivri\",\"url\":\"\/fr\/?s=solivri\"}]}<\/script>\n<!-- \/ Yoast SEO Premium plugin. -->","yoast_head_json":{"title":"17.05.10 - RWANDA\/PAYS-BAS - ENTRETIEN RWANDO-NEERLANDAIS EN JUIN SUR LES DOSSIERS DE GENOCIDE - JusticeInfo.net","robots":{"index":"index","follow":"follow","max-snippet":"max-snippet:-1","max-image-preview":"max-image-preview:large","max-video-preview":"max-video-preview:-1"},"canonical":"https:\/\/www.justiceinfo.net\/fr\/12100-170510-rwandapays-bas-entretien-rwando-neerlandais-en-juin-sur-les-dossiers-de-genocide8908.html","og_locale":"fr_FR","og_type":"article","og_title":"17.05.10 - RWANDA\/PAYS-BAS - ENTRETIEN RWANDO-NEERLANDAIS EN JUIN SUR LES DOSSIERS DE GENOCIDE","og_description":"Arusha, 17 mai 2010 (FH) - Le Rwanda et les Pays-Bas auront le mois prochain &agrave; Kigali des entretiens concernant les poursuites judiciaires contre les pr&eacute;sum&eacute;s g&eacute;nocidaires r&eacute;sidant sur le territoire n&eacute;erlandais, a annonc&eacute; lundi la partie rwandaise.","og_url":"https:\/\/www.justiceinfo.net\/fr\/12100-170510-rwandapays-bas-entretien-rwando-neerlandais-en-juin-sur-les-dossiers-de-genocide8908.html","og_site_name":"JusticeInfo.net","article_publisher":"https:\/\/www.facebook.com\/JusticeInfo\/","article_published_time":"2010-05-16T22:00:00+00:00","og_image":[{"width":1200,"height":630,"url":"https:\/\/www.justiceinfo.net\/wp-content\/uploads\/JusticeInfoNet_logo_1200x630px.jpg","type":"image\/jpeg"}],"author":"solivri","twitter_card":"summary_large_image","twitter_creator":"@justiceinfonet","twitter_site":"@justiceinfonet","twitter_misc":{"\u00c9crit par":"solivri","Dur\u00e9e de lecture estim\u00e9e":"1 minute"},"schema":{"@context":"https:\/\/schema.org","@graph":[{"@type":"NewsArticle","@id":"https:\/\/www.justiceinfo.net\/fr\/12100-170510-rwandapays-bas-entretien-rwando-neerlandais-en-juin-sur-les-dossiers-de-genocide8908.html#article","isPartOf":{"@id":"https:\/\/www.justiceinfo.net\/fr\/12100-170510-rwandapays-bas-entretien-rwando-neerlandais-en-juin-sur-les-dossiers-de-genocide8908.html"},"author":{"name":"solivri","@id":"https:\/\/www.justiceinfo.net\/fr#\/schema\/person\/6e53cba1629e2e66f3fc1821d3091865"},"headline":"17.05.10 - RWANDA\/PAYS-BAS - ENTRETIEN RWANDO-NEERLANDAIS EN JUIN SUR LES DOSSIERS DE GENOCIDE","datePublished":"2010-05-16T22:00:00+00:00","mainEntityOfPage":{"@id":"https:\/\/www.justiceinfo.net\/fr\/12100-170510-rwandapays-bas-entretien-rwando-neerlandais-en-juin-sur-les-dossiers-de-genocide8908.html"},"wordCount":305,"commentCount":0,"publisher":{"@id":"https:\/\/www.justiceinfo.net\/fr#organization"},"articleSection":["Hirondelle News"],"inLanguage":"fr-FR","potentialAction":[{"@type":"CommentAction","name":"Comment","target":["https:\/\/www.justiceinfo.net\/fr\/12100-170510-rwandapays-bas-entretien-rwando-neerlandais-en-juin-sur-les-dossiers-de-genocide8908.html#respond"]}]},{"@type":"WebPage","@id":"https:\/\/www.justiceinfo.net\/fr\/12100-170510-rwandapays-bas-entretien-rwando-neerlandais-en-juin-sur-les-dossiers-de-genocide8908.html","url":"https:\/\/www.justiceinfo.net\/fr\/12100-170510-rwandapays-bas-entretien-rwando-neerlandais-en-juin-sur-les-dossiers-de-genocide8908.html","name":"17.05.10 - RWANDA\/PAYS-BAS - ENTRETIEN RWANDO-NEERLANDAIS EN JUIN SUR LES DOSSIERS DE GENOCIDE - JusticeInfo.net","isPartOf":{"@id":"https:\/\/www.justiceinfo.net\/fr#website"},"datePublished":"2010-05-16T22:00:00+00:00","breadcrumb":{"@id":"https:\/\/www.justiceinfo.net\/fr\/12100-170510-rwandapays-bas-entretien-rwando-neerlandais-en-juin-sur-les-dossiers-de-genocide8908.html#breadcrumb"},"inLanguage":"fr-FR","potentialAction":[{"@type":"ReadAction","target":["https:\/\/www.justiceinfo.net\/fr\/12100-170510-rwandapays-bas-entretien-rwando-neerlandais-en-juin-sur-les-dossiers-de-genocide8908.html"]}]},{"@type":"BreadcrumbList","@id":"https:\/\/www.justiceinfo.net\/fr\/12100-170510-rwandapays-bas-entretien-rwando-neerlandais-en-juin-sur-les-dossiers-de-genocide8908.html#breadcrumb","itemListElement":[{"@type":"ListItem","position":1,"name":"Home","item":"https:\/\/www.justiceinfo.net\/fr"},{"@type":"ListItem","position":2,"name":"17.05.10 - RWANDA\/PAYS-BAS - ENTRETIEN RWANDO-NEERLANDAIS EN JUIN SUR LES DOSSIERS DE GENOCIDE"}]},{"@type":"WebSite","@id":"https:\/\/www.justiceinfo.net\/fr#website","url":"https:\/\/www.justiceinfo.net\/fr","name":"JusticeInfo.net","description":"La justice doit \u00eatre vue pour \u00eatre rendue","publisher":{"@id":"https:\/\/www.justiceinfo.net\/fr#organization"},"potentialAction":[{"@type":"SearchAction","target":{"@type":"EntryPoint","urlTemplate":"https:\/\/www.justiceinfo.net\/fr?s={search_term_string}"},"query-input":{"@type":"PropertyValueSpecification","valueRequired":true,"valueName":"search_term_string"}}],"inLanguage":"fr-FR"},{"@type":"Organization","@id":"https:\/\/www.justiceinfo.net\/fr#organization","name":"Justice Info","url":"https:\/\/www.justiceinfo.net\/fr","logo":{"@type":"ImageObject","inLanguage":"fr-FR","@id":"https:\/\/www.justiceinfo.net\/fr#\/schema\/logo\/image\/","url":"https:\/\/www.justiceinfo.net\/wp-content\/uploads\/justiceinfo_logo-trans_1200x1200px.png","contentUrl":"https:\/\/www.justiceinfo.net\/wp-content\/uploads\/justiceinfo_logo-trans_1200x1200px.png","width":1199,"height":1200,"caption":"Justice Info"},"image":{"@id":"https:\/\/www.justiceinfo.net\/fr#\/schema\/logo\/image\/"},"sameAs":["https:\/\/www.facebook.com\/JusticeInfo\/","https:\/\/x.com\/justiceinfonet","https:\/\/www.linkedin.com\/company\/justice-info","https:\/\/www.youtube.com\/channel\/UCyCEsARodyuWtkWyhn-e7pA"]},{"@type":"Person","name":"solivri","url":"\/fr\/?s=solivri"}]}},"_links":{"self":[{"href":"https:\/\/www.justiceinfo.net\/fr\/wp-json\/wp\/v2\/posts\/12100","targetHints":{"allow":["GET"]}}],"collection":[{"href":"https:\/\/www.justiceinfo.net\/fr\/wp-json\/wp\/v2\/posts"}],"about":[{"href":"https:\/\/www.justiceinfo.net\/fr\/wp-json\/wp\/v2\/types\/post"}],"author":[{"embeddable":true,"href":"https:\/\/www.justiceinfo.net\/fr\/wp-json\/wp\/v2\/users\/64"}],"replies":[{"embeddable":true,"href":"https:\/\/www.justiceinfo.net\/fr\/wp-json\/wp\/v2\/comments?post=12100"}],"version-history":[{"count":0,"href":"https:\/\/www.justiceinfo.net\/fr\/wp-json\/wp\/v2\/posts\/12100\/revisions"}],"wp:attachment":[{"href":"https:\/\/www.justiceinfo.net\/fr\/wp-json\/wp\/v2\/media?parent=12100"}],"wp:term":[{"taxonomy":"category","embeddable":true,"href":"https:\/\/www.justiceinfo.net\/fr\/wp-json\/wp\/v2\/categories?post=12100"},{"taxonomy":"post_tag","embeddable":true,"href":"https:\/\/www.justiceinfo.net\/fr\/wp-json\/wp\/v2\/tags?post=12100"},{"taxonomy":"ji_location","embeddable":true,"href":"https:\/\/www.justiceinfo.net\/fr\/wp-json\/wp\/v2\/ji_location?post=12100"}],"curies":[{"name":"wp","href":"https:\/\/api.w.org\/{rel}","templated":true}]}}