{"id":12104,"date":"2010-05-17T00:00:00","date_gmt":"2010-05-16T22:00:00","guid":{"rendered":"https:\/\/www.justiceinfo.net\/12104-170510-tpirkaremera-joseph-nzirorera-nie-toute-implication-dans-le-genocide8912.html"},"modified":"2010-05-17T00:00:00","modified_gmt":"2010-05-16T22:00:00","slug":"170510-tpirkaremera-joseph-nzirorera-nie-toute-implication-dans-le-genocide8912","status":"publish","type":"post","link":"https:\/\/www.justiceinfo.net\/fr\/12104-170510-tpirkaremera-joseph-nzirorera-nie-toute-implication-dans-le-genocide8912.html","title":{"rendered":"17.05.10 - TPIR\/KAREMERA - JOSEPH NZIRORERA NIE TOUTE IMPLICATION DANS LE GENOCIDE"},"content":{"rendered":"<p >\nArusha, 17 mai 2010 (FH) - Joseph Nzirorera, ancien secr&eacute;taire g&eacute;n&eacute;ral de l'ex-parti pr&eacute;sidentiel, le MRND, a ni&eacute; lundi au d&eacute;but de son t&eacute;moignage pour sa d&eacute;fense devant le Tribunal p&eacute;nal international pour le Rwanda (TPIR), toute implication dans le g&eacute;nocide des Tutsis de 1994.\n<\/p>\n<p><!--more--><\/p>\n<p >\n<p >\nInterrog&eacute; par son avocat principal am&eacute;ricain, Peter Robinson, l'ancien dirigeant a affirm&eacute; n'avoir jamais pens&eacute; &agrave; l'extermination des Tutsis.\n<\/p>\n<p >\n<p >\nIl a par ailleurs r&eacute;fut&eacute; les all&eacute;gations selon lesquelles il aurait ordonn&eacute; des massacres d'hommes tutsis ou des viols de leurs femmes et filles.\n<\/p>\n<p >\n<p >\nNzirorera poursuivra son t&eacute;moignage mardi.\n<\/p>\n<p >\n<p >\nSelon les pr&eacute;visions de la chambre, c'est l'ex-directeur de cabinet au minist&egrave;re de la D&eacute;fense, le colonel Th&eacute;oneste Bagosora, condamn&eacute; &agrave; la prison &agrave; vie en d&eacute;cembre 2010, qui devait d&eacute;poser mardi.\n<\/p>\n<p >\n<p >\nMais, comme la semaine derni&egrave;re, le colonel Bagosora qui attend son proc&egrave;s en appel, a d&eacute;clar&eacute; qu'il ne pouvait prendre le risque de t&eacute;moigner en l'absence de son avocat fran&ccedil;ais, Rapha&euml;l Constant.\n<\/p>\n<p >\n<p >\nLa chambre mena&ccedil;ant de sanctions son d&eacute;fenseur, le colonel a expliqu&eacute; que son avocat avait un programme charg&eacute;. Les juges ont ordonn&eacute; que Me Constant se pr&eacute;sente le 21 juin pour l'audition de son client.\n<\/p>\n<p >\n<p >\nBagosora, qui est le plus c&eacute;l&egrave;bre des d&eacute;tenus du TPIR, a &eacute;t&eacute; reconnu coupable de crimes de g&eacute;nocide, crimes contre l'humanit&eacute; et crimes de guerre.\n<\/p>\n<p >\n<p >\nIl a &eacute;t&eacute;, en revanche, acquitt&eacute; du chef d'entente en vue de commettre le g&eacute;nocide alors que le procureur l'avait pr&eacute;sent&eacute; comme &laquo; le cerveau &raquo; du g&eacute;nocide.\n<\/p>\n<p >\n<p >\nNizorera est jug&eacute; avec Mathieu Ngirumpatse et Edouard Karemera, respectivement ancien pr&eacute;sident et ancien vice-pr&eacute;sident du MRND. Inculp&eacute;s de crimes de g&eacute;nocide et de crimes contre l'humanit&eacute;, les trois hommes clament leur innocence.\n<\/p>\n<p >\n<p >\nPoursuivis principalement pour des crimes commis par des membres de leur parti, surtout les jeunes, les accus&eacute;s nient l'existence de liens de subordination entre eux et les auteurs des ces crimes, fussent-ils membres du MRND.\n<\/p>\n<p >\n<p >\nFK\/ER\/GF\n<\/p>\n<p>\n&copy; Agence Hirondelle<\/p>\n","protected":false},"excerpt":{"rendered":"<p>Arusha, 17 mai 2010 (FH) - Joseph Nzirorera, ancien secr&eacute;taire g&eacute;n&eacute;ral de l'ex-parti pr&eacute;sidentiel, le MRND, a ni&eacute; lundi au d&eacute;but de son t&eacute;moignage pour sa d&eacute;fense devant le Tribunal p&eacute;nal international pour le Rwanda (TPIR), toute implication dans le g&eacute;nocide des Tutsis de 1994.<\/p>\n","protected":false},"author":64,"featured_media":0,"comment_status":"open","ping_status":"closed","sticky":false,"template":"","format":"standard","meta":{"_acf_changed":false,"footnotes":""},"categories":[554],"tags":[],"ji_location":[],"class_list":["post-12104","post","type-post","status-publish","format-standard","hentry","category-hirondellenews"],"acf":[],"yoast_head":"<!-- This site is optimized with the Yoast SEO Premium plugin v25.3.1 (Yoast SEO v25.3.1) - https:\/\/yoast.com\/wordpress\/plugins\/seo\/ -->\n<title>17.05.10 - TPIR\/KAREMERA - JOSEPH NZIRORERA NIE TOUTE IMPLICATION DANS LE GENOCIDE - JusticeInfo.net<\/title>\n<meta name=\"robots\" content=\"index, follow, max-snippet:-1, max-image-preview:large, max-video-preview:-1\" \/>\n<link rel=\"canonical\" href=\"https:\/\/www.justiceinfo.net\/fr\/12104-170510-tpirkaremera-joseph-nzirorera-nie-toute-implication-dans-le-genocide8912.html\" \/>\n<meta property=\"og:locale\" content=\"fr_FR\" \/>\n<meta property=\"og:type\" content=\"article\" \/>\n<meta property=\"og:title\" content=\"17.05.10 - TPIR\/KAREMERA - JOSEPH NZIRORERA NIE TOUTE IMPLICATION DANS LE GENOCIDE\" \/>\n<meta property=\"og:description\" content=\"Arusha, 17 mai 2010 (FH) - Joseph Nzirorera, ancien secr&eacute;taire g&eacute;n&eacute;ral de l&#039;ex-parti pr&eacute;sidentiel, le MRND, a ni&eacute; lundi au d&eacute;but de son t&eacute;moignage pour sa d&eacute;fense devant le Tribunal p&eacute;nal international pour le Rwanda (TPIR), toute implication dans le g&eacute;nocide des Tutsis de 1994.\" \/>\n<meta property=\"og:url\" content=\"https:\/\/www.justiceinfo.net\/fr\/12104-170510-tpirkaremera-joseph-nzirorera-nie-toute-implication-dans-le-genocide8912.html\" \/>\n<meta property=\"og:site_name\" content=\"JusticeInfo.net\" \/>\n<meta property=\"article:publisher\" content=\"https:\/\/www.facebook.com\/JusticeInfo\/\" \/>\n<meta property=\"article:published_time\" content=\"2010-05-16T22:00:00+00:00\" \/>\n<meta property=\"og:image\" content=\"https:\/\/www.justiceinfo.net\/wp-content\/uploads\/JusticeInfoNet_logo_1200x630px.jpg\" \/>\n\t<meta property=\"og:image:width\" content=\"1200\" \/>\n\t<meta property=\"og:image:height\" content=\"630\" \/>\n\t<meta property=\"og:image:type\" content=\"image\/jpeg\" \/>\n<meta name=\"author\" content=\"solivri\" \/>\n<meta name=\"twitter:card\" content=\"summary_large_image\" \/>\n<meta name=\"twitter:creator\" content=\"@justiceinfonet\" \/>\n<meta name=\"twitter:site\" content=\"@justiceinfonet\" \/>\n<meta name=\"twitter:label1\" content=\"\u00c9crit par\" \/>\n\t<meta name=\"twitter:data1\" content=\"solivri\" \/>\n\t<meta name=\"twitter:label2\" content=\"Dur\u00e9e de lecture estim\u00e9e\" \/>\n\t<meta name=\"twitter:data2\" content=\"2 minutes\" \/>\n<script type=\"application\/ld+json\" class=\"yoast-schema-graph\">{\"@context\":\"https:\/\/schema.org\",\"@graph\":[{\"@type\":\"NewsArticle\",\"@id\":\"https:\/\/www.justiceinfo.net\/fr\/12104-170510-tpirkaremera-joseph-nzirorera-nie-toute-implication-dans-le-genocide8912.html#article\",\"isPartOf\":{\"@id\":\"https:\/\/www.justiceinfo.net\/fr\/12104-170510-tpirkaremera-joseph-nzirorera-nie-toute-implication-dans-le-genocide8912.html\"},\"author\":{\"name\":\"solivri\",\"@id\":\"https:\/\/www.justiceinfo.net\/fr#\/schema\/person\/6e53cba1629e2e66f3fc1821d3091865\"},\"headline\":\"17.05.10 - TPIR\/KAREMERA - JOSEPH NZIRORERA NIE TOUTE IMPLICATION DANS LE GENOCIDE\",\"datePublished\":\"2010-05-16T22:00:00+00:00\",\"mainEntityOfPage\":{\"@id\":\"https:\/\/www.justiceinfo.net\/fr\/12104-170510-tpirkaremera-joseph-nzirorera-nie-toute-implication-dans-le-genocide8912.html\"},\"wordCount\":441,\"commentCount\":0,\"publisher\":{\"@id\":\"https:\/\/www.justiceinfo.net\/fr#organization\"},\"articleSection\":[\"Hirondelle News\"],\"inLanguage\":\"fr-FR\",\"potentialAction\":[{\"@type\":\"CommentAction\",\"name\":\"Comment\",\"target\":[\"https:\/\/www.justiceinfo.net\/fr\/12104-170510-tpirkaremera-joseph-nzirorera-nie-toute-implication-dans-le-genocide8912.html#respond\"]}]},{\"@type\":\"WebPage\",\"@id\":\"https:\/\/www.justiceinfo.net\/fr\/12104-170510-tpirkaremera-joseph-nzirorera-nie-toute-implication-dans-le-genocide8912.html\",\"url\":\"https:\/\/www.justiceinfo.net\/fr\/12104-170510-tpirkaremera-joseph-nzirorera-nie-toute-implication-dans-le-genocide8912.html\",\"name\":\"17.05.10 - TPIR\/KAREMERA - JOSEPH NZIRORERA NIE TOUTE IMPLICATION DANS LE GENOCIDE - JusticeInfo.net\",\"isPartOf\":{\"@id\":\"https:\/\/www.justiceinfo.net\/fr#website\"},\"datePublished\":\"2010-05-16T22:00:00+00:00\",\"breadcrumb\":{\"@id\":\"https:\/\/www.justiceinfo.net\/fr\/12104-170510-tpirkaremera-joseph-nzirorera-nie-toute-implication-dans-le-genocide8912.html#breadcrumb\"},\"inLanguage\":\"fr-FR\",\"potentialAction\":[{\"@type\":\"ReadAction\",\"target\":[\"https:\/\/www.justiceinfo.net\/fr\/12104-170510-tpirkaremera-joseph-nzirorera-nie-toute-implication-dans-le-genocide8912.html\"]}]},{\"@type\":\"BreadcrumbList\",\"@id\":\"https:\/\/www.justiceinfo.net\/fr\/12104-170510-tpirkaremera-joseph-nzirorera-nie-toute-implication-dans-le-genocide8912.html#breadcrumb\",\"itemListElement\":[{\"@type\":\"ListItem\",\"position\":1,\"name\":\"Home\",\"item\":\"https:\/\/www.justiceinfo.net\/fr\"},{\"@type\":\"ListItem\",\"position\":2,\"name\":\"17.05.10 - TPIR\/KAREMERA - JOSEPH NZIRORERA NIE TOUTE IMPLICATION DANS LE GENOCIDE\"}]},{\"@type\":\"WebSite\",\"@id\":\"https:\/\/www.justiceinfo.net\/fr#website\",\"url\":\"https:\/\/www.justiceinfo.net\/fr\",\"name\":\"JusticeInfo.net\",\"description\":\"La justice doit \u00eatre vue pour \u00eatre rendue\",\"publisher\":{\"@id\":\"https:\/\/www.justiceinfo.net\/fr#organization\"},\"potentialAction\":[{\"@type\":\"SearchAction\",\"target\":{\"@type\":\"EntryPoint\",\"urlTemplate\":\"https:\/\/www.justiceinfo.net\/fr?s={search_term_string}\"},\"query-input\":{\"@type\":\"PropertyValueSpecification\",\"valueRequired\":true,\"valueName\":\"search_term_string\"}}],\"inLanguage\":\"fr-FR\"},{\"@type\":\"Organization\",\"@id\":\"https:\/\/www.justiceinfo.net\/fr#organization\",\"name\":\"Justice Info\",\"url\":\"https:\/\/www.justiceinfo.net\/fr\",\"logo\":{\"@type\":\"ImageObject\",\"inLanguage\":\"fr-FR\",\"@id\":\"https:\/\/www.justiceinfo.net\/fr#\/schema\/logo\/image\/\",\"url\":\"https:\/\/www.justiceinfo.net\/wp-content\/uploads\/justiceinfo_logo-trans_1200x1200px.png\",\"contentUrl\":\"https:\/\/www.justiceinfo.net\/wp-content\/uploads\/justiceinfo_logo-trans_1200x1200px.png\",\"width\":1199,\"height\":1200,\"caption\":\"Justice Info\"},\"image\":{\"@id\":\"https:\/\/www.justiceinfo.net\/fr#\/schema\/logo\/image\/\"},\"sameAs\":[\"https:\/\/www.facebook.com\/JusticeInfo\/\",\"https:\/\/x.com\/justiceinfonet\",\"https:\/\/www.linkedin.com\/company\/justice-info\",\"https:\/\/www.youtube.com\/channel\/UCyCEsARodyuWtkWyhn-e7pA\"]},{\"@type\":\"Person\",\"name\":\"solivri\",\"url\":\"\/fr\/?s=solivri\"}]}<\/script>\n<!-- \/ Yoast SEO Premium plugin. -->","yoast_head_json":{"title":"17.05.10 - TPIR\/KAREMERA - JOSEPH NZIRORERA NIE TOUTE IMPLICATION DANS LE GENOCIDE - JusticeInfo.net","robots":{"index":"index","follow":"follow","max-snippet":"max-snippet:-1","max-image-preview":"max-image-preview:large","max-video-preview":"max-video-preview:-1"},"canonical":"https:\/\/www.justiceinfo.net\/fr\/12104-170510-tpirkaremera-joseph-nzirorera-nie-toute-implication-dans-le-genocide8912.html","og_locale":"fr_FR","og_type":"article","og_title":"17.05.10 - TPIR\/KAREMERA - JOSEPH NZIRORERA NIE TOUTE IMPLICATION DANS LE GENOCIDE","og_description":"Arusha, 17 mai 2010 (FH) - Joseph Nzirorera, ancien secr&eacute;taire g&eacute;n&eacute;ral de l'ex-parti pr&eacute;sidentiel, le MRND, a ni&eacute; lundi au d&eacute;but de son t&eacute;moignage pour sa d&eacute;fense devant le Tribunal p&eacute;nal international pour le Rwanda (TPIR), toute implication dans le g&eacute;nocide des Tutsis de 1994.","og_url":"https:\/\/www.justiceinfo.net\/fr\/12104-170510-tpirkaremera-joseph-nzirorera-nie-toute-implication-dans-le-genocide8912.html","og_site_name":"JusticeInfo.net","article_publisher":"https:\/\/www.facebook.com\/JusticeInfo\/","article_published_time":"2010-05-16T22:00:00+00:00","og_image":[{"width":1200,"height":630,"url":"https:\/\/www.justiceinfo.net\/wp-content\/uploads\/JusticeInfoNet_logo_1200x630px.jpg","type":"image\/jpeg"}],"author":"solivri","twitter_card":"summary_large_image","twitter_creator":"@justiceinfonet","twitter_site":"@justiceinfonet","twitter_misc":{"\u00c9crit par":"solivri","Dur\u00e9e de lecture estim\u00e9e":"2 minutes"},"schema":{"@context":"https:\/\/schema.org","@graph":[{"@type":"NewsArticle","@id":"https:\/\/www.justiceinfo.net\/fr\/12104-170510-tpirkaremera-joseph-nzirorera-nie-toute-implication-dans-le-genocide8912.html#article","isPartOf":{"@id":"https:\/\/www.justiceinfo.net\/fr\/12104-170510-tpirkaremera-joseph-nzirorera-nie-toute-implication-dans-le-genocide8912.html"},"author":{"name":"solivri","@id":"https:\/\/www.justiceinfo.net\/fr#\/schema\/person\/6e53cba1629e2e66f3fc1821d3091865"},"headline":"17.05.10 - TPIR\/KAREMERA - JOSEPH NZIRORERA NIE TOUTE IMPLICATION DANS LE GENOCIDE","datePublished":"2010-05-16T22:00:00+00:00","mainEntityOfPage":{"@id":"https:\/\/www.justiceinfo.net\/fr\/12104-170510-tpirkaremera-joseph-nzirorera-nie-toute-implication-dans-le-genocide8912.html"},"wordCount":441,"commentCount":0,"publisher":{"@id":"https:\/\/www.justiceinfo.net\/fr#organization"},"articleSection":["Hirondelle News"],"inLanguage":"fr-FR","potentialAction":[{"@type":"CommentAction","name":"Comment","target":["https:\/\/www.justiceinfo.net\/fr\/12104-170510-tpirkaremera-joseph-nzirorera-nie-toute-implication-dans-le-genocide8912.html#respond"]}]},{"@type":"WebPage","@id":"https:\/\/www.justiceinfo.net\/fr\/12104-170510-tpirkaremera-joseph-nzirorera-nie-toute-implication-dans-le-genocide8912.html","url":"https:\/\/www.justiceinfo.net\/fr\/12104-170510-tpirkaremera-joseph-nzirorera-nie-toute-implication-dans-le-genocide8912.html","name":"17.05.10 - TPIR\/KAREMERA - JOSEPH NZIRORERA NIE TOUTE IMPLICATION DANS LE GENOCIDE - JusticeInfo.net","isPartOf":{"@id":"https:\/\/www.justiceinfo.net\/fr#website"},"datePublished":"2010-05-16T22:00:00+00:00","breadcrumb":{"@id":"https:\/\/www.justiceinfo.net\/fr\/12104-170510-tpirkaremera-joseph-nzirorera-nie-toute-implication-dans-le-genocide8912.html#breadcrumb"},"inLanguage":"fr-FR","potentialAction":[{"@type":"ReadAction","target":["https:\/\/www.justiceinfo.net\/fr\/12104-170510-tpirkaremera-joseph-nzirorera-nie-toute-implication-dans-le-genocide8912.html"]}]},{"@type":"BreadcrumbList","@id":"https:\/\/www.justiceinfo.net\/fr\/12104-170510-tpirkaremera-joseph-nzirorera-nie-toute-implication-dans-le-genocide8912.html#breadcrumb","itemListElement":[{"@type":"ListItem","position":1,"name":"Home","item":"https:\/\/www.justiceinfo.net\/fr"},{"@type":"ListItem","position":2,"name":"17.05.10 - TPIR\/KAREMERA - JOSEPH NZIRORERA NIE TOUTE IMPLICATION DANS LE GENOCIDE"}]},{"@type":"WebSite","@id":"https:\/\/www.justiceinfo.net\/fr#website","url":"https:\/\/www.justiceinfo.net\/fr","name":"JusticeInfo.net","description":"La justice doit \u00eatre vue pour \u00eatre rendue","publisher":{"@id":"https:\/\/www.justiceinfo.net\/fr#organization"},"potentialAction":[{"@type":"SearchAction","target":{"@type":"EntryPoint","urlTemplate":"https:\/\/www.justiceinfo.net\/fr?s={search_term_string}"},"query-input":{"@type":"PropertyValueSpecification","valueRequired":true,"valueName":"search_term_string"}}],"inLanguage":"fr-FR"},{"@type":"Organization","@id":"https:\/\/www.justiceinfo.net\/fr#organization","name":"Justice Info","url":"https:\/\/www.justiceinfo.net\/fr","logo":{"@type":"ImageObject","inLanguage":"fr-FR","@id":"https:\/\/www.justiceinfo.net\/fr#\/schema\/logo\/image\/","url":"https:\/\/www.justiceinfo.net\/wp-content\/uploads\/justiceinfo_logo-trans_1200x1200px.png","contentUrl":"https:\/\/www.justiceinfo.net\/wp-content\/uploads\/justiceinfo_logo-trans_1200x1200px.png","width":1199,"height":1200,"caption":"Justice Info"},"image":{"@id":"https:\/\/www.justiceinfo.net\/fr#\/schema\/logo\/image\/"},"sameAs":["https:\/\/www.facebook.com\/JusticeInfo\/","https:\/\/x.com\/justiceinfonet","https:\/\/www.linkedin.com\/company\/justice-info","https:\/\/www.youtube.com\/channel\/UCyCEsARodyuWtkWyhn-e7pA"]},{"@type":"Person","name":"solivri","url":"\/fr\/?s=solivri"}]}},"_links":{"self":[{"href":"https:\/\/www.justiceinfo.net\/fr\/wp-json\/wp\/v2\/posts\/12104","targetHints":{"allow":["GET"]}}],"collection":[{"href":"https:\/\/www.justiceinfo.net\/fr\/wp-json\/wp\/v2\/posts"}],"about":[{"href":"https:\/\/www.justiceinfo.net\/fr\/wp-json\/wp\/v2\/types\/post"}],"author":[{"embeddable":true,"href":"https:\/\/www.justiceinfo.net\/fr\/wp-json\/wp\/v2\/users\/64"}],"replies":[{"embeddable":true,"href":"https:\/\/www.justiceinfo.net\/fr\/wp-json\/wp\/v2\/comments?post=12104"}],"version-history":[{"count":0,"href":"https:\/\/www.justiceinfo.net\/fr\/wp-json\/wp\/v2\/posts\/12104\/revisions"}],"wp:attachment":[{"href":"https:\/\/www.justiceinfo.net\/fr\/wp-json\/wp\/v2\/media?parent=12104"}],"wp:term":[{"taxonomy":"category","embeddable":true,"href":"https:\/\/www.justiceinfo.net\/fr\/wp-json\/wp\/v2\/categories?post=12104"},{"taxonomy":"post_tag","embeddable":true,"href":"https:\/\/www.justiceinfo.net\/fr\/wp-json\/wp\/v2\/tags?post=12104"},{"taxonomy":"ji_location","embeddable":true,"href":"https:\/\/www.justiceinfo.net\/fr\/wp-json\/wp\/v2\/ji_location?post=12104"}],"curies":[{"name":"wp","href":"https:\/\/api.w.org\/{rel}","templated":true}]}}