{"id":12137,"date":"2010-05-27T00:00:00","date_gmt":"2010-05-26T22:00:00","guid":{"rendered":"https:\/\/www.justiceinfo.net\/12137-270510-rwandafrance-genocide-un-medecin-rwandais-arrete-en-france8945.html"},"modified":"2010-05-27T00:00:00","modified_gmt":"2010-05-26T22:00:00","slug":"270510-rwandafrance-genocide-un-medecin-rwandais-arrete-en-france8945","status":"publish","type":"post","link":"https:\/\/www.justiceinfo.net\/fr\/12137-270510-rwandafrance-genocide-un-medecin-rwandais-arrete-en-france8945.html","title":{"rendered":"27.05.10 - RWANDA\/FRANCE - GENOCIDE : UN MEDECIN RWANDAIS ARRETE EN FRANCE"},"content":{"rendered":"<p >\nArusha, 27 mai 2010 (FH) - Un m&eacute;decin rwandais, Eug&egrave;ne Rwamucyo, vis&eacute; par une information judiciaire &agrave; Paris et un mandat d'arr&ecirc;t rwandais pour son implication pr&eacute;sum&eacute;e dans le g&eacute;nocide des Tutsis en 1994, a &eacute;t&eacute; interpell&eacute; mercredi en r&eacute;gion parisienne.\n<\/p>\n<p><!--more--><\/p>\n<p >\n<p >\n<p >\nAncien m&eacute;decin &agrave; Maubeuge (nord de la France), le docteur Rwamucyo, n&eacute; en 1959, est notamment accus&eacute; par Kigali d'avoir particip&eacute; &agrave; des r&eacute;unions de responsables g&eacute;nocidaires &agrave; Butare (sud du Rwanda) en 1994, dont l'une sous la direction du Premier ministre de l'&eacute;poque, Jean Kambanda, condamn&eacute; &agrave; la perp&eacute;tuit&eacute; par le Tribunal p&eacute;nal international pour le Rwanda (TPIR) si&eacute;geant &agrave; Arusha, en Tanzanie.\n<\/p>\n<p >\n<p >\nLe Parquet g&eacute;n&eacute;ral du Rwanda a salu&eacute; jeudi cette arrestation, tout en souhaitant qu'un proc&egrave;s et un jugement s'en suivent.\n<\/p>\n<p >\n<p >\n&laquo; Nous nous en r&eacute;jouissons. Nous constatons ces derniers jours que la France s'est engag&eacute;e &agrave; poursuivre les pr&eacute;sum&eacute;s g&eacute;nocidaires r&eacute;fugi&eacute;s sur son territoire &raquo;, a d&eacute;clar&eacute; sur les ondes de Radio Rwanda, le procureur g&eacute;n&eacute;ral, Martin Ngoga.\n<\/p>\n<p >\n<p >\n&laquo; L'attitude de la France sur le dossier (du g&eacute;nocide) a chang&eacute; par rapport &agrave; ce qu'elle &eacute;tait tout r&eacute;cemment &raquo;, a poursuivi le responsable rwandais, qui s'exprimait en langue nationale.\n<\/p>\n<p >\n<p >\n&laquo; Nous esp&eacute;rons que le processus se poursuivra pour aboutir &agrave; des proc&egrave;s et &agrave; des jugements &raquo;, a-t-il ajout&eacute;, en r&eacute;it&eacute;rant que l'id&eacute;al aurait &eacute;t&eacute; pour Kigali, l'extradition des suspects vers la justice rwandaise.&nbsp;\n<\/p>\n<p >\n<p >\nPlac&eacute; en d&eacute;tention au commissariat de Sannois (r&eacute;gion parisienne) dans l'attente d'une &eacute;ventuelle extradition, le docteur Rwamucyo devait &ecirc;tre pr&eacute;sent&eacute; jeudi au parquet g&eacute;n&eacute;ral de Versailles.\n<\/p>\n<p >\n<p >\nLe m&eacute;decin travaillait &agrave; l'h&ocirc;pital de Maubeuge, avant d'&ecirc;tre suspendu puis licenci&eacute; de l'&eacute;tablissement en avril, officiellement faute de titre de travail. Les soup&ccedil;ons pesant sur lui avaient &eacute;t&eacute; rendus publics en octobre 2009 par une infirmi&egrave;re de l'h&ocirc;pital qui avait tap&eacute; son nom sur internet.\n<\/p>\n<p >\n<p >\nLe m&eacute;decin r&eacute;sidait jusqu'&agrave; pr&eacute;sent en Belgique avec son &eacute;pouse et ses enfants de nationalit&eacute; belge.\n<\/p>\n<p >\n<p >\nCette arrestation intervient &agrave; quelques jours de l'ouverture &agrave; Nice le 31 mai du 25e sommet Afrique - France, auquel le pr&eacute;sident rwandais Paul Kagame participera.\n<\/p>\n<p >\n<p >\nER\/SRE\/GF\n<\/p>\n<p>\n&copy; Agence Hirondelle<\/p>\n","protected":false},"excerpt":{"rendered":"<p>Arusha, 27 mai 2010 (FH) - Un m&eacute;decin rwandais, Eug&egrave;ne Rwamucyo, vis&eacute; par une information judiciaire &agrave; Paris et un mandat d'arr&ecirc;t rwandais pour son implication pr&eacute;sum&eacute;e dans le g&eacute;nocide des Tutsis en 1994, a &eacute;t&eacute; interpell&eacute; mercredi en r&eacute;gion parisienne.<\/p>\n","protected":false},"author":64,"featured_media":0,"comment_status":"open","ping_status":"closed","sticky":false,"template":"","format":"standard","meta":{"_acf_changed":false,"footnotes":""},"categories":[554],"tags":[],"ji_location":[],"class_list":["post-12137","post","type-post","status-publish","format-standard","hentry","category-hirondellenews"],"acf":[],"yoast_head":"<!-- This site is optimized with the Yoast SEO Premium plugin v25.3.1 (Yoast SEO v25.3.1) - https:\/\/yoast.com\/wordpress\/plugins\/seo\/ -->\n<title>27.05.10 - RWANDA\/FRANCE - GENOCIDE : UN MEDECIN RWANDAIS ARRETE EN FRANCE - JusticeInfo.net<\/title>\n<meta name=\"robots\" content=\"index, follow, max-snippet:-1, max-image-preview:large, max-video-preview:-1\" \/>\n<link rel=\"canonical\" href=\"https:\/\/www.justiceinfo.net\/fr\/12137-270510-rwandafrance-genocide-un-medecin-rwandais-arrete-en-france8945.html\" \/>\n<meta property=\"og:locale\" content=\"fr_FR\" \/>\n<meta property=\"og:type\" content=\"article\" \/>\n<meta property=\"og:title\" content=\"27.05.10 - RWANDA\/FRANCE - GENOCIDE : UN MEDECIN RWANDAIS ARRETE EN FRANCE\" \/>\n<meta property=\"og:description\" content=\"Arusha, 27 mai 2010 (FH) - Un m&eacute;decin rwandais, Eug&egrave;ne Rwamucyo, vis&eacute; par une information judiciaire &agrave; Paris et un mandat d&#039;arr&ecirc;t rwandais pour son implication pr&eacute;sum&eacute;e dans le g&eacute;nocide des Tutsis en 1994, a &eacute;t&eacute; interpell&eacute; mercredi en r&eacute;gion parisienne.\" \/>\n<meta property=\"og:url\" content=\"https:\/\/www.justiceinfo.net\/fr\/12137-270510-rwandafrance-genocide-un-medecin-rwandais-arrete-en-france8945.html\" \/>\n<meta property=\"og:site_name\" content=\"JusticeInfo.net\" \/>\n<meta property=\"article:publisher\" content=\"https:\/\/www.facebook.com\/JusticeInfo\/\" \/>\n<meta property=\"article:published_time\" content=\"2010-05-26T22:00:00+00:00\" \/>\n<meta property=\"og:image\" content=\"https:\/\/www.justiceinfo.net\/wp-content\/uploads\/JusticeInfoNet_logo_1200x630px.jpg\" \/>\n\t<meta property=\"og:image:width\" content=\"1200\" \/>\n\t<meta property=\"og:image:height\" content=\"630\" \/>\n\t<meta property=\"og:image:type\" content=\"image\/jpeg\" \/>\n<meta name=\"author\" content=\"solivri\" \/>\n<meta name=\"twitter:card\" content=\"summary_large_image\" \/>\n<meta name=\"twitter:creator\" content=\"@justiceinfonet\" \/>\n<meta name=\"twitter:site\" content=\"@justiceinfonet\" \/>\n<meta name=\"twitter:label1\" content=\"\u00c9crit par\" \/>\n\t<meta name=\"twitter:data1\" content=\"solivri\" \/>\n\t<meta name=\"twitter:label2\" content=\"Dur\u00e9e de lecture estim\u00e9e\" \/>\n\t<meta name=\"twitter:data2\" content=\"2 minutes\" \/>\n<script type=\"application\/ld+json\" class=\"yoast-schema-graph\">{\"@context\":\"https:\/\/schema.org\",\"@graph\":[{\"@type\":\"NewsArticle\",\"@id\":\"https:\/\/www.justiceinfo.net\/fr\/12137-270510-rwandafrance-genocide-un-medecin-rwandais-arrete-en-france8945.html#article\",\"isPartOf\":{\"@id\":\"https:\/\/www.justiceinfo.net\/fr\/12137-270510-rwandafrance-genocide-un-medecin-rwandais-arrete-en-france8945.html\"},\"author\":{\"name\":\"solivri\",\"@id\":\"https:\/\/www.justiceinfo.net\/fr#\/schema\/person\/6e53cba1629e2e66f3fc1821d3091865\"},\"headline\":\"27.05.10 - RWANDA\/FRANCE - GENOCIDE : UN MEDECIN RWANDAIS ARRETE EN FRANCE\",\"datePublished\":\"2010-05-26T22:00:00+00:00\",\"mainEntityOfPage\":{\"@id\":\"https:\/\/www.justiceinfo.net\/fr\/12137-270510-rwandafrance-genocide-un-medecin-rwandais-arrete-en-france8945.html\"},\"wordCount\":497,\"commentCount\":0,\"publisher\":{\"@id\":\"https:\/\/www.justiceinfo.net\/fr#organization\"},\"articleSection\":[\"Hirondelle News\"],\"inLanguage\":\"fr-FR\",\"potentialAction\":[{\"@type\":\"CommentAction\",\"name\":\"Comment\",\"target\":[\"https:\/\/www.justiceinfo.net\/fr\/12137-270510-rwandafrance-genocide-un-medecin-rwandais-arrete-en-france8945.html#respond\"]}]},{\"@type\":\"WebPage\",\"@id\":\"https:\/\/www.justiceinfo.net\/fr\/12137-270510-rwandafrance-genocide-un-medecin-rwandais-arrete-en-france8945.html\",\"url\":\"https:\/\/www.justiceinfo.net\/fr\/12137-270510-rwandafrance-genocide-un-medecin-rwandais-arrete-en-france8945.html\",\"name\":\"27.05.10 - RWANDA\/FRANCE - GENOCIDE : UN MEDECIN RWANDAIS ARRETE EN FRANCE - JusticeInfo.net\",\"isPartOf\":{\"@id\":\"https:\/\/www.justiceinfo.net\/fr#website\"},\"datePublished\":\"2010-05-26T22:00:00+00:00\",\"breadcrumb\":{\"@id\":\"https:\/\/www.justiceinfo.net\/fr\/12137-270510-rwandafrance-genocide-un-medecin-rwandais-arrete-en-france8945.html#breadcrumb\"},\"inLanguage\":\"fr-FR\",\"potentialAction\":[{\"@type\":\"ReadAction\",\"target\":[\"https:\/\/www.justiceinfo.net\/fr\/12137-270510-rwandafrance-genocide-un-medecin-rwandais-arrete-en-france8945.html\"]}]},{\"@type\":\"BreadcrumbList\",\"@id\":\"https:\/\/www.justiceinfo.net\/fr\/12137-270510-rwandafrance-genocide-un-medecin-rwandais-arrete-en-france8945.html#breadcrumb\",\"itemListElement\":[{\"@type\":\"ListItem\",\"position\":1,\"name\":\"Home\",\"item\":\"https:\/\/www.justiceinfo.net\/fr\"},{\"@type\":\"ListItem\",\"position\":2,\"name\":\"27.05.10 - RWANDA\/FRANCE - GENOCIDE : UN MEDECIN RWANDAIS ARRETE EN FRANCE\"}]},{\"@type\":\"WebSite\",\"@id\":\"https:\/\/www.justiceinfo.net\/fr#website\",\"url\":\"https:\/\/www.justiceinfo.net\/fr\",\"name\":\"JusticeInfo.net\",\"description\":\"La justice doit \u00eatre vue pour \u00eatre rendue\",\"publisher\":{\"@id\":\"https:\/\/www.justiceinfo.net\/fr#organization\"},\"potentialAction\":[{\"@type\":\"SearchAction\",\"target\":{\"@type\":\"EntryPoint\",\"urlTemplate\":\"https:\/\/www.justiceinfo.net\/fr?s={search_term_string}\"},\"query-input\":{\"@type\":\"PropertyValueSpecification\",\"valueRequired\":true,\"valueName\":\"search_term_string\"}}],\"inLanguage\":\"fr-FR\"},{\"@type\":\"Organization\",\"@id\":\"https:\/\/www.justiceinfo.net\/fr#organization\",\"name\":\"Justice Info\",\"url\":\"https:\/\/www.justiceinfo.net\/fr\",\"logo\":{\"@type\":\"ImageObject\",\"inLanguage\":\"fr-FR\",\"@id\":\"https:\/\/www.justiceinfo.net\/fr#\/schema\/logo\/image\/\",\"url\":\"https:\/\/www.justiceinfo.net\/wp-content\/uploads\/justiceinfo_logo-trans_1200x1200px.png\",\"contentUrl\":\"https:\/\/www.justiceinfo.net\/wp-content\/uploads\/justiceinfo_logo-trans_1200x1200px.png\",\"width\":1199,\"height\":1200,\"caption\":\"Justice Info\"},\"image\":{\"@id\":\"https:\/\/www.justiceinfo.net\/fr#\/schema\/logo\/image\/\"},\"sameAs\":[\"https:\/\/www.facebook.com\/JusticeInfo\/\",\"https:\/\/x.com\/justiceinfonet\",\"https:\/\/www.linkedin.com\/company\/justice-info\",\"https:\/\/www.youtube.com\/channel\/UCyCEsARodyuWtkWyhn-e7pA\"]},{\"@type\":\"Person\",\"name\":\"solivri\",\"url\":\"\/fr\/?s=solivri\"}]}<\/script>\n<!-- \/ Yoast SEO Premium plugin. -->","yoast_head_json":{"title":"27.05.10 - RWANDA\/FRANCE - GENOCIDE : UN MEDECIN RWANDAIS ARRETE EN FRANCE - JusticeInfo.net","robots":{"index":"index","follow":"follow","max-snippet":"max-snippet:-1","max-image-preview":"max-image-preview:large","max-video-preview":"max-video-preview:-1"},"canonical":"https:\/\/www.justiceinfo.net\/fr\/12137-270510-rwandafrance-genocide-un-medecin-rwandais-arrete-en-france8945.html","og_locale":"fr_FR","og_type":"article","og_title":"27.05.10 - RWANDA\/FRANCE - GENOCIDE : UN MEDECIN RWANDAIS ARRETE EN FRANCE","og_description":"Arusha, 27 mai 2010 (FH) - Un m&eacute;decin rwandais, Eug&egrave;ne Rwamucyo, vis&eacute; par une information judiciaire &agrave; Paris et un mandat d'arr&ecirc;t rwandais pour son implication pr&eacute;sum&eacute;e dans le g&eacute;nocide des Tutsis en 1994, a &eacute;t&eacute; interpell&eacute; mercredi en r&eacute;gion parisienne.","og_url":"https:\/\/www.justiceinfo.net\/fr\/12137-270510-rwandafrance-genocide-un-medecin-rwandais-arrete-en-france8945.html","og_site_name":"JusticeInfo.net","article_publisher":"https:\/\/www.facebook.com\/JusticeInfo\/","article_published_time":"2010-05-26T22:00:00+00:00","og_image":[{"width":1200,"height":630,"url":"https:\/\/www.justiceinfo.net\/wp-content\/uploads\/JusticeInfoNet_logo_1200x630px.jpg","type":"image\/jpeg"}],"author":"solivri","twitter_card":"summary_large_image","twitter_creator":"@justiceinfonet","twitter_site":"@justiceinfonet","twitter_misc":{"\u00c9crit par":"solivri","Dur\u00e9e de lecture estim\u00e9e":"2 minutes"},"schema":{"@context":"https:\/\/schema.org","@graph":[{"@type":"NewsArticle","@id":"https:\/\/www.justiceinfo.net\/fr\/12137-270510-rwandafrance-genocide-un-medecin-rwandais-arrete-en-france8945.html#article","isPartOf":{"@id":"https:\/\/www.justiceinfo.net\/fr\/12137-270510-rwandafrance-genocide-un-medecin-rwandais-arrete-en-france8945.html"},"author":{"name":"solivri","@id":"https:\/\/www.justiceinfo.net\/fr#\/schema\/person\/6e53cba1629e2e66f3fc1821d3091865"},"headline":"27.05.10 - RWANDA\/FRANCE - GENOCIDE : UN MEDECIN RWANDAIS ARRETE EN FRANCE","datePublished":"2010-05-26T22:00:00+00:00","mainEntityOfPage":{"@id":"https:\/\/www.justiceinfo.net\/fr\/12137-270510-rwandafrance-genocide-un-medecin-rwandais-arrete-en-france8945.html"},"wordCount":497,"commentCount":0,"publisher":{"@id":"https:\/\/www.justiceinfo.net\/fr#organization"},"articleSection":["Hirondelle News"],"inLanguage":"fr-FR","potentialAction":[{"@type":"CommentAction","name":"Comment","target":["https:\/\/www.justiceinfo.net\/fr\/12137-270510-rwandafrance-genocide-un-medecin-rwandais-arrete-en-france8945.html#respond"]}]},{"@type":"WebPage","@id":"https:\/\/www.justiceinfo.net\/fr\/12137-270510-rwandafrance-genocide-un-medecin-rwandais-arrete-en-france8945.html","url":"https:\/\/www.justiceinfo.net\/fr\/12137-270510-rwandafrance-genocide-un-medecin-rwandais-arrete-en-france8945.html","name":"27.05.10 - RWANDA\/FRANCE - GENOCIDE : UN MEDECIN RWANDAIS ARRETE EN FRANCE - JusticeInfo.net","isPartOf":{"@id":"https:\/\/www.justiceinfo.net\/fr#website"},"datePublished":"2010-05-26T22:00:00+00:00","breadcrumb":{"@id":"https:\/\/www.justiceinfo.net\/fr\/12137-270510-rwandafrance-genocide-un-medecin-rwandais-arrete-en-france8945.html#breadcrumb"},"inLanguage":"fr-FR","potentialAction":[{"@type":"ReadAction","target":["https:\/\/www.justiceinfo.net\/fr\/12137-270510-rwandafrance-genocide-un-medecin-rwandais-arrete-en-france8945.html"]}]},{"@type":"BreadcrumbList","@id":"https:\/\/www.justiceinfo.net\/fr\/12137-270510-rwandafrance-genocide-un-medecin-rwandais-arrete-en-france8945.html#breadcrumb","itemListElement":[{"@type":"ListItem","position":1,"name":"Home","item":"https:\/\/www.justiceinfo.net\/fr"},{"@type":"ListItem","position":2,"name":"27.05.10 - RWANDA\/FRANCE - GENOCIDE : UN MEDECIN RWANDAIS ARRETE EN FRANCE"}]},{"@type":"WebSite","@id":"https:\/\/www.justiceinfo.net\/fr#website","url":"https:\/\/www.justiceinfo.net\/fr","name":"JusticeInfo.net","description":"La justice doit \u00eatre vue pour \u00eatre rendue","publisher":{"@id":"https:\/\/www.justiceinfo.net\/fr#organization"},"potentialAction":[{"@type":"SearchAction","target":{"@type":"EntryPoint","urlTemplate":"https:\/\/www.justiceinfo.net\/fr?s={search_term_string}"},"query-input":{"@type":"PropertyValueSpecification","valueRequired":true,"valueName":"search_term_string"}}],"inLanguage":"fr-FR"},{"@type":"Organization","@id":"https:\/\/www.justiceinfo.net\/fr#organization","name":"Justice Info","url":"https:\/\/www.justiceinfo.net\/fr","logo":{"@type":"ImageObject","inLanguage":"fr-FR","@id":"https:\/\/www.justiceinfo.net\/fr#\/schema\/logo\/image\/","url":"https:\/\/www.justiceinfo.net\/wp-content\/uploads\/justiceinfo_logo-trans_1200x1200px.png","contentUrl":"https:\/\/www.justiceinfo.net\/wp-content\/uploads\/justiceinfo_logo-trans_1200x1200px.png","width":1199,"height":1200,"caption":"Justice Info"},"image":{"@id":"https:\/\/www.justiceinfo.net\/fr#\/schema\/logo\/image\/"},"sameAs":["https:\/\/www.facebook.com\/JusticeInfo\/","https:\/\/x.com\/justiceinfonet","https:\/\/www.linkedin.com\/company\/justice-info","https:\/\/www.youtube.com\/channel\/UCyCEsARodyuWtkWyhn-e7pA"]},{"@type":"Person","name":"solivri","url":"\/fr\/?s=solivri"}]}},"_links":{"self":[{"href":"https:\/\/www.justiceinfo.net\/fr\/wp-json\/wp\/v2\/posts\/12137","targetHints":{"allow":["GET"]}}],"collection":[{"href":"https:\/\/www.justiceinfo.net\/fr\/wp-json\/wp\/v2\/posts"}],"about":[{"href":"https:\/\/www.justiceinfo.net\/fr\/wp-json\/wp\/v2\/types\/post"}],"author":[{"embeddable":true,"href":"https:\/\/www.justiceinfo.net\/fr\/wp-json\/wp\/v2\/users\/64"}],"replies":[{"embeddable":true,"href":"https:\/\/www.justiceinfo.net\/fr\/wp-json\/wp\/v2\/comments?post=12137"}],"version-history":[{"count":0,"href":"https:\/\/www.justiceinfo.net\/fr\/wp-json\/wp\/v2\/posts\/12137\/revisions"}],"wp:attachment":[{"href":"https:\/\/www.justiceinfo.net\/fr\/wp-json\/wp\/v2\/media?parent=12137"}],"wp:term":[{"taxonomy":"category","embeddable":true,"href":"https:\/\/www.justiceinfo.net\/fr\/wp-json\/wp\/v2\/categories?post=12137"},{"taxonomy":"post_tag","embeddable":true,"href":"https:\/\/www.justiceinfo.net\/fr\/wp-json\/wp\/v2\/tags?post=12137"},{"taxonomy":"ji_location","embeddable":true,"href":"https:\/\/www.justiceinfo.net\/fr\/wp-json\/wp\/v2\/ji_location?post=12137"}],"curies":[{"name":"wp","href":"https:\/\/api.w.org\/{rel}","templated":true}]}}