{"id":12175,"date":"2010-06-04T00:00:00","date_gmt":"2010-06-03T22:00:00","guid":{"rendered":"https:\/\/www.justiceinfo.net\/12175-040610-tpirsynthese-hebdomadaire-le-tpir-a-refuse-de-suspendre-un-proces8983.html"},"modified":"2010-06-04T00:00:00","modified_gmt":"2010-06-03T22:00:00","slug":"040610-tpirsynthese-hebdomadaire-le-tpir-a-refuse-de-suspendre-un-proces8983","status":"publish","type":"post","link":"https:\/\/www.justiceinfo.net\/fr\/12175-040610-tpirsynthese-hebdomadaire-le-tpir-a-refuse-de-suspendre-un-proces8983.html","title":{"rendered":"04.06.10 - TPIR\/SYNTHESE HEBDOMADAIRE - LE TPIR A REFUSE DE SUSPENDRE UN PROCES"},"content":{"rendered":"<p >\n<p >\n<p >\nArusha, 4 juin 2010 (FH) - Le Tribunal p&eacute;nal international pour le Rwanda (TPIR) a d&eacute;bout&eacute; mercredi deux avocats qui, &agrave; la suite de l'arrestation &agrave; Kigali d'un de leurs confr&egrave;res, avaient demand&eacute; le report sine die du proc&egrave;s de leur client.\n<\/p>\n<p><!--more--><\/p>\n<p >\n<p >\nPr&eacute;sident de l'Association des avocats de la d&eacute;fense au TPIR, l'Am&eacute;ricain Peter Erlinder a &eacute;t&eacute; arr&ecirc;t&eacute; la semaine derni&egrave;re au Rwanda sous le chef de n&eacute;gation du g&eacute;nocide des Tutsis de 1994.\n<\/p>\n<p >\nL'avocat&nbsp; &eacute;tait arriv&eacute; dans la capitale rwandaise pour d&eacute;fendre l'opposante Victoire Ingabire, elle- m&ecirc;me accus&eacute;e de nier le g&eacute;nocide.\n<\/p>\n<p >\nApr&egrave;s cette arrestation, Mes Arthur Vercken et Anta Guiss&eacute;, les deux avocats fran&ccedil;ais de Callixte Kalimanzira, un ex-haut fonctionnaire condamn&eacute; en premi&egrave;re instance, avaient demand&eacute;, dans une requ&ecirc;te, le report sine die de l'audience d'appel pr&eacute;vue le 14 juin prochain.\n<\/p>\n<p >\nLa chambre d'appel a trouv&eacute; la requ&ecirc;te sans fondement et a maintenu la date.\n<\/p>\n<p >\nPar ailleurs, selon le nouveau calendrier judiciaire parvenu cette semaine &agrave; l'agence Hirondelle, le TPIR rendra ses jugements en d&eacute;cembre dans trois proc&egrave;s impliquant 11 accus&eacute;s dont l'ex-ministre de la Famille, Pauline Nyiramasuhuko, la seule femme &agrave; avoir &eacute;t&eacute; inculp&eacute;e par la juridiction.\n<\/p>\n<p >\nElle est poursuivie avec cinq autres accus&eacute;s, dont son fils Ars&egrave;ne Ntahobali, dans le proc&egrave;s commun&eacute;ment appel&eacute; &laquo; Butare &raquo;.\n<\/p>\n<p >\nParmi les accus&eacute;s qui seront fix&eacute;s sur leur sort en d&eacute;cembre, figurent &eacute;galement les anciens chefs d'Etat-major de l'arm&eacute;e et de la gendarmerie, les g&eacute;n&eacute;raux Augustin Bizimungu et Augustin Ndindiliyimana\n<\/p>\n<p >\nLe proc&egrave;s de l'ex-ministre de la Jeunesse, Callixte Nzabonimana, le seul qui &eacute;tait inscrit au r&ocirc;le du tribunal cette semaine, a &eacute;t&eacute; suspendu jeudi jusqu'au 5 juillet prochain. Au cours de la nouvelle session qui durera jusqu'au 15 juillet, la d&eacute;fense continuera &agrave; faire compara&icirc;tre ses t&eacute;moins.\n<\/p>\n<p >\nLundi prochain, le proc&egrave;s des trois anciens dirigeants du MRND reprendra avec la suite de la d&eacute;fense de l'ex-secr&eacute;taire g&eacute;n&eacute;ral du parti, Joseph Nzirorera, deuxi&egrave;me &agrave; citer ses t&eacute;moins.\n<\/p>\n<p >\nER\/GF\n<\/p>\n<p >\n@Agence Hirondelle<\/p>\n","protected":false},"excerpt":{"rendered":"<p>Arusha, 4 juin 2010 (FH) - Le Tribunal p&eacute;nal international pour le Rwanda (TPIR) a d&eacute;bout&eacute; mercredi deux avocats qui, &agrave; la suite de l'arrestation &agrave; Kigali d'un de leurs confr&egrave;res, avaient demand&eacute; le report sine die du proc&egrave;s de leur client.<\/p>\n","protected":false},"author":64,"featured_media":0,"comment_status":"open","ping_status":"closed","sticky":false,"template":"","format":"standard","meta":{"_acf_changed":false,"footnotes":""},"categories":[554],"tags":[],"ji_location":[],"class_list":["post-12175","post","type-post","status-publish","format-standard","hentry","category-hirondellenews"],"acf":[],"yoast_head":"<!-- This site is optimized with the Yoast SEO Premium plugin v25.3.1 (Yoast SEO v25.3.1) - https:\/\/yoast.com\/wordpress\/plugins\/seo\/ -->\n<title>04.06.10 - TPIR\/SYNTHESE HEBDOMADAIRE - LE TPIR A REFUSE DE SUSPENDRE UN PROCES - JusticeInfo.net<\/title>\n<meta name=\"robots\" content=\"index, follow, max-snippet:-1, max-image-preview:large, max-video-preview:-1\" \/>\n<link rel=\"canonical\" href=\"https:\/\/www.justiceinfo.net\/fr\/12175-040610-tpirsynthese-hebdomadaire-le-tpir-a-refuse-de-suspendre-un-proces8983.html\" \/>\n<meta property=\"og:locale\" content=\"fr_FR\" \/>\n<meta property=\"og:type\" content=\"article\" \/>\n<meta property=\"og:title\" content=\"04.06.10 - TPIR\/SYNTHESE HEBDOMADAIRE - LE TPIR A REFUSE DE SUSPENDRE UN PROCES\" \/>\n<meta property=\"og:description\" content=\"Arusha, 4 juin 2010 (FH) - Le Tribunal p&eacute;nal international pour le Rwanda (TPIR) a d&eacute;bout&eacute; mercredi deux avocats qui, &agrave; la suite de l&#039;arrestation &agrave; Kigali d&#039;un de leurs confr&egrave;res, avaient demand&eacute; le report sine die du proc&egrave;s de leur client.\" \/>\n<meta property=\"og:url\" content=\"https:\/\/www.justiceinfo.net\/fr\/12175-040610-tpirsynthese-hebdomadaire-le-tpir-a-refuse-de-suspendre-un-proces8983.html\" \/>\n<meta property=\"og:site_name\" content=\"JusticeInfo.net\" \/>\n<meta property=\"article:publisher\" content=\"https:\/\/www.facebook.com\/JusticeInfo\/\" \/>\n<meta property=\"article:published_time\" content=\"2010-06-03T22:00:00+00:00\" \/>\n<meta property=\"og:image\" content=\"https:\/\/www.justiceinfo.net\/wp-content\/uploads\/JusticeInfoNet_logo_1200x630px.jpg\" \/>\n\t<meta property=\"og:image:width\" content=\"1200\" \/>\n\t<meta property=\"og:image:height\" content=\"630\" \/>\n\t<meta property=\"og:image:type\" content=\"image\/jpeg\" \/>\n<meta name=\"author\" content=\"solivri\" \/>\n<meta name=\"twitter:card\" content=\"summary_large_image\" \/>\n<meta name=\"twitter:creator\" content=\"@justiceinfonet\" \/>\n<meta name=\"twitter:site\" content=\"@justiceinfonet\" \/>\n<meta name=\"twitter:label1\" content=\"\u00c9crit par\" \/>\n\t<meta name=\"twitter:data1\" content=\"solivri\" \/>\n\t<meta name=\"twitter:label2\" content=\"Dur\u00e9e de lecture estim\u00e9e\" \/>\n\t<meta name=\"twitter:data2\" content=\"2 minutes\" \/>\n<script type=\"application\/ld+json\" class=\"yoast-schema-graph\">{\"@context\":\"https:\/\/schema.org\",\"@graph\":[{\"@type\":\"NewsArticle\",\"@id\":\"https:\/\/www.justiceinfo.net\/fr\/12175-040610-tpirsynthese-hebdomadaire-le-tpir-a-refuse-de-suspendre-un-proces8983.html#article\",\"isPartOf\":{\"@id\":\"https:\/\/www.justiceinfo.net\/fr\/12175-040610-tpirsynthese-hebdomadaire-le-tpir-a-refuse-de-suspendre-un-proces8983.html\"},\"author\":{\"name\":\"solivri\",\"@id\":\"https:\/\/www.justiceinfo.net\/fr#\/schema\/person\/6e53cba1629e2e66f3fc1821d3091865\"},\"headline\":\"04.06.10 - TPIR\/SYNTHESE HEBDOMADAIRE - LE TPIR A REFUSE DE SUSPENDRE UN PROCES\",\"datePublished\":\"2010-06-03T22:00:00+00:00\",\"mainEntityOfPage\":{\"@id\":\"https:\/\/www.justiceinfo.net\/fr\/12175-040610-tpirsynthese-hebdomadaire-le-tpir-a-refuse-de-suspendre-un-proces8983.html\"},\"wordCount\":456,\"commentCount\":0,\"publisher\":{\"@id\":\"https:\/\/www.justiceinfo.net\/fr#organization\"},\"articleSection\":[\"Hirondelle News\"],\"inLanguage\":\"fr-FR\",\"potentialAction\":[{\"@type\":\"CommentAction\",\"name\":\"Comment\",\"target\":[\"https:\/\/www.justiceinfo.net\/fr\/12175-040610-tpirsynthese-hebdomadaire-le-tpir-a-refuse-de-suspendre-un-proces8983.html#respond\"]}]},{\"@type\":\"WebPage\",\"@id\":\"https:\/\/www.justiceinfo.net\/fr\/12175-040610-tpirsynthese-hebdomadaire-le-tpir-a-refuse-de-suspendre-un-proces8983.html\",\"url\":\"https:\/\/www.justiceinfo.net\/fr\/12175-040610-tpirsynthese-hebdomadaire-le-tpir-a-refuse-de-suspendre-un-proces8983.html\",\"name\":\"04.06.10 - TPIR\/SYNTHESE HEBDOMADAIRE - LE TPIR A REFUSE DE SUSPENDRE UN PROCES - JusticeInfo.net\",\"isPartOf\":{\"@id\":\"https:\/\/www.justiceinfo.net\/fr#website\"},\"datePublished\":\"2010-06-03T22:00:00+00:00\",\"breadcrumb\":{\"@id\":\"https:\/\/www.justiceinfo.net\/fr\/12175-040610-tpirsynthese-hebdomadaire-le-tpir-a-refuse-de-suspendre-un-proces8983.html#breadcrumb\"},\"inLanguage\":\"fr-FR\",\"potentialAction\":[{\"@type\":\"ReadAction\",\"target\":[\"https:\/\/www.justiceinfo.net\/fr\/12175-040610-tpirsynthese-hebdomadaire-le-tpir-a-refuse-de-suspendre-un-proces8983.html\"]}]},{\"@type\":\"BreadcrumbList\",\"@id\":\"https:\/\/www.justiceinfo.net\/fr\/12175-040610-tpirsynthese-hebdomadaire-le-tpir-a-refuse-de-suspendre-un-proces8983.html#breadcrumb\",\"itemListElement\":[{\"@type\":\"ListItem\",\"position\":1,\"name\":\"Home\",\"item\":\"https:\/\/www.justiceinfo.net\/fr\"},{\"@type\":\"ListItem\",\"position\":2,\"name\":\"04.06.10 - TPIR\/SYNTHESE HEBDOMADAIRE - LE TPIR A REFUSE DE SUSPENDRE UN PROCES\"}]},{\"@type\":\"WebSite\",\"@id\":\"https:\/\/www.justiceinfo.net\/fr#website\",\"url\":\"https:\/\/www.justiceinfo.net\/fr\",\"name\":\"JusticeInfo.net\",\"description\":\"La justice doit \u00eatre vue pour \u00eatre rendue\",\"publisher\":{\"@id\":\"https:\/\/www.justiceinfo.net\/fr#organization\"},\"potentialAction\":[{\"@type\":\"SearchAction\",\"target\":{\"@type\":\"EntryPoint\",\"urlTemplate\":\"https:\/\/www.justiceinfo.net\/fr?s={search_term_string}\"},\"query-input\":{\"@type\":\"PropertyValueSpecification\",\"valueRequired\":true,\"valueName\":\"search_term_string\"}}],\"inLanguage\":\"fr-FR\"},{\"@type\":\"Organization\",\"@id\":\"https:\/\/www.justiceinfo.net\/fr#organization\",\"name\":\"Justice Info\",\"url\":\"https:\/\/www.justiceinfo.net\/fr\",\"logo\":{\"@type\":\"ImageObject\",\"inLanguage\":\"fr-FR\",\"@id\":\"https:\/\/www.justiceinfo.net\/fr#\/schema\/logo\/image\/\",\"url\":\"https:\/\/www.justiceinfo.net\/wp-content\/uploads\/justiceinfo_logo-trans_1200x1200px.png\",\"contentUrl\":\"https:\/\/www.justiceinfo.net\/wp-content\/uploads\/justiceinfo_logo-trans_1200x1200px.png\",\"width\":1199,\"height\":1200,\"caption\":\"Justice Info\"},\"image\":{\"@id\":\"https:\/\/www.justiceinfo.net\/fr#\/schema\/logo\/image\/\"},\"sameAs\":[\"https:\/\/www.facebook.com\/JusticeInfo\/\",\"https:\/\/x.com\/justiceinfonet\",\"https:\/\/www.linkedin.com\/company\/justice-info\",\"https:\/\/www.youtube.com\/channel\/UCyCEsARodyuWtkWyhn-e7pA\"]},{\"@type\":\"Person\",\"name\":\"solivri\",\"url\":\"\/fr\/?s=solivri\"}]}<\/script>\n<!-- \/ Yoast SEO Premium plugin. -->","yoast_head_json":{"title":"04.06.10 - TPIR\/SYNTHESE HEBDOMADAIRE - LE TPIR A REFUSE DE SUSPENDRE UN PROCES - JusticeInfo.net","robots":{"index":"index","follow":"follow","max-snippet":"max-snippet:-1","max-image-preview":"max-image-preview:large","max-video-preview":"max-video-preview:-1"},"canonical":"https:\/\/www.justiceinfo.net\/fr\/12175-040610-tpirsynthese-hebdomadaire-le-tpir-a-refuse-de-suspendre-un-proces8983.html","og_locale":"fr_FR","og_type":"article","og_title":"04.06.10 - TPIR\/SYNTHESE HEBDOMADAIRE - LE TPIR A REFUSE DE SUSPENDRE UN PROCES","og_description":"Arusha, 4 juin 2010 (FH) - Le Tribunal p&eacute;nal international pour le Rwanda (TPIR) a d&eacute;bout&eacute; mercredi deux avocats qui, &agrave; la suite de l'arrestation &agrave; Kigali d'un de leurs confr&egrave;res, avaient demand&eacute; le report sine die du proc&egrave;s de leur client.","og_url":"https:\/\/www.justiceinfo.net\/fr\/12175-040610-tpirsynthese-hebdomadaire-le-tpir-a-refuse-de-suspendre-un-proces8983.html","og_site_name":"JusticeInfo.net","article_publisher":"https:\/\/www.facebook.com\/JusticeInfo\/","article_published_time":"2010-06-03T22:00:00+00:00","og_image":[{"width":1200,"height":630,"url":"https:\/\/www.justiceinfo.net\/wp-content\/uploads\/JusticeInfoNet_logo_1200x630px.jpg","type":"image\/jpeg"}],"author":"solivri","twitter_card":"summary_large_image","twitter_creator":"@justiceinfonet","twitter_site":"@justiceinfonet","twitter_misc":{"\u00c9crit par":"solivri","Dur\u00e9e de lecture estim\u00e9e":"2 minutes"},"schema":{"@context":"https:\/\/schema.org","@graph":[{"@type":"NewsArticle","@id":"https:\/\/www.justiceinfo.net\/fr\/12175-040610-tpirsynthese-hebdomadaire-le-tpir-a-refuse-de-suspendre-un-proces8983.html#article","isPartOf":{"@id":"https:\/\/www.justiceinfo.net\/fr\/12175-040610-tpirsynthese-hebdomadaire-le-tpir-a-refuse-de-suspendre-un-proces8983.html"},"author":{"name":"solivri","@id":"https:\/\/www.justiceinfo.net\/fr#\/schema\/person\/6e53cba1629e2e66f3fc1821d3091865"},"headline":"04.06.10 - TPIR\/SYNTHESE HEBDOMADAIRE - LE TPIR A REFUSE DE SUSPENDRE UN PROCES","datePublished":"2010-06-03T22:00:00+00:00","mainEntityOfPage":{"@id":"https:\/\/www.justiceinfo.net\/fr\/12175-040610-tpirsynthese-hebdomadaire-le-tpir-a-refuse-de-suspendre-un-proces8983.html"},"wordCount":456,"commentCount":0,"publisher":{"@id":"https:\/\/www.justiceinfo.net\/fr#organization"},"articleSection":["Hirondelle News"],"inLanguage":"fr-FR","potentialAction":[{"@type":"CommentAction","name":"Comment","target":["https:\/\/www.justiceinfo.net\/fr\/12175-040610-tpirsynthese-hebdomadaire-le-tpir-a-refuse-de-suspendre-un-proces8983.html#respond"]}]},{"@type":"WebPage","@id":"https:\/\/www.justiceinfo.net\/fr\/12175-040610-tpirsynthese-hebdomadaire-le-tpir-a-refuse-de-suspendre-un-proces8983.html","url":"https:\/\/www.justiceinfo.net\/fr\/12175-040610-tpirsynthese-hebdomadaire-le-tpir-a-refuse-de-suspendre-un-proces8983.html","name":"04.06.10 - TPIR\/SYNTHESE HEBDOMADAIRE - LE TPIR A REFUSE DE SUSPENDRE UN PROCES - JusticeInfo.net","isPartOf":{"@id":"https:\/\/www.justiceinfo.net\/fr#website"},"datePublished":"2010-06-03T22:00:00+00:00","breadcrumb":{"@id":"https:\/\/www.justiceinfo.net\/fr\/12175-040610-tpirsynthese-hebdomadaire-le-tpir-a-refuse-de-suspendre-un-proces8983.html#breadcrumb"},"inLanguage":"fr-FR","potentialAction":[{"@type":"ReadAction","target":["https:\/\/www.justiceinfo.net\/fr\/12175-040610-tpirsynthese-hebdomadaire-le-tpir-a-refuse-de-suspendre-un-proces8983.html"]}]},{"@type":"BreadcrumbList","@id":"https:\/\/www.justiceinfo.net\/fr\/12175-040610-tpirsynthese-hebdomadaire-le-tpir-a-refuse-de-suspendre-un-proces8983.html#breadcrumb","itemListElement":[{"@type":"ListItem","position":1,"name":"Home","item":"https:\/\/www.justiceinfo.net\/fr"},{"@type":"ListItem","position":2,"name":"04.06.10 - TPIR\/SYNTHESE HEBDOMADAIRE - LE TPIR A REFUSE DE SUSPENDRE UN PROCES"}]},{"@type":"WebSite","@id":"https:\/\/www.justiceinfo.net\/fr#website","url":"https:\/\/www.justiceinfo.net\/fr","name":"JusticeInfo.net","description":"La justice doit \u00eatre vue pour \u00eatre rendue","publisher":{"@id":"https:\/\/www.justiceinfo.net\/fr#organization"},"potentialAction":[{"@type":"SearchAction","target":{"@type":"EntryPoint","urlTemplate":"https:\/\/www.justiceinfo.net\/fr?s={search_term_string}"},"query-input":{"@type":"PropertyValueSpecification","valueRequired":true,"valueName":"search_term_string"}}],"inLanguage":"fr-FR"},{"@type":"Organization","@id":"https:\/\/www.justiceinfo.net\/fr#organization","name":"Justice Info","url":"https:\/\/www.justiceinfo.net\/fr","logo":{"@type":"ImageObject","inLanguage":"fr-FR","@id":"https:\/\/www.justiceinfo.net\/fr#\/schema\/logo\/image\/","url":"https:\/\/www.justiceinfo.net\/wp-content\/uploads\/justiceinfo_logo-trans_1200x1200px.png","contentUrl":"https:\/\/www.justiceinfo.net\/wp-content\/uploads\/justiceinfo_logo-trans_1200x1200px.png","width":1199,"height":1200,"caption":"Justice Info"},"image":{"@id":"https:\/\/www.justiceinfo.net\/fr#\/schema\/logo\/image\/"},"sameAs":["https:\/\/www.facebook.com\/JusticeInfo\/","https:\/\/x.com\/justiceinfonet","https:\/\/www.linkedin.com\/company\/justice-info","https:\/\/www.youtube.com\/channel\/UCyCEsARodyuWtkWyhn-e7pA"]},{"@type":"Person","name":"solivri","url":"\/fr\/?s=solivri"}]}},"_links":{"self":[{"href":"https:\/\/www.justiceinfo.net\/fr\/wp-json\/wp\/v2\/posts\/12175","targetHints":{"allow":["GET"]}}],"collection":[{"href":"https:\/\/www.justiceinfo.net\/fr\/wp-json\/wp\/v2\/posts"}],"about":[{"href":"https:\/\/www.justiceinfo.net\/fr\/wp-json\/wp\/v2\/types\/post"}],"author":[{"embeddable":true,"href":"https:\/\/www.justiceinfo.net\/fr\/wp-json\/wp\/v2\/users\/64"}],"replies":[{"embeddable":true,"href":"https:\/\/www.justiceinfo.net\/fr\/wp-json\/wp\/v2\/comments?post=12175"}],"version-history":[{"count":0,"href":"https:\/\/www.justiceinfo.net\/fr\/wp-json\/wp\/v2\/posts\/12175\/revisions"}],"wp:attachment":[{"href":"https:\/\/www.justiceinfo.net\/fr\/wp-json\/wp\/v2\/media?parent=12175"}],"wp:term":[{"taxonomy":"category","embeddable":true,"href":"https:\/\/www.justiceinfo.net\/fr\/wp-json\/wp\/v2\/categories?post=12175"},{"taxonomy":"post_tag","embeddable":true,"href":"https:\/\/www.justiceinfo.net\/fr\/wp-json\/wp\/v2\/tags?post=12175"},{"taxonomy":"ji_location","embeddable":true,"href":"https:\/\/www.justiceinfo.net\/fr\/wp-json\/wp\/v2\/ji_location?post=12175"}],"curies":[{"name":"wp","href":"https:\/\/api.w.org\/{rel}","templated":true}]}}